{"id":61534,"date":"2021-08-17T13:14:27","date_gmt":"2021-08-17T13:14:27","guid":{"rendered":"http:\/\/www.noticiasradioreflejos.com.ar\/2021\/?p=61534"},"modified":"2021-08-17T13:49:30","modified_gmt":"2021-08-17T13:49:30","slug":"sesiona-hoy-el-concejo-deliberante-de-tornquist-8","status":"publish","type":"post","link":"https:\/\/www.noticiasradioreflejos.com.ar\/2021\/sesiona-hoy-el-concejo-deliberante-de-tornquist-8\/","title":{"rendered":"Sesiona hoy el Concejo Deliberante de Tornquist."},"content":{"rendered":"<p>Desde las 20 horas sesionar\u00e1 el Honorable Concejo Deliberante de Tornquist para tratar el Siguiente Orden del D\u00eda:<!--more--><\/p>\n<p>1.- Aprobaci\u00f3n del Acta N\u00ba 1173\/21.<\/p>\n<p>2.- Comunicaciones Oficiales:<\/p>\n<p>#<strong><u>Expte. <\/u><\/strong><strong><u>N\u00ba 195\/20:<\/u><\/strong> &#8211; D.E. &#8211; Autoriza reprogramaci\u00f3n de las deudas municipales ref. \u201cFondo Especial de Emergencia Sanitaria para la contenci\u00f3n fiscal municipal\u201d.-<\/p>\n<p>#<strong><u>Expte. <\/u><\/strong><strong><u>N\u00ba 052\/21:<\/u><\/strong> &#8211; D.E. &#8211; Incremento Salarial Ejercicio 2021<\/p>\n<p>#<strong><u>Expte. <\/u><\/strong><strong><u>N\u00ba 216\/21:<\/u><\/strong> &#8211; D.E. \u2013 Autoriza la firma del Convenio celebrado e\/el Ministerio de Infraestructura y Servicios P\u00fablicos de la Ciudad de La Plata y el Municipio de Tornquist.<\/p>\n<p>#<strong><u>Expte. <\/u><\/strong><strong><u>N\u00ba 217\/21:<\/u><\/strong> &#8211; D.E. \u2013 Convalida la firma del Convenio celebrado entre la Municipalidad de Saavedra y el Municipio de Tornquist.<\/p>\n<p>#<strong><u>Expte. <\/u><\/strong><strong><u>N\u00ba 219\/21:<\/u><\/strong> &#8211; N.P.- Socio-Gerente de Bio-Organic Argentina solicita predio de 8 Has. en la Localidad de Saldungaray, para el desarrollo de producci\u00f3n de alimento org\u00e1nico.<\/p>\n<p>#<strong><u>Expte. <\/u><\/strong><strong><u>N\u00ba 7302\/21:<\/u><\/strong> &#8211; N.P. &#8211; Sergio Rodr\u00edguez Turismo: Solicita incorporar dentro de las exenciones impositivas\/tasas a las agencias de turismo.<\/p>\n<p>#<strong><u>Expte. <\/u><\/strong><strong><u>N\u00ba 7304\/21:<\/u><\/strong> &#8211; Bloques Cambiemos Bs. As. y Juntos por el Cambio \u2013 Pedido de Informe: Solicita informaci\u00f3n sobre la iniciativa del talado de Arboles en los boulevares de Tornquist.<\/p>\n<p>#<strong><u>Expte. <\/u><\/strong><strong><u>N\u00ba 7305\/21:<\/u><\/strong> &#8211; Bloques Frente de Todos y Frente Justicialista Cumplir \u2013 Minuta de Comunicaci\u00f3n: Solicita pronta implementaci\u00f3n de la Ordenanza\u00a0 \u00a0N\u00ba 3232\/20 (Ley Micaela).<\/p>\n<p>#<strong><u>Expte. <\/u><\/strong><strong><u>N\u00ba 7311\/21:<\/u><\/strong> &#8211; N.P. \u2013 U.C.R. Sierra de la Ventana: Presenta Proyecto de Comunicaci\u00f3n con el objetivo de instalar al Municipio de Tornquist como destino pionero en Turismo Sanitario.<\/p>\n<p>#<strong><u>Expte. <\/u><\/strong><strong><u>N\u00ba 7314\/21:<\/u><\/strong> &#8211; N.P. &#8211; Grupo Scout N\u00ba 1519 \u201cSierra de la Ventana\u201d: Ref. becas y subsidio institucional.<\/p>\n<p>&nbsp;<\/p>\n<p><strong>3.-Dict\u00e1menes de las Comisiones<\/strong>:<\/p>\n<p>#<strong><u>Expte. <\/u><\/strong><strong><u>N\u00ba 132\/21:<\/u><\/strong> &#8211; S.D. &#8211; \u201cPlan de Desarrollos Educativos Territoriales\u201d.<\/p>\n<p>#<strong><u>Expte. <\/u><\/strong><strong><u>N\u00ba 7275\/21:<\/u><\/strong> &#8211; Bloques Cambiemos Bs. As. y Juntos por el Cambio &#8211; Proyecto de Ordenanza: Deroga Ordenanza N\u00ba 2662\/14 y reglamenta la comercializaci\u00f3n en la v\u00eda P\u00fablica (Venta Ambulante).<\/p>\n<p>#<strong><u>Expte. <\/u><\/strong><strong><u>N\u00ba 7293\/21:<\/u><\/strong> &#8211; N.P. &#8211; Gabriel Fern\u00e1ndez Allende &#8211; Eleva Proyecto de Ordenanza: \u201cAlcohol Cero al Volante\u201d<\/p>\n<p>#<strong><u>Expte. <\/u><\/strong><strong><u>N\u00ba 7301\/21:<\/u><\/strong> &#8211; N.P. &#8211; Ing. Agr\u00f3nomo Eduardo Issaly: En ref. Iniciativa de talar el arbolado en los boulevares de la ciudad de Tornquist \u2013 Solicita uso Banca Concejal N\u00ba 13.<\/p>\n<p>#<strong><u>Expte. <\/u><\/strong><strong><u>N\u00ba 7315\/21:<\/u><\/strong> &#8211; Bloques Cambiemos Bs. As. y Juntos por el Cambio \u2013 Proyecto de Ordenanza: Implementaci\u00f3n en el sector p\u00fablico municipal de Pol\u00edtica P\u00fablica de Gobierno Abierto.#<strong><u>Expte. <\/u><\/strong><strong><u>N\u00ba 7318\/21:<\/u><\/strong> &#8211; Bloques Cambiemos Bs. As. y Juntos por el Cambio: Proyecto de Ordenanza: Ref. Parque Ap\u00edcola.<\/p>\n<p>#<strong><u>Expte. <\/u><\/strong><strong><u>N\u00ba 7319\/21:<\/u><\/strong> &#8211; Bloques Frente de Todos y Frente Justicialista Cumplir \u2013 Proyecto de Resoluci\u00f3n: Expresa repudio a la acci\u00f3n del Gobierno por el env\u00edo de material y armamento policial a Bolivia en el A\u00f1o 2019.<\/p>\n<p>#<strong><u>Expte. <\/u><\/strong><strong><u>N\u00ba 7320\/21:<\/u><\/strong> &#8211; Bloques Cambiemos Bs. As. y Juntos por el Cambio: Proyecto de Resoluci\u00f3n: Apoyo al Proyecto de Ley para reglamentar el acompa\u00f1amiento terap\u00e9utico.<\/p>\n<p>#<strong><u>Expte. <\/u><\/strong><strong><u>N\u00ba 7321\/21:<\/u><\/strong> &#8211; N.P. &#8211; Cooperativa El\u00e9ctrica Ltda. de Tornquist: Solicita declarar de Inter\u00e9s Municipal el Relevamiento Comunitario de la Fundaci\u00f3n Colsecor.<\/p>\n<p>#<strong><u>Expte. <\/u><\/strong><strong><u>N\u00ba 7322\/21:<\/u><\/strong> &#8211; N.P. \u2013 Ricardo Dorasio: Solicita renovar la eximici\u00f3n de la Tasa por Conservaci\u00f3n, Reparaci\u00f3n y Mejorado de la Red Vial correspondiente a la Reserva Natural Privada Sierras Grandes (Per\u00edodo 2021).<\/p>\n<p>&nbsp;<\/p>\n<p><strong>4.- Proyectos Presentados.<\/strong><\/p>\n<p><strong>5.- Asuntos Particulares.<\/strong><\/p>\n<p>&nbsp;<\/p>\n<p><strong><u>DIA DE LA SESION:<\/u><\/strong> 17 de agosto de 2021.-<\/p>\n<p><strong><u>HORA DE COMIENZO:<\/u><\/strong> 20:00 Hs.-<\/p>\n<p>&nbsp;<\/p>\n<p>&nbsp;<\/p>\n<p>&nbsp;<\/p>\n<p><strong>\u00a0\u00a0\u00a0\u00a0\u00a0\u00a0\u00a0\u00a0\u00a0\u00a0\u00a0\u00a0\u00a0\u00a0\u00a0 <\/strong><strong>Jos\u00e9 M. Castro\u00a0\u00a0\u00a0\u00a0\u00a0\u00a0\u00a0\u00a0\u00a0\u00a0\u00a0\u00a0\u00a0\u00a0\u00a0\u00a0\u00a0\u00a0\u00a0\u00a0\u00a0\u00a0\u00a0\u00a0\u00a0\u00a0\u00a0\u00a0\u00a0\u00a0\u00a0\u00a0\u00a0\u00a0\u00a0\u00a0\u00a0\u00a0\u00a0\u00a0 Cristian Raising<\/strong><\/p>\n<p><strong>\u00a0\u00a0\u00a0\u00a0\u00a0\u00a0\u00a0\u00a0\u00a0\u00a0\u00a0\u00a0\u00a0\u00a0\u00a0\u00a0\u00a0 Secretario\u00a0\u00a0\u00a0\u00a0\u00a0\u00a0\u00a0\u00a0\u00a0\u00a0\u00a0\u00a0\u00a0\u00a0\u00a0\u00a0\u00a0\u00a0\u00a0\u00a0\u00a0\u00a0\u00a0\u00a0\u00a0\u00a0\u00a0\u00a0\u00a0\u00a0\u00a0\u00a0\u00a0\u00a0\u00a0\u00a0\u00a0\u00a0\u00a0\u00a0\u00a0\u00a0\u00a0 Vicepresidente 1\u00ba<\/strong><\/p>\n<p><strong>\u00a0\u00a0\u00a0\u00a0\u00a0\u00a0\u00a0\u00a0\u00a0\u00a0\u00a0\u00a0\u00a0\u00a0\u00a0\u00a0\u00a0\u00a0\u00a0\u00a0\u00a0 H.C.D.\u00a0\u00a0\u00a0\u00a0\u00a0\u00a0\u00a0\u00a0\u00a0\u00a0\u00a0\u00a0\u00a0\u00a0\u00a0\u00a0\u00a0\u00a0\u00a0\u00a0\u00a0\u00a0\u00a0\u00a0\u00a0 \u00a0\u00a0\u00a0\u00a0\u00a0\u00a0\u00a0\u00a0\u00a0\u00a0\u00a0\u00a0\u00a0\u00a0\u00a0\u00a0\u00a0\u00a0\u00a0\u00a0\u00a0\u00a0\u00a0\u00a0\u00a0\u00a0\u00a0<\/strong><strong>\u00a0\u00a0<\/strong><strong>\u00a0H.C.D.<\/strong><\/p>\n<p>&nbsp;<\/p>\n","protected":false},"excerpt":{"rendered":"<p>Desde las 20 horas sesionar\u00e1 el Honorable Concejo Deliberante de Tornquist para tratar el Siguiente Orden del D\u00eda:<\/p>\n","protected":false},"author":3,"featured_media":0,"comment_status":"closed","ping_status":"closed","sticky":false,"template":"","format":"standard","meta":{"footnotes":""},"categories":[28],"tags":[],"class_list":["post-61534","post","type-post","status-publish","format-standard","hentry","category-municipales"],"yoast_head":"<!-- This site is optimized with the Yoast SEO plugin v25.9 - https:\/\/yoast.com\/wordpress\/plugins\/seo\/ -->\n<title>Sesiona hoy el Concejo Deliberante de Tornquist. - Noticias Radio Reflejos<\/title>\n<meta name=\"robots\" content=\"index, follow, max-snippet:-1, max-image-preview:large, max-video-preview:-1\" \/>\n<link rel=\"canonical\" href=\"https:\/\/www.noticiasradioreflejos.com.ar\/2021\/sesiona-hoy-el-concejo-deliberante-de-tornquist-8\/\" \/>\n<meta property=\"og:locale\" content=\"es_ES\" \/>\n<meta property=\"og:type\" content=\"article\" \/>\n<meta property=\"og:title\" content=\"Sesiona hoy el Concejo Deliberante de Tornquist. - Noticias Radio Reflejos\" \/>\n<meta property=\"og:description\" content=\"Desde las 20 horas sesionar\u00e1 el Honorable Concejo Deliberante de Tornquist para tratar el Siguiente Orden del D\u00eda:\" \/>\n<meta property=\"og:url\" content=\"https:\/\/www.noticiasradioreflejos.com.ar\/2021\/sesiona-hoy-el-concejo-deliberante-de-tornquist-8\/\" \/>\n<meta property=\"og:site_name\" content=\"Noticias Radio Reflejos\" \/>\n<meta property=\"article:published_time\" content=\"2021-08-17T13:14:27+00:00\" \/>\n<meta property=\"article:modified_time\" content=\"2021-08-17T13:49:30+00:00\" \/>\n<meta property=\"og:image\" content=\"https:\/\/www.noticiasradioreflejos.com.ar\/2021\/wp-content\/uploads\/2021\/07\/logosol300x200.png\" \/>\n\t<meta property=\"og:image:width\" content=\"300\" \/>\n\t<meta property=\"og:image:height\" content=\"200\" \/>\n\t<meta property=\"og:image:type\" content=\"image\/png\" \/>\n<meta name=\"author\" content=\"Arnaldo Botto\" \/>\n<meta name=\"twitter:card\" content=\"summary_large_image\" \/>\n<script type=\"application\/ld+json\" class=\"yoast-schema-graph\">{\"@context\":\"https:\/\/schema.org\",\"@graph\":[{\"@type\":\"WebPage\",\"@id\":\"https:\/\/www.noticiasradioreflejos.com.ar\/2021\/sesiona-hoy-el-concejo-deliberante-de-tornquist-8\/\",\"url\":\"https:\/\/www.noticiasradioreflejos.com.ar\/2021\/sesiona-hoy-el-concejo-deliberante-de-tornquist-8\/\",\"name\":\"Sesiona hoy el Concejo Deliberante de Tornquist. - Noticias Radio Reflejos\",\"isPartOf\":{\"@id\":\"https:\/\/www.noticiasradioreflejos.com.ar\/2021\/#website\"},\"datePublished\":\"2021-08-17T13:14:27+00:00\",\"dateModified\":\"2021-08-17T13:49:30+00:00\",\"author\":{\"@id\":\"https:\/\/www.noticiasradioreflejos.com.ar\/2021\/#\/schema\/person\/ad82545263dcc5ec0996818884fd5fb1\"},\"breadcrumb\":{\"@id\":\"https:\/\/www.noticiasradioreflejos.com.ar\/2021\/sesiona-hoy-el-concejo-deliberante-de-tornquist-8\/#breadcrumb\"},\"inLanguage\":\"es\",\"potentialAction\":[{\"@type\":\"ReadAction\",\"target\":[\"https:\/\/www.noticiasradioreflejos.com.ar\/2021\/sesiona-hoy-el-concejo-deliberante-de-tornquist-8\/\"]}]},{\"@type\":\"BreadcrumbList\",\"@id\":\"https:\/\/www.noticiasradioreflejos.com.ar\/2021\/sesiona-hoy-el-concejo-deliberante-de-tornquist-8\/#breadcrumb\",\"itemListElement\":[{\"@type\":\"ListItem\",\"position\":1,\"name\":\"Portada\",\"item\":\"https:\/\/www.noticiasradioreflejos.com.ar\/2021\/\"},{\"@type\":\"ListItem\",\"position\":2,\"name\":\"Sesiona hoy el Concejo Deliberante de Tornquist.\"}]},{\"@type\":\"WebSite\",\"@id\":\"https:\/\/www.noticiasradioreflejos.com.ar\/2021\/#website\",\"url\":\"https:\/\/www.noticiasradioreflejos.com.ar\/2021\/\",\"name\":\"Noticias Radio Reflejos\",\"description\":\"Las noticias de mi comarca\",\"potentialAction\":[{\"@type\":\"SearchAction\",\"target\":{\"@type\":\"EntryPoint\",\"urlTemplate\":\"https:\/\/www.noticiasradioreflejos.com.ar\/2021\/?s={search_term_string}\"},\"query-input\":{\"@type\":\"PropertyValueSpecification\",\"valueRequired\":true,\"valueName\":\"search_term_string\"}}],\"inLanguage\":\"es\"},{\"@type\":\"Person\",\"@id\":\"https:\/\/www.noticiasradioreflejos.com.ar\/2021\/#\/schema\/person\/ad82545263dcc5ec0996818884fd5fb1\",\"name\":\"Arnaldo Botto\",\"image\":{\"@type\":\"ImageObject\",\"inLanguage\":\"es\",\"@id\":\"https:\/\/www.noticiasradioreflejos.com.ar\/2021\/#\/schema\/person\/image\/\",\"url\":\"https:\/\/secure.gravatar.com\/avatar\/55cb5e37c1efa326397366e6974cb338056df65cb50e7d64d1cf314e87504837?s=96&d=mm&r=g\",\"contentUrl\":\"https:\/\/secure.gravatar.com\/avatar\/55cb5e37c1efa326397366e6974cb338056df65cb50e7d64d1cf314e87504837?s=96&d=mm&r=g\",\"caption\":\"Arnaldo Botto\"},\"url\":\"https:\/\/www.noticiasradioreflejos.com.ar\/2021\/author\/arnaldo\/\"}]}<\/script>\n<!-- \/ Yoast SEO plugin. -->","yoast_head_json":{"title":"Sesiona hoy el Concejo Deliberante de Tornquist. - Noticias Radio Reflejos","robots":{"index":"index","follow":"follow","max-snippet":"max-snippet:-1","max-image-preview":"max-image-preview:large","max-video-preview":"max-video-preview:-1"},"canonical":"https:\/\/www.noticiasradioreflejos.com.ar\/2021\/sesiona-hoy-el-concejo-deliberante-de-tornquist-8\/","og_locale":"es_ES","og_type":"article","og_title":"Sesiona hoy el Concejo Deliberante de Tornquist. - Noticias Radio Reflejos","og_description":"Desde las 20 horas sesionar\u00e1 el Honorable Concejo Deliberante de Tornquist para tratar el Siguiente Orden del D\u00eda:","og_url":"https:\/\/www.noticiasradioreflejos.com.ar\/2021\/sesiona-hoy-el-concejo-deliberante-de-tornquist-8\/","og_site_name":"Noticias Radio Reflejos","article_published_time":"2021-08-17T13:14:27+00:00","article_modified_time":"2021-08-17T13:49:30+00:00","og_image":[{"width":300,"height":200,"url":"https:\/\/www.noticiasradioreflejos.com.ar\/2021\/wp-content\/uploads\/2021\/07\/logosol300x200.png","type":"image\/png"}],"author":"Arnaldo Botto","twitter_card":"summary_large_image","schema":{"@context":"https:\/\/schema.org","@graph":[{"@type":"WebPage","@id":"https:\/\/www.noticiasradioreflejos.com.ar\/2021\/sesiona-hoy-el-concejo-deliberante-de-tornquist-8\/","url":"https:\/\/www.noticiasradioreflejos.com.ar\/2021\/sesiona-hoy-el-concejo-deliberante-de-tornquist-8\/","name":"Sesiona hoy el Concejo Deliberante de Tornquist. - Noticias Radio Reflejos","isPartOf":{"@id":"https:\/\/www.noticiasradioreflejos.com.ar\/2021\/#website"},"datePublished":"2021-08-17T13:14:27+00:00","dateModified":"2021-08-17T13:49:30+00:00","author":{"@id":"https:\/\/www.noticiasradioreflejos.com.ar\/2021\/#\/schema\/person\/ad82545263dcc5ec0996818884fd5fb1"},"breadcrumb":{"@id":"https:\/\/www.noticiasradioreflejos.com.ar\/2021\/sesiona-hoy-el-concejo-deliberante-de-tornquist-8\/#breadcrumb"},"inLanguage":"es","potentialAction":[{"@type":"ReadAction","target":["https:\/\/www.noticiasradioreflejos.com.ar\/2021\/sesiona-hoy-el-concejo-deliberante-de-tornquist-8\/"]}]},{"@type":"BreadcrumbList","@id":"https:\/\/www.noticiasradioreflejos.com.ar\/2021\/sesiona-hoy-el-concejo-deliberante-de-tornquist-8\/#breadcrumb","itemListElement":[{"@type":"ListItem","position":1,"name":"Portada","item":"https:\/\/www.noticiasradioreflejos.com.ar\/2021\/"},{"@type":"ListItem","position":2,"name":"Sesiona hoy el Concejo Deliberante de Tornquist."}]},{"@type":"WebSite","@id":"https:\/\/www.noticiasradioreflejos.com.ar\/2021\/#website","url":"https:\/\/www.noticiasradioreflejos.com.ar\/2021\/","name":"Noticias Radio Reflejos","description":"Las noticias de mi comarca","potentialAction":[{"@type":"SearchAction","target":{"@type":"EntryPoint","urlTemplate":"https:\/\/www.noticiasradioreflejos.com.ar\/2021\/?s={search_term_string}"},"query-input":{"@type":"PropertyValueSpecification","valueRequired":true,"valueName":"search_term_string"}}],"inLanguage":"es"},{"@type":"Person","@id":"https:\/\/www.noticiasradioreflejos.com.ar\/2021\/#\/schema\/person\/ad82545263dcc5ec0996818884fd5fb1","name":"Arnaldo Botto","image":{"@type":"ImageObject","inLanguage":"es","@id":"https:\/\/www.noticiasradioreflejos.com.ar\/2021\/#\/schema\/person\/image\/","url":"https:\/\/secure.gravatar.com\/avatar\/55cb5e37c1efa326397366e6974cb338056df65cb50e7d64d1cf314e87504837?s=96&d=mm&r=g","contentUrl":"https:\/\/secure.gravatar.com\/avatar\/55cb5e37c1efa326397366e6974cb338056df65cb50e7d64d1cf314e87504837?s=96&d=mm&r=g","caption":"Arnaldo Botto"},"url":"https:\/\/www.noticiasradioreflejos.com.ar\/2021\/author\/arnaldo\/"}]}},"_links":{"self":[{"href":"https:\/\/www.noticiasradioreflejos.com.ar\/2021\/wp-json\/wp\/v2\/posts\/61534","targetHints":{"allow":["GET"]}}],"collection":[{"href":"https:\/\/www.noticiasradioreflejos.com.ar\/2021\/wp-json\/wp\/v2\/posts"}],"about":[{"href":"https:\/\/www.noticiasradioreflejos.com.ar\/2021\/wp-json\/wp\/v2\/types\/post"}],"author":[{"embeddable":true,"href":"https:\/\/www.noticiasradioreflejos.com.ar\/2021\/wp-json\/wp\/v2\/users\/3"}],"replies":[{"embeddable":true,"href":"https:\/\/www.noticiasradioreflejos.com.ar\/2021\/wp-json\/wp\/v2\/comments?post=61534"}],"version-history":[{"count":3,"href":"https:\/\/www.noticiasradioreflejos.com.ar\/2021\/wp-json\/wp\/v2\/posts\/61534\/revisions"}],"predecessor-version":[{"id":61537,"href":"https:\/\/www.noticiasradioreflejos.com.ar\/2021\/wp-json\/wp\/v2\/posts\/61534\/revisions\/61537"}],"wp:attachment":[{"href":"https:\/\/www.noticiasradioreflejos.com.ar\/2021\/wp-json\/wp\/v2\/media?parent=61534"}],"wp:term":[{"taxonomy":"category","embeddable":true,"href":"https:\/\/www.noticiasradioreflejos.com.ar\/2021\/wp-json\/wp\/v2\/categories?post=61534"},{"taxonomy":"post_tag","embeddable":true,"href":"https:\/\/www.noticiasradioreflejos.com.ar\/2021\/wp-json\/wp\/v2\/tags?post=61534"}],"curies":[{"name":"wp","href":"https:\/\/api.w.org\/{rel}","templated":true}]}}