{"id":61524,"date":"2021-08-17T11:23:54","date_gmt":"2021-08-17T11:23:54","guid":{"rendered":"http:\/\/www.noticiasradioreflejos.com.ar\/2021\/?p=61524"},"modified":"2021-08-17T11:23:54","modified_gmt":"2021-08-17T11:23:54","slug":"el-gobierno-hara-con-las-piedras-dejadas-un-espacio-en-memoria-de-los-fallecidos-por-covid","status":"publish","type":"post","link":"https:\/\/www.noticiasradioreflejos.com.ar\/2021\/el-gobierno-hara-con-las-piedras-dejadas-un-espacio-en-memoria-de-los-fallecidos-por-covid\/","title":{"rendered":"El Gobierno har\u00e1 con las piedras dejadas un espacio en memoria de los fallecidos por Covid"},"content":{"rendered":"<div class=\"head-content\">\n<p>El homenaje, convocado a trav\u00e9s de las redes sociales bajo la etiqueta \u00abmarcha de las piedras\u00bb, cont\u00f3 con la asistencia de algunos candidatos de Juntos por el Cambio. Luego del acto, el Gobierno construir\u00e1 un espacio en memoria de las v\u00edctimas con las piedras.<\/p>\n<div class=\"addthis_custom_sharing\" data-url=\"https:\/\/www.telam.com.ar\/notas\/202108\/565264-homenaje-plaza-mayo-quinta-olivos-victimas-pandemia.html\" data-title=\"El Gobierno har\u00e1 con las piedras dejadas un espacio en memoria de los fallecidos por Covid\" data-description=\"El homenaje, convocado a trav\u00e9s de las redes sociales bajo la etiqueta &quot;marcha de las piedras&quot;, cont\u00f3 con la asistencia de algunos candidatos de Juntos por el Cambio. Luego del acto, el Gobierno construir\u00e1 un espacio en memoria de las v\u00edctimas con las piedras.\">\n<div id=\"atstbx\" class=\"at-resp-share-element at-style-responsive addthis-smartlayers addthis-animated at4-show\" role=\"region\" aria-labelledby=\"at-88f38290-e998-45ee-b95a-7919d215a1c0\"><span id=\"at-88f38290-e998-45ee-b95a-7919d215a1c0\" class=\"at4-visually-hidden\"><\/span><\/p>\n<div class=\"at-share-btn-elements\"><\/div>\n<\/div>\n<\/div>\n<\/div>\n<div class=\"main-content-block\">\n<div class=\"main-box clearfix\">\n<div class=\"wrapper-main-section clearfix\">\n<div class=\"wrapper-editable-content\">\n<div class=\"editable-content clearfix\">\n<div id=\"image\" class=\"image\"><\/div>\n<p>Un homenaje a las v\u00edctimas mortales que dej\u00f3 la pandemia de coronavirus se llev\u00f3 a cabo este lunes en la Plaza de Mayo y frente a la Residencia oficial de Olivos, donde los asistentes dejaron piedras grabadas con los nombres de muchos de los fallecidos.<\/p>\n<p>El homenaje, convocado a trav\u00e9s de las redes sociales bajo la etiqueta \u00abmarcha de las piedras\u00bb, cont\u00f3 con la asistencia de algunos pol\u00edticos de la oposici\u00f3n, como Ricardo L\u00f3pez Murphy, Fernando Iglesias y Sabrina Ajmechet.<\/p>\n<p>En tanto,\u00a0<strong>el Gobierno resolvi\u00f3 construir \u00abun espacio en memoria\u00bb de los fallecidos por el coronavirus con las piedras con nombres de las v\u00edctimas que manifestantes dejaron en el centro porte\u00f1o y en Olivos<\/strong>, informaron fuentes oficiales.<\/p>\n<div id=\"image\" class=\"image\"><img decoding=\"async\" title=\"Con las piedras se har\u00e1 un espacio de la memoria para las v\u00edctimas por Covid\" src=\"https:\/\/www.telam.com.ar\/advf\/imagenes\/2021\/08\/611ae97b7e4d8_1004x565.jpg\" alt=\"Con las piedras se har\u00e1 un espacio de la memoria para las v\u00edctimas por Covid\" \/><\/p>\n<div class=\"epigrafe\">Con las piedras se har\u00e1 un espacio de la memoria para las v\u00edctimas por Covid<\/div>\n<\/div>\n<p><strong>\u00abEl Gobierno nacional procedi\u00f3 a recoger las piedras que fueran depositadas con los nombres de las personas fallecidas para guardarlas adecuadamente y posteriormente encarar la construcci\u00f3n de un espacio en su memoria\u00bb<\/strong>, dijeron los voceros.<\/p>\n<p>En la Plaza de Mayo, frente a la Casa Rosada, la mayor\u00eda de los participantes del acto,<strong>\u00a0familiares o amigos de los fallecidos a causa de la Covid-19, se acercaron en silencio hasta los sectores elegidos para depositar las piedras grabadas con los nombres de las v\u00edctimas\u00a0<\/strong>y se retiraron del lugar despu\u00e9s de unos breves minutos de reflexi\u00f3n y lamento por la p\u00e9rdida.<\/p>\n<p>La propuesta de movilizarse en un d\u00eda feriado frente a la Casa Rosada y la residencia presidencial de Olivos surgi\u00f3 en las redes sociales, donde se fue multiplicando a partir de los hashtags #MarchaDeLasPiedras y #VoluntariosMarchaDeLasPiedras, tras un tuiteo inicial que propuso \u00abllevar una piedra por cada muerto por Covid a Casa Rosada y dejarla ah\u00ed\u00bb.<\/p>\n<div id=\"image\" class=\"image\"><img decoding=\"async\" title=\"M\u00e1s de 109.000 personas murieron en el pa\u00eds con coronavirus\" src=\"https:\/\/www.telam.com.ar\/advf\/imagenes\/2021\/08\/611ae96d031b2_1004x565.jpg\" alt=\"M\u00e1s de 109.000 personas murieron en el pa\u00eds con coronavirus\" \/><\/p>\n<div class=\"epigrafe\">M\u00e1s de 109.000 personas murieron en el pa\u00eds con coronavirus<\/div>\n<\/div>\n<p><strong>La movilizaci\u00f3n se fue poblando en las primeras horas de la tarde del lunes, tanto en Olivos como en la Plaza de Mayo, con piedras escritas con fibrones o carteles,<\/strong>\u00a0en las que se intercalaban historias de vida con algunas consignas contra el manejo de la pandemia.<\/p>\n<p>Un afiche colocado sobre el asfalto de la avenida Libertador, frente a la quinta de Olivos, dec\u00eda, por caso: \u00abPor la corrupci\u00f3n, negligencia e insensibilidad social, prohibido olvidar, QEPD\u00bb.<\/p>\n<div id=\"image\" class=\"image\"><img decoding=\"async\" title=\"La convocatoria se gener\u00f3 por redes sociales. Foto: Maxi Luna\" src=\"https:\/\/www.telam.com.ar\/advf\/imagenes\/2021\/08\/611ae96cdf91b_1004x565.jpg\" alt=\"La convocatoria se gener\u00f3 por redes sociales. Foto: Maxi Luna\" \/><\/p>\n<div class=\"epigrafe\">La convocatoria se gener\u00f3 por redes sociales. Foto: Maxi Luna<\/div>\n<\/div>\n<p>Frente a la Casa Rosada, en tanto, entre los manifestantes que depositaban piedras sobre el espacio p\u00fablico se vieron a varios integrantes de la coalici\u00f3n opositora JxC, como los diputados Jorge Enr\u00edquez (PRO-CABA) y Luis Petri (UCR-Mendoza), quienes postearon desde Twitter im\u00e1genes de las piedras con cr\u00edticas al mandatario.<\/p>\n<p>M\u00e1s de 109.000 personas murieron en el pa\u00eds a causa de la pandemia de coronavirus, que en Argentina comenz\u00f3 en marzo de 2020.<\/p><\/div>\n<\/div>\n<\/div>\n<\/div>\n<\/div>\n","protected":false},"excerpt":{"rendered":"<p>El homenaje, convocado a trav\u00e9s de las redes sociales bajo la etiqueta \u00abmarcha de las piedras\u00bb, cont\u00f3 con la asistencia de algunos candidatos de Juntos por el Cambio. Luego del acto, el Gobierno construir\u00e1 un espacio en memoria de las v\u00edctimas con las piedras. Un homenaje a las v\u00edctimas mortales que dej\u00f3 la pandemia de [&hellip;]<\/p>\n","protected":false},"author":3,"featured_media":0,"comment_status":"closed","ping_status":"closed","sticky":false,"template":"","format":"standard","meta":{"footnotes":""},"categories":[24],"tags":[],"class_list":["post-61524","post","type-post","status-publish","format-standard","hentry","category-politica"],"yoast_head":"<!-- This site is optimized with the Yoast SEO plugin v25.9 - https:\/\/yoast.com\/wordpress\/plugins\/seo\/ -->\n<title>El Gobierno har\u00e1 con las piedras dejadas un espacio en memoria de los fallecidos por Covid - Noticias Radio Reflejos<\/title>\n<meta name=\"robots\" content=\"index, follow, max-snippet:-1, max-image-preview:large, max-video-preview:-1\" \/>\n<link rel=\"canonical\" href=\"https:\/\/www.noticiasradioreflejos.com.ar\/2021\/el-gobierno-hara-con-las-piedras-dejadas-un-espacio-en-memoria-de-los-fallecidos-por-covid\/\" \/>\n<meta property=\"og:locale\" content=\"es_ES\" \/>\n<meta property=\"og:type\" content=\"article\" \/>\n<meta property=\"og:title\" content=\"El Gobierno har\u00e1 con las piedras dejadas un espacio en memoria de los fallecidos por Covid - Noticias Radio Reflejos\" \/>\n<meta property=\"og:description\" content=\"El homenaje, convocado a trav\u00e9s de las redes sociales bajo la etiqueta \u00abmarcha de las piedras\u00bb, cont\u00f3 con la asistencia de algunos candidatos de Juntos por el Cambio. Luego del acto, el Gobierno construir\u00e1 un espacio en memoria de las v\u00edctimas con las piedras. Un homenaje a las v\u00edctimas mortales que dej\u00f3 la pandemia de [&hellip;]\" \/>\n<meta property=\"og:url\" content=\"https:\/\/www.noticiasradioreflejos.com.ar\/2021\/el-gobierno-hara-con-las-piedras-dejadas-un-espacio-en-memoria-de-los-fallecidos-por-covid\/\" \/>\n<meta property=\"og:site_name\" content=\"Noticias Radio Reflejos\" \/>\n<meta property=\"article:published_time\" content=\"2021-08-17T11:23:54+00:00\" \/>\n<meta property=\"og:image\" content=\"https:\/\/www.telam.com.ar\/advf\/imagenes\/2021\/08\/611ae97b7e4d8_1004x565.jpg\" \/>\n<meta name=\"author\" content=\"Arnaldo Botto\" \/>\n<meta name=\"twitter:card\" content=\"summary_large_image\" \/>\n<script type=\"application\/ld+json\" class=\"yoast-schema-graph\">{\"@context\":\"https:\/\/schema.org\",\"@graph\":[{\"@type\":\"WebPage\",\"@id\":\"https:\/\/www.noticiasradioreflejos.com.ar\/2021\/el-gobierno-hara-con-las-piedras-dejadas-un-espacio-en-memoria-de-los-fallecidos-por-covid\/\",\"url\":\"https:\/\/www.noticiasradioreflejos.com.ar\/2021\/el-gobierno-hara-con-las-piedras-dejadas-un-espacio-en-memoria-de-los-fallecidos-por-covid\/\",\"name\":\"El Gobierno har\u00e1 con las piedras dejadas un espacio en memoria de los fallecidos por Covid - Noticias Radio Reflejos\",\"isPartOf\":{\"@id\":\"https:\/\/www.noticiasradioreflejos.com.ar\/2021\/#website\"},\"primaryImageOfPage\":{\"@id\":\"https:\/\/www.noticiasradioreflejos.com.ar\/2021\/el-gobierno-hara-con-las-piedras-dejadas-un-espacio-en-memoria-de-los-fallecidos-por-covid\/#primaryimage\"},\"image\":{\"@id\":\"https:\/\/www.noticiasradioreflejos.com.ar\/2021\/el-gobierno-hara-con-las-piedras-dejadas-un-espacio-en-memoria-de-los-fallecidos-por-covid\/#primaryimage\"},\"thumbnailUrl\":\"https:\/\/www.telam.com.ar\/advf\/imagenes\/2021\/08\/611ae97b7e4d8_1004x565.jpg\",\"datePublished\":\"2021-08-17T11:23:54+00:00\",\"author\":{\"@id\":\"https:\/\/www.noticiasradioreflejos.com.ar\/2021\/#\/schema\/person\/ad82545263dcc5ec0996818884fd5fb1\"},\"breadcrumb\":{\"@id\":\"https:\/\/www.noticiasradioreflejos.com.ar\/2021\/el-gobierno-hara-con-las-piedras-dejadas-un-espacio-en-memoria-de-los-fallecidos-por-covid\/#breadcrumb\"},\"inLanguage\":\"es\",\"potentialAction\":[{\"@type\":\"ReadAction\",\"target\":[\"https:\/\/www.noticiasradioreflejos.com.ar\/2021\/el-gobierno-hara-con-las-piedras-dejadas-un-espacio-en-memoria-de-los-fallecidos-por-covid\/\"]}]},{\"@type\":\"ImageObject\",\"inLanguage\":\"es\",\"@id\":\"https:\/\/www.noticiasradioreflejos.com.ar\/2021\/el-gobierno-hara-con-las-piedras-dejadas-un-espacio-en-memoria-de-los-fallecidos-por-covid\/#primaryimage\",\"url\":\"https:\/\/www.telam.com.ar\/advf\/imagenes\/2021\/08\/611ae97b7e4d8_1004x565.jpg\",\"contentUrl\":\"https:\/\/www.telam.com.ar\/advf\/imagenes\/2021\/08\/611ae97b7e4d8_1004x565.jpg\"},{\"@type\":\"BreadcrumbList\",\"@id\":\"https:\/\/www.noticiasradioreflejos.com.ar\/2021\/el-gobierno-hara-con-las-piedras-dejadas-un-espacio-en-memoria-de-los-fallecidos-por-covid\/#breadcrumb\",\"itemListElement\":[{\"@type\":\"ListItem\",\"position\":1,\"name\":\"Portada\",\"item\":\"https:\/\/www.noticiasradioreflejos.com.ar\/2021\/\"},{\"@type\":\"ListItem\",\"position\":2,\"name\":\"El Gobierno har\u00e1 con las piedras dejadas un espacio en memoria de los fallecidos por Covid\"}]},{\"@type\":\"WebSite\",\"@id\":\"https:\/\/www.noticiasradioreflejos.com.ar\/2021\/#website\",\"url\":\"https:\/\/www.noticiasradioreflejos.com.ar\/2021\/\",\"name\":\"Noticias Radio Reflejos\",\"description\":\"Las noticias de mi comarca\",\"potentialAction\":[{\"@type\":\"SearchAction\",\"target\":{\"@type\":\"EntryPoint\",\"urlTemplate\":\"https:\/\/www.noticiasradioreflejos.com.ar\/2021\/?s={search_term_string}\"},\"query-input\":{\"@type\":\"PropertyValueSpecification\",\"valueRequired\":true,\"valueName\":\"search_term_string\"}}],\"inLanguage\":\"es\"},{\"@type\":\"Person\",\"@id\":\"https:\/\/www.noticiasradioreflejos.com.ar\/2021\/#\/schema\/person\/ad82545263dcc5ec0996818884fd5fb1\",\"name\":\"Arnaldo Botto\",\"image\":{\"@type\":\"ImageObject\",\"inLanguage\":\"es\",\"@id\":\"https:\/\/www.noticiasradioreflejos.com.ar\/2021\/#\/schema\/person\/image\/\",\"url\":\"https:\/\/secure.gravatar.com\/avatar\/55cb5e37c1efa326397366e6974cb338056df65cb50e7d64d1cf314e87504837?s=96&d=mm&r=g\",\"contentUrl\":\"https:\/\/secure.gravatar.com\/avatar\/55cb5e37c1efa326397366e6974cb338056df65cb50e7d64d1cf314e87504837?s=96&d=mm&r=g\",\"caption\":\"Arnaldo Botto\"},\"url\":\"https:\/\/www.noticiasradioreflejos.com.ar\/2021\/author\/arnaldo\/\"}]}<\/script>\n<!-- \/ Yoast SEO plugin. -->","yoast_head_json":{"title":"El Gobierno har\u00e1 con las piedras dejadas un espacio en memoria de los fallecidos por Covid - Noticias Radio Reflejos","robots":{"index":"index","follow":"follow","max-snippet":"max-snippet:-1","max-image-preview":"max-image-preview:large","max-video-preview":"max-video-preview:-1"},"canonical":"https:\/\/www.noticiasradioreflejos.com.ar\/2021\/el-gobierno-hara-con-las-piedras-dejadas-un-espacio-en-memoria-de-los-fallecidos-por-covid\/","og_locale":"es_ES","og_type":"article","og_title":"El Gobierno har\u00e1 con las piedras dejadas un espacio en memoria de los fallecidos por Covid - Noticias Radio Reflejos","og_description":"El homenaje, convocado a trav\u00e9s de las redes sociales bajo la etiqueta \u00abmarcha de las piedras\u00bb, cont\u00f3 con la asistencia de algunos candidatos de Juntos por el Cambio. Luego del acto, el Gobierno construir\u00e1 un espacio en memoria de las v\u00edctimas con las piedras. Un homenaje a las v\u00edctimas mortales que dej\u00f3 la pandemia de [&hellip;]","og_url":"https:\/\/www.noticiasradioreflejos.com.ar\/2021\/el-gobierno-hara-con-las-piedras-dejadas-un-espacio-en-memoria-de-los-fallecidos-por-covid\/","og_site_name":"Noticias Radio Reflejos","article_published_time":"2021-08-17T11:23:54+00:00","og_image":[{"url":"https:\/\/www.telam.com.ar\/advf\/imagenes\/2021\/08\/611ae97b7e4d8_1004x565.jpg","type":"","width":"","height":""}],"author":"Arnaldo Botto","twitter_card":"summary_large_image","schema":{"@context":"https:\/\/schema.org","@graph":[{"@type":"WebPage","@id":"https:\/\/www.noticiasradioreflejos.com.ar\/2021\/el-gobierno-hara-con-las-piedras-dejadas-un-espacio-en-memoria-de-los-fallecidos-por-covid\/","url":"https:\/\/www.noticiasradioreflejos.com.ar\/2021\/el-gobierno-hara-con-las-piedras-dejadas-un-espacio-en-memoria-de-los-fallecidos-por-covid\/","name":"El Gobierno har\u00e1 con las piedras dejadas un espacio en memoria de los fallecidos por Covid - Noticias Radio Reflejos","isPartOf":{"@id":"https:\/\/www.noticiasradioreflejos.com.ar\/2021\/#website"},"primaryImageOfPage":{"@id":"https:\/\/www.noticiasradioreflejos.com.ar\/2021\/el-gobierno-hara-con-las-piedras-dejadas-un-espacio-en-memoria-de-los-fallecidos-por-covid\/#primaryimage"},"image":{"@id":"https:\/\/www.noticiasradioreflejos.com.ar\/2021\/el-gobierno-hara-con-las-piedras-dejadas-un-espacio-en-memoria-de-los-fallecidos-por-covid\/#primaryimage"},"thumbnailUrl":"https:\/\/www.telam.com.ar\/advf\/imagenes\/2021\/08\/611ae97b7e4d8_1004x565.jpg","datePublished":"2021-08-17T11:23:54+00:00","author":{"@id":"https:\/\/www.noticiasradioreflejos.com.ar\/2021\/#\/schema\/person\/ad82545263dcc5ec0996818884fd5fb1"},"breadcrumb":{"@id":"https:\/\/www.noticiasradioreflejos.com.ar\/2021\/el-gobierno-hara-con-las-piedras-dejadas-un-espacio-en-memoria-de-los-fallecidos-por-covid\/#breadcrumb"},"inLanguage":"es","potentialAction":[{"@type":"ReadAction","target":["https:\/\/www.noticiasradioreflejos.com.ar\/2021\/el-gobierno-hara-con-las-piedras-dejadas-un-espacio-en-memoria-de-los-fallecidos-por-covid\/"]}]},{"@type":"ImageObject","inLanguage":"es","@id":"https:\/\/www.noticiasradioreflejos.com.ar\/2021\/el-gobierno-hara-con-las-piedras-dejadas-un-espacio-en-memoria-de-los-fallecidos-por-covid\/#primaryimage","url":"https:\/\/www.telam.com.ar\/advf\/imagenes\/2021\/08\/611ae97b7e4d8_1004x565.jpg","contentUrl":"https:\/\/www.telam.com.ar\/advf\/imagenes\/2021\/08\/611ae97b7e4d8_1004x565.jpg"},{"@type":"BreadcrumbList","@id":"https:\/\/www.noticiasradioreflejos.com.ar\/2021\/el-gobierno-hara-con-las-piedras-dejadas-un-espacio-en-memoria-de-los-fallecidos-por-covid\/#breadcrumb","itemListElement":[{"@type":"ListItem","position":1,"name":"Portada","item":"https:\/\/www.noticiasradioreflejos.com.ar\/2021\/"},{"@type":"ListItem","position":2,"name":"El Gobierno har\u00e1 con las piedras dejadas un espacio en memoria de los fallecidos por Covid"}]},{"@type":"WebSite","@id":"https:\/\/www.noticiasradioreflejos.com.ar\/2021\/#website","url":"https:\/\/www.noticiasradioreflejos.com.ar\/2021\/","name":"Noticias Radio Reflejos","description":"Las noticias de mi comarca","potentialAction":[{"@type":"SearchAction","target":{"@type":"EntryPoint","urlTemplate":"https:\/\/www.noticiasradioreflejos.com.ar\/2021\/?s={search_term_string}"},"query-input":{"@type":"PropertyValueSpecification","valueRequired":true,"valueName":"search_term_string"}}],"inLanguage":"es"},{"@type":"Person","@id":"https:\/\/www.noticiasradioreflejos.com.ar\/2021\/#\/schema\/person\/ad82545263dcc5ec0996818884fd5fb1","name":"Arnaldo Botto","image":{"@type":"ImageObject","inLanguage":"es","@id":"https:\/\/www.noticiasradioreflejos.com.ar\/2021\/#\/schema\/person\/image\/","url":"https:\/\/secure.gravatar.com\/avatar\/55cb5e37c1efa326397366e6974cb338056df65cb50e7d64d1cf314e87504837?s=96&d=mm&r=g","contentUrl":"https:\/\/secure.gravatar.com\/avatar\/55cb5e37c1efa326397366e6974cb338056df65cb50e7d64d1cf314e87504837?s=96&d=mm&r=g","caption":"Arnaldo Botto"},"url":"https:\/\/www.noticiasradioreflejos.com.ar\/2021\/author\/arnaldo\/"}]}},"_links":{"self":[{"href":"https:\/\/www.noticiasradioreflejos.com.ar\/2021\/wp-json\/wp\/v2\/posts\/61524","targetHints":{"allow":["GET"]}}],"collection":[{"href":"https:\/\/www.noticiasradioreflejos.com.ar\/2021\/wp-json\/wp\/v2\/posts"}],"about":[{"href":"https:\/\/www.noticiasradioreflejos.com.ar\/2021\/wp-json\/wp\/v2\/types\/post"}],"author":[{"embeddable":true,"href":"https:\/\/www.noticiasradioreflejos.com.ar\/2021\/wp-json\/wp\/v2\/users\/3"}],"replies":[{"embeddable":true,"href":"https:\/\/www.noticiasradioreflejos.com.ar\/2021\/wp-json\/wp\/v2\/comments?post=61524"}],"version-history":[{"count":1,"href":"https:\/\/www.noticiasradioreflejos.com.ar\/2021\/wp-json\/wp\/v2\/posts\/61524\/revisions"}],"predecessor-version":[{"id":61526,"href":"https:\/\/www.noticiasradioreflejos.com.ar\/2021\/wp-json\/wp\/v2\/posts\/61524\/revisions\/61526"}],"wp:attachment":[{"href":"https:\/\/www.noticiasradioreflejos.com.ar\/2021\/wp-json\/wp\/v2\/media?parent=61524"}],"wp:term":[{"taxonomy":"category","embeddable":true,"href":"https:\/\/www.noticiasradioreflejos.com.ar\/2021\/wp-json\/wp\/v2\/categories?post=61524"},{"taxonomy":"post_tag","embeddable":true,"href":"https:\/\/www.noticiasradioreflejos.com.ar\/2021\/wp-json\/wp\/v2\/tags?post=61524"}],"curies":[{"name":"wp","href":"https:\/\/api.w.org\/{rel}","templated":true}]}}