{"id":6152,"date":"2017-01-22T15:16:26","date_gmt":"2017-01-22T18:16:26","guid":{"rendered":"http:\/\/noticiasradioreflejos.com.ar\/noticias\/?p=6152"},"modified":"2017-01-22T15:16:26","modified_gmt":"2017-01-22T18:16:26","slug":"noche-de-apertura-de-la-25-fiesta-prov-de-las-golondrinas","status":"publish","type":"post","link":"https:\/\/www.noticiasradioreflejos.com.ar\/2021\/noche-de-apertura-de-la-25-fiesta-prov-de-las-golondrinas\/","title":{"rendered":"Noche de apertura de la 25 Fiesta Prov. de las Golondrinas"},"content":{"rendered":"<p><a title=\"25 Fiesta prov de las Golondrinas (45)\" href=\"http:\/\/farm1.staticflickr.com\/279\/32341948441_4b98175f88.jpg\" rel=\"\"><img loading=\"lazy\" decoding=\"async\" class=\"alignleft\" style=\"float: left;\" title=\"25 Fiesta prov de las Golondrinas (45)\" src=\"http:\/\/farm1.staticflickr.com\/279\/32341948441_4b98175f88.jpg\" alt=\"25 Fiesta prov de las Golondrinas (45)\" width=\"500\" height=\"281\" \/><\/a>Primera jornada de la Fiesta de Plata de las Golondrinas en Villa Ventana con un variado programa de espect\u00e1culos, nutrida feria de artesanos, puestos de comida, mucha concurrencia de p\u00fablico de toda la regi\u00f3n y turistas.<!--more--><br \/>\nLleg\u00f3 el s\u00e1bado 21 y con ello la celebraci\u00f3n del\u00a0<strong>25\u00b0 Aniversario de la Fiesta de las Golondrinas<\/strong>. Si bien parec\u00edan quedar atr\u00e1s las dudas sobre las condiciones clim\u00e1ticas, todo cambi\u00f3 cuando en horas de la tardecita Villa Ventana se nubl\u00f3 y la jornada comenzaban a pintar desfavorable por temor a la lluvia.<br \/>\nEl tiempo se comport\u00f3 y dio paso para que se pueda desarrollar y cumplir por completo el cronograma de actividades pautadas. Y el cierre culmin\u00f3 pasado la una de la ma\u00f1ana en la voz de Fabio Gonz\u00e1lez que deleit\u00f3 e hizo bailar al p\u00fablico con sus \u00e9xitos.<br \/>\nLa Plaza Salerno no s\u00f3lo fue el centro de los espect\u00e1culos, sino que alberg\u00f3 a infinidad de puestos de venta con ropa, artesan\u00edas, regalos y comidas.<\/p>\n<p style=\"padding-left: 30px;\">En la apertura, el encargado de romper el hielo fue el show con <strong>Frozen y el Hombre Ara\u00f1a <\/strong>que ten\u00edan a todos los ni\u00f1os atrapados. M\u00e1s tarde se present\u00f3 un pionero de la Villa, <strong>Omar Araya,<\/strong>\u00a0con un buen folklore y todos sus \u00e9xitos reconocidos.<\/p>\n<p>Desde Dolores y la Costa llegaron los Payadores <strong>Emmanuel Gaboto y Alberto Smith;\u00a0<\/strong>ambos desembocaron sus d\u00e9cimas en referencia a la Fiesta.<br \/>\nAl escenario fueron convocadas las autoridades que dieron la bienvenida al evento, como el delegado comunal <strong>Alfredo Alarc\u00f3n<\/strong>, el Intendente <strong>Sergio Bordoni<\/strong>, el Subsecretario de Espacios Culturales, <strong>Walter M\u00e9ndez,<\/strong> la Secretaria de Turismo<strong>\u00a0Susana Dos Santos,<\/strong> y la Presidente de la Asociaci\u00f3n de Fomento <strong>Mariela Bentosela.<\/strong><br \/>\nComo no pod\u00eda ser de otra manera, si hablamos de Blues, hablamos de la muy buena presentaci\u00f3n de <strong>La Bulldozer Blues Band,<\/strong> cada vez m\u00e1s ensamblados y que contin\u00faan creciendo a pasos agigantados, cautivando los aplausos de sus espectadores.<br \/>\n<strong>Emilce Seghetta <\/strong>de Sierra de la Ventana fue la voz femenina que subi\u00f3 a los escenarios con canciones mel\u00f3dicas muy bien interpretadas.<br \/>\nLa parte central y fuerte de la noche estuvo a las 23:00 horas, donde deslumbr\u00f3, maravill\u00f3 y sorprendi\u00f3 al p\u00fablico el show Internacional de <strong>Aero Tango, <\/strong>con m\u00fasicos fuera de serie, artistas en escena y un espect\u00e1culo montado que cont\u00f3 con otros expertos que se encontraban a unos 30 metros de altura con arn\u00e9s y una gr\u00faa que les permiti\u00f3 desplegar coreograf\u00edas \u00e1reas y bailes, recibiendo ovaciones de los presentes.<br \/>\nPara cerrar una noche so\u00f1ada, la frutilla del postre ven\u00eda con baile inclu\u00eddo y fue \u00e9l quien se ocup\u00f3 de poner el broche de oro, nos referimos al artista <strong>Fabio Gonz\u00e1lez<\/strong>\u00a0que una vez m\u00e1s qued\u00f3 bien sentado, porque es uno de los n\u00famero uno del g\u00e9nero bailable y el tango.<br \/>\n<strong>Este domingo<\/strong> concluir\u00e1 la Fiesta con esta grilla de espect\u00e1culos:<br \/>\n19:00 horas la Murga de Villa Ventana.<br \/>\n19:30 Mariela Cardoso (Locos por el baile).<br \/>\n20:00 horas. Elunay (Folklore Andino).<br \/>\n20:30 horas. Jos\u00e9 Palma y Javier Tacari (Tango).<br \/>\n21:00 horas. Zoom (Tributo a Soda Stereo).<br \/>\n21:30 horas. Julio Buznego.<br \/>\n22:00 horas.\u00a0<strong>LA MOSCA<\/strong> (Banda Nacional).<br \/>\n23:00 horas. Gran sorteo del auto 0 Km o $ 150 mil .<br \/>\nTambi\u00e9n se re program\u00f3 para este domingo la actuaci\u00f3n de Marcelo Somminson (Guitarras del mundo).<br \/>\nOrganiza Asociaci\u00f3n de Fomento, Cultural y F\u00edsica de Villa Ventana. Auspicia: Municipalidad de Tornquist.<br \/>\nEl domingo estar\u00e1 presente el Sub Secretario de Turismo Ignacio Crotto, como Autoridad Provincial.<br \/>\n<a title=\"fiesta de las golondrinas (8)\" href=\"http:\/\/farm1.staticflickr.com\/426\/32463414145_cb8a371413_c.jpg\" rel=\"\"><img loading=\"lazy\" decoding=\"async\" class=\"aligncenter\" title=\"fiesta de las golondrinas (8)\" src=\"http:\/\/farm1.staticflickr.com\/426\/32463414145_cb8a371413_c.jpg\" alt=\"fiesta de las golondrinas (8)\" width=\"800\" height=\"450\" \/><\/a><br \/>\n<a title=\"25 Fiesta prov de las Golondrinas (62)\" href=\"http:\/\/farm1.staticflickr.com\/383\/32341943971_6d09753a20_c.jpg\" rel=\"\"><img loading=\"lazy\" decoding=\"async\" class=\"aligncenter\" title=\"25 Fiesta prov de las Golondrinas (62)\" src=\"http:\/\/farm1.staticflickr.com\/383\/32341943971_6d09753a20_c.jpg\" alt=\"25 Fiesta prov de las Golondrinas (62)\" width=\"800\" height=\"450\" \/><\/a><br \/>\n<a href=\"https:\/\/m.facebook.com\/story.php?story_fbid=10211880545517825&amp;id=1496587978\">Ver m\u00e1s fotos<\/a><br \/>\n<a title=\"fiesta de las golondrinas (23)\" href=\"http:\/\/farm1.staticflickr.com\/644\/32463267275_73598cacd6_c.jpg\" rel=\"\"><img loading=\"lazy\" decoding=\"async\" class=\"aligncenter\" title=\"fiesta de las golondrinas (23)\" src=\"http:\/\/farm1.staticflickr.com\/644\/32463267275_73598cacd6_c.jpg\" alt=\"fiesta de las golondrinas (23)\" width=\"800\" height=\"450\" \/><\/a><br \/>\n<a title=\"25 Fiesta prov de las Golondrinas (61)\" href=\"http:\/\/farm1.staticflickr.com\/642\/32463278845_100e5bdcf0_c.jpg\" rel=\"\"><img loading=\"lazy\" decoding=\"async\" class=\"aligncenter\" title=\"25 Fiesta prov de las Golondrinas (61)\" src=\"http:\/\/farm1.staticflickr.com\/642\/32463278845_100e5bdcf0_c.jpg\" alt=\"25 Fiesta prov de las Golondrinas (61)\" width=\"800\" height=\"450\" \/><\/a><br \/>\n<a title=\"25 Fiesta prov de las Golondrinas (42)\" href=\"http:\/\/farm1.staticflickr.com\/323\/32085091090_276b5c32f6_c.jpg\" rel=\"\"><img loading=\"lazy\" decoding=\"async\" class=\"aligncenter\" title=\"25 Fiesta prov de las Golondrinas (42)\" src=\"http:\/\/farm1.staticflickr.com\/323\/32085091090_276b5c32f6_c.jpg\" alt=\"25 Fiesta prov de las Golondrinas (42)\" width=\"800\" height=\"450\" \/><\/a><br \/>\n<a title=\"25 Fiesta prov de las Golondrinas (38)\" href=\"http:\/\/farm1.staticflickr.com\/774\/32341823471_11620ef48f_c.jpg\" rel=\"\"><img loading=\"lazy\" decoding=\"async\" class=\"aligncenter\" title=\"25 Fiesta prov de las Golondrinas (38)\" src=\"http:\/\/farm1.staticflickr.com\/774\/32341823471_11620ef48f_c.jpg\" alt=\"25 Fiesta prov de las Golondrinas (38)\" width=\"800\" height=\"450\" \/><\/a><br \/>\n<a title=\"25 Fiesta prov de las Golondrinas (32)\" href=\"http:\/\/farm1.staticflickr.com\/285\/32085126340_703bee49ba_c.jpg\" rel=\"\"><img loading=\"lazy\" decoding=\"async\" class=\"aligncenter\" title=\"25 Fiesta prov de las Golondrinas (32)\" src=\"http:\/\/farm1.staticflickr.com\/285\/32085126340_703bee49ba_c.jpg\" alt=\"25 Fiesta prov de las Golondrinas (32)\" width=\"800\" height=\"450\" \/><\/a><br \/>\n<a title=\"25 Fiesta prov de las Golondrinas (30)\" href=\"http:\/\/farm1.staticflickr.com\/381\/32085131380_441572c3c0_c.jpg\" rel=\"\"><img loading=\"lazy\" decoding=\"async\" class=\"aligncenter\" title=\"25 Fiesta prov de las Golondrinas (30)\" src=\"http:\/\/farm1.staticflickr.com\/381\/32085131380_441572c3c0_c.jpg\" alt=\"25 Fiesta prov de las Golondrinas (30)\" width=\"800\" height=\"450\" \/><\/a><br \/>\n<a title=\"25 Fiesta prov de las Golondrinas (28)\" href=\"http:\/\/farm1.staticflickr.com\/428\/32423260766_d46f9d52a6_c.jpg\" rel=\"\"><img loading=\"lazy\" decoding=\"async\" class=\"aligncenter\" title=\"25 Fiesta prov de las Golondrinas (28)\" src=\"http:\/\/farm1.staticflickr.com\/428\/32423260766_d46f9d52a6_c.jpg\" alt=\"25 Fiesta prov de las Golondrinas (28)\" width=\"800\" height=\"450\" \/><\/a><br \/>\n<a title=\"25 Fiesta prov de las Golondrinas (24)\" href=\"http:\/\/farm1.staticflickr.com\/665\/32423261946_56e6a9e1b9_c.jpg\" rel=\"\"><img loading=\"lazy\" decoding=\"async\" class=\"aligncenter\" title=\"25 Fiesta prov de las Golondrinas (24)\" src=\"http:\/\/farm1.staticflickr.com\/665\/32423261946_56e6a9e1b9_c.jpg\" alt=\"25 Fiesta prov de las Golondrinas (24)\" width=\"800\" height=\"450\" \/><\/a><br \/>\n<a title=\"25 Fiesta prov de las Golondrinas (16)\" href=\"http:\/\/farm1.staticflickr.com\/753\/32423263986_dc83b72501_c.jpg\" rel=\"\"><img loading=\"lazy\" decoding=\"async\" class=\"aligncenter\" title=\"25 Fiesta prov de las Golondrinas (16)\" src=\"http:\/\/farm1.staticflickr.com\/753\/32423263986_dc83b72501_c.jpg\" alt=\"25 Fiesta prov de las Golondrinas (16)\" width=\"800\" height=\"450\" \/><\/a><br \/>\n<a title=\"25 Fiesta prov de las Golondrinas (3)\" href=\"http:\/\/farm1.staticflickr.com\/718\/32341866101_a4b25ea79f_c.jpg\" rel=\"\"><img loading=\"lazy\" decoding=\"async\" class=\"aligncenter\" title=\"25 Fiesta prov de las Golondrinas (3)\" src=\"http:\/\/farm1.staticflickr.com\/718\/32341866101_a4b25ea79f_c.jpg\" alt=\"25 Fiesta prov de las Golondrinas (3)\" width=\"800\" height=\"450\" \/><\/a><br \/>\n<iframe loading=\"lazy\" src=\"https:\/\/www.youtube.com\/embed\/AmOnDjKMr-k\" width=\"560\" height=\"315\" frameborder=\"0\" allowfullscreen=\"allowfullscreen\"><\/iframe><\/p>\n","protected":false},"excerpt":{"rendered":"<p>Primera jornada de la Fiesta de Plata de las Golondrinas en Villa Ventana con un variado programa de espect\u00e1culos, nutrida feria de artesanos, puestos de comida, mucha concurrencia de p\u00fablico de toda la regi\u00f3n y turistas.<\/p>\n","protected":false},"author":3,"featured_media":0,"comment_status":"closed","ping_status":"open","sticky":false,"template":"","format":"standard","meta":{"footnotes":""},"categories":[26],"tags":[],"class_list":["post-6152","post","type-post","status-publish","format-standard","hentry","category-sociedad"],"yoast_head":"<!-- This site is optimized with the Yoast SEO plugin v25.9 - https:\/\/yoast.com\/wordpress\/plugins\/seo\/ -->\n<title>Noche de apertura de la 25 Fiesta Prov. de las Golondrinas - Noticias Radio Reflejos<\/title>\n<meta name=\"robots\" content=\"index, follow, max-snippet:-1, max-image-preview:large, max-video-preview:-1\" \/>\n<link rel=\"canonical\" href=\"https:\/\/www.noticiasradioreflejos.com.ar\/2021\/noche-de-apertura-de-la-25-fiesta-prov-de-las-golondrinas\/\" \/>\n<meta property=\"og:locale\" content=\"es_ES\" \/>\n<meta property=\"og:type\" content=\"article\" \/>\n<meta property=\"og:title\" content=\"Noche de apertura de la 25 Fiesta Prov. de las Golondrinas - Noticias Radio Reflejos\" \/>\n<meta property=\"og:description\" content=\"Primera jornada de la Fiesta de Plata de las Golondrinas en Villa Ventana con un variado programa de espect\u00e1culos, nutrida feria de artesanos, puestos de comida, mucha concurrencia de p\u00fablico de toda la regi\u00f3n y turistas.\" \/>\n<meta property=\"og:url\" content=\"https:\/\/www.noticiasradioreflejos.com.ar\/2021\/noche-de-apertura-de-la-25-fiesta-prov-de-las-golondrinas\/\" \/>\n<meta property=\"og:site_name\" content=\"Noticias Radio Reflejos\" \/>\n<meta property=\"article:published_time\" content=\"2017-01-22T18:16:26+00:00\" \/>\n<meta property=\"og:image\" content=\"http:\/\/farm1.staticflickr.com\/279\/32341948441_4b98175f88.jpg\" \/>\n<meta name=\"author\" content=\"Arnaldo Botto\" \/>\n<meta name=\"twitter:card\" content=\"summary_large_image\" \/>\n<script type=\"application\/ld+json\" class=\"yoast-schema-graph\">{\"@context\":\"https:\/\/schema.org\",\"@graph\":[{\"@type\":\"WebPage\",\"@id\":\"https:\/\/www.noticiasradioreflejos.com.ar\/2021\/noche-de-apertura-de-la-25-fiesta-prov-de-las-golondrinas\/\",\"url\":\"https:\/\/www.noticiasradioreflejos.com.ar\/2021\/noche-de-apertura-de-la-25-fiesta-prov-de-las-golondrinas\/\",\"name\":\"Noche de apertura de la 25 Fiesta Prov. de las Golondrinas - Noticias Radio Reflejos\",\"isPartOf\":{\"@id\":\"https:\/\/www.noticiasradioreflejos.com.ar\/2021\/#website\"},\"primaryImageOfPage\":{\"@id\":\"https:\/\/www.noticiasradioreflejos.com.ar\/2021\/noche-de-apertura-de-la-25-fiesta-prov-de-las-golondrinas\/#primaryimage\"},\"image\":{\"@id\":\"https:\/\/www.noticiasradioreflejos.com.ar\/2021\/noche-de-apertura-de-la-25-fiesta-prov-de-las-golondrinas\/#primaryimage\"},\"thumbnailUrl\":\"http:\/\/farm1.staticflickr.com\/279\/32341948441_4b98175f88.jpg\",\"datePublished\":\"2017-01-22T18:16:26+00:00\",\"author\":{\"@id\":\"https:\/\/www.noticiasradioreflejos.com.ar\/2021\/#\/schema\/person\/ad82545263dcc5ec0996818884fd5fb1\"},\"breadcrumb\":{\"@id\":\"https:\/\/www.noticiasradioreflejos.com.ar\/2021\/noche-de-apertura-de-la-25-fiesta-prov-de-las-golondrinas\/#breadcrumb\"},\"inLanguage\":\"es\",\"potentialAction\":[{\"@type\":\"ReadAction\",\"target\":[\"https:\/\/www.noticiasradioreflejos.com.ar\/2021\/noche-de-apertura-de-la-25-fiesta-prov-de-las-golondrinas\/\"]}]},{\"@type\":\"ImageObject\",\"inLanguage\":\"es\",\"@id\":\"https:\/\/www.noticiasradioreflejos.com.ar\/2021\/noche-de-apertura-de-la-25-fiesta-prov-de-las-golondrinas\/#primaryimage\",\"url\":\"http:\/\/farm1.staticflickr.com\/279\/32341948441_4b98175f88.jpg\",\"contentUrl\":\"http:\/\/farm1.staticflickr.com\/279\/32341948441_4b98175f88.jpg\"},{\"@type\":\"BreadcrumbList\",\"@id\":\"https:\/\/www.noticiasradioreflejos.com.ar\/2021\/noche-de-apertura-de-la-25-fiesta-prov-de-las-golondrinas\/#breadcrumb\",\"itemListElement\":[{\"@type\":\"ListItem\",\"position\":1,\"name\":\"Portada\",\"item\":\"https:\/\/www.noticiasradioreflejos.com.ar\/2021\/\"},{\"@type\":\"ListItem\",\"position\":2,\"name\":\"Noche de apertura de la 25 Fiesta Prov. de las Golondrinas\"}]},{\"@type\":\"WebSite\",\"@id\":\"https:\/\/www.noticiasradioreflejos.com.ar\/2021\/#website\",\"url\":\"https:\/\/www.noticiasradioreflejos.com.ar\/2021\/\",\"name\":\"Noticias Radio Reflejos\",\"description\":\"Las noticias de mi comarca\",\"potentialAction\":[{\"@type\":\"SearchAction\",\"target\":{\"@type\":\"EntryPoint\",\"urlTemplate\":\"https:\/\/www.noticiasradioreflejos.com.ar\/2021\/?s={search_term_string}\"},\"query-input\":{\"@type\":\"PropertyValueSpecification\",\"valueRequired\":true,\"valueName\":\"search_term_string\"}}],\"inLanguage\":\"es\"},{\"@type\":\"Person\",\"@id\":\"https:\/\/www.noticiasradioreflejos.com.ar\/2021\/#\/schema\/person\/ad82545263dcc5ec0996818884fd5fb1\",\"name\":\"Arnaldo Botto\",\"image\":{\"@type\":\"ImageObject\",\"inLanguage\":\"es\",\"@id\":\"https:\/\/www.noticiasradioreflejos.com.ar\/2021\/#\/schema\/person\/image\/\",\"url\":\"https:\/\/secure.gravatar.com\/avatar\/55cb5e37c1efa326397366e6974cb338056df65cb50e7d64d1cf314e87504837?s=96&d=mm&r=g\",\"contentUrl\":\"https:\/\/secure.gravatar.com\/avatar\/55cb5e37c1efa326397366e6974cb338056df65cb50e7d64d1cf314e87504837?s=96&d=mm&r=g\",\"caption\":\"Arnaldo Botto\"},\"url\":\"https:\/\/www.noticiasradioreflejos.com.ar\/2021\/author\/arnaldo\/\"}]}<\/script>\n<!-- \/ Yoast SEO plugin. -->","yoast_head_json":{"title":"Noche de apertura de la 25 Fiesta Prov. de las Golondrinas - Noticias Radio Reflejos","robots":{"index":"index","follow":"follow","max-snippet":"max-snippet:-1","max-image-preview":"max-image-preview:large","max-video-preview":"max-video-preview:-1"},"canonical":"https:\/\/www.noticiasradioreflejos.com.ar\/2021\/noche-de-apertura-de-la-25-fiesta-prov-de-las-golondrinas\/","og_locale":"es_ES","og_type":"article","og_title":"Noche de apertura de la 25 Fiesta Prov. de las Golondrinas - Noticias Radio Reflejos","og_description":"Primera jornada de la Fiesta de Plata de las Golondrinas en Villa Ventana con un variado programa de espect\u00e1culos, nutrida feria de artesanos, puestos de comida, mucha concurrencia de p\u00fablico de toda la regi\u00f3n y turistas.","og_url":"https:\/\/www.noticiasradioreflejos.com.ar\/2021\/noche-de-apertura-de-la-25-fiesta-prov-de-las-golondrinas\/","og_site_name":"Noticias Radio Reflejos","article_published_time":"2017-01-22T18:16:26+00:00","og_image":[{"url":"http:\/\/farm1.staticflickr.com\/279\/32341948441_4b98175f88.jpg","type":"","width":"","height":""}],"author":"Arnaldo Botto","twitter_card":"summary_large_image","schema":{"@context":"https:\/\/schema.org","@graph":[{"@type":"WebPage","@id":"https:\/\/www.noticiasradioreflejos.com.ar\/2021\/noche-de-apertura-de-la-25-fiesta-prov-de-las-golondrinas\/","url":"https:\/\/www.noticiasradioreflejos.com.ar\/2021\/noche-de-apertura-de-la-25-fiesta-prov-de-las-golondrinas\/","name":"Noche de apertura de la 25 Fiesta Prov. de las Golondrinas - Noticias Radio Reflejos","isPartOf":{"@id":"https:\/\/www.noticiasradioreflejos.com.ar\/2021\/#website"},"primaryImageOfPage":{"@id":"https:\/\/www.noticiasradioreflejos.com.ar\/2021\/noche-de-apertura-de-la-25-fiesta-prov-de-las-golondrinas\/#primaryimage"},"image":{"@id":"https:\/\/www.noticiasradioreflejos.com.ar\/2021\/noche-de-apertura-de-la-25-fiesta-prov-de-las-golondrinas\/#primaryimage"},"thumbnailUrl":"http:\/\/farm1.staticflickr.com\/279\/32341948441_4b98175f88.jpg","datePublished":"2017-01-22T18:16:26+00:00","author":{"@id":"https:\/\/www.noticiasradioreflejos.com.ar\/2021\/#\/schema\/person\/ad82545263dcc5ec0996818884fd5fb1"},"breadcrumb":{"@id":"https:\/\/www.noticiasradioreflejos.com.ar\/2021\/noche-de-apertura-de-la-25-fiesta-prov-de-las-golondrinas\/#breadcrumb"},"inLanguage":"es","potentialAction":[{"@type":"ReadAction","target":["https:\/\/www.noticiasradioreflejos.com.ar\/2021\/noche-de-apertura-de-la-25-fiesta-prov-de-las-golondrinas\/"]}]},{"@type":"ImageObject","inLanguage":"es","@id":"https:\/\/www.noticiasradioreflejos.com.ar\/2021\/noche-de-apertura-de-la-25-fiesta-prov-de-las-golondrinas\/#primaryimage","url":"http:\/\/farm1.staticflickr.com\/279\/32341948441_4b98175f88.jpg","contentUrl":"http:\/\/farm1.staticflickr.com\/279\/32341948441_4b98175f88.jpg"},{"@type":"BreadcrumbList","@id":"https:\/\/www.noticiasradioreflejos.com.ar\/2021\/noche-de-apertura-de-la-25-fiesta-prov-de-las-golondrinas\/#breadcrumb","itemListElement":[{"@type":"ListItem","position":1,"name":"Portada","item":"https:\/\/www.noticiasradioreflejos.com.ar\/2021\/"},{"@type":"ListItem","position":2,"name":"Noche de apertura de la 25 Fiesta Prov. de las Golondrinas"}]},{"@type":"WebSite","@id":"https:\/\/www.noticiasradioreflejos.com.ar\/2021\/#website","url":"https:\/\/www.noticiasradioreflejos.com.ar\/2021\/","name":"Noticias Radio Reflejos","description":"Las noticias de mi comarca","potentialAction":[{"@type":"SearchAction","target":{"@type":"EntryPoint","urlTemplate":"https:\/\/www.noticiasradioreflejos.com.ar\/2021\/?s={search_term_string}"},"query-input":{"@type":"PropertyValueSpecification","valueRequired":true,"valueName":"search_term_string"}}],"inLanguage":"es"},{"@type":"Person","@id":"https:\/\/www.noticiasradioreflejos.com.ar\/2021\/#\/schema\/person\/ad82545263dcc5ec0996818884fd5fb1","name":"Arnaldo Botto","image":{"@type":"ImageObject","inLanguage":"es","@id":"https:\/\/www.noticiasradioreflejos.com.ar\/2021\/#\/schema\/person\/image\/","url":"https:\/\/secure.gravatar.com\/avatar\/55cb5e37c1efa326397366e6974cb338056df65cb50e7d64d1cf314e87504837?s=96&d=mm&r=g","contentUrl":"https:\/\/secure.gravatar.com\/avatar\/55cb5e37c1efa326397366e6974cb338056df65cb50e7d64d1cf314e87504837?s=96&d=mm&r=g","caption":"Arnaldo Botto"},"url":"https:\/\/www.noticiasradioreflejos.com.ar\/2021\/author\/arnaldo\/"}]}},"_links":{"self":[{"href":"https:\/\/www.noticiasradioreflejos.com.ar\/2021\/wp-json\/wp\/v2\/posts\/6152","targetHints":{"allow":["GET"]}}],"collection":[{"href":"https:\/\/www.noticiasradioreflejos.com.ar\/2021\/wp-json\/wp\/v2\/posts"}],"about":[{"href":"https:\/\/www.noticiasradioreflejos.com.ar\/2021\/wp-json\/wp\/v2\/types\/post"}],"author":[{"embeddable":true,"href":"https:\/\/www.noticiasradioreflejos.com.ar\/2021\/wp-json\/wp\/v2\/users\/3"}],"replies":[{"embeddable":true,"href":"https:\/\/www.noticiasradioreflejos.com.ar\/2021\/wp-json\/wp\/v2\/comments?post=6152"}],"version-history":[{"count":0,"href":"https:\/\/www.noticiasradioreflejos.com.ar\/2021\/wp-json\/wp\/v2\/posts\/6152\/revisions"}],"wp:attachment":[{"href":"https:\/\/www.noticiasradioreflejos.com.ar\/2021\/wp-json\/wp\/v2\/media?parent=6152"}],"wp:term":[{"taxonomy":"category","embeddable":true,"href":"https:\/\/www.noticiasradioreflejos.com.ar\/2021\/wp-json\/wp\/v2\/categories?post=6152"},{"taxonomy":"post_tag","embeddable":true,"href":"https:\/\/www.noticiasradioreflejos.com.ar\/2021\/wp-json\/wp\/v2\/tags?post=6152"}],"curies":[{"name":"wp","href":"https:\/\/api.w.org\/{rel}","templated":true}]}}