{"id":61515,"date":"2021-08-17T10:31:17","date_gmt":"2021-08-17T10:31:17","guid":{"rendered":"http:\/\/www.noticiasradioreflejos.com.ar\/2021\/?p=61515"},"modified":"2021-08-17T10:58:06","modified_gmt":"2021-08-17T10:58:06","slug":"choque-frontal-den-la-ruta-51-entre-un-auto-y-un-camion","status":"publish","type":"post","link":"https:\/\/www.noticiasradioreflejos.com.ar\/2021\/choque-frontal-den-la-ruta-51-entre-un-auto-y-un-camion\/","title":{"rendered":"Choque frontal en la ruta 51 entre un auto y un cami\u00f3n."},"content":{"rendered":"<header id=\"mvp-post-head\" class=\"left relative\">Uno de los conductores involucrados, cuyo veh\u00edculo termin\u00f3 volcado, reconoci\u00f3 que se hab\u00eda quedado dormido. Ambos fueron derivados de urgencia a hospitales de Bah\u00eda Blanca.<\/header>\n<p><!--more--><\/p>\n<div class=\"mvp-post-main-out left relative\">\n<div class=\"mvp-post-main-in\">\n<div id=\"mvp-post-content\" class=\"left relative\">\n<div id=\"mvp-post-feat-img\" class=\"left relative mvp-post-feat-img-wide2\"><img loading=\"lazy\" decoding=\"async\" class=\"attachment- size- wp-post-image\" src=\"https:\/\/www.labrujula24.com\/wp-content\/uploads\/2021\/08\/8f95c34c-2f7e-4112-b7a7-40a1b163a53d.jpg\" sizes=\"auto, (max-width: 1200px) 100vw, 1200px\" srcset=\"https:\/\/www.labrujula24.com\/wp-content\/uploads\/2021\/08\/8f95c34c-2f7e-4112-b7a7-40a1b163a53d.jpg 1200w, https:\/\/www.labrujula24.com\/wp-content\/uploads\/2021\/08\/8f95c34c-2f7e-4112-b7a7-40a1b163a53d-768x461.jpg 768w, https:\/\/www.labrujula24.com\/wp-content\/uploads\/2021\/08\/8f95c34c-2f7e-4112-b7a7-40a1b163a53d-1000x600.jpg 1000w, https:\/\/www.labrujula24.com\/wp-content\/uploads\/2021\/08\/8f95c34c-2f7e-4112-b7a7-40a1b163a53d-590x354.jpg 590w, https:\/\/www.labrujula24.com\/wp-content\/uploads\/2021\/08\/8f95c34c-2f7e-4112-b7a7-40a1b163a53d-400x240.jpg 400w\" alt=\"\" width=\"1200\" height=\"720\" \/><\/div>\n<div id=\"mvp-content-wrap\" class=\"left relative\">\n<div class=\"mvp-post-soc-out right relative\">\n<div class=\"mvp-post-soc-in\">\n<div id=\"mvp-content-body\" class=\"left relative\">\n<div id=\"mvp-content-body-top\" class=\"left relative\">\n<div id=\"mvp-content-main\" class=\"left relative\">\n<div id=\"textbody\">\n<p>Un impresionante choque frontal entre un auto y un cami\u00f3n dej\u00f3 como saldo a dos personas heridas. El incidente vial ocurri\u00f3 minutos antes de las 6, en el kil\u00f3metro 710 de la Ruta 51.<\/p>\n<p><strong>Ambos debieron ser trasladados por ambulancias del servicio de emergencias Siempre a hospitales de Bah\u00eda Blanca. All\u00ed tambi\u00e9n trabaj\u00f3 polic\u00eda y la guardia de Defensa Civil.<\/strong><\/p>\n<div class=\"code-block code-block-11\"><\/div>\n<figure class=\"wp-block-image size-large\"><img loading=\"lazy\" decoding=\"async\" class=\"wp-image-151193\" src=\"https:\/\/www.labrujula24.com\/wp-content\/uploads\/2021\/08\/20f35695-1769-4e02-83b7-d7f228e10c27.jpg\" sizes=\"auto, (max-width: 1280px) 100vw, 1280px\" srcset=\"https:\/\/www.labrujula24.com\/wp-content\/uploads\/2021\/08\/20f35695-1769-4e02-83b7-d7f228e10c27.jpg 1280w, https:\/\/www.labrujula24.com\/wp-content\/uploads\/2021\/08\/20f35695-1769-4e02-83b7-d7f228e10c27-768x576.jpg 768w\" alt=\"\" width=\"1280\" height=\"960\" \/><\/figure>\n<p>Quien manejaba el Fiat Siena cont\u00f3 lo sucedido, refiri\u00f3 que se qued\u00f3 dormido y por este motivo ocurri\u00f3 el siniestro. El hombre de 32 a\u00f1os, que tras el choque termin\u00f3 volcando, sufri\u00f3 traumatismo de cr\u00e1neo sin p\u00e9rdida de conocimiento, traumatismo de t\u00f3rax cerrado y abdomen, y fue trasladado al Hospital Penna.<\/p>\n<p>Por su parte, el ch\u00f3fer del cami\u00f3n, que transportaba carne y se dirig\u00eda sentido a Bah\u00eda Blanca, sufri\u00f3 traumatismos varios, siendo derivado al Hospital Espa\u00f1ol.<\/p>\n<div class=\"code-block code-block-1\"><\/div>\n<figure class=\"wp-block-image size-large\"><img loading=\"lazy\" decoding=\"async\" class=\"wp-image-151197\" src=\"https:\/\/www.labrujula24.com\/wp-content\/uploads\/2021\/08\/225f1761-e714-440c-8bba-14e83d1edd04.jpg\" sizes=\"auto, (max-width: 1040px) 100vw, 1040px\" srcset=\"https:\/\/www.labrujula24.com\/wp-content\/uploads\/2021\/08\/225f1761-e714-440c-8bba-14e83d1edd04.jpg 1040w, https:\/\/www.labrujula24.com\/wp-content\/uploads\/2021\/08\/225f1761-e714-440c-8bba-14e83d1edd04-768x576.jpg 768w\" alt=\"\" width=\"1040\" height=\"780\" \/><\/figure>\n<\/div>\n<\/div>\n<\/div>\n<\/div>\n<\/div>\n<\/div>\n<\/div>\n<\/div>\n<\/div>\n<\/div>\n<p>Va a quedar habilitado moment\u00e1neamente un solo carril, hasta que retiren el cami\u00f3n que qued\u00f3 sobre la ruta 51. Trabaja en el lugar Polic\u00eda vial en el ordenamiento del tr\u00e1nsito<\/p>\n<p>&nbsp;<\/p>\n<p><strong>Fuente La Br\u00fajula<\/strong><\/p>\n<p>&nbsp;<\/p>\n","protected":false},"excerpt":{"rendered":"<p>Uno de los conductores involucrados, cuyo veh\u00edculo termin\u00f3 volcado, reconoci\u00f3 que se hab\u00eda quedado dormido. Ambos fueron derivados de urgencia a hospitales de Bah\u00eda Blanca.<\/p>\n","protected":false},"author":3,"featured_media":0,"comment_status":"closed","ping_status":"closed","sticky":false,"template":"","format":"standard","meta":{"footnotes":""},"categories":[29],"tags":[],"class_list":["post-61515","post","type-post","status-publish","format-standard","hentry","category-policiales"],"yoast_head":"<!-- This site is optimized with the Yoast SEO plugin v25.9 - https:\/\/yoast.com\/wordpress\/plugins\/seo\/ -->\n<title>Choque frontal en la ruta 51 entre un auto y un cami\u00f3n. - Noticias Radio Reflejos<\/title>\n<meta name=\"robots\" content=\"index, follow, max-snippet:-1, max-image-preview:large, max-video-preview:-1\" \/>\n<link rel=\"canonical\" href=\"https:\/\/www.noticiasradioreflejos.com.ar\/2021\/choque-frontal-den-la-ruta-51-entre-un-auto-y-un-camion\/\" \/>\n<meta property=\"og:locale\" content=\"es_ES\" \/>\n<meta property=\"og:type\" content=\"article\" \/>\n<meta property=\"og:title\" content=\"Choque frontal en la ruta 51 entre un auto y un cami\u00f3n. - Noticias Radio Reflejos\" \/>\n<meta property=\"og:description\" content=\"Uno de los conductores involucrados, cuyo veh\u00edculo termin\u00f3 volcado, reconoci\u00f3 que se hab\u00eda quedado dormido. Ambos fueron derivados de urgencia a hospitales de Bah\u00eda Blanca.\" \/>\n<meta property=\"og:url\" content=\"https:\/\/www.noticiasradioreflejos.com.ar\/2021\/choque-frontal-den-la-ruta-51-entre-un-auto-y-un-camion\/\" \/>\n<meta property=\"og:site_name\" content=\"Noticias Radio Reflejos\" \/>\n<meta property=\"article:published_time\" content=\"2021-08-17T10:31:17+00:00\" \/>\n<meta property=\"article:modified_time\" content=\"2021-08-17T10:58:06+00:00\" \/>\n<meta property=\"og:image\" content=\"https:\/\/www.labrujula24.com\/wp-content\/uploads\/2021\/08\/8f95c34c-2f7e-4112-b7a7-40a1b163a53d.jpg\" \/>\n<meta name=\"author\" content=\"Arnaldo Botto\" \/>\n<meta name=\"twitter:card\" content=\"summary_large_image\" \/>\n<script type=\"application\/ld+json\" class=\"yoast-schema-graph\">{\"@context\":\"https:\/\/schema.org\",\"@graph\":[{\"@type\":\"WebPage\",\"@id\":\"https:\/\/www.noticiasradioreflejos.com.ar\/2021\/choque-frontal-den-la-ruta-51-entre-un-auto-y-un-camion\/\",\"url\":\"https:\/\/www.noticiasradioreflejos.com.ar\/2021\/choque-frontal-den-la-ruta-51-entre-un-auto-y-un-camion\/\",\"name\":\"Choque frontal en la ruta 51 entre un auto y un cami\u00f3n. - Noticias Radio Reflejos\",\"isPartOf\":{\"@id\":\"https:\/\/www.noticiasradioreflejos.com.ar\/2021\/#website\"},\"primaryImageOfPage\":{\"@id\":\"https:\/\/www.noticiasradioreflejos.com.ar\/2021\/choque-frontal-den-la-ruta-51-entre-un-auto-y-un-camion\/#primaryimage\"},\"image\":{\"@id\":\"https:\/\/www.noticiasradioreflejos.com.ar\/2021\/choque-frontal-den-la-ruta-51-entre-un-auto-y-un-camion\/#primaryimage\"},\"thumbnailUrl\":\"https:\/\/www.labrujula24.com\/wp-content\/uploads\/2021\/08\/8f95c34c-2f7e-4112-b7a7-40a1b163a53d.jpg\",\"datePublished\":\"2021-08-17T10:31:17+00:00\",\"dateModified\":\"2021-08-17T10:58:06+00:00\",\"author\":{\"@id\":\"https:\/\/www.noticiasradioreflejos.com.ar\/2021\/#\/schema\/person\/ad82545263dcc5ec0996818884fd5fb1\"},\"breadcrumb\":{\"@id\":\"https:\/\/www.noticiasradioreflejos.com.ar\/2021\/choque-frontal-den-la-ruta-51-entre-un-auto-y-un-camion\/#breadcrumb\"},\"inLanguage\":\"es\",\"potentialAction\":[{\"@type\":\"ReadAction\",\"target\":[\"https:\/\/www.noticiasradioreflejos.com.ar\/2021\/choque-frontal-den-la-ruta-51-entre-un-auto-y-un-camion\/\"]}]},{\"@type\":\"ImageObject\",\"inLanguage\":\"es\",\"@id\":\"https:\/\/www.noticiasradioreflejos.com.ar\/2021\/choque-frontal-den-la-ruta-51-entre-un-auto-y-un-camion\/#primaryimage\",\"url\":\"https:\/\/www.labrujula24.com\/wp-content\/uploads\/2021\/08\/8f95c34c-2f7e-4112-b7a7-40a1b163a53d.jpg\",\"contentUrl\":\"https:\/\/www.labrujula24.com\/wp-content\/uploads\/2021\/08\/8f95c34c-2f7e-4112-b7a7-40a1b163a53d.jpg\"},{\"@type\":\"BreadcrumbList\",\"@id\":\"https:\/\/www.noticiasradioreflejos.com.ar\/2021\/choque-frontal-den-la-ruta-51-entre-un-auto-y-un-camion\/#breadcrumb\",\"itemListElement\":[{\"@type\":\"ListItem\",\"position\":1,\"name\":\"Portada\",\"item\":\"https:\/\/www.noticiasradioreflejos.com.ar\/2021\/\"},{\"@type\":\"ListItem\",\"position\":2,\"name\":\"Choque frontal en la ruta 51 entre un auto y un cami\u00f3n.\"}]},{\"@type\":\"WebSite\",\"@id\":\"https:\/\/www.noticiasradioreflejos.com.ar\/2021\/#website\",\"url\":\"https:\/\/www.noticiasradioreflejos.com.ar\/2021\/\",\"name\":\"Noticias Radio Reflejos\",\"description\":\"Las noticias de mi comarca\",\"potentialAction\":[{\"@type\":\"SearchAction\",\"target\":{\"@type\":\"EntryPoint\",\"urlTemplate\":\"https:\/\/www.noticiasradioreflejos.com.ar\/2021\/?s={search_term_string}\"},\"query-input\":{\"@type\":\"PropertyValueSpecification\",\"valueRequired\":true,\"valueName\":\"search_term_string\"}}],\"inLanguage\":\"es\"},{\"@type\":\"Person\",\"@id\":\"https:\/\/www.noticiasradioreflejos.com.ar\/2021\/#\/schema\/person\/ad82545263dcc5ec0996818884fd5fb1\",\"name\":\"Arnaldo Botto\",\"image\":{\"@type\":\"ImageObject\",\"inLanguage\":\"es\",\"@id\":\"https:\/\/www.noticiasradioreflejos.com.ar\/2021\/#\/schema\/person\/image\/\",\"url\":\"https:\/\/secure.gravatar.com\/avatar\/55cb5e37c1efa326397366e6974cb338056df65cb50e7d64d1cf314e87504837?s=96&d=mm&r=g\",\"contentUrl\":\"https:\/\/secure.gravatar.com\/avatar\/55cb5e37c1efa326397366e6974cb338056df65cb50e7d64d1cf314e87504837?s=96&d=mm&r=g\",\"caption\":\"Arnaldo Botto\"},\"url\":\"https:\/\/www.noticiasradioreflejos.com.ar\/2021\/author\/arnaldo\/\"}]}<\/script>\n<!-- \/ Yoast SEO plugin. -->","yoast_head_json":{"title":"Choque frontal en la ruta 51 entre un auto y un cami\u00f3n. - Noticias Radio Reflejos","robots":{"index":"index","follow":"follow","max-snippet":"max-snippet:-1","max-image-preview":"max-image-preview:large","max-video-preview":"max-video-preview:-1"},"canonical":"https:\/\/www.noticiasradioreflejos.com.ar\/2021\/choque-frontal-den-la-ruta-51-entre-un-auto-y-un-camion\/","og_locale":"es_ES","og_type":"article","og_title":"Choque frontal en la ruta 51 entre un auto y un cami\u00f3n. - Noticias Radio Reflejos","og_description":"Uno de los conductores involucrados, cuyo veh\u00edculo termin\u00f3 volcado, reconoci\u00f3 que se hab\u00eda quedado dormido. Ambos fueron derivados de urgencia a hospitales de Bah\u00eda Blanca.","og_url":"https:\/\/www.noticiasradioreflejos.com.ar\/2021\/choque-frontal-den-la-ruta-51-entre-un-auto-y-un-camion\/","og_site_name":"Noticias Radio Reflejos","article_published_time":"2021-08-17T10:31:17+00:00","article_modified_time":"2021-08-17T10:58:06+00:00","og_image":[{"url":"https:\/\/www.labrujula24.com\/wp-content\/uploads\/2021\/08\/8f95c34c-2f7e-4112-b7a7-40a1b163a53d.jpg","type":"","width":"","height":""}],"author":"Arnaldo Botto","twitter_card":"summary_large_image","schema":{"@context":"https:\/\/schema.org","@graph":[{"@type":"WebPage","@id":"https:\/\/www.noticiasradioreflejos.com.ar\/2021\/choque-frontal-den-la-ruta-51-entre-un-auto-y-un-camion\/","url":"https:\/\/www.noticiasradioreflejos.com.ar\/2021\/choque-frontal-den-la-ruta-51-entre-un-auto-y-un-camion\/","name":"Choque frontal en la ruta 51 entre un auto y un cami\u00f3n. - Noticias Radio Reflejos","isPartOf":{"@id":"https:\/\/www.noticiasradioreflejos.com.ar\/2021\/#website"},"primaryImageOfPage":{"@id":"https:\/\/www.noticiasradioreflejos.com.ar\/2021\/choque-frontal-den-la-ruta-51-entre-un-auto-y-un-camion\/#primaryimage"},"image":{"@id":"https:\/\/www.noticiasradioreflejos.com.ar\/2021\/choque-frontal-den-la-ruta-51-entre-un-auto-y-un-camion\/#primaryimage"},"thumbnailUrl":"https:\/\/www.labrujula24.com\/wp-content\/uploads\/2021\/08\/8f95c34c-2f7e-4112-b7a7-40a1b163a53d.jpg","datePublished":"2021-08-17T10:31:17+00:00","dateModified":"2021-08-17T10:58:06+00:00","author":{"@id":"https:\/\/www.noticiasradioreflejos.com.ar\/2021\/#\/schema\/person\/ad82545263dcc5ec0996818884fd5fb1"},"breadcrumb":{"@id":"https:\/\/www.noticiasradioreflejos.com.ar\/2021\/choque-frontal-den-la-ruta-51-entre-un-auto-y-un-camion\/#breadcrumb"},"inLanguage":"es","potentialAction":[{"@type":"ReadAction","target":["https:\/\/www.noticiasradioreflejos.com.ar\/2021\/choque-frontal-den-la-ruta-51-entre-un-auto-y-un-camion\/"]}]},{"@type":"ImageObject","inLanguage":"es","@id":"https:\/\/www.noticiasradioreflejos.com.ar\/2021\/choque-frontal-den-la-ruta-51-entre-un-auto-y-un-camion\/#primaryimage","url":"https:\/\/www.labrujula24.com\/wp-content\/uploads\/2021\/08\/8f95c34c-2f7e-4112-b7a7-40a1b163a53d.jpg","contentUrl":"https:\/\/www.labrujula24.com\/wp-content\/uploads\/2021\/08\/8f95c34c-2f7e-4112-b7a7-40a1b163a53d.jpg"},{"@type":"BreadcrumbList","@id":"https:\/\/www.noticiasradioreflejos.com.ar\/2021\/choque-frontal-den-la-ruta-51-entre-un-auto-y-un-camion\/#breadcrumb","itemListElement":[{"@type":"ListItem","position":1,"name":"Portada","item":"https:\/\/www.noticiasradioreflejos.com.ar\/2021\/"},{"@type":"ListItem","position":2,"name":"Choque frontal en la ruta 51 entre un auto y un cami\u00f3n."}]},{"@type":"WebSite","@id":"https:\/\/www.noticiasradioreflejos.com.ar\/2021\/#website","url":"https:\/\/www.noticiasradioreflejos.com.ar\/2021\/","name":"Noticias Radio Reflejos","description":"Las noticias de mi comarca","potentialAction":[{"@type":"SearchAction","target":{"@type":"EntryPoint","urlTemplate":"https:\/\/www.noticiasradioreflejos.com.ar\/2021\/?s={search_term_string}"},"query-input":{"@type":"PropertyValueSpecification","valueRequired":true,"valueName":"search_term_string"}}],"inLanguage":"es"},{"@type":"Person","@id":"https:\/\/www.noticiasradioreflejos.com.ar\/2021\/#\/schema\/person\/ad82545263dcc5ec0996818884fd5fb1","name":"Arnaldo Botto","image":{"@type":"ImageObject","inLanguage":"es","@id":"https:\/\/www.noticiasradioreflejos.com.ar\/2021\/#\/schema\/person\/image\/","url":"https:\/\/secure.gravatar.com\/avatar\/55cb5e37c1efa326397366e6974cb338056df65cb50e7d64d1cf314e87504837?s=96&d=mm&r=g","contentUrl":"https:\/\/secure.gravatar.com\/avatar\/55cb5e37c1efa326397366e6974cb338056df65cb50e7d64d1cf314e87504837?s=96&d=mm&r=g","caption":"Arnaldo Botto"},"url":"https:\/\/www.noticiasradioreflejos.com.ar\/2021\/author\/arnaldo\/"}]}},"_links":{"self":[{"href":"https:\/\/www.noticiasradioreflejos.com.ar\/2021\/wp-json\/wp\/v2\/posts\/61515","targetHints":{"allow":["GET"]}}],"collection":[{"href":"https:\/\/www.noticiasradioreflejos.com.ar\/2021\/wp-json\/wp\/v2\/posts"}],"about":[{"href":"https:\/\/www.noticiasradioreflejos.com.ar\/2021\/wp-json\/wp\/v2\/types\/post"}],"author":[{"embeddable":true,"href":"https:\/\/www.noticiasradioreflejos.com.ar\/2021\/wp-json\/wp\/v2\/users\/3"}],"replies":[{"embeddable":true,"href":"https:\/\/www.noticiasradioreflejos.com.ar\/2021\/wp-json\/wp\/v2\/comments?post=61515"}],"version-history":[{"count":5,"href":"https:\/\/www.noticiasradioreflejos.com.ar\/2021\/wp-json\/wp\/v2\/posts\/61515\/revisions"}],"predecessor-version":[{"id":61523,"href":"https:\/\/www.noticiasradioreflejos.com.ar\/2021\/wp-json\/wp\/v2\/posts\/61515\/revisions\/61523"}],"wp:attachment":[{"href":"https:\/\/www.noticiasradioreflejos.com.ar\/2021\/wp-json\/wp\/v2\/media?parent=61515"}],"wp:term":[{"taxonomy":"category","embeddable":true,"href":"https:\/\/www.noticiasradioreflejos.com.ar\/2021\/wp-json\/wp\/v2\/categories?post=61515"},{"taxonomy":"post_tag","embeddable":true,"href":"https:\/\/www.noticiasradioreflejos.com.ar\/2021\/wp-json\/wp\/v2\/tags?post=61515"}],"curies":[{"name":"wp","href":"https:\/\/api.w.org\/{rel}","templated":true}]}}