{"id":61512,"date":"2021-08-17T10:24:22","date_gmt":"2021-08-17T10:24:22","guid":{"rendered":"http:\/\/www.noticiasradioreflejos.com.ar\/2021\/?p=61512"},"modified":"2021-08-17T12:40:26","modified_gmt":"2021-08-17T12:40:26","slug":"5-personas-perdieron-la-vida-por-inhalar-monoxido-de-carbono","status":"publish","type":"post","link":"https:\/\/www.noticiasradioreflejos.com.ar\/2021\/5-personas-perdieron-la-vida-por-inhalar-monoxido-de-carbono\/","title":{"rendered":"5 personas perdieron la vida por inhalar mon\u00f3xido de carbono"},"content":{"rendered":"<header id=\"mvp-post-head\" class=\"left relative\">Cinco personas fallecieron tras una intoxicaci\u00f3n con mon\u00f3xido de carbono ocurrida en una vivienda de la localidad de Pig\u00fc\u00e9. Seg\u00fan informa el portal <strong>Ciudad Noticias<\/strong>, el hecho se conoci\u00f3 pasadas las 19.30 de ayer lunes, y la propiedad est\u00e1 ubicada en calle Mendoza 280.<\/header>\n<p><!--more--><\/p>\n<div class=\"mvp-post-main-out left relative\">\n<div class=\"mvp-post-main-in\">\n<div id=\"mvp-post-content\" class=\"left relative\">\n<div id=\"mvp-content-wrap\" class=\"left relative\">\n<div class=\"mvp-post-soc-out right relative\">\n<div class=\"mvp-post-soc-in\">\n<div id=\"mvp-content-body\" class=\"left relative\">\n<div id=\"mvp-content-body-top\" class=\"left relative\">\n<div id=\"mvp-content-main\" class=\"left relative\">\n<div id=\"textbody\">\n<p>Entre las v\u00edctimas fatales se encontraron dos hermanos, uno de 30 a\u00f1os y el otro de 22, una mujer, pareja de uno de los fallecidos, de 23, y sus dos hijos, un nene de 5, y una ni\u00f1a de un a\u00f1o y medio.<\/p>\n<p>Los adultos fallecidos fueron identificados como\u00a0Juan Pablo y Emanuel Adami, y Macarena Hammerschmitd.<\/p>\n<p>En el lugar\u00a0 trabaj\u00f3 polic\u00eda, m\u00e9dico forense, polic\u00eda cient\u00edfica, bomberos, ambulancia del hospital Pig\u00fc\u00e9, y el fiscal Adri\u00e1n Montero. La causa fue calificada como \u00a0Averiguaci\u00f3n causales de muerte.<\/p>\n<\/div>\n<\/div>\n<\/div>\n<\/div>\n<\/div>\n<\/div>\n<\/div>\n<\/div>\n<\/div>\n<\/div>\n<p>&nbsp;<\/p>\n<p><strong><u>PARTE DE PRENSA POLICIAL<\/u><\/strong><\/p>\n<p><strong><u>ACTUACIONES POR AVERIGUACION CAUSAL DE MUERTE\u00a0<\/u><\/strong><\/p>\n<p>&nbsp;<\/p>\n<p>Con fecha 16 del cte., siendo alrededor de las 18:50 horas, se toma conocimiento v\u00eda telef\u00f3nica, que un familiar no lograba comunicarse por ning\u00fan medio con parte de sus familiares que residen en nuestro medio, m\u00e1s precisamente en calle Mendoza al 200. Se comisiona inmediatamente m\u00f3vil policial al domicilio referido, constat\u00e1ndose olor nauseabundo proveniente del interior de la vivienda, por lo que se procede al ingreso, observ\u00e1ndose la presencia de una garrafa con mechero y notando el aire en condensaci\u00f3n (viciado, sin aberturas y con encierro).<\/p>\n<p>En circunstancias que se tratan de establecer se hallan sin vida la totalidad de los residentes, identificadas como Juan Pablo ADAMIS (30) su concubina Macarena HAMMERSCHMIDT (23), ambos hijos de la pareja antes mencionada (5 y 2 a\u00f1os) como as\u00ed tambi\u00e9n el hermano del propietario identificado como Sebasti\u00e1n Emanuel ADAMI (22). Las victimas referidas no presentaban signos de violencia.<\/p>\n<p>Presente en el lugar Ayudante Fiscal Dr. Adrian R. Montero a cargo de la Ayudantia Fiscal Descentralizada de Saavedra Departamento Judicial Bah\u00eda Blanca, Bomberos este medio y Polic\u00eda Cient\u00edfica Subdelegaci\u00f3n Coronel Suarez fines periciales; disponi\u00e9ndose por parte Fiscalia interviniente la realizaci\u00f3n de operaci\u00f3n autopsial.<\/p>\n<p><strong>Fdo.: Lic. Marcos D. Ayuza Comisario &#8211; Jefe Cr\u00eda. Saavedra 1era. Pig\u00fc\u00e9.-<\/strong><\/p>\n<p><strong>COMISARIA SAAVEDRA SECCIONAL 1\u00ba PIGUE, 17 DE AGOSTO DE 2021.-<\/strong><\/p>\n<p>&nbsp;<\/p>\n","protected":false},"excerpt":{"rendered":"<p>Cinco personas fallecieron tras una intoxicaci\u00f3n con mon\u00f3xido de carbono ocurrida en una vivienda de la localidad de Pig\u00fc\u00e9. Seg\u00fan informa el portal Ciudad Noticias, el hecho se conoci\u00f3 pasadas las 19.30 de ayer lunes, y la propiedad est\u00e1 ubicada en calle Mendoza 280.<\/p>\n","protected":false},"author":3,"featured_media":0,"comment_status":"closed","ping_status":"closed","sticky":false,"template":"","format":"standard","meta":{"footnotes":""},"categories":[29],"tags":[48],"class_list":["post-61512","post","type-post","status-publish","format-standard","hentry","category-policiales","tag-destacada"],"yoast_head":"<!-- This site is optimized with the Yoast SEO plugin v25.9 - https:\/\/yoast.com\/wordpress\/plugins\/seo\/ -->\n<title>5 personas perdieron la vida por inhalar mon\u00f3xido de carbono - Noticias Radio Reflejos<\/title>\n<meta name=\"robots\" content=\"index, follow, max-snippet:-1, max-image-preview:large, max-video-preview:-1\" \/>\n<link rel=\"canonical\" href=\"https:\/\/www.noticiasradioreflejos.com.ar\/2021\/5-personas-perdieron-la-vida-por-inhalar-monoxido-de-carbono\/\" \/>\n<meta property=\"og:locale\" content=\"es_ES\" \/>\n<meta property=\"og:type\" content=\"article\" \/>\n<meta property=\"og:title\" content=\"5 personas perdieron la vida por inhalar mon\u00f3xido de carbono - Noticias Radio Reflejos\" \/>\n<meta property=\"og:description\" content=\"Cinco personas fallecieron tras una intoxicaci\u00f3n con mon\u00f3xido de carbono ocurrida en una vivienda de la localidad de Pig\u00fc\u00e9. Seg\u00fan informa el portal Ciudad Noticias, el hecho se conoci\u00f3 pasadas las 19.30 de ayer lunes, y la propiedad est\u00e1 ubicada en calle Mendoza 280.\" \/>\n<meta property=\"og:url\" content=\"https:\/\/www.noticiasradioreflejos.com.ar\/2021\/5-personas-perdieron-la-vida-por-inhalar-monoxido-de-carbono\/\" \/>\n<meta property=\"og:site_name\" content=\"Noticias Radio Reflejos\" \/>\n<meta property=\"article:published_time\" content=\"2021-08-17T10:24:22+00:00\" \/>\n<meta property=\"article:modified_time\" content=\"2021-08-17T12:40:26+00:00\" \/>\n<meta property=\"og:image\" content=\"https:\/\/www.noticiasradioreflejos.com.ar\/2021\/wp-content\/uploads\/2021\/07\/logosol300x200.png\" \/>\n\t<meta property=\"og:image:width\" content=\"300\" \/>\n\t<meta property=\"og:image:height\" content=\"200\" \/>\n\t<meta property=\"og:image:type\" content=\"image\/png\" \/>\n<meta name=\"author\" content=\"Arnaldo Botto\" \/>\n<meta name=\"twitter:card\" content=\"summary_large_image\" \/>\n<script type=\"application\/ld+json\" class=\"yoast-schema-graph\">{\"@context\":\"https:\/\/schema.org\",\"@graph\":[{\"@type\":\"WebPage\",\"@id\":\"https:\/\/www.noticiasradioreflejos.com.ar\/2021\/5-personas-perdieron-la-vida-por-inhalar-monoxido-de-carbono\/\",\"url\":\"https:\/\/www.noticiasradioreflejos.com.ar\/2021\/5-personas-perdieron-la-vida-por-inhalar-monoxido-de-carbono\/\",\"name\":\"5 personas perdieron la vida por inhalar mon\u00f3xido de carbono - Noticias Radio Reflejos\",\"isPartOf\":{\"@id\":\"https:\/\/www.noticiasradioreflejos.com.ar\/2021\/#website\"},\"datePublished\":\"2021-08-17T10:24:22+00:00\",\"dateModified\":\"2021-08-17T12:40:26+00:00\",\"author\":{\"@id\":\"https:\/\/www.noticiasradioreflejos.com.ar\/2021\/#\/schema\/person\/ad82545263dcc5ec0996818884fd5fb1\"},\"breadcrumb\":{\"@id\":\"https:\/\/www.noticiasradioreflejos.com.ar\/2021\/5-personas-perdieron-la-vida-por-inhalar-monoxido-de-carbono\/#breadcrumb\"},\"inLanguage\":\"es\",\"potentialAction\":[{\"@type\":\"ReadAction\",\"target\":[\"https:\/\/www.noticiasradioreflejos.com.ar\/2021\/5-personas-perdieron-la-vida-por-inhalar-monoxido-de-carbono\/\"]}]},{\"@type\":\"BreadcrumbList\",\"@id\":\"https:\/\/www.noticiasradioreflejos.com.ar\/2021\/5-personas-perdieron-la-vida-por-inhalar-monoxido-de-carbono\/#breadcrumb\",\"itemListElement\":[{\"@type\":\"ListItem\",\"position\":1,\"name\":\"Portada\",\"item\":\"https:\/\/www.noticiasradioreflejos.com.ar\/2021\/\"},{\"@type\":\"ListItem\",\"position\":2,\"name\":\"5 personas perdieron la vida por inhalar mon\u00f3xido de carbono\"}]},{\"@type\":\"WebSite\",\"@id\":\"https:\/\/www.noticiasradioreflejos.com.ar\/2021\/#website\",\"url\":\"https:\/\/www.noticiasradioreflejos.com.ar\/2021\/\",\"name\":\"Noticias Radio Reflejos\",\"description\":\"Las noticias de mi comarca\",\"potentialAction\":[{\"@type\":\"SearchAction\",\"target\":{\"@type\":\"EntryPoint\",\"urlTemplate\":\"https:\/\/www.noticiasradioreflejos.com.ar\/2021\/?s={search_term_string}\"},\"query-input\":{\"@type\":\"PropertyValueSpecification\",\"valueRequired\":true,\"valueName\":\"search_term_string\"}}],\"inLanguage\":\"es\"},{\"@type\":\"Person\",\"@id\":\"https:\/\/www.noticiasradioreflejos.com.ar\/2021\/#\/schema\/person\/ad82545263dcc5ec0996818884fd5fb1\",\"name\":\"Arnaldo Botto\",\"image\":{\"@type\":\"ImageObject\",\"inLanguage\":\"es\",\"@id\":\"https:\/\/www.noticiasradioreflejos.com.ar\/2021\/#\/schema\/person\/image\/\",\"url\":\"https:\/\/secure.gravatar.com\/avatar\/55cb5e37c1efa326397366e6974cb338056df65cb50e7d64d1cf314e87504837?s=96&d=mm&r=g\",\"contentUrl\":\"https:\/\/secure.gravatar.com\/avatar\/55cb5e37c1efa326397366e6974cb338056df65cb50e7d64d1cf314e87504837?s=96&d=mm&r=g\",\"caption\":\"Arnaldo Botto\"},\"url\":\"https:\/\/www.noticiasradioreflejos.com.ar\/2021\/author\/arnaldo\/\"}]}<\/script>\n<!-- \/ Yoast SEO plugin. -->","yoast_head_json":{"title":"5 personas perdieron la vida por inhalar mon\u00f3xido de carbono - Noticias Radio Reflejos","robots":{"index":"index","follow":"follow","max-snippet":"max-snippet:-1","max-image-preview":"max-image-preview:large","max-video-preview":"max-video-preview:-1"},"canonical":"https:\/\/www.noticiasradioreflejos.com.ar\/2021\/5-personas-perdieron-la-vida-por-inhalar-monoxido-de-carbono\/","og_locale":"es_ES","og_type":"article","og_title":"5 personas perdieron la vida por inhalar mon\u00f3xido de carbono - Noticias Radio Reflejos","og_description":"Cinco personas fallecieron tras una intoxicaci\u00f3n con mon\u00f3xido de carbono ocurrida en una vivienda de la localidad de Pig\u00fc\u00e9. Seg\u00fan informa el portal Ciudad Noticias, el hecho se conoci\u00f3 pasadas las 19.30 de ayer lunes, y la propiedad est\u00e1 ubicada en calle Mendoza 280.","og_url":"https:\/\/www.noticiasradioreflejos.com.ar\/2021\/5-personas-perdieron-la-vida-por-inhalar-monoxido-de-carbono\/","og_site_name":"Noticias Radio Reflejos","article_published_time":"2021-08-17T10:24:22+00:00","article_modified_time":"2021-08-17T12:40:26+00:00","og_image":[{"width":300,"height":200,"url":"https:\/\/www.noticiasradioreflejos.com.ar\/2021\/wp-content\/uploads\/2021\/07\/logosol300x200.png","type":"image\/png"}],"author":"Arnaldo Botto","twitter_card":"summary_large_image","schema":{"@context":"https:\/\/schema.org","@graph":[{"@type":"WebPage","@id":"https:\/\/www.noticiasradioreflejos.com.ar\/2021\/5-personas-perdieron-la-vida-por-inhalar-monoxido-de-carbono\/","url":"https:\/\/www.noticiasradioreflejos.com.ar\/2021\/5-personas-perdieron-la-vida-por-inhalar-monoxido-de-carbono\/","name":"5 personas perdieron la vida por inhalar mon\u00f3xido de carbono - Noticias Radio Reflejos","isPartOf":{"@id":"https:\/\/www.noticiasradioreflejos.com.ar\/2021\/#website"},"datePublished":"2021-08-17T10:24:22+00:00","dateModified":"2021-08-17T12:40:26+00:00","author":{"@id":"https:\/\/www.noticiasradioreflejos.com.ar\/2021\/#\/schema\/person\/ad82545263dcc5ec0996818884fd5fb1"},"breadcrumb":{"@id":"https:\/\/www.noticiasradioreflejos.com.ar\/2021\/5-personas-perdieron-la-vida-por-inhalar-monoxido-de-carbono\/#breadcrumb"},"inLanguage":"es","potentialAction":[{"@type":"ReadAction","target":["https:\/\/www.noticiasradioreflejos.com.ar\/2021\/5-personas-perdieron-la-vida-por-inhalar-monoxido-de-carbono\/"]}]},{"@type":"BreadcrumbList","@id":"https:\/\/www.noticiasradioreflejos.com.ar\/2021\/5-personas-perdieron-la-vida-por-inhalar-monoxido-de-carbono\/#breadcrumb","itemListElement":[{"@type":"ListItem","position":1,"name":"Portada","item":"https:\/\/www.noticiasradioreflejos.com.ar\/2021\/"},{"@type":"ListItem","position":2,"name":"5 personas perdieron la vida por inhalar mon\u00f3xido de carbono"}]},{"@type":"WebSite","@id":"https:\/\/www.noticiasradioreflejos.com.ar\/2021\/#website","url":"https:\/\/www.noticiasradioreflejos.com.ar\/2021\/","name":"Noticias Radio Reflejos","description":"Las noticias de mi comarca","potentialAction":[{"@type":"SearchAction","target":{"@type":"EntryPoint","urlTemplate":"https:\/\/www.noticiasradioreflejos.com.ar\/2021\/?s={search_term_string}"},"query-input":{"@type":"PropertyValueSpecification","valueRequired":true,"valueName":"search_term_string"}}],"inLanguage":"es"},{"@type":"Person","@id":"https:\/\/www.noticiasradioreflejos.com.ar\/2021\/#\/schema\/person\/ad82545263dcc5ec0996818884fd5fb1","name":"Arnaldo Botto","image":{"@type":"ImageObject","inLanguage":"es","@id":"https:\/\/www.noticiasradioreflejos.com.ar\/2021\/#\/schema\/person\/image\/","url":"https:\/\/secure.gravatar.com\/avatar\/55cb5e37c1efa326397366e6974cb338056df65cb50e7d64d1cf314e87504837?s=96&d=mm&r=g","contentUrl":"https:\/\/secure.gravatar.com\/avatar\/55cb5e37c1efa326397366e6974cb338056df65cb50e7d64d1cf314e87504837?s=96&d=mm&r=g","caption":"Arnaldo Botto"},"url":"https:\/\/www.noticiasradioreflejos.com.ar\/2021\/author\/arnaldo\/"}]}},"_links":{"self":[{"href":"https:\/\/www.noticiasradioreflejos.com.ar\/2021\/wp-json\/wp\/v2\/posts\/61512","targetHints":{"allow":["GET"]}}],"collection":[{"href":"https:\/\/www.noticiasradioreflejos.com.ar\/2021\/wp-json\/wp\/v2\/posts"}],"about":[{"href":"https:\/\/www.noticiasradioreflejos.com.ar\/2021\/wp-json\/wp\/v2\/types\/post"}],"author":[{"embeddable":true,"href":"https:\/\/www.noticiasradioreflejos.com.ar\/2021\/wp-json\/wp\/v2\/users\/3"}],"replies":[{"embeddable":true,"href":"https:\/\/www.noticiasradioreflejos.com.ar\/2021\/wp-json\/wp\/v2\/comments?post=61512"}],"version-history":[{"count":2,"href":"https:\/\/www.noticiasradioreflejos.com.ar\/2021\/wp-json\/wp\/v2\/posts\/61512\/revisions"}],"predecessor-version":[{"id":61531,"href":"https:\/\/www.noticiasradioreflejos.com.ar\/2021\/wp-json\/wp\/v2\/posts\/61512\/revisions\/61531"}],"wp:attachment":[{"href":"https:\/\/www.noticiasradioreflejos.com.ar\/2021\/wp-json\/wp\/v2\/media?parent=61512"}],"wp:term":[{"taxonomy":"category","embeddable":true,"href":"https:\/\/www.noticiasradioreflejos.com.ar\/2021\/wp-json\/wp\/v2\/categories?post=61512"},{"taxonomy":"post_tag","embeddable":true,"href":"https:\/\/www.noticiasradioreflejos.com.ar\/2021\/wp-json\/wp\/v2\/tags?post=61512"}],"curies":[{"name":"wp","href":"https:\/\/api.w.org\/{rel}","templated":true}]}}