{"id":61485,"date":"2021-08-13T12:12:31","date_gmt":"2021-08-13T12:12:31","guid":{"rendered":"http:\/\/www.noticiasradioreflejos.com.ar\/2021\/?p=61485"},"modified":"2021-08-13T12:12:31","modified_gmt":"2021-08-13T12:12:31","slug":"plan-previaje-como-es-la-segunda-edicion-del-programa-para-impulsar-el-turismo","status":"publish","type":"post","link":"https:\/\/www.noticiasradioreflejos.com.ar\/2021\/plan-previaje-como-es-la-segunda-edicion-del-programa-para-impulsar-el-turismo\/","title":{"rendered":"Plan PreViaje: c\u00f3mo es la segunda edici\u00f3n del programa para impulsar el turismo"},"content":{"rendered":"<p>El Gobierno nacional oficializ\u00f3 este viernes la\u00a0creaci\u00f3n del programa de Incentivos a la Preventa de Servicios Tur\u00edsticos Nacional PreViaje,\u00a0a fin de fomentar el turismo nacional, que ser\u00e1 relanzado ma\u00f1ana por el presidente Alberto Fern\u00e1ndez en la provincia de Misiones.<!--more--><\/p>\n<figure>\n<figure class=\"object-fit-block--contain intrinsic-container intrinsic-container-3x2\"><img decoding=\"async\" class=\" lazyloaded\" src=\"https:\/\/images.pagina12.com.ar\/styles\/focal_3_2_960x640\/public\/2021-08\/185508-1024-1617562114210404664_0.jpg?itok=r2EWnwYa\" alt=\"El Gobierno relanz\u00f3 el programa de beneficios en la preventa de servicios tur\u00edsticos. (Fuente: NA)\" data-src=\"https:\/\/images.pagina12.com.ar\/styles\/focal_3_2_960x640\/public\/2021-08\/185508-1024-1617562114210404664_0.jpg?itok=r2EWnwYa\" \/><\/figure><figcaption>El Gobierno relanz\u00f3 el programa de beneficios en la preventa de servicios tur\u00edsticos.. Imagen: NA<\/figcaption><\/figure>\n<div class=\"section-2-col article-main-content\">\n<div class=\"col 1-col\"><\/div>\n<div class=\"col 2-col\">\n<div class=\"article-main-content article-text \">\n<p>El Previaje se encuentra orientado a \u00ab<b>fomentar y potenciar la demanda del turismo nacional y consiste en el reconocimiento de un cr\u00e9dito por parte del Estado Nacional<\/b>\u00a0a favor de las personas humanas, equivalente al 50 por ciento del monto de cada operaci\u00f3n de compra de servicios tur\u00edsticos que estas realicen\u00bb, indica el anexo de la\u00a0<a href=\"https:\/\/www.boletinoficial.gob.ar\/detalleAviso\/primera\/248089\/20210813\" target=\"_blank\" rel=\"noopener\">Resoluci\u00f3n 305\/2021, publicada hoy en el Bolet\u00edn Oficial.<\/a><\/p>\n<div id=\"talkFireEvent\"><\/div>\n<p>Con la firma del ministro del \u00e1rea, Mat\u00edas Lammens, se aprueba el reglamento del programa y faculta al ministerio a determinar \u00ablas personas humanas y jur\u00eddicas que cumplan con los requisitos establecidos\u00bb, a \u00abaprobar las solicitudes de beneficios\u00bb y a \u00abautorizar los gastos que correspondan\u00bb as\u00ed como \u00abrequerir informaci\u00f3n adicional\u00bb y \u00abrealizar modificaciones respecto de los alcances, l\u00edmites y plazos establecidos en el reglamento\u00bb.<\/p>\n<h2>Qui\u00e9nes pueden acceder al PreViaje<\/h2>\n<p>Los beneficiarios podr\u00e1n ser\u00a0<b>personas mayores de 18 a\u00f1os,<\/b>\u00a0con Clave \u00danica de Identificaci\u00f3n Tributaria (CUIT) y\/o C\u00f3digo \u00danico de Identificaci\u00f3n Laboral (CUIL), y su identificaci\u00f3n se realizar\u00e1 mediante el aplicativo Mi Argentina.<\/p>\n<p>El plan fue creado el a\u00f1o pasado para fomentar la reactivaci\u00f3n de ese sector afectado por las restricciones impuestas por la pandemia de coronavirus.<\/p>\n<p>Esta semana, al participar de un acto en Quilmes, el Presidente anunci\u00f3 que relanzar\u00eda el programa desde Misiones, con el fin de \u00abfomentar\u00bb ese sector de la industria nacional. En el relanzamiento, el jefe de Estado estar\u00e1 acompa\u00f1ado por el ministro Lammens.<\/p>\n<h2>En qu\u00e9 consiste el plan para fomentar el turismo<\/h2>\n<p>La segunda edici\u00f3n del programa tendr\u00e1 las mismas caracter\u00edsticas a las del a\u00f1o pasado, creado en plena pandemia, y consiste en la<b>\u00a0devoluci\u00f3n del 50 por ciento de lo que se compre en servicios tur\u00edsticos: alojamiento en hoteles y pasajes.<\/b><\/p>\n<p>Lammens tambi\u00e9n hab\u00eda adelantado d\u00edas atr\u00e1s el lanzamiento del Plan PreViaje de cara a las previsiones de la temporada de verano, luego del \u00ab\u00e9xito total\u00bb que tuvo ese programa durante el a\u00f1o pasado.<\/p>\n<p>Destac\u00f3 que en la primera edici\u00f3n del PreViaje \u00abm\u00e1s de 600.000 argentinos viajaron por el pa\u00eds\u00bb, y remarc\u00f3 su car\u00e1cter \u00ababsolutamente federal y redistributivo, que impact\u00f3 en las econom\u00edas locales\u00bb.<\/p>\n<\/div>\n<\/div>\n<\/div>\n","protected":false},"excerpt":{"rendered":"<p>El Gobierno nacional oficializ\u00f3 este viernes la\u00a0creaci\u00f3n del programa de Incentivos a la Preventa de Servicios Tur\u00edsticos Nacional PreViaje,\u00a0a fin de fomentar el turismo nacional, que ser\u00e1 relanzado ma\u00f1ana por el presidente Alberto Fern\u00e1ndez en la provincia de Misiones.<\/p>\n","protected":false},"author":3,"featured_media":58423,"comment_status":"closed","ping_status":"closed","sticky":false,"template":"","format":"standard","meta":{"footnotes":""},"categories":[33],"tags":[],"class_list":["post-61485","post","type-post","status-publish","format-standard","has-post-thumbnail","hentry","category-turismo"],"yoast_head":"<!-- This site is optimized with the Yoast SEO plugin v25.9 - https:\/\/yoast.com\/wordpress\/plugins\/seo\/ -->\n<title>Plan PreViaje: c\u00f3mo es la segunda edici\u00f3n del programa para impulsar el turismo - Noticias Radio Reflejos<\/title>\n<meta name=\"robots\" content=\"index, follow, max-snippet:-1, max-image-preview:large, max-video-preview:-1\" \/>\n<link rel=\"canonical\" href=\"https:\/\/www.noticiasradioreflejos.com.ar\/2021\/plan-previaje-como-es-la-segunda-edicion-del-programa-para-impulsar-el-turismo\/\" \/>\n<meta property=\"og:locale\" content=\"es_ES\" \/>\n<meta property=\"og:type\" content=\"article\" \/>\n<meta property=\"og:title\" content=\"Plan PreViaje: c\u00f3mo es la segunda edici\u00f3n del programa para impulsar el turismo - Noticias Radio Reflejos\" \/>\n<meta property=\"og:description\" content=\"El Gobierno nacional oficializ\u00f3 este viernes la\u00a0creaci\u00f3n del programa de Incentivos a la Preventa de Servicios Tur\u00edsticos Nacional PreViaje,\u00a0a fin de fomentar el turismo nacional, que ser\u00e1 relanzado ma\u00f1ana por el presidente Alberto Fern\u00e1ndez en la provincia de Misiones.\" \/>\n<meta property=\"og:url\" content=\"https:\/\/www.noticiasradioreflejos.com.ar\/2021\/plan-previaje-como-es-la-segunda-edicion-del-programa-para-impulsar-el-turismo\/\" \/>\n<meta property=\"og:site_name\" content=\"Noticias Radio Reflejos\" \/>\n<meta property=\"article:published_time\" content=\"2021-08-13T12:12:31+00:00\" \/>\n<meta property=\"og:image\" content=\"https:\/\/www.noticiasradioreflejos.com.ar\/2021\/wp-content\/uploads\/2021\/06\/previaje.jpg\" \/>\n\t<meta property=\"og:image:width\" content=\"1920\" \/>\n\t<meta property=\"og:image:height\" content=\"674\" \/>\n\t<meta property=\"og:image:type\" content=\"image\/jpeg\" \/>\n<meta name=\"author\" content=\"Arnaldo Botto\" \/>\n<meta name=\"twitter:card\" content=\"summary_large_image\" \/>\n<script type=\"application\/ld+json\" class=\"yoast-schema-graph\">{\"@context\":\"https:\/\/schema.org\",\"@graph\":[{\"@type\":\"WebPage\",\"@id\":\"https:\/\/www.noticiasradioreflejos.com.ar\/2021\/plan-previaje-como-es-la-segunda-edicion-del-programa-para-impulsar-el-turismo\/\",\"url\":\"https:\/\/www.noticiasradioreflejos.com.ar\/2021\/plan-previaje-como-es-la-segunda-edicion-del-programa-para-impulsar-el-turismo\/\",\"name\":\"Plan PreViaje: c\u00f3mo es la segunda edici\u00f3n del programa para impulsar el turismo - Noticias Radio Reflejos\",\"isPartOf\":{\"@id\":\"https:\/\/www.noticiasradioreflejos.com.ar\/2021\/#website\"},\"primaryImageOfPage\":{\"@id\":\"https:\/\/www.noticiasradioreflejos.com.ar\/2021\/plan-previaje-como-es-la-segunda-edicion-del-programa-para-impulsar-el-turismo\/#primaryimage\"},\"image\":{\"@id\":\"https:\/\/www.noticiasradioreflejos.com.ar\/2021\/plan-previaje-como-es-la-segunda-edicion-del-programa-para-impulsar-el-turismo\/#primaryimage\"},\"thumbnailUrl\":\"https:\/\/www.noticiasradioreflejos.com.ar\/2021\/wp-content\/uploads\/2021\/06\/previaje.jpg\",\"datePublished\":\"2021-08-13T12:12:31+00:00\",\"author\":{\"@id\":\"https:\/\/www.noticiasradioreflejos.com.ar\/2021\/#\/schema\/person\/ad82545263dcc5ec0996818884fd5fb1\"},\"breadcrumb\":{\"@id\":\"https:\/\/www.noticiasradioreflejos.com.ar\/2021\/plan-previaje-como-es-la-segunda-edicion-del-programa-para-impulsar-el-turismo\/#breadcrumb\"},\"inLanguage\":\"es\",\"potentialAction\":[{\"@type\":\"ReadAction\",\"target\":[\"https:\/\/www.noticiasradioreflejos.com.ar\/2021\/plan-previaje-como-es-la-segunda-edicion-del-programa-para-impulsar-el-turismo\/\"]}]},{\"@type\":\"ImageObject\",\"inLanguage\":\"es\",\"@id\":\"https:\/\/www.noticiasradioreflejos.com.ar\/2021\/plan-previaje-como-es-la-segunda-edicion-del-programa-para-impulsar-el-turismo\/#primaryimage\",\"url\":\"https:\/\/www.noticiasradioreflejos.com.ar\/2021\/wp-content\/uploads\/2021\/06\/previaje.jpg\",\"contentUrl\":\"https:\/\/www.noticiasradioreflejos.com.ar\/2021\/wp-content\/uploads\/2021\/06\/previaje.jpg\",\"width\":1920,\"height\":674},{\"@type\":\"BreadcrumbList\",\"@id\":\"https:\/\/www.noticiasradioreflejos.com.ar\/2021\/plan-previaje-como-es-la-segunda-edicion-del-programa-para-impulsar-el-turismo\/#breadcrumb\",\"itemListElement\":[{\"@type\":\"ListItem\",\"position\":1,\"name\":\"Portada\",\"item\":\"https:\/\/www.noticiasradioreflejos.com.ar\/2021\/\"},{\"@type\":\"ListItem\",\"position\":2,\"name\":\"Plan PreViaje: c\u00f3mo es la segunda edici\u00f3n del programa para impulsar el turismo\"}]},{\"@type\":\"WebSite\",\"@id\":\"https:\/\/www.noticiasradioreflejos.com.ar\/2021\/#website\",\"url\":\"https:\/\/www.noticiasradioreflejos.com.ar\/2021\/\",\"name\":\"Noticias Radio Reflejos\",\"description\":\"Las noticias de mi comarca\",\"potentialAction\":[{\"@type\":\"SearchAction\",\"target\":{\"@type\":\"EntryPoint\",\"urlTemplate\":\"https:\/\/www.noticiasradioreflejos.com.ar\/2021\/?s={search_term_string}\"},\"query-input\":{\"@type\":\"PropertyValueSpecification\",\"valueRequired\":true,\"valueName\":\"search_term_string\"}}],\"inLanguage\":\"es\"},{\"@type\":\"Person\",\"@id\":\"https:\/\/www.noticiasradioreflejos.com.ar\/2021\/#\/schema\/person\/ad82545263dcc5ec0996818884fd5fb1\",\"name\":\"Arnaldo Botto\",\"image\":{\"@type\":\"ImageObject\",\"inLanguage\":\"es\",\"@id\":\"https:\/\/www.noticiasradioreflejos.com.ar\/2021\/#\/schema\/person\/image\/\",\"url\":\"https:\/\/secure.gravatar.com\/avatar\/55cb5e37c1efa326397366e6974cb338056df65cb50e7d64d1cf314e87504837?s=96&d=mm&r=g\",\"contentUrl\":\"https:\/\/secure.gravatar.com\/avatar\/55cb5e37c1efa326397366e6974cb338056df65cb50e7d64d1cf314e87504837?s=96&d=mm&r=g\",\"caption\":\"Arnaldo Botto\"},\"url\":\"https:\/\/www.noticiasradioreflejos.com.ar\/2021\/author\/arnaldo\/\"}]}<\/script>\n<!-- \/ Yoast SEO plugin. -->","yoast_head_json":{"title":"Plan PreViaje: c\u00f3mo es la segunda edici\u00f3n del programa para impulsar el turismo - Noticias Radio Reflejos","robots":{"index":"index","follow":"follow","max-snippet":"max-snippet:-1","max-image-preview":"max-image-preview:large","max-video-preview":"max-video-preview:-1"},"canonical":"https:\/\/www.noticiasradioreflejos.com.ar\/2021\/plan-previaje-como-es-la-segunda-edicion-del-programa-para-impulsar-el-turismo\/","og_locale":"es_ES","og_type":"article","og_title":"Plan PreViaje: c\u00f3mo es la segunda edici\u00f3n del programa para impulsar el turismo - Noticias Radio Reflejos","og_description":"El Gobierno nacional oficializ\u00f3 este viernes la\u00a0creaci\u00f3n del programa de Incentivos a la Preventa de Servicios Tur\u00edsticos Nacional PreViaje,\u00a0a fin de fomentar el turismo nacional, que ser\u00e1 relanzado ma\u00f1ana por el presidente Alberto Fern\u00e1ndez en la provincia de Misiones.","og_url":"https:\/\/www.noticiasradioreflejos.com.ar\/2021\/plan-previaje-como-es-la-segunda-edicion-del-programa-para-impulsar-el-turismo\/","og_site_name":"Noticias Radio Reflejos","article_published_time":"2021-08-13T12:12:31+00:00","og_image":[{"width":1920,"height":674,"url":"https:\/\/www.noticiasradioreflejos.com.ar\/2021\/wp-content\/uploads\/2021\/06\/previaje.jpg","type":"image\/jpeg"}],"author":"Arnaldo Botto","twitter_card":"summary_large_image","schema":{"@context":"https:\/\/schema.org","@graph":[{"@type":"WebPage","@id":"https:\/\/www.noticiasradioreflejos.com.ar\/2021\/plan-previaje-como-es-la-segunda-edicion-del-programa-para-impulsar-el-turismo\/","url":"https:\/\/www.noticiasradioreflejos.com.ar\/2021\/plan-previaje-como-es-la-segunda-edicion-del-programa-para-impulsar-el-turismo\/","name":"Plan PreViaje: c\u00f3mo es la segunda edici\u00f3n del programa para impulsar el turismo - Noticias Radio Reflejos","isPartOf":{"@id":"https:\/\/www.noticiasradioreflejos.com.ar\/2021\/#website"},"primaryImageOfPage":{"@id":"https:\/\/www.noticiasradioreflejos.com.ar\/2021\/plan-previaje-como-es-la-segunda-edicion-del-programa-para-impulsar-el-turismo\/#primaryimage"},"image":{"@id":"https:\/\/www.noticiasradioreflejos.com.ar\/2021\/plan-previaje-como-es-la-segunda-edicion-del-programa-para-impulsar-el-turismo\/#primaryimage"},"thumbnailUrl":"https:\/\/www.noticiasradioreflejos.com.ar\/2021\/wp-content\/uploads\/2021\/06\/previaje.jpg","datePublished":"2021-08-13T12:12:31+00:00","author":{"@id":"https:\/\/www.noticiasradioreflejos.com.ar\/2021\/#\/schema\/person\/ad82545263dcc5ec0996818884fd5fb1"},"breadcrumb":{"@id":"https:\/\/www.noticiasradioreflejos.com.ar\/2021\/plan-previaje-como-es-la-segunda-edicion-del-programa-para-impulsar-el-turismo\/#breadcrumb"},"inLanguage":"es","potentialAction":[{"@type":"ReadAction","target":["https:\/\/www.noticiasradioreflejos.com.ar\/2021\/plan-previaje-como-es-la-segunda-edicion-del-programa-para-impulsar-el-turismo\/"]}]},{"@type":"ImageObject","inLanguage":"es","@id":"https:\/\/www.noticiasradioreflejos.com.ar\/2021\/plan-previaje-como-es-la-segunda-edicion-del-programa-para-impulsar-el-turismo\/#primaryimage","url":"https:\/\/www.noticiasradioreflejos.com.ar\/2021\/wp-content\/uploads\/2021\/06\/previaje.jpg","contentUrl":"https:\/\/www.noticiasradioreflejos.com.ar\/2021\/wp-content\/uploads\/2021\/06\/previaje.jpg","width":1920,"height":674},{"@type":"BreadcrumbList","@id":"https:\/\/www.noticiasradioreflejos.com.ar\/2021\/plan-previaje-como-es-la-segunda-edicion-del-programa-para-impulsar-el-turismo\/#breadcrumb","itemListElement":[{"@type":"ListItem","position":1,"name":"Portada","item":"https:\/\/www.noticiasradioreflejos.com.ar\/2021\/"},{"@type":"ListItem","position":2,"name":"Plan PreViaje: c\u00f3mo es la segunda edici\u00f3n del programa para impulsar el turismo"}]},{"@type":"WebSite","@id":"https:\/\/www.noticiasradioreflejos.com.ar\/2021\/#website","url":"https:\/\/www.noticiasradioreflejos.com.ar\/2021\/","name":"Noticias Radio Reflejos","description":"Las noticias de mi comarca","potentialAction":[{"@type":"SearchAction","target":{"@type":"EntryPoint","urlTemplate":"https:\/\/www.noticiasradioreflejos.com.ar\/2021\/?s={search_term_string}"},"query-input":{"@type":"PropertyValueSpecification","valueRequired":true,"valueName":"search_term_string"}}],"inLanguage":"es"},{"@type":"Person","@id":"https:\/\/www.noticiasradioreflejos.com.ar\/2021\/#\/schema\/person\/ad82545263dcc5ec0996818884fd5fb1","name":"Arnaldo Botto","image":{"@type":"ImageObject","inLanguage":"es","@id":"https:\/\/www.noticiasradioreflejos.com.ar\/2021\/#\/schema\/person\/image\/","url":"https:\/\/secure.gravatar.com\/avatar\/55cb5e37c1efa326397366e6974cb338056df65cb50e7d64d1cf314e87504837?s=96&d=mm&r=g","contentUrl":"https:\/\/secure.gravatar.com\/avatar\/55cb5e37c1efa326397366e6974cb338056df65cb50e7d64d1cf314e87504837?s=96&d=mm&r=g","caption":"Arnaldo Botto"},"url":"https:\/\/www.noticiasradioreflejos.com.ar\/2021\/author\/arnaldo\/"}]}},"_links":{"self":[{"href":"https:\/\/www.noticiasradioreflejos.com.ar\/2021\/wp-json\/wp\/v2\/posts\/61485","targetHints":{"allow":["GET"]}}],"collection":[{"href":"https:\/\/www.noticiasradioreflejos.com.ar\/2021\/wp-json\/wp\/v2\/posts"}],"about":[{"href":"https:\/\/www.noticiasradioreflejos.com.ar\/2021\/wp-json\/wp\/v2\/types\/post"}],"author":[{"embeddable":true,"href":"https:\/\/www.noticiasradioreflejos.com.ar\/2021\/wp-json\/wp\/v2\/users\/3"}],"replies":[{"embeddable":true,"href":"https:\/\/www.noticiasradioreflejos.com.ar\/2021\/wp-json\/wp\/v2\/comments?post=61485"}],"version-history":[{"count":1,"href":"https:\/\/www.noticiasradioreflejos.com.ar\/2021\/wp-json\/wp\/v2\/posts\/61485\/revisions"}],"predecessor-version":[{"id":61486,"href":"https:\/\/www.noticiasradioreflejos.com.ar\/2021\/wp-json\/wp\/v2\/posts\/61485\/revisions\/61486"}],"wp:featuredmedia":[{"embeddable":true,"href":"https:\/\/www.noticiasradioreflejos.com.ar\/2021\/wp-json\/wp\/v2\/media\/58423"}],"wp:attachment":[{"href":"https:\/\/www.noticiasradioreflejos.com.ar\/2021\/wp-json\/wp\/v2\/media?parent=61485"}],"wp:term":[{"taxonomy":"category","embeddable":true,"href":"https:\/\/www.noticiasradioreflejos.com.ar\/2021\/wp-json\/wp\/v2\/categories?post=61485"},{"taxonomy":"post_tag","embeddable":true,"href":"https:\/\/www.noticiasradioreflejos.com.ar\/2021\/wp-json\/wp\/v2\/tags?post=61485"}],"curies":[{"name":"wp","href":"https:\/\/api.w.org\/{rel}","templated":true}]}}