{"id":61483,"date":"2021-08-13T11:22:11","date_gmt":"2021-08-13T11:22:11","guid":{"rendered":"http:\/\/www.noticiasradioreflejos.com.ar\/2021\/?p=61483"},"modified":"2021-08-13T11:22:23","modified_gmt":"2021-08-13T11:22:23","slug":"donde-voto-en-las-elecciones-2021-consulta-el-lugar-y-mesa-de-votacion-para-las-paso","status":"publish","type":"post","link":"https:\/\/www.noticiasradioreflejos.com.ar\/2021\/donde-voto-en-las-elecciones-2021-consulta-el-lugar-y-mesa-de-votacion-para-las-paso\/","title":{"rendered":"D\u00f3nde voto en las elecciones 2021: consult\u00e1 el lugar y mesa de votaci\u00f3n para las PASO"},"content":{"rendered":"<p>La C\u00e1mara Nacional Electoral habilit\u00f3 el sitio web en el que los electores pueden averiguar d\u00f3nde deber\u00e1n emitir su voto el pr\u00f3ximo 12 de septiembre.\u00a0El padr\u00f3n puede ser consultado en www.electoral.gob.ar y en www.padron.gob.ar.\u00a0\u00a0<!--more--><\/p>\n<div class=\"col 2-col\">\n<div class=\"multimedia-container marginBottom\">\n<div class=\"video-embed-field-responsive-video\"><iframe loading=\"lazy\" id=\"scaled-frame\" src=\"https:\/\/www.padron.gob.ar\/\" name=\"07b1dad62df0daaf8d9f1192ebbc052e\" width=\"640\" height=\"800\" scrolling=\"yes\" data-mce-fragment=\"1\"><\/iframe><\/div>\n<\/div>\n<\/div>\n<div class=\"section-2-col article-main-content\">\n<div class=\"col 1-col\"><\/div>\n<div class=\"col 2-col\">\n<div class=\"article-main-content article-text \">\n<p>A un mes de las PASO,\u00a0<b>la C\u00e1mara Nacional Electoral habilit\u00f3 este viernes en su sitio web la consulta el padr\u00f3n definitivo para las elecciones legislativas<\/b>. El organismo electoral resalt\u00f3 que \u00abes de suma importancia\u00bb que la ciudadan\u00eda habilitada para votar \u00abhaga las consultas pertinentes\u00bb. Seg\u00fan la CNE, el \u00abincremento significativo\u00bb de los lugares de votaci\u00f3n para respetar los cuidados por la pandemia de Covid-19 requiere que revisar la actualizaci\u00f3n en el padr\u00f3n ante posibles cambios.<\/p>\n<p>La CNE, ente encabezado por Santiago Corcuera, solicit\u00f3 a los votantes que hagan \u00ablas consultas pertinentes para constatar los posibles cambios que se hayan podido realizar\u00bb. Los ciudadanos podr\u00e1n consultar el lugar en el que podr\u00e1n emitir su voto a trav\u00e9s de\u00a0<a href=\"https:\/\/www.electoral.gob.ar\/nuevo\/index.php\" target=\"_blank\" rel=\"noopener\">www.electoral.gob.ar<\/a>\u00a0y en\u00a0<a href=\"https:\/\/www.padron.gob.ar\/\" target=\"_blank\" rel=\"noopener\">www.padron.gob.ar<\/a>.<\/p>\n<div id=\"talkFireEvent\"><\/div>\n<h2>C\u00f3mo ser\u00e1 el protocolo para las PASO<\/h2>\n<p>El ministro del Interior de la Naci\u00f3n, Eduardo \u00abWado\u00bb de Pedro, y Corcuera se reunieron en la Casa Rosada para terminar de ajustar la organizaci\u00f3n de las Primarias Abiertas Simult\u00e1neas y Obligatorias. El 3 de agosto pasado, el Tribunal hab\u00eda aprobado el\u00a0<a href=\"https:\/\/www.pagina12.com.ar\/359170-la-justicia-aprobo-el-protocolo-sanitario-para-las-paso-y-la\">\u201cProtocolo sanitario de prevenci\u00f3n COVID-19 \u2013 Elecciones nacionales 2021\u201d<\/a>, que establece distintas medidas sanitarias y organizativas para llevar a cabo las pr\u00f3ximas elecciones nacionales en el contexto de pandemia.<\/p>\n<p>El mismo establece distintas medidas sanitarias y organizativas para llevar a cabo las pr\u00f3ximas elecciones nacionales en el contexto de pandemia, entre las que se destacan las destinadas a evitar aglomeraci\u00f3n de personas y, con el fin de reducir el aforo, se procura no habilitar m\u00e1s de ocho mesas de votaci\u00f3n por establecimiento.<\/p>\n<p>Tambi\u00e9n se dispuso la implementaci\u00f3n de una franja horaria prioritaria para personas que integren grupo de riesgo. Por otra parte, se prev\u00e9 la utilizaci\u00f3n de elementos de protecci\u00f3n personal e higiene y la capacitaci\u00f3n de autoridades de mesa preponderantemente por medios no presenciales.<\/p>\n<p>Adem\u00e1s, se incorpora la figura del rol del\u00a0<b>\u201cfacilitador sanitario\u201d que tendr\u00e1, entre sus funciones, hacer cumplir el protocolo y las medidas de prevenci\u00f3n<\/b>. Asimismo, en cada distrito, la justicia federal con competencia electoral determinar\u00e1 el procedimiento de emisi\u00f3n del voto para aquellos electores que exhiban s\u00edntomas evidentes compatibles con Covid-19 y que exijan ejercer su derecho al sufragio, preservando la salud de las dem\u00e1s personas.<\/p>\n<p>A fines de julio, la cartera comandada por De Pedro dio luz verde al arbitraje de los medios para que se lleve a cabo la inmunizaci\u00f3n contra el COVID-19 en las autoridades de mesa de las Primarias, Abiertas, Simult\u00e1neas y Obligatorias (PASO) y las Elecciones Generales.<\/p>\n<\/div>\n<\/div>\n<\/div>\n","protected":false},"excerpt":{"rendered":"<p>La C\u00e1mara Nacional Electoral habilit\u00f3 el sitio web en el que los electores pueden averiguar d\u00f3nde deber\u00e1n emitir su voto el pr\u00f3ximo 12 de septiembre.\u00a0El padr\u00f3n puede ser consultado en www.electoral.gob.ar y en www.padron.gob.ar.\u00a0\u00a0<\/p>\n","protected":false},"author":3,"featured_media":0,"comment_status":"closed","ping_status":"closed","sticky":false,"template":"","format":"standard","meta":{"footnotes":""},"categories":[1],"tags":[],"class_list":["post-61483","post","type-post","status-publish","format-standard","hentry","category-sin-categoria"],"yoast_head":"<!-- This site is optimized with the Yoast SEO plugin v25.9 - https:\/\/yoast.com\/wordpress\/plugins\/seo\/ -->\n<title>D\u00f3nde voto en las elecciones 2021: consult\u00e1 el lugar y mesa de votaci\u00f3n para las PASO - Noticias Radio Reflejos<\/title>\n<meta name=\"robots\" content=\"index, follow, max-snippet:-1, max-image-preview:large, max-video-preview:-1\" \/>\n<link rel=\"canonical\" href=\"https:\/\/www.noticiasradioreflejos.com.ar\/2021\/donde-voto-en-las-elecciones-2021-consulta-el-lugar-y-mesa-de-votacion-para-las-paso\/\" \/>\n<meta property=\"og:locale\" content=\"es_ES\" \/>\n<meta property=\"og:type\" content=\"article\" \/>\n<meta property=\"og:title\" content=\"D\u00f3nde voto en las elecciones 2021: consult\u00e1 el lugar y mesa de votaci\u00f3n para las PASO - Noticias Radio Reflejos\" \/>\n<meta property=\"og:description\" content=\"La C\u00e1mara Nacional Electoral habilit\u00f3 el sitio web en el que los electores pueden averiguar d\u00f3nde deber\u00e1n emitir su voto el pr\u00f3ximo 12 de septiembre.\u00a0El padr\u00f3n puede ser consultado en www.electoral.gob.ar y en www.padron.gob.ar.\u00a0\u00a0\" \/>\n<meta property=\"og:url\" content=\"https:\/\/www.noticiasradioreflejos.com.ar\/2021\/donde-voto-en-las-elecciones-2021-consulta-el-lugar-y-mesa-de-votacion-para-las-paso\/\" \/>\n<meta property=\"og:site_name\" content=\"Noticias Radio Reflejos\" \/>\n<meta property=\"article:published_time\" content=\"2021-08-13T11:22:11+00:00\" \/>\n<meta property=\"article:modified_time\" content=\"2021-08-13T11:22:23+00:00\" \/>\n<meta property=\"og:image\" content=\"https:\/\/www.noticiasradioreflejos.com.ar\/2021\/wp-content\/uploads\/2021\/07\/logosol300x200.png\" \/>\n\t<meta property=\"og:image:width\" content=\"300\" \/>\n\t<meta property=\"og:image:height\" content=\"200\" \/>\n\t<meta property=\"og:image:type\" content=\"image\/png\" \/>\n<meta name=\"author\" content=\"Arnaldo Botto\" \/>\n<meta name=\"twitter:card\" content=\"summary_large_image\" \/>\n<script type=\"application\/ld+json\" class=\"yoast-schema-graph\">{\"@context\":\"https:\/\/schema.org\",\"@graph\":[{\"@type\":\"WebPage\",\"@id\":\"https:\/\/www.noticiasradioreflejos.com.ar\/2021\/donde-voto-en-las-elecciones-2021-consulta-el-lugar-y-mesa-de-votacion-para-las-paso\/\",\"url\":\"https:\/\/www.noticiasradioreflejos.com.ar\/2021\/donde-voto-en-las-elecciones-2021-consulta-el-lugar-y-mesa-de-votacion-para-las-paso\/\",\"name\":\"D\u00f3nde voto en las elecciones 2021: consult\u00e1 el lugar y mesa de votaci\u00f3n para las PASO - Noticias Radio Reflejos\",\"isPartOf\":{\"@id\":\"https:\/\/www.noticiasradioreflejos.com.ar\/2021\/#website\"},\"datePublished\":\"2021-08-13T11:22:11+00:00\",\"dateModified\":\"2021-08-13T11:22:23+00:00\",\"author\":{\"@id\":\"https:\/\/www.noticiasradioreflejos.com.ar\/2021\/#\/schema\/person\/ad82545263dcc5ec0996818884fd5fb1\"},\"breadcrumb\":{\"@id\":\"https:\/\/www.noticiasradioreflejos.com.ar\/2021\/donde-voto-en-las-elecciones-2021-consulta-el-lugar-y-mesa-de-votacion-para-las-paso\/#breadcrumb\"},\"inLanguage\":\"es\",\"potentialAction\":[{\"@type\":\"ReadAction\",\"target\":[\"https:\/\/www.noticiasradioreflejos.com.ar\/2021\/donde-voto-en-las-elecciones-2021-consulta-el-lugar-y-mesa-de-votacion-para-las-paso\/\"]}]},{\"@type\":\"BreadcrumbList\",\"@id\":\"https:\/\/www.noticiasradioreflejos.com.ar\/2021\/donde-voto-en-las-elecciones-2021-consulta-el-lugar-y-mesa-de-votacion-para-las-paso\/#breadcrumb\",\"itemListElement\":[{\"@type\":\"ListItem\",\"position\":1,\"name\":\"Portada\",\"item\":\"https:\/\/www.noticiasradioreflejos.com.ar\/2021\/\"},{\"@type\":\"ListItem\",\"position\":2,\"name\":\"D\u00f3nde voto en las elecciones 2021: consult\u00e1 el lugar y mesa de votaci\u00f3n para las PASO\"}]},{\"@type\":\"WebSite\",\"@id\":\"https:\/\/www.noticiasradioreflejos.com.ar\/2021\/#website\",\"url\":\"https:\/\/www.noticiasradioreflejos.com.ar\/2021\/\",\"name\":\"Noticias Radio Reflejos\",\"description\":\"Las noticias de mi comarca\",\"potentialAction\":[{\"@type\":\"SearchAction\",\"target\":{\"@type\":\"EntryPoint\",\"urlTemplate\":\"https:\/\/www.noticiasradioreflejos.com.ar\/2021\/?s={search_term_string}\"},\"query-input\":{\"@type\":\"PropertyValueSpecification\",\"valueRequired\":true,\"valueName\":\"search_term_string\"}}],\"inLanguage\":\"es\"},{\"@type\":\"Person\",\"@id\":\"https:\/\/www.noticiasradioreflejos.com.ar\/2021\/#\/schema\/person\/ad82545263dcc5ec0996818884fd5fb1\",\"name\":\"Arnaldo Botto\",\"image\":{\"@type\":\"ImageObject\",\"inLanguage\":\"es\",\"@id\":\"https:\/\/www.noticiasradioreflejos.com.ar\/2021\/#\/schema\/person\/image\/\",\"url\":\"https:\/\/secure.gravatar.com\/avatar\/55cb5e37c1efa326397366e6974cb338056df65cb50e7d64d1cf314e87504837?s=96&d=mm&r=g\",\"contentUrl\":\"https:\/\/secure.gravatar.com\/avatar\/55cb5e37c1efa326397366e6974cb338056df65cb50e7d64d1cf314e87504837?s=96&d=mm&r=g\",\"caption\":\"Arnaldo Botto\"},\"url\":\"https:\/\/www.noticiasradioreflejos.com.ar\/2021\/author\/arnaldo\/\"}]}<\/script>\n<!-- \/ Yoast SEO plugin. -->","yoast_head_json":{"title":"D\u00f3nde voto en las elecciones 2021: consult\u00e1 el lugar y mesa de votaci\u00f3n para las PASO - Noticias Radio Reflejos","robots":{"index":"index","follow":"follow","max-snippet":"max-snippet:-1","max-image-preview":"max-image-preview:large","max-video-preview":"max-video-preview:-1"},"canonical":"https:\/\/www.noticiasradioreflejos.com.ar\/2021\/donde-voto-en-las-elecciones-2021-consulta-el-lugar-y-mesa-de-votacion-para-las-paso\/","og_locale":"es_ES","og_type":"article","og_title":"D\u00f3nde voto en las elecciones 2021: consult\u00e1 el lugar y mesa de votaci\u00f3n para las PASO - Noticias Radio Reflejos","og_description":"La C\u00e1mara Nacional Electoral habilit\u00f3 el sitio web en el que los electores pueden averiguar d\u00f3nde deber\u00e1n emitir su voto el pr\u00f3ximo 12 de septiembre.\u00a0El padr\u00f3n puede ser consultado en www.electoral.gob.ar y en www.padron.gob.ar.\u00a0\u00a0","og_url":"https:\/\/www.noticiasradioreflejos.com.ar\/2021\/donde-voto-en-las-elecciones-2021-consulta-el-lugar-y-mesa-de-votacion-para-las-paso\/","og_site_name":"Noticias Radio Reflejos","article_published_time":"2021-08-13T11:22:11+00:00","article_modified_time":"2021-08-13T11:22:23+00:00","og_image":[{"width":300,"height":200,"url":"https:\/\/www.noticiasradioreflejos.com.ar\/2021\/wp-content\/uploads\/2021\/07\/logosol300x200.png","type":"image\/png"}],"author":"Arnaldo Botto","twitter_card":"summary_large_image","schema":{"@context":"https:\/\/schema.org","@graph":[{"@type":"WebPage","@id":"https:\/\/www.noticiasradioreflejos.com.ar\/2021\/donde-voto-en-las-elecciones-2021-consulta-el-lugar-y-mesa-de-votacion-para-las-paso\/","url":"https:\/\/www.noticiasradioreflejos.com.ar\/2021\/donde-voto-en-las-elecciones-2021-consulta-el-lugar-y-mesa-de-votacion-para-las-paso\/","name":"D\u00f3nde voto en las elecciones 2021: consult\u00e1 el lugar y mesa de votaci\u00f3n para las PASO - Noticias Radio Reflejos","isPartOf":{"@id":"https:\/\/www.noticiasradioreflejos.com.ar\/2021\/#website"},"datePublished":"2021-08-13T11:22:11+00:00","dateModified":"2021-08-13T11:22:23+00:00","author":{"@id":"https:\/\/www.noticiasradioreflejos.com.ar\/2021\/#\/schema\/person\/ad82545263dcc5ec0996818884fd5fb1"},"breadcrumb":{"@id":"https:\/\/www.noticiasradioreflejos.com.ar\/2021\/donde-voto-en-las-elecciones-2021-consulta-el-lugar-y-mesa-de-votacion-para-las-paso\/#breadcrumb"},"inLanguage":"es","potentialAction":[{"@type":"ReadAction","target":["https:\/\/www.noticiasradioreflejos.com.ar\/2021\/donde-voto-en-las-elecciones-2021-consulta-el-lugar-y-mesa-de-votacion-para-las-paso\/"]}]},{"@type":"BreadcrumbList","@id":"https:\/\/www.noticiasradioreflejos.com.ar\/2021\/donde-voto-en-las-elecciones-2021-consulta-el-lugar-y-mesa-de-votacion-para-las-paso\/#breadcrumb","itemListElement":[{"@type":"ListItem","position":1,"name":"Portada","item":"https:\/\/www.noticiasradioreflejos.com.ar\/2021\/"},{"@type":"ListItem","position":2,"name":"D\u00f3nde voto en las elecciones 2021: consult\u00e1 el lugar y mesa de votaci\u00f3n para las PASO"}]},{"@type":"WebSite","@id":"https:\/\/www.noticiasradioreflejos.com.ar\/2021\/#website","url":"https:\/\/www.noticiasradioreflejos.com.ar\/2021\/","name":"Noticias Radio Reflejos","description":"Las noticias de mi comarca","potentialAction":[{"@type":"SearchAction","target":{"@type":"EntryPoint","urlTemplate":"https:\/\/www.noticiasradioreflejos.com.ar\/2021\/?s={search_term_string}"},"query-input":{"@type":"PropertyValueSpecification","valueRequired":true,"valueName":"search_term_string"}}],"inLanguage":"es"},{"@type":"Person","@id":"https:\/\/www.noticiasradioreflejos.com.ar\/2021\/#\/schema\/person\/ad82545263dcc5ec0996818884fd5fb1","name":"Arnaldo Botto","image":{"@type":"ImageObject","inLanguage":"es","@id":"https:\/\/www.noticiasradioreflejos.com.ar\/2021\/#\/schema\/person\/image\/","url":"https:\/\/secure.gravatar.com\/avatar\/55cb5e37c1efa326397366e6974cb338056df65cb50e7d64d1cf314e87504837?s=96&d=mm&r=g","contentUrl":"https:\/\/secure.gravatar.com\/avatar\/55cb5e37c1efa326397366e6974cb338056df65cb50e7d64d1cf314e87504837?s=96&d=mm&r=g","caption":"Arnaldo Botto"},"url":"https:\/\/www.noticiasradioreflejos.com.ar\/2021\/author\/arnaldo\/"}]}},"_links":{"self":[{"href":"https:\/\/www.noticiasradioreflejos.com.ar\/2021\/wp-json\/wp\/v2\/posts\/61483","targetHints":{"allow":["GET"]}}],"collection":[{"href":"https:\/\/www.noticiasradioreflejos.com.ar\/2021\/wp-json\/wp\/v2\/posts"}],"about":[{"href":"https:\/\/www.noticiasradioreflejos.com.ar\/2021\/wp-json\/wp\/v2\/types\/post"}],"author":[{"embeddable":true,"href":"https:\/\/www.noticiasradioreflejos.com.ar\/2021\/wp-json\/wp\/v2\/users\/3"}],"replies":[{"embeddable":true,"href":"https:\/\/www.noticiasradioreflejos.com.ar\/2021\/wp-json\/wp\/v2\/comments?post=61483"}],"version-history":[{"count":1,"href":"https:\/\/www.noticiasradioreflejos.com.ar\/2021\/wp-json\/wp\/v2\/posts\/61483\/revisions"}],"predecessor-version":[{"id":61484,"href":"https:\/\/www.noticiasradioreflejos.com.ar\/2021\/wp-json\/wp\/v2\/posts\/61483\/revisions\/61484"}],"wp:attachment":[{"href":"https:\/\/www.noticiasradioreflejos.com.ar\/2021\/wp-json\/wp\/v2\/media?parent=61483"}],"wp:term":[{"taxonomy":"category","embeddable":true,"href":"https:\/\/www.noticiasradioreflejos.com.ar\/2021\/wp-json\/wp\/v2\/categories?post=61483"},{"taxonomy":"post_tag","embeddable":true,"href":"https:\/\/www.noticiasradioreflejos.com.ar\/2021\/wp-json\/wp\/v2\/tags?post=61483"}],"curies":[{"name":"wp","href":"https:\/\/api.w.org\/{rel}","templated":true}]}}