{"id":61480,"date":"2021-08-13T11:10:34","date_gmt":"2021-08-13T11:10:34","guid":{"rendered":"http:\/\/www.noticiasradioreflejos.com.ar\/2021\/?p=61480"},"modified":"2021-08-13T11:10:34","modified_gmt":"2021-08-13T11:10:34","slug":"inscripcion-de-porteros-y-peones-de-cocina-listados-2021-2022","status":"publish","type":"post","link":"https:\/\/www.noticiasradioreflejos.com.ar\/2021\/inscripcion-de-porteros-y-peones-de-cocina-listados-2021-2022\/","title":{"rendered":"Inscripci\u00f3n\u00a0de porteros y peones de cocina listados 2021\/2022"},"content":{"rendered":"<p style=\"font-weight: 400;\">El Consejo Escolar de Tornquist informa a los aspirantes a porteros y\/o peones de cocina que se encuentra abierta la inscripci\u00f3n para el listado 2021\/2022.<!--more--><\/p>\n<p style=\"font-weight: 400;\">El procedimiento de inscripci\u00f3n es por autogesti\u00f3n (cada aspirante deber\u00e1 ingresar a la p\u00e1gina\u00a0<a href=\"http:\/\/www.abc.gob.ar\/\" data-saferedirecturl=\"https:\/\/www.google.com\/url?q=http:\/\/www.abc.gob.ar&amp;source=gmail&amp;ust=1628938969616000&amp;usg=AFQjCNHn8VuULm2KL_JxfzZOG2Nh8Up4qw\">www.abc.gob.ar<\/a>\u00a0con su usuario y contrase\u00f1a y realizar la autogesti\u00f3n en el \u00edcono correspondiente).<\/p>\n<p style=\"font-weight: 400;\">Los aspirantes que se reinscriben deber\u00e1n hacerlo entre el 12\/08\/2021 y el 05\/09\/2021.<\/p>\n<p style=\"font-weight: 400;\">Los aspirantes que se inscriban por primera vez, deber\u00e1n hacerlo a partir 06\/09\/2021 al 01\/10\/2021 ingresando a la p\u00e1gina\u00a0<u><a href=\"http:\/\/www.abc.gob.ar\/\" data-saferedirecturl=\"https:\/\/www.google.com\/url?q=http:\/\/www.abc.gob.ar&amp;source=gmail&amp;ust=1628938969616000&amp;usg=AFQjCNHn8VuULm2KL_JxfzZOG2Nh8Up4qw\">www.abc.gob.ar<\/a><\/u>,\u00a0registr\u00e1ndose\u00a0en la p\u00e1gina con sus datos personales y luego completando el proceso de autogesti\u00f3n de inscripci\u00f3n.<\/p>\n<p style=\"font-weight: 400;\"><u>REQUISITOS:<\/u><\/p>\n<ol>\n<li style=\"font-weight: 400;\">Ser argentino nativo, por opci\u00f3n o naturalizado.<\/li>\n<li style=\"font-weight: 400;\">Tener DIECIOCHO (18) a\u00f1os de edad como m\u00ednimo y CINCUENTA (50) a\u00f1os de edad como m\u00e1ximo.<\/li>\n<\/ol>\n<p style=\"font-weight: 400;\">Los aspirantes que por servicios prestados anteriormente tengan computables a\u00f1os a los efectos de la jubilaci\u00f3n, debidamente certificados, podr\u00e1n ingresar hasta la edad que resulte de sumar a los CINCUENTA (50) a\u00f1os, los de servicios prestados, pero en ning\u00fan caso la edad de los aspirantes puede exceder de los SESENTA (60) a\u00f1os.<\/p>\n<p style=\"font-weight: 400;\"><strong><u>SE DEBERA PRESENTAR<\/u>:<\/strong><\/p>\n<ol>\n<li style=\"font-weight: 400;\">DNI (anverso y reverso)<\/li>\n<li style=\"font-weight: 400;\">Certificado de buena salud vigente expedido por\u00a0 hospital o instituci\u00f3n de salud de car\u00e1cter p\u00fablico.<\/li>\n<li style=\"font-weight: 400;\">Certificado de antecedentes penales\u00a0 vigente (se tramita a trav\u00e9s de la Comisar\u00eda local).<\/li>\n<li style=\"font-weight: 400;\">certificado de estudios primarios, secundarios, terciarios o universitarios aprobados. Si tuviera completo 1\u00b0 o 2\u00b0 a\u00f1o secundario presentar certificaci\u00f3n de a\u00f1o aprobado y constancia de alumno regular en secundario adultos.<\/li>\n<li style=\"font-weight: 400;\"><u>certificado definitivo<\/u>\u00a0de cursos dictados por Centro de Formaci\u00f3n Profesional reconocidos (\u201cCocinero para comedor escolar\u201d, \u201cManipulaci\u00f3n de Alimentos\u201d, \u201cLimpieza institucional\u201d , \u201cEl trabajo del auxiliar en instituciones educativas\u201d, \u201cElaboraci\u00f3n de carnes y embutidos\u201d, \u201cElaboraci\u00f3n y conservaci\u00f3n de frutas y verduras\u201d, \u201cCocinero para restaurante M\u00f3dulo I b\u00e1sico\u201d, \u201cCocinero para restaurante m\u00f3dulo II y III\u201d, \u201cElaboraci\u00f3n de alimentos a base de soja\u201d y \u201cGesti\u00f3n y abordaje integral del servicio alimentario escolar\u201d)).<\/li>\n<li style=\"font-weight: 400;\">Si cuenta con \u00a0servicios prestados en establecimientos educativos de DGCYE como personal de servicio: cuaderno de actuaci\u00f3n.<\/li>\n<li style=\"font-weight: 400;\">Si cuenta con servicios prestados como personal de servicio en establecimientos educativos de gesti\u00f3n privada: constancia original de servicios prestados en establecimientos educativos de gesti\u00f3n privada.<\/li>\n<li style=\"font-weight: 400;\">Si cuenta con servicios prestados en el \u00e1mbito privado en las mismas tareas para las que se inscribe: \u00faltimo recibo de sueldo y constancia de aportes Anses.<\/li>\n<li style=\"font-weight: 400;\">Veteranos de guerra: certificado correspondiente<\/li>\n<li style=\"font-weight: 400;\">Discapacitados: certificado oficial de Discapacidad<\/li>\n<li style=\"font-weight: 400;\">Extranjeros: constancia de residencia de m\u00e1s de 5 a\u00f1os en el pa\u00eds (de la Direcci\u00f3n Nacional de Migraciones) y de matrimonio o v\u00ednculo familiar en primer grado con un argentino.<\/li>\n<li style=\"font-weight: 400;\">Declaraci\u00f3n jurada de salud incluida en el procedimiento de inscripci\u00f3n.<\/li>\n<\/ol>\n<p style=\"font-weight: 400;\">Por consultas dirigirse\u00a0al mail\u00a0<a href=\"mailto:ce105@abc.gob.ar\">ce105@abc.gob.ar<\/a><\/p>\n<p>&nbsp;<\/p>\n<p><strong><em>Consejo Escolar de Tornquist<\/em><\/strong><br \/>\n<strong><em>Sarmiento 98 &#8211; Altos<\/em><\/strong><br \/>\n<strong><em>Tornquist<\/em><\/strong><br \/>\n<strong><em>Tel: 0291 &#8211; 4941140\/4940779<\/em><\/strong><\/p>\n","protected":false},"excerpt":{"rendered":"<p>El procedimiento de inscripci\u00f3n es por autogesti\u00f3n (cada aspirante deber\u00e1 ingresar a la p\u00e1gina\u00a0www.abc.gob.ar\u00a0con su usuario y contrase\u00f1a y realizar la autogesti\u00f3n en el \u00edcono correspondiente).<\/p>\n<p>Los aspirantes que se reinscriben deber\u00e1n hacerlo entre el 12\/08\/2021 y el 05\/09\/2021.<\/p>\n","protected":false},"author":3,"featured_media":0,"comment_status":"closed","ping_status":"closed","sticky":false,"template":"","format":"standard","meta":{"footnotes":""},"categories":[34,26],"tags":[],"class_list":["post-61480","post","type-post","status-publish","format-standard","hentry","category-educacion","category-sociedad"],"yoast_head":"<!-- This site is optimized with the Yoast SEO plugin v25.9 - https:\/\/yoast.com\/wordpress\/plugins\/seo\/ -->\n<title>Inscripci\u00f3n\u00a0de porteros y peones de cocina listados 2021\/2022 - Noticias Radio Reflejos<\/title>\n<meta name=\"robots\" content=\"index, follow, max-snippet:-1, max-image-preview:large, max-video-preview:-1\" \/>\n<link rel=\"canonical\" href=\"https:\/\/www.noticiasradioreflejos.com.ar\/2021\/inscripcion-de-porteros-y-peones-de-cocina-listados-2021-2022\/\" \/>\n<meta property=\"og:locale\" content=\"es_ES\" \/>\n<meta property=\"og:type\" content=\"article\" \/>\n<meta property=\"og:title\" content=\"Inscripci\u00f3n\u00a0de porteros y peones de cocina listados 2021\/2022 - Noticias Radio Reflejos\" \/>\n<meta property=\"og:description\" content=\"El procedimiento de inscripci\u00f3n es por autogesti\u00f3n (cada aspirante deber\u00e1 ingresar a la p\u00e1gina\u00a0www.abc.gob.ar\u00a0con su usuario y contrase\u00f1a y realizar la autogesti\u00f3n en el \u00edcono correspondiente).  Los aspirantes que se reinscriben deber\u00e1n hacerlo entre el 12\/08\/2021 y el 05\/09\/2021.\" \/>\n<meta property=\"og:url\" content=\"https:\/\/www.noticiasradioreflejos.com.ar\/2021\/inscripcion-de-porteros-y-peones-de-cocina-listados-2021-2022\/\" \/>\n<meta property=\"og:site_name\" content=\"Noticias Radio Reflejos\" \/>\n<meta property=\"article:published_time\" content=\"2021-08-13T11:10:34+00:00\" \/>\n<meta property=\"og:image\" content=\"https:\/\/www.noticiasradioreflejos.com.ar\/2021\/wp-content\/uploads\/2021\/07\/logosol300x200.png\" \/>\n\t<meta property=\"og:image:width\" content=\"300\" \/>\n\t<meta property=\"og:image:height\" content=\"200\" \/>\n\t<meta property=\"og:image:type\" content=\"image\/png\" \/>\n<meta name=\"author\" content=\"Arnaldo Botto\" \/>\n<meta name=\"twitter:card\" content=\"summary_large_image\" \/>\n<script type=\"application\/ld+json\" class=\"yoast-schema-graph\">{\"@context\":\"https:\/\/schema.org\",\"@graph\":[{\"@type\":\"WebPage\",\"@id\":\"https:\/\/www.noticiasradioreflejos.com.ar\/2021\/inscripcion-de-porteros-y-peones-de-cocina-listados-2021-2022\/\",\"url\":\"https:\/\/www.noticiasradioreflejos.com.ar\/2021\/inscripcion-de-porteros-y-peones-de-cocina-listados-2021-2022\/\",\"name\":\"Inscripci\u00f3n\u00a0de porteros y peones de cocina listados 2021\/2022 - Noticias Radio Reflejos\",\"isPartOf\":{\"@id\":\"https:\/\/www.noticiasradioreflejos.com.ar\/2021\/#website\"},\"datePublished\":\"2021-08-13T11:10:34+00:00\",\"author\":{\"@id\":\"https:\/\/www.noticiasradioreflejos.com.ar\/2021\/#\/schema\/person\/ad82545263dcc5ec0996818884fd5fb1\"},\"breadcrumb\":{\"@id\":\"https:\/\/www.noticiasradioreflejos.com.ar\/2021\/inscripcion-de-porteros-y-peones-de-cocina-listados-2021-2022\/#breadcrumb\"},\"inLanguage\":\"es\",\"potentialAction\":[{\"@type\":\"ReadAction\",\"target\":[\"https:\/\/www.noticiasradioreflejos.com.ar\/2021\/inscripcion-de-porteros-y-peones-de-cocina-listados-2021-2022\/\"]}]},{\"@type\":\"BreadcrumbList\",\"@id\":\"https:\/\/www.noticiasradioreflejos.com.ar\/2021\/inscripcion-de-porteros-y-peones-de-cocina-listados-2021-2022\/#breadcrumb\",\"itemListElement\":[{\"@type\":\"ListItem\",\"position\":1,\"name\":\"Portada\",\"item\":\"https:\/\/www.noticiasradioreflejos.com.ar\/2021\/\"},{\"@type\":\"ListItem\",\"position\":2,\"name\":\"Inscripci\u00f3n\u00a0de porteros y peones de cocina listados 2021\/2022\"}]},{\"@type\":\"WebSite\",\"@id\":\"https:\/\/www.noticiasradioreflejos.com.ar\/2021\/#website\",\"url\":\"https:\/\/www.noticiasradioreflejos.com.ar\/2021\/\",\"name\":\"Noticias Radio Reflejos\",\"description\":\"Las noticias de mi comarca\",\"potentialAction\":[{\"@type\":\"SearchAction\",\"target\":{\"@type\":\"EntryPoint\",\"urlTemplate\":\"https:\/\/www.noticiasradioreflejos.com.ar\/2021\/?s={search_term_string}\"},\"query-input\":{\"@type\":\"PropertyValueSpecification\",\"valueRequired\":true,\"valueName\":\"search_term_string\"}}],\"inLanguage\":\"es\"},{\"@type\":\"Person\",\"@id\":\"https:\/\/www.noticiasradioreflejos.com.ar\/2021\/#\/schema\/person\/ad82545263dcc5ec0996818884fd5fb1\",\"name\":\"Arnaldo Botto\",\"image\":{\"@type\":\"ImageObject\",\"inLanguage\":\"es\",\"@id\":\"https:\/\/www.noticiasradioreflejos.com.ar\/2021\/#\/schema\/person\/image\/\",\"url\":\"https:\/\/secure.gravatar.com\/avatar\/55cb5e37c1efa326397366e6974cb338056df65cb50e7d64d1cf314e87504837?s=96&d=mm&r=g\",\"contentUrl\":\"https:\/\/secure.gravatar.com\/avatar\/55cb5e37c1efa326397366e6974cb338056df65cb50e7d64d1cf314e87504837?s=96&d=mm&r=g\",\"caption\":\"Arnaldo Botto\"},\"url\":\"https:\/\/www.noticiasradioreflejos.com.ar\/2021\/author\/arnaldo\/\"}]}<\/script>\n<!-- \/ Yoast SEO plugin. -->","yoast_head_json":{"title":"Inscripci\u00f3n\u00a0de porteros y peones de cocina listados 2021\/2022 - Noticias Radio Reflejos","robots":{"index":"index","follow":"follow","max-snippet":"max-snippet:-1","max-image-preview":"max-image-preview:large","max-video-preview":"max-video-preview:-1"},"canonical":"https:\/\/www.noticiasradioreflejos.com.ar\/2021\/inscripcion-de-porteros-y-peones-de-cocina-listados-2021-2022\/","og_locale":"es_ES","og_type":"article","og_title":"Inscripci\u00f3n\u00a0de porteros y peones de cocina listados 2021\/2022 - Noticias Radio Reflejos","og_description":"El procedimiento de inscripci\u00f3n es por autogesti\u00f3n (cada aspirante deber\u00e1 ingresar a la p\u00e1gina\u00a0www.abc.gob.ar\u00a0con su usuario y contrase\u00f1a y realizar la autogesti\u00f3n en el \u00edcono correspondiente).  Los aspirantes que se reinscriben deber\u00e1n hacerlo entre el 12\/08\/2021 y el 05\/09\/2021.","og_url":"https:\/\/www.noticiasradioreflejos.com.ar\/2021\/inscripcion-de-porteros-y-peones-de-cocina-listados-2021-2022\/","og_site_name":"Noticias Radio Reflejos","article_published_time":"2021-08-13T11:10:34+00:00","og_image":[{"width":300,"height":200,"url":"https:\/\/www.noticiasradioreflejos.com.ar\/2021\/wp-content\/uploads\/2021\/07\/logosol300x200.png","type":"image\/png"}],"author":"Arnaldo Botto","twitter_card":"summary_large_image","schema":{"@context":"https:\/\/schema.org","@graph":[{"@type":"WebPage","@id":"https:\/\/www.noticiasradioreflejos.com.ar\/2021\/inscripcion-de-porteros-y-peones-de-cocina-listados-2021-2022\/","url":"https:\/\/www.noticiasradioreflejos.com.ar\/2021\/inscripcion-de-porteros-y-peones-de-cocina-listados-2021-2022\/","name":"Inscripci\u00f3n\u00a0de porteros y peones de cocina listados 2021\/2022 - Noticias Radio Reflejos","isPartOf":{"@id":"https:\/\/www.noticiasradioreflejos.com.ar\/2021\/#website"},"datePublished":"2021-08-13T11:10:34+00:00","author":{"@id":"https:\/\/www.noticiasradioreflejos.com.ar\/2021\/#\/schema\/person\/ad82545263dcc5ec0996818884fd5fb1"},"breadcrumb":{"@id":"https:\/\/www.noticiasradioreflejos.com.ar\/2021\/inscripcion-de-porteros-y-peones-de-cocina-listados-2021-2022\/#breadcrumb"},"inLanguage":"es","potentialAction":[{"@type":"ReadAction","target":["https:\/\/www.noticiasradioreflejos.com.ar\/2021\/inscripcion-de-porteros-y-peones-de-cocina-listados-2021-2022\/"]}]},{"@type":"BreadcrumbList","@id":"https:\/\/www.noticiasradioreflejos.com.ar\/2021\/inscripcion-de-porteros-y-peones-de-cocina-listados-2021-2022\/#breadcrumb","itemListElement":[{"@type":"ListItem","position":1,"name":"Portada","item":"https:\/\/www.noticiasradioreflejos.com.ar\/2021\/"},{"@type":"ListItem","position":2,"name":"Inscripci\u00f3n\u00a0de porteros y peones de cocina listados 2021\/2022"}]},{"@type":"WebSite","@id":"https:\/\/www.noticiasradioreflejos.com.ar\/2021\/#website","url":"https:\/\/www.noticiasradioreflejos.com.ar\/2021\/","name":"Noticias Radio Reflejos","description":"Las noticias de mi comarca","potentialAction":[{"@type":"SearchAction","target":{"@type":"EntryPoint","urlTemplate":"https:\/\/www.noticiasradioreflejos.com.ar\/2021\/?s={search_term_string}"},"query-input":{"@type":"PropertyValueSpecification","valueRequired":true,"valueName":"search_term_string"}}],"inLanguage":"es"},{"@type":"Person","@id":"https:\/\/www.noticiasradioreflejos.com.ar\/2021\/#\/schema\/person\/ad82545263dcc5ec0996818884fd5fb1","name":"Arnaldo Botto","image":{"@type":"ImageObject","inLanguage":"es","@id":"https:\/\/www.noticiasradioreflejos.com.ar\/2021\/#\/schema\/person\/image\/","url":"https:\/\/secure.gravatar.com\/avatar\/55cb5e37c1efa326397366e6974cb338056df65cb50e7d64d1cf314e87504837?s=96&d=mm&r=g","contentUrl":"https:\/\/secure.gravatar.com\/avatar\/55cb5e37c1efa326397366e6974cb338056df65cb50e7d64d1cf314e87504837?s=96&d=mm&r=g","caption":"Arnaldo Botto"},"url":"https:\/\/www.noticiasradioreflejos.com.ar\/2021\/author\/arnaldo\/"}]}},"_links":{"self":[{"href":"https:\/\/www.noticiasradioreflejos.com.ar\/2021\/wp-json\/wp\/v2\/posts\/61480","targetHints":{"allow":["GET"]}}],"collection":[{"href":"https:\/\/www.noticiasradioreflejos.com.ar\/2021\/wp-json\/wp\/v2\/posts"}],"about":[{"href":"https:\/\/www.noticiasradioreflejos.com.ar\/2021\/wp-json\/wp\/v2\/types\/post"}],"author":[{"embeddable":true,"href":"https:\/\/www.noticiasradioreflejos.com.ar\/2021\/wp-json\/wp\/v2\/users\/3"}],"replies":[{"embeddable":true,"href":"https:\/\/www.noticiasradioreflejos.com.ar\/2021\/wp-json\/wp\/v2\/comments?post=61480"}],"version-history":[{"count":1,"href":"https:\/\/www.noticiasradioreflejos.com.ar\/2021\/wp-json\/wp\/v2\/posts\/61480\/revisions"}],"predecessor-version":[{"id":61482,"href":"https:\/\/www.noticiasradioreflejos.com.ar\/2021\/wp-json\/wp\/v2\/posts\/61480\/revisions\/61482"}],"wp:attachment":[{"href":"https:\/\/www.noticiasradioreflejos.com.ar\/2021\/wp-json\/wp\/v2\/media?parent=61480"}],"wp:term":[{"taxonomy":"category","embeddable":true,"href":"https:\/\/www.noticiasradioreflejos.com.ar\/2021\/wp-json\/wp\/v2\/categories?post=61480"},{"taxonomy":"post_tag","embeddable":true,"href":"https:\/\/www.noticiasradioreflejos.com.ar\/2021\/wp-json\/wp\/v2\/tags?post=61480"}],"curies":[{"name":"wp","href":"https:\/\/api.w.org\/{rel}","templated":true}]}}