{"id":61475,"date":"2021-08-12T23:44:08","date_gmt":"2021-08-12T23:44:08","guid":{"rendered":"http:\/\/www.noticiasradioreflejos.com.ar\/2021\/?p=61475"},"modified":"2021-08-12T23:44:08","modified_gmt":"2021-08-12T23:44:08","slug":"el-gobierno-aumentara-al-80-el-subsidio-del-costo-de-garrafas-que-usan-2-840-000-hogares","status":"publish","type":"post","link":"https:\/\/www.noticiasradioreflejos.com.ar\/2021\/el-gobierno-aumentara-al-80-el-subsidio-del-costo-de-garrafas-que-usan-2-840-000-hogares\/","title":{"rendered":"El Gobierno aumentar\u00e1 al 80% el subsidio del costo de garrafas que usan 2.840.000 hogares"},"content":{"rendered":"<div class=\"head-content\">\n<p>La medida se anunci\u00f3 tras la reuni\u00f3n que encabez\u00f3 el ministro de Econom\u00eda, Mart\u00edn Guzm\u00e1n, con el secretario de Energ\u00eda, Dar\u00edo Mart\u00ednez, y la directora ejecutiva de la Anses, Fernanda Raverta.<\/p>\n<\/div>\n<p><!--more-->El Gobierno nacional aument\u00f3 el subsidio del Programa Hogar que cubrir\u00e1 el 80% del costo de la garrafa de gas que consumen unos 2.840.000 de hogares de sectores sociales residenciales de bajos recursos y entidades de bien p\u00fablico como comedores, clubes de barrio, y centros de atenci\u00f3n infantil y comunitarios.<\/p>\n<div class=\"main-content-block\">\n<div class=\"main-box clearfix\">\n<div class=\"wrapper-main-section clearfix\">\n<div class=\"wrapper-editable-content\">\n<div class=\"editable-content clearfix\">\n<p>A partir de ahora,<strong>\u00a0el monto que se transferir\u00e1 por garrafa cada beneficiario del programa que garantiza el acceso a la energ\u00eda a hogares que no cuentan con conexi\u00f3n a la red de gas ser\u00e1 de $414 en lugar de $338, equivalente a un incremento de 22,5%, con lo que el porcentaje subsidiado para una garrafa de 10 kilos pasar\u00e1 del 65 al 80%.<\/strong><\/p>\n<p>La medida fue anunciada luego de una reuni\u00f3n que encabez\u00f3 el ministro de Econom\u00eda, Mart\u00edn Guzm\u00e1n, con el secretario de Energ\u00eda, Dar\u00edo Mart\u00ednez, y la directora ejecutiva de la Anses, Fernanda Raverta.<\/p>\n<p><strong>\u201cLa ampliaci\u00f3n del Programa Hogar permitir\u00e1 reducir el costo de acceso a la garrafa de gas y alcanzar con el beneficio a m\u00e1s hogares\u201d, dijo Guzm\u00e1n, quien sostuvo que \u201cse trata de una pol\u00edtica progresiva que cuida a los sectores m\u00e1s vulnerables<\/strong>, al mismo tiempo que se trabaja en mejorar la infraestructura para la provisi\u00f3n de gas natural\u00bb.<\/p>\n<blockquote class=\"twitter-tweet\" data-width=\"500\" data-dnt=\"true\">\n<p lang=\"es\" dir=\"ltr\">Hoy, junto al secretario de Energ\u00eda, <a href=\"https:\/\/twitter.com\/dariomartinezpj?ref_src=twsrc%5Etfw\">@dariomartinezpj<\/a> y la titular de ANSES, <a href=\"https:\/\/twitter.com\/FerRaverta?ref_src=twsrc%5Etfw\">@FerRaverta<\/a> anunciamos la ampliaci\u00f3n del Programa Hogar que permitir\u00e1 reducir el costo de acceso a la garrafa de gas y alcanzar con este beneficio a m\u00e1s hogares. <a href=\"https:\/\/t.co\/BNe7Ubn0pb\">pic.twitter.com\/BNe7Ubn0pb<\/a><\/p>\n<p>&mdash; Mart\u00edn Guzm\u00e1n (@Martin_M_Guzman) <a href=\"https:\/\/twitter.com\/Martin_M_Guzman\/status\/1425925052617342981?ref_src=twsrc%5Etfw\">August 12, 2021<\/a><\/p><\/blockquote>\n<p><script async src=\"https:\/\/platform.twitter.com\/widgets.js\" charset=\"utf-8\"><\/script><\/p>\n<p>Por su parte, Mart\u00ednez se\u00f1al\u00f3 que se decidi\u00f3 \u00abvolver a la cobertura del 80%, que era el nivel de subsidio aplicado por el gobierno de Cristina Fern\u00e1ndez de Kirchner a partir de 2015, pero que luego se fue reduciendo y lleg\u00f3 a estar por debajo del 50% en 2019\u00bb.<\/p>\n<p><strong>\u00abTambi\u00e9n estamos recuperando a casi 1 mill\u00f3n de hogares a los que se les hab\u00eda quitado el beneficio durante la gesti\u00f3n anterior, llegando hoy a m\u00e1s de 2,8 millones por mes\u201d,\u00a0<\/strong>dijo el titular del \u00e1rea de Energ\u00eda.<\/p>\n<p>El Programa Hogar aporta un subsidio directo otorgado por la Secretar\u00eda de Energ\u00eda a hogares y entidades de bien p\u00fablico de todo el pa\u00eds que no cuentan con conexi\u00f3n a la red de gas natural por redes, al cubrir parte del precio de gas licuado de petr\u00f3leo (GLP) envasado (garrafa).<\/p>\n<p><strong>En agosto, el programa benefici\u00f3 a 2.837.063 de hogares, con una inversi\u00f3n de $ 1.994 millones para subsidiar parte del costo de 5.899.973 garrafas<\/strong>, mientras que durante 2021 se subsidi\u00f3 un total de 25.004.872 garrafas que implic\u00f3 con una transferencia de recursos por $ 9.607 millones por parte del Estado Nacional.<\/p>\n<p>El programa fue creado creado en 2015 para asistir a sectores sociales residenciales de bajos recursos y entidades de bien p\u00fablico, como comedores, clubes de barrio, centros de atenci\u00f3n infantil y comunitarios, entre otras, que no cuentan con servicio de gas natural o no est\u00e1n conectados a la red de distribuci\u00f3n domiciliaria de su localidad.<\/p>\n<p>Para obtener m\u00e1s informaci\u00f3n sobre este beneficio se habilit\u00f3 el link www.argentina.gob.ar\/servicio\/obtener-el-subsidio-del-programa-hogar.<\/p>\n<\/div>\n<\/div>\n<\/div>\n<\/div>\n<\/div>\n","protected":false},"excerpt":{"rendered":"<p>La medida se anunci\u00f3 tras la reuni\u00f3n que encabez\u00f3 el ministro de Econom\u00eda, Mart\u00edn Guzm\u00e1n, con el secretario de Energ\u00eda, Dar\u00edo Mart\u00ednez, y la directora ejecutiva de la Anses, Fernanda Raverta.<\/p>\n","protected":false},"author":3,"featured_media":0,"comment_status":"closed","ping_status":"closed","sticky":false,"template":"","format":"standard","meta":{"footnotes":""},"categories":[36,24],"tags":[],"class_list":["post-61475","post","type-post","status-publish","format-standard","hentry","category-economia","category-politica"],"yoast_head":"<!-- This site is optimized with the Yoast SEO plugin v25.9 - https:\/\/yoast.com\/wordpress\/plugins\/seo\/ -->\n<title>El Gobierno aumentar\u00e1 al 80% el subsidio del costo de garrafas que usan 2.840.000 hogares - Noticias Radio Reflejos<\/title>\n<meta name=\"robots\" content=\"index, follow, max-snippet:-1, max-image-preview:large, max-video-preview:-1\" \/>\n<link rel=\"canonical\" href=\"https:\/\/www.noticiasradioreflejos.com.ar\/2021\/el-gobierno-aumentara-al-80-el-subsidio-del-costo-de-garrafas-que-usan-2-840-000-hogares\/\" \/>\n<meta property=\"og:locale\" content=\"es_ES\" \/>\n<meta property=\"og:type\" content=\"article\" \/>\n<meta property=\"og:title\" content=\"El Gobierno aumentar\u00e1 al 80% el subsidio del costo de garrafas que usan 2.840.000 hogares - Noticias Radio Reflejos\" \/>\n<meta property=\"og:description\" content=\"La medida se anunci\u00f3 tras la reuni\u00f3n que encabez\u00f3 el ministro de Econom\u00eda, Mart\u00edn Guzm\u00e1n, con el secretario de Energ\u00eda, Dar\u00edo Mart\u00ednez, y la directora ejecutiva de la Anses, Fernanda Raverta.\" \/>\n<meta property=\"og:url\" content=\"https:\/\/www.noticiasradioreflejos.com.ar\/2021\/el-gobierno-aumentara-al-80-el-subsidio-del-costo-de-garrafas-que-usan-2-840-000-hogares\/\" \/>\n<meta property=\"og:site_name\" content=\"Noticias Radio Reflejos\" \/>\n<meta property=\"article:published_time\" content=\"2021-08-12T23:44:08+00:00\" \/>\n<meta property=\"og:image\" content=\"https:\/\/www.noticiasradioreflejos.com.ar\/2021\/wp-content\/uploads\/2021\/07\/logosol300x200.png\" \/>\n\t<meta property=\"og:image:width\" content=\"300\" \/>\n\t<meta property=\"og:image:height\" content=\"200\" \/>\n\t<meta property=\"og:image:type\" content=\"image\/png\" \/>\n<meta name=\"author\" content=\"Arnaldo Botto\" \/>\n<meta name=\"twitter:card\" content=\"summary_large_image\" \/>\n<script type=\"application\/ld+json\" class=\"yoast-schema-graph\">{\"@context\":\"https:\/\/schema.org\",\"@graph\":[{\"@type\":\"WebPage\",\"@id\":\"https:\/\/www.noticiasradioreflejos.com.ar\/2021\/el-gobierno-aumentara-al-80-el-subsidio-del-costo-de-garrafas-que-usan-2-840-000-hogares\/\",\"url\":\"https:\/\/www.noticiasradioreflejos.com.ar\/2021\/el-gobierno-aumentara-al-80-el-subsidio-del-costo-de-garrafas-que-usan-2-840-000-hogares\/\",\"name\":\"El Gobierno aumentar\u00e1 al 80% el subsidio del costo de garrafas que usan 2.840.000 hogares - Noticias Radio Reflejos\",\"isPartOf\":{\"@id\":\"https:\/\/www.noticiasradioreflejos.com.ar\/2021\/#website\"},\"datePublished\":\"2021-08-12T23:44:08+00:00\",\"author\":{\"@id\":\"https:\/\/www.noticiasradioreflejos.com.ar\/2021\/#\/schema\/person\/ad82545263dcc5ec0996818884fd5fb1\"},\"breadcrumb\":{\"@id\":\"https:\/\/www.noticiasradioreflejos.com.ar\/2021\/el-gobierno-aumentara-al-80-el-subsidio-del-costo-de-garrafas-que-usan-2-840-000-hogares\/#breadcrumb\"},\"inLanguage\":\"es\",\"potentialAction\":[{\"@type\":\"ReadAction\",\"target\":[\"https:\/\/www.noticiasradioreflejos.com.ar\/2021\/el-gobierno-aumentara-al-80-el-subsidio-del-costo-de-garrafas-que-usan-2-840-000-hogares\/\"]}]},{\"@type\":\"BreadcrumbList\",\"@id\":\"https:\/\/www.noticiasradioreflejos.com.ar\/2021\/el-gobierno-aumentara-al-80-el-subsidio-del-costo-de-garrafas-que-usan-2-840-000-hogares\/#breadcrumb\",\"itemListElement\":[{\"@type\":\"ListItem\",\"position\":1,\"name\":\"Portada\",\"item\":\"https:\/\/www.noticiasradioreflejos.com.ar\/2021\/\"},{\"@type\":\"ListItem\",\"position\":2,\"name\":\"El Gobierno aumentar\u00e1 al 80% el subsidio del costo de garrafas que usan 2.840.000 hogares\"}]},{\"@type\":\"WebSite\",\"@id\":\"https:\/\/www.noticiasradioreflejos.com.ar\/2021\/#website\",\"url\":\"https:\/\/www.noticiasradioreflejos.com.ar\/2021\/\",\"name\":\"Noticias Radio Reflejos\",\"description\":\"Las noticias de mi comarca\",\"potentialAction\":[{\"@type\":\"SearchAction\",\"target\":{\"@type\":\"EntryPoint\",\"urlTemplate\":\"https:\/\/www.noticiasradioreflejos.com.ar\/2021\/?s={search_term_string}\"},\"query-input\":{\"@type\":\"PropertyValueSpecification\",\"valueRequired\":true,\"valueName\":\"search_term_string\"}}],\"inLanguage\":\"es\"},{\"@type\":\"Person\",\"@id\":\"https:\/\/www.noticiasradioreflejos.com.ar\/2021\/#\/schema\/person\/ad82545263dcc5ec0996818884fd5fb1\",\"name\":\"Arnaldo Botto\",\"image\":{\"@type\":\"ImageObject\",\"inLanguage\":\"es\",\"@id\":\"https:\/\/www.noticiasradioreflejos.com.ar\/2021\/#\/schema\/person\/image\/\",\"url\":\"https:\/\/secure.gravatar.com\/avatar\/55cb5e37c1efa326397366e6974cb338056df65cb50e7d64d1cf314e87504837?s=96&d=mm&r=g\",\"contentUrl\":\"https:\/\/secure.gravatar.com\/avatar\/55cb5e37c1efa326397366e6974cb338056df65cb50e7d64d1cf314e87504837?s=96&d=mm&r=g\",\"caption\":\"Arnaldo Botto\"},\"url\":\"https:\/\/www.noticiasradioreflejos.com.ar\/2021\/author\/arnaldo\/\"}]}<\/script>\n<!-- \/ Yoast SEO plugin. -->","yoast_head_json":{"title":"El Gobierno aumentar\u00e1 al 80% el subsidio del costo de garrafas que usan 2.840.000 hogares - Noticias Radio Reflejos","robots":{"index":"index","follow":"follow","max-snippet":"max-snippet:-1","max-image-preview":"max-image-preview:large","max-video-preview":"max-video-preview:-1"},"canonical":"https:\/\/www.noticiasradioreflejos.com.ar\/2021\/el-gobierno-aumentara-al-80-el-subsidio-del-costo-de-garrafas-que-usan-2-840-000-hogares\/","og_locale":"es_ES","og_type":"article","og_title":"El Gobierno aumentar\u00e1 al 80% el subsidio del costo de garrafas que usan 2.840.000 hogares - Noticias Radio Reflejos","og_description":"La medida se anunci\u00f3 tras la reuni\u00f3n que encabez\u00f3 el ministro de Econom\u00eda, Mart\u00edn Guzm\u00e1n, con el secretario de Energ\u00eda, Dar\u00edo Mart\u00ednez, y la directora ejecutiva de la Anses, Fernanda Raverta.","og_url":"https:\/\/www.noticiasradioreflejos.com.ar\/2021\/el-gobierno-aumentara-al-80-el-subsidio-del-costo-de-garrafas-que-usan-2-840-000-hogares\/","og_site_name":"Noticias Radio Reflejos","article_published_time":"2021-08-12T23:44:08+00:00","og_image":[{"width":300,"height":200,"url":"https:\/\/www.noticiasradioreflejos.com.ar\/2021\/wp-content\/uploads\/2021\/07\/logosol300x200.png","type":"image\/png"}],"author":"Arnaldo Botto","twitter_card":"summary_large_image","schema":{"@context":"https:\/\/schema.org","@graph":[{"@type":"WebPage","@id":"https:\/\/www.noticiasradioreflejos.com.ar\/2021\/el-gobierno-aumentara-al-80-el-subsidio-del-costo-de-garrafas-que-usan-2-840-000-hogares\/","url":"https:\/\/www.noticiasradioreflejos.com.ar\/2021\/el-gobierno-aumentara-al-80-el-subsidio-del-costo-de-garrafas-que-usan-2-840-000-hogares\/","name":"El Gobierno aumentar\u00e1 al 80% el subsidio del costo de garrafas que usan 2.840.000 hogares - Noticias Radio Reflejos","isPartOf":{"@id":"https:\/\/www.noticiasradioreflejos.com.ar\/2021\/#website"},"datePublished":"2021-08-12T23:44:08+00:00","author":{"@id":"https:\/\/www.noticiasradioreflejos.com.ar\/2021\/#\/schema\/person\/ad82545263dcc5ec0996818884fd5fb1"},"breadcrumb":{"@id":"https:\/\/www.noticiasradioreflejos.com.ar\/2021\/el-gobierno-aumentara-al-80-el-subsidio-del-costo-de-garrafas-que-usan-2-840-000-hogares\/#breadcrumb"},"inLanguage":"es","potentialAction":[{"@type":"ReadAction","target":["https:\/\/www.noticiasradioreflejos.com.ar\/2021\/el-gobierno-aumentara-al-80-el-subsidio-del-costo-de-garrafas-que-usan-2-840-000-hogares\/"]}]},{"@type":"BreadcrumbList","@id":"https:\/\/www.noticiasradioreflejos.com.ar\/2021\/el-gobierno-aumentara-al-80-el-subsidio-del-costo-de-garrafas-que-usan-2-840-000-hogares\/#breadcrumb","itemListElement":[{"@type":"ListItem","position":1,"name":"Portada","item":"https:\/\/www.noticiasradioreflejos.com.ar\/2021\/"},{"@type":"ListItem","position":2,"name":"El Gobierno aumentar\u00e1 al 80% el subsidio del costo de garrafas que usan 2.840.000 hogares"}]},{"@type":"WebSite","@id":"https:\/\/www.noticiasradioreflejos.com.ar\/2021\/#website","url":"https:\/\/www.noticiasradioreflejos.com.ar\/2021\/","name":"Noticias Radio Reflejos","description":"Las noticias de mi comarca","potentialAction":[{"@type":"SearchAction","target":{"@type":"EntryPoint","urlTemplate":"https:\/\/www.noticiasradioreflejos.com.ar\/2021\/?s={search_term_string}"},"query-input":{"@type":"PropertyValueSpecification","valueRequired":true,"valueName":"search_term_string"}}],"inLanguage":"es"},{"@type":"Person","@id":"https:\/\/www.noticiasradioreflejos.com.ar\/2021\/#\/schema\/person\/ad82545263dcc5ec0996818884fd5fb1","name":"Arnaldo Botto","image":{"@type":"ImageObject","inLanguage":"es","@id":"https:\/\/www.noticiasradioreflejos.com.ar\/2021\/#\/schema\/person\/image\/","url":"https:\/\/secure.gravatar.com\/avatar\/55cb5e37c1efa326397366e6974cb338056df65cb50e7d64d1cf314e87504837?s=96&d=mm&r=g","contentUrl":"https:\/\/secure.gravatar.com\/avatar\/55cb5e37c1efa326397366e6974cb338056df65cb50e7d64d1cf314e87504837?s=96&d=mm&r=g","caption":"Arnaldo Botto"},"url":"https:\/\/www.noticiasradioreflejos.com.ar\/2021\/author\/arnaldo\/"}]}},"_links":{"self":[{"href":"https:\/\/www.noticiasradioreflejos.com.ar\/2021\/wp-json\/wp\/v2\/posts\/61475","targetHints":{"allow":["GET"]}}],"collection":[{"href":"https:\/\/www.noticiasradioreflejos.com.ar\/2021\/wp-json\/wp\/v2\/posts"}],"about":[{"href":"https:\/\/www.noticiasradioreflejos.com.ar\/2021\/wp-json\/wp\/v2\/types\/post"}],"author":[{"embeddable":true,"href":"https:\/\/www.noticiasradioreflejos.com.ar\/2021\/wp-json\/wp\/v2\/users\/3"}],"replies":[{"embeddable":true,"href":"https:\/\/www.noticiasradioreflejos.com.ar\/2021\/wp-json\/wp\/v2\/comments?post=61475"}],"version-history":[{"count":1,"href":"https:\/\/www.noticiasradioreflejos.com.ar\/2021\/wp-json\/wp\/v2\/posts\/61475\/revisions"}],"predecessor-version":[{"id":61477,"href":"https:\/\/www.noticiasradioreflejos.com.ar\/2021\/wp-json\/wp\/v2\/posts\/61475\/revisions\/61477"}],"wp:attachment":[{"href":"https:\/\/www.noticiasradioreflejos.com.ar\/2021\/wp-json\/wp\/v2\/media?parent=61475"}],"wp:term":[{"taxonomy":"category","embeddable":true,"href":"https:\/\/www.noticiasradioreflejos.com.ar\/2021\/wp-json\/wp\/v2\/categories?post=61475"},{"taxonomy":"post_tag","embeddable":true,"href":"https:\/\/www.noticiasradioreflejos.com.ar\/2021\/wp-json\/wp\/v2\/tags?post=61475"}],"curies":[{"name":"wp","href":"https:\/\/api.w.org\/{rel}","templated":true}]}}