{"id":61471,"date":"2021-08-12T21:16:30","date_gmt":"2021-08-12T21:16:30","guid":{"rendered":"http:\/\/www.noticiasradioreflejos.com.ar\/2021\/?p=61471"},"modified":"2021-08-12T21:16:30","modified_gmt":"2021-08-12T21:16:30","slug":"produccion-en-el-distrito-22-capacitaciones-en-marcha-expansion-de-trabajo-en-la-textil-y-un-proyecto-lechero-de-250-millones-de-inversion-en-desarrollo","status":"publish","type":"post","link":"https:\/\/www.noticiasradioreflejos.com.ar\/2021\/produccion-en-el-distrito-22-capacitaciones-en-marcha-expansion-de-trabajo-en-la-textil-y-un-proyecto-lechero-de-250-millones-de-inversion-en-desarrollo\/","title":{"rendered":"Producci\u00f3n en el distrito: 22 capacitaciones en marcha, expansi\u00f3n de trabajo en la Textil y un proyecto lechero de 250 millones de inversi\u00f3n en desarrollo."},"content":{"rendered":"<p>Entrevistamos a Susana Dos Santos, Secretaria de Producci\u00f3n, Comercio e Industria de Tornquist Municipio, para que nos ponga al d\u00eda acerca de c\u00f3mo est\u00e1 trabajando el \u00e1rea, nos cuente qu\u00e9 cursos se est\u00e1n dictando y nos comparta los proyectos que est\u00e1n en vistas de concretarse pr\u00f3ximamente.<!--more--><\/p>\n<p><a title=\"Cursos Producci\u00f3n (3)\" href=\"https:\/\/www.flickr.com\/photos\/182279889@N02\/51373412981\/in\/dateposted-public\/\" data-flickr-embed=\"true\"><img loading=\"lazy\" decoding=\"async\" src=\"https:\/\/live.staticflickr.com\/65535\/51373412981_6d8e7802f4_c.jpg\" alt=\"Cursos Producci\u00f3n (3)\" width=\"800\" height=\"450\" \/><\/a><script async src=\"\/\/embedr.flickr.com\/assets\/client-code.js\" charset=\"utf-8\"><\/script><br \/>\nSusana comenz\u00f3 la nota coment\u00e1ndonos un poco acerca de la cooperativa textil. Inform\u00f3 que, actualmente, hay 14 operarias trabajando en la misma haciendo horarios rotativos. Destac\u00f3 la importancia de la radio y la publicidad para conseguir empleados y hacer conocer m\u00e1s al emprendimiento y, as\u00ed, conseguir muchos m\u00e1s clientes. \u201cNecesitamos capacitar al personal para no bajar la calidad de producci\u00f3n. La idea es incorporar 3 o 4 m\u00e1s personas\u201d coment\u00f3.<\/p>\n<p>\u201cLos cursos est\u00e1n funcionando incre\u00edblemente\u201d se refiri\u00f3 a las 22 capacitaciones de distintos oficios y pr\u00e1cticas que se est\u00e1n dictando en todo nuestro distrito. Resalt\u00f3 la formaci\u00f3n de todos los docentes que tienen a cargo los cursos, \u201cson gente reconocida\u201d expres\u00f3. Adem\u00e1s, agreg\u00f3 que los vecinos dicen estar muy contentos con esta oportunidad de capacitarse.<\/p>\n<p>&nbsp;<\/p>\n<p><a title=\"Cursos Producci\u00f3n (1)\" href=\"https:\/\/www.flickr.com\/photos\/182279889@N02\/51374420075\/in\/dateposted-public\/\" data-flickr-embed=\"true\"><img loading=\"lazy\" decoding=\"async\" src=\"https:\/\/live.staticflickr.com\/65535\/51374420075_04e93f0b92_c.jpg\" alt=\"Cursos Producci\u00f3n (1)\" width=\"800\" height=\"450\" \/><\/a><script async src=\"\/\/embedr.flickr.com\/assets\/client-code.js\" charset=\"utf-8\"><\/script><\/p>\n<p>Susana comparti\u00f3 que se ha estado pensando en un proyecto territorial para Tornquist. \u201cSurgi\u00f3 la posibilidad de poder presentarlo a nivel regional para trabajar con m\u00e1s de 100 tambos y poder procesar m\u00e1s de 5.000 litros de leche diarios para poder hacer toda la cadena de valor (dulce de leche, manteca, etc.) con marca propia\u201d. Explic\u00f3 que es un proyecto que demanda una inversi\u00f3n de m\u00e1s de 250 millones de pesos, teniendo su instalaci\u00f3n en el distrito de Tornquist en el sector industrial. \u201cPor el avance que tiene, es un proyecto a ejecutar en un a\u00f1o\u201d.<\/p>\n<p>Susana tambi\u00e9n estuvo inform\u00e1ndonos acerca de un proyecto de banco de herramientas y materiales para la emergencia social. \u201cSon para peque\u00f1os proyectos, herramientas para aquellas personas que no tienen trabajo formal y quieren iniciar una actividad\u201d explic\u00f3 brevemente de qu\u00e9 se trata el proyecto. Aclar\u00f3 que el mismo se aplicar\u00eda a cualquier \u00e1mbito y actividad. \u201cLo que estamos esperando es el monto m\u00e1ximo que se puede gastar por unidad, para no generar falsas expectativas\u201d.<\/p>\n<p>\u201cTambi\u00e9n estamos capacitando para una futura f\u00e1brica de tapas de empanadas y tartas. Tenemos profesores de primera l\u00ednea. Es much\u00edsima la gente que se est\u00e1 acercando y que est\u00e1 tomando el curso, as\u00ed que, hay distintos segmentos pero con el incentivo nos damos cuenta de que funciona muy bien\u201d comparti\u00f3 finalmente.<\/p>\n<p><iframe loading=\"lazy\" src=\"https:\/\/w.soundcloud.com\/player\/?url=https%3A\/\/api.soundcloud.com\/tracks\/1104647320&amp;color=%23ff5500&amp;auto_play=false&amp;hide_related=false&amp;show_comments=true&amp;show_user=true&amp;show_reposts=false&amp;show_teaser=true\" width=\"100%\" height=\"166\" frameborder=\"no\" scrolling=\"no\"><\/iframe><\/p>\n<div style=\"font-size: 10px; color: #cccccc; line-break: anywhere; word-break: normal; overflow: hidden; white-space: nowrap; text-overflow: ellipsis; font-family: Interstate,Lucida Grande,Lucida Sans Unicode,Lucida Sans,Garuda,Verdana,Tahoma,sans-serif; font-weight: 100;\"><a style=\"color: #cccccc; text-decoration: none;\" title=\"fmreflejos 103.7\" href=\"https:\/\/soundcloud.com\/fmreflejos-103-7\" target=\"_blank\" rel=\"noopener\">fmreflejos 103.7<\/a> \u00b7 <a style=\"color: #cccccc; text-decoration: none;\" title=\"Nota Susana Dos Santos\" href=\"https:\/\/soundcloud.com\/fmreflejos-103-7\/nota-susana-dos-santos-4\" target=\"_blank\" rel=\"noopener\">Nota Susana Dos Santos<\/a><\/div>\n<p><a title=\"Cursos Producci\u00f3n (4)\" href=\"https:\/\/www.flickr.com\/photos\/182279889@N02\/51373412876\/in\/dateposted-public\/\" data-flickr-embed=\"true\"><img loading=\"lazy\" decoding=\"async\" src=\"https:\/\/live.staticflickr.com\/65535\/51373412876_182c739c88_c.jpg\" alt=\"Cursos Producci\u00f3n (4)\" width=\"800\" height=\"600\" \/><\/a><script async src=\"\/\/embedr.flickr.com\/assets\/client-code.js\" charset=\"utf-8\"><\/script><\/p>\n","protected":false},"excerpt":{"rendered":"<p>Entrevistamos a Susana Dos Santos, Secretaria de Producci\u00f3n, Comercio e Industria de Tornquist Municipio, para que nos ponga al d\u00eda acerca de c\u00f3mo est\u00e1 trabajando el \u00e1rea, nos cuente qu\u00e9 cursos se est\u00e1n dictando y nos comparta los proyectos que est\u00e1n en vistas de concretarse pr\u00f3ximamente.<\/p>\n","protected":false},"author":3,"featured_media":0,"comment_status":"closed","ping_status":"closed","sticky":false,"template":"","format":"standard","meta":{"footnotes":""},"categories":[34,28,26],"tags":[48],"class_list":["post-61471","post","type-post","status-publish","format-standard","hentry","category-educacion","category-municipales","category-sociedad","tag-destacada"],"yoast_head":"<!-- This site is optimized with the Yoast SEO plugin v25.9 - https:\/\/yoast.com\/wordpress\/plugins\/seo\/ -->\n<title>Producci\u00f3n en el distrito: 22 capacitaciones en marcha, expansi\u00f3n de trabajo en la Textil y un proyecto lechero de 250 millones de inversi\u00f3n en desarrollo. - Noticias Radio Reflejos<\/title>\n<meta name=\"robots\" content=\"index, follow, max-snippet:-1, max-image-preview:large, max-video-preview:-1\" \/>\n<link rel=\"canonical\" href=\"https:\/\/www.noticiasradioreflejos.com.ar\/2021\/produccion-en-el-distrito-22-capacitaciones-en-marcha-expansion-de-trabajo-en-la-textil-y-un-proyecto-lechero-de-250-millones-de-inversion-en-desarrollo\/\" \/>\n<meta property=\"og:locale\" content=\"es_ES\" \/>\n<meta property=\"og:type\" content=\"article\" \/>\n<meta property=\"og:title\" content=\"Producci\u00f3n en el distrito: 22 capacitaciones en marcha, expansi\u00f3n de trabajo en la Textil y un proyecto lechero de 250 millones de inversi\u00f3n en desarrollo. - Noticias Radio Reflejos\" \/>\n<meta property=\"og:description\" content=\"Entrevistamos a Susana Dos Santos, Secretaria de Producci\u00f3n, Comercio e Industria de Tornquist Municipio, para que nos ponga al d\u00eda acerca de c\u00f3mo est\u00e1 trabajando el \u00e1rea, nos cuente qu\u00e9 cursos se est\u00e1n dictando y nos comparta los proyectos que est\u00e1n en vistas de concretarse pr\u00f3ximamente.\" \/>\n<meta property=\"og:url\" content=\"https:\/\/www.noticiasradioreflejos.com.ar\/2021\/produccion-en-el-distrito-22-capacitaciones-en-marcha-expansion-de-trabajo-en-la-textil-y-un-proyecto-lechero-de-250-millones-de-inversion-en-desarrollo\/\" \/>\n<meta property=\"og:site_name\" content=\"Noticias Radio Reflejos\" \/>\n<meta property=\"article:published_time\" content=\"2021-08-12T21:16:30+00:00\" \/>\n<meta property=\"og:image\" content=\"https:\/\/live.staticflickr.com\/65535\/51373412981_6d8e7802f4_c.jpg\" \/>\n<meta name=\"author\" content=\"Arnaldo Botto\" \/>\n<meta name=\"twitter:card\" content=\"summary_large_image\" \/>\n<script type=\"application\/ld+json\" class=\"yoast-schema-graph\">{\"@context\":\"https:\/\/schema.org\",\"@graph\":[{\"@type\":\"WebPage\",\"@id\":\"https:\/\/www.noticiasradioreflejos.com.ar\/2021\/produccion-en-el-distrito-22-capacitaciones-en-marcha-expansion-de-trabajo-en-la-textil-y-un-proyecto-lechero-de-250-millones-de-inversion-en-desarrollo\/\",\"url\":\"https:\/\/www.noticiasradioreflejos.com.ar\/2021\/produccion-en-el-distrito-22-capacitaciones-en-marcha-expansion-de-trabajo-en-la-textil-y-un-proyecto-lechero-de-250-millones-de-inversion-en-desarrollo\/\",\"name\":\"Producci\u00f3n en el distrito: 22 capacitaciones en marcha, expansi\u00f3n de trabajo en la Textil y un proyecto lechero de 250 millones de inversi\u00f3n en desarrollo. - Noticias Radio Reflejos\",\"isPartOf\":{\"@id\":\"https:\/\/www.noticiasradioreflejos.com.ar\/2021\/#website\"},\"primaryImageOfPage\":{\"@id\":\"https:\/\/www.noticiasradioreflejos.com.ar\/2021\/produccion-en-el-distrito-22-capacitaciones-en-marcha-expansion-de-trabajo-en-la-textil-y-un-proyecto-lechero-de-250-millones-de-inversion-en-desarrollo\/#primaryimage\"},\"image\":{\"@id\":\"https:\/\/www.noticiasradioreflejos.com.ar\/2021\/produccion-en-el-distrito-22-capacitaciones-en-marcha-expansion-de-trabajo-en-la-textil-y-un-proyecto-lechero-de-250-millones-de-inversion-en-desarrollo\/#primaryimage\"},\"thumbnailUrl\":\"https:\/\/live.staticflickr.com\/65535\/51373412981_6d8e7802f4_c.jpg\",\"datePublished\":\"2021-08-12T21:16:30+00:00\",\"author\":{\"@id\":\"https:\/\/www.noticiasradioreflejos.com.ar\/2021\/#\/schema\/person\/ad82545263dcc5ec0996818884fd5fb1\"},\"breadcrumb\":{\"@id\":\"https:\/\/www.noticiasradioreflejos.com.ar\/2021\/produccion-en-el-distrito-22-capacitaciones-en-marcha-expansion-de-trabajo-en-la-textil-y-un-proyecto-lechero-de-250-millones-de-inversion-en-desarrollo\/#breadcrumb\"},\"inLanguage\":\"es\",\"potentialAction\":[{\"@type\":\"ReadAction\",\"target\":[\"https:\/\/www.noticiasradioreflejos.com.ar\/2021\/produccion-en-el-distrito-22-capacitaciones-en-marcha-expansion-de-trabajo-en-la-textil-y-un-proyecto-lechero-de-250-millones-de-inversion-en-desarrollo\/\"]}]},{\"@type\":\"ImageObject\",\"inLanguage\":\"es\",\"@id\":\"https:\/\/www.noticiasradioreflejos.com.ar\/2021\/produccion-en-el-distrito-22-capacitaciones-en-marcha-expansion-de-trabajo-en-la-textil-y-un-proyecto-lechero-de-250-millones-de-inversion-en-desarrollo\/#primaryimage\",\"url\":\"https:\/\/live.staticflickr.com\/65535\/51373412981_6d8e7802f4_c.jpg\",\"contentUrl\":\"https:\/\/live.staticflickr.com\/65535\/51373412981_6d8e7802f4_c.jpg\"},{\"@type\":\"BreadcrumbList\",\"@id\":\"https:\/\/www.noticiasradioreflejos.com.ar\/2021\/produccion-en-el-distrito-22-capacitaciones-en-marcha-expansion-de-trabajo-en-la-textil-y-un-proyecto-lechero-de-250-millones-de-inversion-en-desarrollo\/#breadcrumb\",\"itemListElement\":[{\"@type\":\"ListItem\",\"position\":1,\"name\":\"Portada\",\"item\":\"https:\/\/www.noticiasradioreflejos.com.ar\/2021\/\"},{\"@type\":\"ListItem\",\"position\":2,\"name\":\"Producci\u00f3n en el distrito: 22 capacitaciones en marcha, expansi\u00f3n de trabajo en la Textil y un proyecto lechero de 250 millones de inversi\u00f3n en desarrollo.\"}]},{\"@type\":\"WebSite\",\"@id\":\"https:\/\/www.noticiasradioreflejos.com.ar\/2021\/#website\",\"url\":\"https:\/\/www.noticiasradioreflejos.com.ar\/2021\/\",\"name\":\"Noticias Radio Reflejos\",\"description\":\"Las noticias de mi comarca\",\"potentialAction\":[{\"@type\":\"SearchAction\",\"target\":{\"@type\":\"EntryPoint\",\"urlTemplate\":\"https:\/\/www.noticiasradioreflejos.com.ar\/2021\/?s={search_term_string}\"},\"query-input\":{\"@type\":\"PropertyValueSpecification\",\"valueRequired\":true,\"valueName\":\"search_term_string\"}}],\"inLanguage\":\"es\"},{\"@type\":\"Person\",\"@id\":\"https:\/\/www.noticiasradioreflejos.com.ar\/2021\/#\/schema\/person\/ad82545263dcc5ec0996818884fd5fb1\",\"name\":\"Arnaldo Botto\",\"image\":{\"@type\":\"ImageObject\",\"inLanguage\":\"es\",\"@id\":\"https:\/\/www.noticiasradioreflejos.com.ar\/2021\/#\/schema\/person\/image\/\",\"url\":\"https:\/\/secure.gravatar.com\/avatar\/55cb5e37c1efa326397366e6974cb338056df65cb50e7d64d1cf314e87504837?s=96&d=mm&r=g\",\"contentUrl\":\"https:\/\/secure.gravatar.com\/avatar\/55cb5e37c1efa326397366e6974cb338056df65cb50e7d64d1cf314e87504837?s=96&d=mm&r=g\",\"caption\":\"Arnaldo Botto\"},\"url\":\"https:\/\/www.noticiasradioreflejos.com.ar\/2021\/author\/arnaldo\/\"}]}<\/script>\n<!-- \/ Yoast SEO plugin. -->","yoast_head_json":{"title":"Producci\u00f3n en el distrito: 22 capacitaciones en marcha, expansi\u00f3n de trabajo en la Textil y un proyecto lechero de 250 millones de inversi\u00f3n en desarrollo. - Noticias Radio Reflejos","robots":{"index":"index","follow":"follow","max-snippet":"max-snippet:-1","max-image-preview":"max-image-preview:large","max-video-preview":"max-video-preview:-1"},"canonical":"https:\/\/www.noticiasradioreflejos.com.ar\/2021\/produccion-en-el-distrito-22-capacitaciones-en-marcha-expansion-de-trabajo-en-la-textil-y-un-proyecto-lechero-de-250-millones-de-inversion-en-desarrollo\/","og_locale":"es_ES","og_type":"article","og_title":"Producci\u00f3n en el distrito: 22 capacitaciones en marcha, expansi\u00f3n de trabajo en la Textil y un proyecto lechero de 250 millones de inversi\u00f3n en desarrollo. - Noticias Radio Reflejos","og_description":"Entrevistamos a Susana Dos Santos, Secretaria de Producci\u00f3n, Comercio e Industria de Tornquist Municipio, para que nos ponga al d\u00eda acerca de c\u00f3mo est\u00e1 trabajando el \u00e1rea, nos cuente qu\u00e9 cursos se est\u00e1n dictando y nos comparta los proyectos que est\u00e1n en vistas de concretarse pr\u00f3ximamente.","og_url":"https:\/\/www.noticiasradioreflejos.com.ar\/2021\/produccion-en-el-distrito-22-capacitaciones-en-marcha-expansion-de-trabajo-en-la-textil-y-un-proyecto-lechero-de-250-millones-de-inversion-en-desarrollo\/","og_site_name":"Noticias Radio Reflejos","article_published_time":"2021-08-12T21:16:30+00:00","og_image":[{"url":"https:\/\/live.staticflickr.com\/65535\/51373412981_6d8e7802f4_c.jpg","type":"","width":"","height":""}],"author":"Arnaldo Botto","twitter_card":"summary_large_image","schema":{"@context":"https:\/\/schema.org","@graph":[{"@type":"WebPage","@id":"https:\/\/www.noticiasradioreflejos.com.ar\/2021\/produccion-en-el-distrito-22-capacitaciones-en-marcha-expansion-de-trabajo-en-la-textil-y-un-proyecto-lechero-de-250-millones-de-inversion-en-desarrollo\/","url":"https:\/\/www.noticiasradioreflejos.com.ar\/2021\/produccion-en-el-distrito-22-capacitaciones-en-marcha-expansion-de-trabajo-en-la-textil-y-un-proyecto-lechero-de-250-millones-de-inversion-en-desarrollo\/","name":"Producci\u00f3n en el distrito: 22 capacitaciones en marcha, expansi\u00f3n de trabajo en la Textil y un proyecto lechero de 250 millones de inversi\u00f3n en desarrollo. - Noticias Radio Reflejos","isPartOf":{"@id":"https:\/\/www.noticiasradioreflejos.com.ar\/2021\/#website"},"primaryImageOfPage":{"@id":"https:\/\/www.noticiasradioreflejos.com.ar\/2021\/produccion-en-el-distrito-22-capacitaciones-en-marcha-expansion-de-trabajo-en-la-textil-y-un-proyecto-lechero-de-250-millones-de-inversion-en-desarrollo\/#primaryimage"},"image":{"@id":"https:\/\/www.noticiasradioreflejos.com.ar\/2021\/produccion-en-el-distrito-22-capacitaciones-en-marcha-expansion-de-trabajo-en-la-textil-y-un-proyecto-lechero-de-250-millones-de-inversion-en-desarrollo\/#primaryimage"},"thumbnailUrl":"https:\/\/live.staticflickr.com\/65535\/51373412981_6d8e7802f4_c.jpg","datePublished":"2021-08-12T21:16:30+00:00","author":{"@id":"https:\/\/www.noticiasradioreflejos.com.ar\/2021\/#\/schema\/person\/ad82545263dcc5ec0996818884fd5fb1"},"breadcrumb":{"@id":"https:\/\/www.noticiasradioreflejos.com.ar\/2021\/produccion-en-el-distrito-22-capacitaciones-en-marcha-expansion-de-trabajo-en-la-textil-y-un-proyecto-lechero-de-250-millones-de-inversion-en-desarrollo\/#breadcrumb"},"inLanguage":"es","potentialAction":[{"@type":"ReadAction","target":["https:\/\/www.noticiasradioreflejos.com.ar\/2021\/produccion-en-el-distrito-22-capacitaciones-en-marcha-expansion-de-trabajo-en-la-textil-y-un-proyecto-lechero-de-250-millones-de-inversion-en-desarrollo\/"]}]},{"@type":"ImageObject","inLanguage":"es","@id":"https:\/\/www.noticiasradioreflejos.com.ar\/2021\/produccion-en-el-distrito-22-capacitaciones-en-marcha-expansion-de-trabajo-en-la-textil-y-un-proyecto-lechero-de-250-millones-de-inversion-en-desarrollo\/#primaryimage","url":"https:\/\/live.staticflickr.com\/65535\/51373412981_6d8e7802f4_c.jpg","contentUrl":"https:\/\/live.staticflickr.com\/65535\/51373412981_6d8e7802f4_c.jpg"},{"@type":"BreadcrumbList","@id":"https:\/\/www.noticiasradioreflejos.com.ar\/2021\/produccion-en-el-distrito-22-capacitaciones-en-marcha-expansion-de-trabajo-en-la-textil-y-un-proyecto-lechero-de-250-millones-de-inversion-en-desarrollo\/#breadcrumb","itemListElement":[{"@type":"ListItem","position":1,"name":"Portada","item":"https:\/\/www.noticiasradioreflejos.com.ar\/2021\/"},{"@type":"ListItem","position":2,"name":"Producci\u00f3n en el distrito: 22 capacitaciones en marcha, expansi\u00f3n de trabajo en la Textil y un proyecto lechero de 250 millones de inversi\u00f3n en desarrollo."}]},{"@type":"WebSite","@id":"https:\/\/www.noticiasradioreflejos.com.ar\/2021\/#website","url":"https:\/\/www.noticiasradioreflejos.com.ar\/2021\/","name":"Noticias Radio Reflejos","description":"Las noticias de mi comarca","potentialAction":[{"@type":"SearchAction","target":{"@type":"EntryPoint","urlTemplate":"https:\/\/www.noticiasradioreflejos.com.ar\/2021\/?s={search_term_string}"},"query-input":{"@type":"PropertyValueSpecification","valueRequired":true,"valueName":"search_term_string"}}],"inLanguage":"es"},{"@type":"Person","@id":"https:\/\/www.noticiasradioreflejos.com.ar\/2021\/#\/schema\/person\/ad82545263dcc5ec0996818884fd5fb1","name":"Arnaldo Botto","image":{"@type":"ImageObject","inLanguage":"es","@id":"https:\/\/www.noticiasradioreflejos.com.ar\/2021\/#\/schema\/person\/image\/","url":"https:\/\/secure.gravatar.com\/avatar\/55cb5e37c1efa326397366e6974cb338056df65cb50e7d64d1cf314e87504837?s=96&d=mm&r=g","contentUrl":"https:\/\/secure.gravatar.com\/avatar\/55cb5e37c1efa326397366e6974cb338056df65cb50e7d64d1cf314e87504837?s=96&d=mm&r=g","caption":"Arnaldo Botto"},"url":"https:\/\/www.noticiasradioreflejos.com.ar\/2021\/author\/arnaldo\/"}]}},"_links":{"self":[{"href":"https:\/\/www.noticiasradioreflejos.com.ar\/2021\/wp-json\/wp\/v2\/posts\/61471","targetHints":{"allow":["GET"]}}],"collection":[{"href":"https:\/\/www.noticiasradioreflejos.com.ar\/2021\/wp-json\/wp\/v2\/posts"}],"about":[{"href":"https:\/\/www.noticiasradioreflejos.com.ar\/2021\/wp-json\/wp\/v2\/types\/post"}],"author":[{"embeddable":true,"href":"https:\/\/www.noticiasradioreflejos.com.ar\/2021\/wp-json\/wp\/v2\/users\/3"}],"replies":[{"embeddable":true,"href":"https:\/\/www.noticiasradioreflejos.com.ar\/2021\/wp-json\/wp\/v2\/comments?post=61471"}],"version-history":[{"count":2,"href":"https:\/\/www.noticiasradioreflejos.com.ar\/2021\/wp-json\/wp\/v2\/posts\/61471\/revisions"}],"predecessor-version":[{"id":61474,"href":"https:\/\/www.noticiasradioreflejos.com.ar\/2021\/wp-json\/wp\/v2\/posts\/61471\/revisions\/61474"}],"wp:attachment":[{"href":"https:\/\/www.noticiasradioreflejos.com.ar\/2021\/wp-json\/wp\/v2\/media?parent=61471"}],"wp:term":[{"taxonomy":"category","embeddable":true,"href":"https:\/\/www.noticiasradioreflejos.com.ar\/2021\/wp-json\/wp\/v2\/categories?post=61471"},{"taxonomy":"post_tag","embeddable":true,"href":"https:\/\/www.noticiasradioreflejos.com.ar\/2021\/wp-json\/wp\/v2\/tags?post=61471"}],"curies":[{"name":"wp","href":"https:\/\/api.w.org\/{rel}","templated":true}]}}