{"id":61462,"date":"2021-08-12T18:08:14","date_gmt":"2021-08-12T18:08:14","guid":{"rendered":"http:\/\/www.noticiasradioreflejos.com.ar\/2021\/?p=61462"},"modified":"2021-08-12T18:08:14","modified_gmt":"2021-08-12T18:08:14","slug":"abuelos-del-hogar-adela-frizza-confeccionaron-peluches-para-la-casa-del-nino","status":"publish","type":"post","link":"https:\/\/www.noticiasradioreflejos.com.ar\/2021\/abuelos-del-hogar-adela-frizza-confeccionaron-peluches-para-la-casa-del-nino\/","title":{"rendered":"Abuelos del hogar Adela Frizza confeccionaron peluches para la Casa del Ni\u00f1o"},"content":{"rendered":"<p>La Casa del Ni\u00f1o \u201cMar\u00eda Elena Walsh\u201d recibi\u00f3 t\u00edteres y peluches confeccionados por abuelos del Hogar de Ancianos \u2018Adela Frizza\u2019 de Tornquist, en el marco de la celebraci\u00f3n del D\u00eda de la Ni\u00f1ez.<!--more--><\/p>\n<p>Los obsequios fueron entregados a la dependencia municipal por Alicia Pagalday, Ana Castro y Laura Flores, quienes expresaron la satisfacci\u00f3n que ten\u00edan los abuelos por la realizaci\u00f3n de los regalos.<\/p>\n<p><a data-flickr-embed=\"true\" href=\"https:\/\/www.flickr.com\/photos\/182279889@N02\/51374896055\/in\/dateposted-public\/\" title=\"WhatsApp Image 2021-08-12 at 10.35.19\"><img loading=\"lazy\" decoding=\"async\" src=\"https:\/\/live.staticflickr.com\/65535\/51374896055_1d3071709a_w.jpg\" width=\"300\" height=\"400\" alt=\"WhatsApp Image 2021-08-12 at 10.35.19\"><\/a><script async src=\"\/\/embedr.flickr.com\/assets\/client-code.js\" charset=\"utf-8\"><\/script><\/p>\n","protected":false},"excerpt":{"rendered":"<p>La Casa del Ni\u00f1o \u201cMar\u00eda Elena Walsh\u201d recibi\u00f3 t\u00edteres y peluches confeccionados por abuelos del Hogar de Ancianos \u2018Adela Frizza\u2019 de Tornquist, en el marco de la celebraci\u00f3n del D\u00eda de la Ni\u00f1ez.<\/p>\n","protected":false},"author":3,"featured_media":0,"comment_status":"closed","ping_status":"closed","sticky":false,"template":"","format":"standard","meta":{"footnotes":""},"categories":[28],"tags":[],"class_list":["post-61462","post","type-post","status-publish","format-standard","hentry","category-municipales"],"yoast_head":"<!-- This site is optimized with the Yoast SEO plugin v25.9 - https:\/\/yoast.com\/wordpress\/plugins\/seo\/ -->\n<title>Abuelos del hogar Adela Frizza confeccionaron peluches para la Casa del Ni\u00f1o - Noticias Radio Reflejos<\/title>\n<meta name=\"robots\" content=\"index, follow, max-snippet:-1, max-image-preview:large, max-video-preview:-1\" \/>\n<link rel=\"canonical\" href=\"https:\/\/www.noticiasradioreflejos.com.ar\/2021\/abuelos-del-hogar-adela-frizza-confeccionaron-peluches-para-la-casa-del-nino\/\" \/>\n<meta property=\"og:locale\" content=\"es_ES\" \/>\n<meta property=\"og:type\" content=\"article\" \/>\n<meta property=\"og:title\" content=\"Abuelos del hogar Adela Frizza confeccionaron peluches para la Casa del Ni\u00f1o - Noticias Radio Reflejos\" \/>\n<meta property=\"og:description\" content=\"La Casa del Ni\u00f1o \u201cMar\u00eda Elena Walsh\u201d recibi\u00f3 t\u00edteres y peluches confeccionados por abuelos del Hogar de Ancianos \u2018Adela Frizza\u2019 de Tornquist, en el marco de la celebraci\u00f3n del D\u00eda de la Ni\u00f1ez.\" \/>\n<meta property=\"og:url\" content=\"https:\/\/www.noticiasradioreflejos.com.ar\/2021\/abuelos-del-hogar-adela-frizza-confeccionaron-peluches-para-la-casa-del-nino\/\" \/>\n<meta property=\"og:site_name\" content=\"Noticias Radio Reflejos\" \/>\n<meta property=\"article:published_time\" content=\"2021-08-12T18:08:14+00:00\" \/>\n<meta property=\"og:image\" content=\"https:\/\/live.staticflickr.com\/65535\/51374896055_1d3071709a_w.jpg\" \/>\n<meta name=\"author\" content=\"Arnaldo Botto\" \/>\n<meta name=\"twitter:card\" content=\"summary_large_image\" \/>\n<script type=\"application\/ld+json\" class=\"yoast-schema-graph\">{\"@context\":\"https:\/\/schema.org\",\"@graph\":[{\"@type\":\"WebPage\",\"@id\":\"https:\/\/www.noticiasradioreflejos.com.ar\/2021\/abuelos-del-hogar-adela-frizza-confeccionaron-peluches-para-la-casa-del-nino\/\",\"url\":\"https:\/\/www.noticiasradioreflejos.com.ar\/2021\/abuelos-del-hogar-adela-frizza-confeccionaron-peluches-para-la-casa-del-nino\/\",\"name\":\"Abuelos del hogar Adela Frizza confeccionaron peluches para la Casa del Ni\u00f1o - Noticias Radio Reflejos\",\"isPartOf\":{\"@id\":\"https:\/\/www.noticiasradioreflejos.com.ar\/2021\/#website\"},\"primaryImageOfPage\":{\"@id\":\"https:\/\/www.noticiasradioreflejos.com.ar\/2021\/abuelos-del-hogar-adela-frizza-confeccionaron-peluches-para-la-casa-del-nino\/#primaryimage\"},\"image\":{\"@id\":\"https:\/\/www.noticiasradioreflejos.com.ar\/2021\/abuelos-del-hogar-adela-frizza-confeccionaron-peluches-para-la-casa-del-nino\/#primaryimage\"},\"thumbnailUrl\":\"https:\/\/live.staticflickr.com\/65535\/51374896055_1d3071709a_w.jpg\",\"datePublished\":\"2021-08-12T18:08:14+00:00\",\"author\":{\"@id\":\"https:\/\/www.noticiasradioreflejos.com.ar\/2021\/#\/schema\/person\/ad82545263dcc5ec0996818884fd5fb1\"},\"breadcrumb\":{\"@id\":\"https:\/\/www.noticiasradioreflejos.com.ar\/2021\/abuelos-del-hogar-adela-frizza-confeccionaron-peluches-para-la-casa-del-nino\/#breadcrumb\"},\"inLanguage\":\"es\",\"potentialAction\":[{\"@type\":\"ReadAction\",\"target\":[\"https:\/\/www.noticiasradioreflejos.com.ar\/2021\/abuelos-del-hogar-adela-frizza-confeccionaron-peluches-para-la-casa-del-nino\/\"]}]},{\"@type\":\"ImageObject\",\"inLanguage\":\"es\",\"@id\":\"https:\/\/www.noticiasradioreflejos.com.ar\/2021\/abuelos-del-hogar-adela-frizza-confeccionaron-peluches-para-la-casa-del-nino\/#primaryimage\",\"url\":\"https:\/\/live.staticflickr.com\/65535\/51374896055_1d3071709a_w.jpg\",\"contentUrl\":\"https:\/\/live.staticflickr.com\/65535\/51374896055_1d3071709a_w.jpg\"},{\"@type\":\"BreadcrumbList\",\"@id\":\"https:\/\/www.noticiasradioreflejos.com.ar\/2021\/abuelos-del-hogar-adela-frizza-confeccionaron-peluches-para-la-casa-del-nino\/#breadcrumb\",\"itemListElement\":[{\"@type\":\"ListItem\",\"position\":1,\"name\":\"Portada\",\"item\":\"https:\/\/www.noticiasradioreflejos.com.ar\/2021\/\"},{\"@type\":\"ListItem\",\"position\":2,\"name\":\"Abuelos del hogar Adela Frizza confeccionaron peluches para la Casa del Ni\u00f1o\"}]},{\"@type\":\"WebSite\",\"@id\":\"https:\/\/www.noticiasradioreflejos.com.ar\/2021\/#website\",\"url\":\"https:\/\/www.noticiasradioreflejos.com.ar\/2021\/\",\"name\":\"Noticias Radio Reflejos\",\"description\":\"Las noticias de mi comarca\",\"potentialAction\":[{\"@type\":\"SearchAction\",\"target\":{\"@type\":\"EntryPoint\",\"urlTemplate\":\"https:\/\/www.noticiasradioreflejos.com.ar\/2021\/?s={search_term_string}\"},\"query-input\":{\"@type\":\"PropertyValueSpecification\",\"valueRequired\":true,\"valueName\":\"search_term_string\"}}],\"inLanguage\":\"es\"},{\"@type\":\"Person\",\"@id\":\"https:\/\/www.noticiasradioreflejos.com.ar\/2021\/#\/schema\/person\/ad82545263dcc5ec0996818884fd5fb1\",\"name\":\"Arnaldo Botto\",\"image\":{\"@type\":\"ImageObject\",\"inLanguage\":\"es\",\"@id\":\"https:\/\/www.noticiasradioreflejos.com.ar\/2021\/#\/schema\/person\/image\/\",\"url\":\"https:\/\/secure.gravatar.com\/avatar\/55cb5e37c1efa326397366e6974cb338056df65cb50e7d64d1cf314e87504837?s=96&d=mm&r=g\",\"contentUrl\":\"https:\/\/secure.gravatar.com\/avatar\/55cb5e37c1efa326397366e6974cb338056df65cb50e7d64d1cf314e87504837?s=96&d=mm&r=g\",\"caption\":\"Arnaldo Botto\"},\"url\":\"https:\/\/www.noticiasradioreflejos.com.ar\/2021\/author\/arnaldo\/\"}]}<\/script>\n<!-- \/ Yoast SEO plugin. -->","yoast_head_json":{"title":"Abuelos del hogar Adela Frizza confeccionaron peluches para la Casa del Ni\u00f1o - Noticias Radio Reflejos","robots":{"index":"index","follow":"follow","max-snippet":"max-snippet:-1","max-image-preview":"max-image-preview:large","max-video-preview":"max-video-preview:-1"},"canonical":"https:\/\/www.noticiasradioreflejos.com.ar\/2021\/abuelos-del-hogar-adela-frizza-confeccionaron-peluches-para-la-casa-del-nino\/","og_locale":"es_ES","og_type":"article","og_title":"Abuelos del hogar Adela Frizza confeccionaron peluches para la Casa del Ni\u00f1o - Noticias Radio Reflejos","og_description":"La Casa del Ni\u00f1o \u201cMar\u00eda Elena Walsh\u201d recibi\u00f3 t\u00edteres y peluches confeccionados por abuelos del Hogar de Ancianos \u2018Adela Frizza\u2019 de Tornquist, en el marco de la celebraci\u00f3n del D\u00eda de la Ni\u00f1ez.","og_url":"https:\/\/www.noticiasradioreflejos.com.ar\/2021\/abuelos-del-hogar-adela-frizza-confeccionaron-peluches-para-la-casa-del-nino\/","og_site_name":"Noticias Radio Reflejos","article_published_time":"2021-08-12T18:08:14+00:00","og_image":[{"url":"https:\/\/live.staticflickr.com\/65535\/51374896055_1d3071709a_w.jpg","type":"","width":"","height":""}],"author":"Arnaldo Botto","twitter_card":"summary_large_image","schema":{"@context":"https:\/\/schema.org","@graph":[{"@type":"WebPage","@id":"https:\/\/www.noticiasradioreflejos.com.ar\/2021\/abuelos-del-hogar-adela-frizza-confeccionaron-peluches-para-la-casa-del-nino\/","url":"https:\/\/www.noticiasradioreflejos.com.ar\/2021\/abuelos-del-hogar-adela-frizza-confeccionaron-peluches-para-la-casa-del-nino\/","name":"Abuelos del hogar Adela Frizza confeccionaron peluches para la Casa del Ni\u00f1o - Noticias Radio Reflejos","isPartOf":{"@id":"https:\/\/www.noticiasradioreflejos.com.ar\/2021\/#website"},"primaryImageOfPage":{"@id":"https:\/\/www.noticiasradioreflejos.com.ar\/2021\/abuelos-del-hogar-adela-frizza-confeccionaron-peluches-para-la-casa-del-nino\/#primaryimage"},"image":{"@id":"https:\/\/www.noticiasradioreflejos.com.ar\/2021\/abuelos-del-hogar-adela-frizza-confeccionaron-peluches-para-la-casa-del-nino\/#primaryimage"},"thumbnailUrl":"https:\/\/live.staticflickr.com\/65535\/51374896055_1d3071709a_w.jpg","datePublished":"2021-08-12T18:08:14+00:00","author":{"@id":"https:\/\/www.noticiasradioreflejos.com.ar\/2021\/#\/schema\/person\/ad82545263dcc5ec0996818884fd5fb1"},"breadcrumb":{"@id":"https:\/\/www.noticiasradioreflejos.com.ar\/2021\/abuelos-del-hogar-adela-frizza-confeccionaron-peluches-para-la-casa-del-nino\/#breadcrumb"},"inLanguage":"es","potentialAction":[{"@type":"ReadAction","target":["https:\/\/www.noticiasradioreflejos.com.ar\/2021\/abuelos-del-hogar-adela-frizza-confeccionaron-peluches-para-la-casa-del-nino\/"]}]},{"@type":"ImageObject","inLanguage":"es","@id":"https:\/\/www.noticiasradioreflejos.com.ar\/2021\/abuelos-del-hogar-adela-frizza-confeccionaron-peluches-para-la-casa-del-nino\/#primaryimage","url":"https:\/\/live.staticflickr.com\/65535\/51374896055_1d3071709a_w.jpg","contentUrl":"https:\/\/live.staticflickr.com\/65535\/51374896055_1d3071709a_w.jpg"},{"@type":"BreadcrumbList","@id":"https:\/\/www.noticiasradioreflejos.com.ar\/2021\/abuelos-del-hogar-adela-frizza-confeccionaron-peluches-para-la-casa-del-nino\/#breadcrumb","itemListElement":[{"@type":"ListItem","position":1,"name":"Portada","item":"https:\/\/www.noticiasradioreflejos.com.ar\/2021\/"},{"@type":"ListItem","position":2,"name":"Abuelos del hogar Adela Frizza confeccionaron peluches para la Casa del Ni\u00f1o"}]},{"@type":"WebSite","@id":"https:\/\/www.noticiasradioreflejos.com.ar\/2021\/#website","url":"https:\/\/www.noticiasradioreflejos.com.ar\/2021\/","name":"Noticias Radio Reflejos","description":"Las noticias de mi comarca","potentialAction":[{"@type":"SearchAction","target":{"@type":"EntryPoint","urlTemplate":"https:\/\/www.noticiasradioreflejos.com.ar\/2021\/?s={search_term_string}"},"query-input":{"@type":"PropertyValueSpecification","valueRequired":true,"valueName":"search_term_string"}}],"inLanguage":"es"},{"@type":"Person","@id":"https:\/\/www.noticiasradioreflejos.com.ar\/2021\/#\/schema\/person\/ad82545263dcc5ec0996818884fd5fb1","name":"Arnaldo Botto","image":{"@type":"ImageObject","inLanguage":"es","@id":"https:\/\/www.noticiasradioreflejos.com.ar\/2021\/#\/schema\/person\/image\/","url":"https:\/\/secure.gravatar.com\/avatar\/55cb5e37c1efa326397366e6974cb338056df65cb50e7d64d1cf314e87504837?s=96&d=mm&r=g","contentUrl":"https:\/\/secure.gravatar.com\/avatar\/55cb5e37c1efa326397366e6974cb338056df65cb50e7d64d1cf314e87504837?s=96&d=mm&r=g","caption":"Arnaldo Botto"},"url":"https:\/\/www.noticiasradioreflejos.com.ar\/2021\/author\/arnaldo\/"}]}},"_links":{"self":[{"href":"https:\/\/www.noticiasradioreflejos.com.ar\/2021\/wp-json\/wp\/v2\/posts\/61462","targetHints":{"allow":["GET"]}}],"collection":[{"href":"https:\/\/www.noticiasradioreflejos.com.ar\/2021\/wp-json\/wp\/v2\/posts"}],"about":[{"href":"https:\/\/www.noticiasradioreflejos.com.ar\/2021\/wp-json\/wp\/v2\/types\/post"}],"author":[{"embeddable":true,"href":"https:\/\/www.noticiasradioreflejos.com.ar\/2021\/wp-json\/wp\/v2\/users\/3"}],"replies":[{"embeddable":true,"href":"https:\/\/www.noticiasradioreflejos.com.ar\/2021\/wp-json\/wp\/v2\/comments?post=61462"}],"version-history":[{"count":1,"href":"https:\/\/www.noticiasradioreflejos.com.ar\/2021\/wp-json\/wp\/v2\/posts\/61462\/revisions"}],"predecessor-version":[{"id":61464,"href":"https:\/\/www.noticiasradioreflejos.com.ar\/2021\/wp-json\/wp\/v2\/posts\/61462\/revisions\/61464"}],"wp:attachment":[{"href":"https:\/\/www.noticiasradioreflejos.com.ar\/2021\/wp-json\/wp\/v2\/media?parent=61462"}],"wp:term":[{"taxonomy":"category","embeddable":true,"href":"https:\/\/www.noticiasradioreflejos.com.ar\/2021\/wp-json\/wp\/v2\/categories?post=61462"},{"taxonomy":"post_tag","embeddable":true,"href":"https:\/\/www.noticiasradioreflejos.com.ar\/2021\/wp-json\/wp\/v2\/tags?post=61462"}],"curies":[{"name":"wp","href":"https:\/\/api.w.org\/{rel}","templated":true}]}}