{"id":61445,"date":"2021-08-12T13:46:58","date_gmt":"2021-08-12T13:46:58","guid":{"rendered":"http:\/\/www.noticiasradioreflejos.com.ar\/2021\/?p=61445"},"modified":"2021-08-12T14:07:29","modified_gmt":"2021-08-12T14:07:29","slug":"un-camionero-de-tornquist-protagonizo-un-choque-en-choele-choel-donde-muere-un-empresario","status":"publish","type":"post","link":"https:\/\/www.noticiasradioreflejos.com.ar\/2021\/un-camionero-de-tornquist-protagonizo-un-choque-en-choele-choel-donde-muere-un-empresario\/","title":{"rendered":"Un Camionero de Tornquist protagoniz\u00f3 un choque en Choele Choel donde muere un empresario"},"content":{"rendered":"<p>Un hombre falleci\u00f3 y su hija se encuentra grave luego de un accidente entre una camioneta y un cami\u00f3n en el kil\u00f3metro 1000 de la Ruta 22, entre Darwin y Choele Choel en la curva del monumento a la Campa\u00f1a del Desierto que se erige sobre la barda.<!--more--><\/p>\n<p><a data-flickr-embed=\"true\" href=\"https:\/\/www.flickr.com\/photos\/182279889@N02\/51373455036\/in\/dateposted-public\/\" title=\"Accidente en Choele\"><img loading=\"lazy\" decoding=\"async\" src=\"https:\/\/live.staticflickr.com\/65535\/51373455036_953d944352_c.jpg\" width=\"800\" height=\"600\" alt=\"Accidente en Choele\"><\/a><script async src=\"\/\/embedr.flickr.com\/assets\/client-code.js\" charset=\"utf-8\"><\/script><\/p>\n<div><strong>El accidente ocurri\u00f3 cerca de las 17 de ayer y fue semifrontal.<\/strong>\u00a0Los primeros indicios de los peritajes indican que el veh\u00edculo que llevaba destino direcci\u00f3n el Alto Valle, habr\u00eda invadido la mano del cami\u00f3n.<\/div>\n<div class=\"col--main\">\n<div class=\"newsfull__body\">\n<p><strong>El fallecido es Augusto Jos\u00e9 Ripoll<\/strong>, un conocido empresario vitivin\u00edcola de la zona. Viajaba en la camioneta junto a su hija de 10 a\u00f1os que est\u00e1 grave, internada en Cipolletti.<\/p>\n<p><strong>El cami\u00f3n transportaba metanol y se incendi\u00f3, por lo que debieron intervenir bomberos de ambas localidades.\u00a0<\/strong>Trabajaron durante m\u00e1s de dos horas para contener las llamas.<\/p>\n<p>&nbsp;<\/p>\n<figure class=\"wp-block-image size-large is-resized\"><img loading=\"lazy\" decoding=\"async\" class=\"wp-image-1917605\" src=\"https:\/\/www.rionegro.com.ar\/wp-content\/uploads\/2021\/08\/WhatsApp-Image-2021-08-11-at-20.35.59-1.jpeg?w=900\" alt=\"\" width=\"840\" height=\"493\" \/><figcaption>Tras el choque, el cami\u00f3n se prendi\u00f3 fuego. Foto: Gentileza<\/figcaption><\/figure>\n<p>El cami\u00f3n de la empresa de <strong>Log\u00edstica Cheyi<\/strong> viajaba desde Plaza Huincul a La Plata y era conducido por <strong>Consoli Diego Omar<\/strong> de 37 a\u00f1os. En sentido opuesto \u2013de Choele Choel a Darwin- iba una camioneta Volkswagen Amarok con el mencionado empresario al volante.<\/p>\n<p>Luego del choque sobre el carril del cami\u00f3n, Ripoll sali\u00f3 despedido del interior de la camioneta, lo que le habr\u00eda causado la muerte instant\u00e1nea, mientras que la peque\u00f1a que llevaba el cintur\u00f3n de seguridad puesto qued\u00f3 atrapada y debi\u00f3 ser extra\u00edda por los bomberos.<\/p>\n<p><strong>El camionero no recibi\u00f3 heridas, aunque por su estado de shock fue internado en el hospital de Choele Choel.<\/strong>\u00a0Los veh\u00edculos quedaron fuera de la cinta asf\u00e1lticas aunque el tr\u00e1nsito debi\u00f3 cortarse por un prolongado tiempo debido al fuego.<\/p>\n<figure class=\"wp-block-image size-large\"><img loading=\"lazy\" decoding=\"async\" class=\"wp-image-1917606\" src=\"https:\/\/www.rionegro.com.ar\/wp-content\/uploads\/2021\/08\/WhatsApp-Image-2021-08-11-at-20.35.58.jpeg?w=900\" alt=\"\" width=\"1280\" height=\"741\" \/><figcaption>A pesar de los espectacular del accidente, el conductor del cami\u00f3n no sufri\u00f3 heridas de gravedad. Foto: Gentileza<\/figcaption><\/figure>\n<p>No existe en esa zona un camino alternativo por lo que se formaron filas de varios kil\u00f3metros de veh\u00edculos mientras trabajaban los bomberos y se realizaban los peritajes.<\/p>\n<p><strong>Fuente RN<\/strong><\/p>\n","protected":false},"excerpt":{"rendered":"<p>Un hombre falleci\u00f3 y su hija se encuentra grave luego de un accidente entre una camioneta y un cami\u00f3n en el kil\u00f3metro 1000 de la Ruta 22, entre Darwin y Choele Choel en la curva del monumento a la Campa\u00f1a del Desierto que se erige sobre la barda.<\/p>\n","protected":false},"author":3,"featured_media":0,"comment_status":"closed","ping_status":"closed","sticky":false,"template":"","format":"standard","meta":{"footnotes":""},"categories":[29],"tags":[48],"class_list":["post-61445","post","type-post","status-publish","format-standard","hentry","category-policiales","tag-destacada"],"yoast_head":"<!-- This site is optimized with the Yoast SEO plugin v25.9 - https:\/\/yoast.com\/wordpress\/plugins\/seo\/ -->\n<title>Un Camionero de Tornquist protagoniz\u00f3 un choque en Choele Choel donde muere un empresario - Noticias Radio Reflejos<\/title>\n<meta name=\"robots\" content=\"index, follow, max-snippet:-1, max-image-preview:large, max-video-preview:-1\" \/>\n<link rel=\"canonical\" href=\"https:\/\/www.noticiasradioreflejos.com.ar\/2021\/un-camionero-de-tornquist-protagonizo-un-choque-en-choele-choel-donde-muere-un-empresario\/\" \/>\n<meta property=\"og:locale\" content=\"es_ES\" \/>\n<meta property=\"og:type\" content=\"article\" \/>\n<meta property=\"og:title\" content=\"Un Camionero de Tornquist protagoniz\u00f3 un choque en Choele Choel donde muere un empresario - Noticias Radio Reflejos\" \/>\n<meta property=\"og:description\" content=\"Un hombre falleci\u00f3 y su hija se encuentra grave luego de un accidente entre una camioneta y un cami\u00f3n en el kil\u00f3metro 1000 de la Ruta 22, entre Darwin y Choele Choel en la curva del monumento a la Campa\u00f1a del Desierto que se erige sobre la barda.\" \/>\n<meta property=\"og:url\" content=\"https:\/\/www.noticiasradioreflejos.com.ar\/2021\/un-camionero-de-tornquist-protagonizo-un-choque-en-choele-choel-donde-muere-un-empresario\/\" \/>\n<meta property=\"og:site_name\" content=\"Noticias Radio Reflejos\" \/>\n<meta property=\"article:published_time\" content=\"2021-08-12T13:46:58+00:00\" \/>\n<meta property=\"article:modified_time\" content=\"2021-08-12T14:07:29+00:00\" \/>\n<meta property=\"og:image\" content=\"https:\/\/live.staticflickr.com\/65535\/51373455036_953d944352_c.jpg\" \/>\n<meta name=\"author\" content=\"Arnaldo Botto\" \/>\n<meta name=\"twitter:card\" content=\"summary_large_image\" \/>\n<script type=\"application\/ld+json\" class=\"yoast-schema-graph\">{\"@context\":\"https:\/\/schema.org\",\"@graph\":[{\"@type\":\"WebPage\",\"@id\":\"https:\/\/www.noticiasradioreflejos.com.ar\/2021\/un-camionero-de-tornquist-protagonizo-un-choque-en-choele-choel-donde-muere-un-empresario\/\",\"url\":\"https:\/\/www.noticiasradioreflejos.com.ar\/2021\/un-camionero-de-tornquist-protagonizo-un-choque-en-choele-choel-donde-muere-un-empresario\/\",\"name\":\"Un Camionero de Tornquist protagoniz\u00f3 un choque en Choele Choel donde muere un empresario - Noticias Radio Reflejos\",\"isPartOf\":{\"@id\":\"https:\/\/www.noticiasradioreflejos.com.ar\/2021\/#website\"},\"primaryImageOfPage\":{\"@id\":\"https:\/\/www.noticiasradioreflejos.com.ar\/2021\/un-camionero-de-tornquist-protagonizo-un-choque-en-choele-choel-donde-muere-un-empresario\/#primaryimage\"},\"image\":{\"@id\":\"https:\/\/www.noticiasradioreflejos.com.ar\/2021\/un-camionero-de-tornquist-protagonizo-un-choque-en-choele-choel-donde-muere-un-empresario\/#primaryimage\"},\"thumbnailUrl\":\"https:\/\/live.staticflickr.com\/65535\/51373455036_953d944352_c.jpg\",\"datePublished\":\"2021-08-12T13:46:58+00:00\",\"dateModified\":\"2021-08-12T14:07:29+00:00\",\"author\":{\"@id\":\"https:\/\/www.noticiasradioreflejos.com.ar\/2021\/#\/schema\/person\/ad82545263dcc5ec0996818884fd5fb1\"},\"breadcrumb\":{\"@id\":\"https:\/\/www.noticiasradioreflejos.com.ar\/2021\/un-camionero-de-tornquist-protagonizo-un-choque-en-choele-choel-donde-muere-un-empresario\/#breadcrumb\"},\"inLanguage\":\"es\",\"potentialAction\":[{\"@type\":\"ReadAction\",\"target\":[\"https:\/\/www.noticiasradioreflejos.com.ar\/2021\/un-camionero-de-tornquist-protagonizo-un-choque-en-choele-choel-donde-muere-un-empresario\/\"]}]},{\"@type\":\"ImageObject\",\"inLanguage\":\"es\",\"@id\":\"https:\/\/www.noticiasradioreflejos.com.ar\/2021\/un-camionero-de-tornquist-protagonizo-un-choque-en-choele-choel-donde-muere-un-empresario\/#primaryimage\",\"url\":\"https:\/\/live.staticflickr.com\/65535\/51373455036_953d944352_c.jpg\",\"contentUrl\":\"https:\/\/live.staticflickr.com\/65535\/51373455036_953d944352_c.jpg\"},{\"@type\":\"BreadcrumbList\",\"@id\":\"https:\/\/www.noticiasradioreflejos.com.ar\/2021\/un-camionero-de-tornquist-protagonizo-un-choque-en-choele-choel-donde-muere-un-empresario\/#breadcrumb\",\"itemListElement\":[{\"@type\":\"ListItem\",\"position\":1,\"name\":\"Portada\",\"item\":\"https:\/\/www.noticiasradioreflejos.com.ar\/2021\/\"},{\"@type\":\"ListItem\",\"position\":2,\"name\":\"Un Camionero de Tornquist protagoniz\u00f3 un choque en Choele Choel donde muere un empresario\"}]},{\"@type\":\"WebSite\",\"@id\":\"https:\/\/www.noticiasradioreflejos.com.ar\/2021\/#website\",\"url\":\"https:\/\/www.noticiasradioreflejos.com.ar\/2021\/\",\"name\":\"Noticias Radio Reflejos\",\"description\":\"Las noticias de mi comarca\",\"potentialAction\":[{\"@type\":\"SearchAction\",\"target\":{\"@type\":\"EntryPoint\",\"urlTemplate\":\"https:\/\/www.noticiasradioreflejos.com.ar\/2021\/?s={search_term_string}\"},\"query-input\":{\"@type\":\"PropertyValueSpecification\",\"valueRequired\":true,\"valueName\":\"search_term_string\"}}],\"inLanguage\":\"es\"},{\"@type\":\"Person\",\"@id\":\"https:\/\/www.noticiasradioreflejos.com.ar\/2021\/#\/schema\/person\/ad82545263dcc5ec0996818884fd5fb1\",\"name\":\"Arnaldo Botto\",\"image\":{\"@type\":\"ImageObject\",\"inLanguage\":\"es\",\"@id\":\"https:\/\/www.noticiasradioreflejos.com.ar\/2021\/#\/schema\/person\/image\/\",\"url\":\"https:\/\/secure.gravatar.com\/avatar\/55cb5e37c1efa326397366e6974cb338056df65cb50e7d64d1cf314e87504837?s=96&d=mm&r=g\",\"contentUrl\":\"https:\/\/secure.gravatar.com\/avatar\/55cb5e37c1efa326397366e6974cb338056df65cb50e7d64d1cf314e87504837?s=96&d=mm&r=g\",\"caption\":\"Arnaldo Botto\"},\"url\":\"https:\/\/www.noticiasradioreflejos.com.ar\/2021\/author\/arnaldo\/\"}]}<\/script>\n<!-- \/ Yoast SEO plugin. -->","yoast_head_json":{"title":"Un Camionero de Tornquist protagoniz\u00f3 un choque en Choele Choel donde muere un empresario - Noticias Radio Reflejos","robots":{"index":"index","follow":"follow","max-snippet":"max-snippet:-1","max-image-preview":"max-image-preview:large","max-video-preview":"max-video-preview:-1"},"canonical":"https:\/\/www.noticiasradioreflejos.com.ar\/2021\/un-camionero-de-tornquist-protagonizo-un-choque-en-choele-choel-donde-muere-un-empresario\/","og_locale":"es_ES","og_type":"article","og_title":"Un Camionero de Tornquist protagoniz\u00f3 un choque en Choele Choel donde muere un empresario - Noticias Radio Reflejos","og_description":"Un hombre falleci\u00f3 y su hija se encuentra grave luego de un accidente entre una camioneta y un cami\u00f3n en el kil\u00f3metro 1000 de la Ruta 22, entre Darwin y Choele Choel en la curva del monumento a la Campa\u00f1a del Desierto que se erige sobre la barda.","og_url":"https:\/\/www.noticiasradioreflejos.com.ar\/2021\/un-camionero-de-tornquist-protagonizo-un-choque-en-choele-choel-donde-muere-un-empresario\/","og_site_name":"Noticias Radio Reflejos","article_published_time":"2021-08-12T13:46:58+00:00","article_modified_time":"2021-08-12T14:07:29+00:00","og_image":[{"url":"https:\/\/live.staticflickr.com\/65535\/51373455036_953d944352_c.jpg","type":"","width":"","height":""}],"author":"Arnaldo Botto","twitter_card":"summary_large_image","schema":{"@context":"https:\/\/schema.org","@graph":[{"@type":"WebPage","@id":"https:\/\/www.noticiasradioreflejos.com.ar\/2021\/un-camionero-de-tornquist-protagonizo-un-choque-en-choele-choel-donde-muere-un-empresario\/","url":"https:\/\/www.noticiasradioreflejos.com.ar\/2021\/un-camionero-de-tornquist-protagonizo-un-choque-en-choele-choel-donde-muere-un-empresario\/","name":"Un Camionero de Tornquist protagoniz\u00f3 un choque en Choele Choel donde muere un empresario - Noticias Radio Reflejos","isPartOf":{"@id":"https:\/\/www.noticiasradioreflejos.com.ar\/2021\/#website"},"primaryImageOfPage":{"@id":"https:\/\/www.noticiasradioreflejos.com.ar\/2021\/un-camionero-de-tornquist-protagonizo-un-choque-en-choele-choel-donde-muere-un-empresario\/#primaryimage"},"image":{"@id":"https:\/\/www.noticiasradioreflejos.com.ar\/2021\/un-camionero-de-tornquist-protagonizo-un-choque-en-choele-choel-donde-muere-un-empresario\/#primaryimage"},"thumbnailUrl":"https:\/\/live.staticflickr.com\/65535\/51373455036_953d944352_c.jpg","datePublished":"2021-08-12T13:46:58+00:00","dateModified":"2021-08-12T14:07:29+00:00","author":{"@id":"https:\/\/www.noticiasradioreflejos.com.ar\/2021\/#\/schema\/person\/ad82545263dcc5ec0996818884fd5fb1"},"breadcrumb":{"@id":"https:\/\/www.noticiasradioreflejos.com.ar\/2021\/un-camionero-de-tornquist-protagonizo-un-choque-en-choele-choel-donde-muere-un-empresario\/#breadcrumb"},"inLanguage":"es","potentialAction":[{"@type":"ReadAction","target":["https:\/\/www.noticiasradioreflejos.com.ar\/2021\/un-camionero-de-tornquist-protagonizo-un-choque-en-choele-choel-donde-muere-un-empresario\/"]}]},{"@type":"ImageObject","inLanguage":"es","@id":"https:\/\/www.noticiasradioreflejos.com.ar\/2021\/un-camionero-de-tornquist-protagonizo-un-choque-en-choele-choel-donde-muere-un-empresario\/#primaryimage","url":"https:\/\/live.staticflickr.com\/65535\/51373455036_953d944352_c.jpg","contentUrl":"https:\/\/live.staticflickr.com\/65535\/51373455036_953d944352_c.jpg"},{"@type":"BreadcrumbList","@id":"https:\/\/www.noticiasradioreflejos.com.ar\/2021\/un-camionero-de-tornquist-protagonizo-un-choque-en-choele-choel-donde-muere-un-empresario\/#breadcrumb","itemListElement":[{"@type":"ListItem","position":1,"name":"Portada","item":"https:\/\/www.noticiasradioreflejos.com.ar\/2021\/"},{"@type":"ListItem","position":2,"name":"Un Camionero de Tornquist protagoniz\u00f3 un choque en Choele Choel donde muere un empresario"}]},{"@type":"WebSite","@id":"https:\/\/www.noticiasradioreflejos.com.ar\/2021\/#website","url":"https:\/\/www.noticiasradioreflejos.com.ar\/2021\/","name":"Noticias Radio Reflejos","description":"Las noticias de mi comarca","potentialAction":[{"@type":"SearchAction","target":{"@type":"EntryPoint","urlTemplate":"https:\/\/www.noticiasradioreflejos.com.ar\/2021\/?s={search_term_string}"},"query-input":{"@type":"PropertyValueSpecification","valueRequired":true,"valueName":"search_term_string"}}],"inLanguage":"es"},{"@type":"Person","@id":"https:\/\/www.noticiasradioreflejos.com.ar\/2021\/#\/schema\/person\/ad82545263dcc5ec0996818884fd5fb1","name":"Arnaldo Botto","image":{"@type":"ImageObject","inLanguage":"es","@id":"https:\/\/www.noticiasradioreflejos.com.ar\/2021\/#\/schema\/person\/image\/","url":"https:\/\/secure.gravatar.com\/avatar\/55cb5e37c1efa326397366e6974cb338056df65cb50e7d64d1cf314e87504837?s=96&d=mm&r=g","contentUrl":"https:\/\/secure.gravatar.com\/avatar\/55cb5e37c1efa326397366e6974cb338056df65cb50e7d64d1cf314e87504837?s=96&d=mm&r=g","caption":"Arnaldo Botto"},"url":"https:\/\/www.noticiasradioreflejos.com.ar\/2021\/author\/arnaldo\/"}]}},"_links":{"self":[{"href":"https:\/\/www.noticiasradioreflejos.com.ar\/2021\/wp-json\/wp\/v2\/posts\/61445","targetHints":{"allow":["GET"]}}],"collection":[{"href":"https:\/\/www.noticiasradioreflejos.com.ar\/2021\/wp-json\/wp\/v2\/posts"}],"about":[{"href":"https:\/\/www.noticiasradioreflejos.com.ar\/2021\/wp-json\/wp\/v2\/types\/post"}],"author":[{"embeddable":true,"href":"https:\/\/www.noticiasradioreflejos.com.ar\/2021\/wp-json\/wp\/v2\/users\/3"}],"replies":[{"embeddable":true,"href":"https:\/\/www.noticiasradioreflejos.com.ar\/2021\/wp-json\/wp\/v2\/comments?post=61445"}],"version-history":[{"count":2,"href":"https:\/\/www.noticiasradioreflejos.com.ar\/2021\/wp-json\/wp\/v2\/posts\/61445\/revisions"}],"predecessor-version":[{"id":61448,"href":"https:\/\/www.noticiasradioreflejos.com.ar\/2021\/wp-json\/wp\/v2\/posts\/61445\/revisions\/61448"}],"wp:attachment":[{"href":"https:\/\/www.noticiasradioreflejos.com.ar\/2021\/wp-json\/wp\/v2\/media?parent=61445"}],"wp:term":[{"taxonomy":"category","embeddable":true,"href":"https:\/\/www.noticiasradioreflejos.com.ar\/2021\/wp-json\/wp\/v2\/categories?post=61445"},{"taxonomy":"post_tag","embeddable":true,"href":"https:\/\/www.noticiasradioreflejos.com.ar\/2021\/wp-json\/wp\/v2\/tags?post=61445"}],"curies":[{"name":"wp","href":"https:\/\/api.w.org\/{rel}","templated":true}]}}