{"id":61437,"date":"2021-08-12T12:00:07","date_gmt":"2021-08-12T12:00:07","guid":{"rendered":"http:\/\/www.noticiasradioreflejos.com.ar\/2021\/?p=61437"},"modified":"2021-08-12T12:32:25","modified_gmt":"2021-08-12T12:32:25","slug":"sierras-heladas-amanecer-con-3-5","status":"publish","type":"post","link":"https:\/\/www.noticiasradioreflejos.com.ar\/2021\/sierras-heladas-amanecer-con-3-5\/","title":{"rendered":"Sierras heladas: Amanecer con -3.5\u00b0"},"content":{"rendered":"<p>Tal como se pronostic\u00f3 durante esta semana, la ma\u00f1ana de este jueves 12 de agosto tuvo la temperatura m\u00e1s baja del a\u00f1o acompa\u00f1ada por una fuerte helada que blanque\u00f3 todo el paisaje.<!--more--><\/p>\n<p><a title=\"Helada 12 de agosto\" href=\"https:\/\/www.flickr.com\/photos\/182279889@N02\/51374040014\/in\/dateposted-public\/\" data-flickr-embed=\"true\"><img loading=\"lazy\" decoding=\"async\" src=\"https:\/\/live.staticflickr.com\/65535\/51374040014_c5a3244972_c.jpg\" alt=\"Helada 12 de agosto\" width=\"800\" height=\"645\" \/><\/a><script async src=\"\/\/embedr.flickr.com\/assets\/client-code.js\" charset=\"utf-8\"><\/script><\/p>\n<p>Exactamente a las 7,23 hs de este jueves 12 de agosto se produjo la temperatura m\u00e1s baja del a\u00f1o, cunado el term\u00f3metro marc\u00f3 -3.5\u00b0 y la sensaci\u00f3n t\u00e9rmica alcanzo los -5.6\u00b0. La zona urbana de Sierra de la Ventana amaneci\u00f3 totalmente blanqueada por la fuerte helada, tal como lo registran las fotos que publicamos.<\/p>\n<p>Para hoy se espera una m\u00e1xima de 12\u00b0 con vientos muy suaves del NO y cielo despejado. A partir de ma\u00f1ana viernes, las temperaturas m\u00ednimas se ubicar\u00e1n por encima del 0\u00b0, y las m\u00e1ximas comienzan a subir paulatinamente para alcanzar el domingo hasta los 20\u00b0.<\/p>\n<p><a title=\"WhatsApp Image 2021-08-12 at 09.01.18\" href=\"https:\/\/www.flickr.com\/photos\/182279889@N02\/51374061049\/in\/dateposted-public\/\" data-flickr-embed=\"true\"><img loading=\"lazy\" decoding=\"async\" src=\"https:\/\/live.staticflickr.com\/65535\/51374061049_71b98e8bf4_c.jpg\" alt=\"WhatsApp Image 2021-08-12 at 09.01.18\" width=\"774\" height=\"720\" \/><\/a><script async src=\"\/\/embedr.flickr.com\/assets\/client-code.js\" charset=\"utf-8\"><\/script><\/p>\n<p><span style=\"color: #ff9900;\"><em>Fotos de la Secretar\u00eda de turismo de Tornquist.<\/em><\/span><\/p>\n","protected":false},"excerpt":{"rendered":"<p>Tal como se pronostic\u00f3 durante esta semana, la ma\u00f1ana de este jueves 12 de agosto tuvo la temperatura m\u00e1s baja del a\u00f1o acompa\u00f1ada por una fuerte helada que blanque\u00f3 todo el paisaje.<\/p>\n","protected":false},"author":3,"featured_media":0,"comment_status":"closed","ping_status":"closed","sticky":false,"template":"","format":"standard","meta":{"footnotes":""},"categories":[26,33],"tags":[48],"class_list":["post-61437","post","type-post","status-publish","format-standard","hentry","category-sociedad","category-turismo","tag-destacada"],"yoast_head":"<!-- This site is optimized with the Yoast SEO plugin v25.9 - https:\/\/yoast.com\/wordpress\/plugins\/seo\/ -->\n<title>Sierras heladas: Amanecer con -3.5\u00b0 - Noticias Radio Reflejos<\/title>\n<meta name=\"robots\" content=\"index, follow, max-snippet:-1, max-image-preview:large, max-video-preview:-1\" \/>\n<link rel=\"canonical\" href=\"https:\/\/www.noticiasradioreflejos.com.ar\/2021\/sierras-heladas-amanecer-con-3-5\/\" \/>\n<meta property=\"og:locale\" content=\"es_ES\" \/>\n<meta property=\"og:type\" content=\"article\" \/>\n<meta property=\"og:title\" content=\"Sierras heladas: Amanecer con -3.5\u00b0 - Noticias Radio Reflejos\" \/>\n<meta property=\"og:description\" content=\"Tal como se pronostic\u00f3 durante esta semana, la ma\u00f1ana de este jueves 12 de agosto tuvo la temperatura m\u00e1s baja del a\u00f1o acompa\u00f1ada por una fuerte helada que blanque\u00f3 todo el paisaje.\" \/>\n<meta property=\"og:url\" content=\"https:\/\/www.noticiasradioreflejos.com.ar\/2021\/sierras-heladas-amanecer-con-3-5\/\" \/>\n<meta property=\"og:site_name\" content=\"Noticias Radio Reflejos\" \/>\n<meta property=\"article:published_time\" content=\"2021-08-12T12:00:07+00:00\" \/>\n<meta property=\"article:modified_time\" content=\"2021-08-12T12:32:25+00:00\" \/>\n<meta property=\"og:image\" content=\"https:\/\/live.staticflickr.com\/65535\/51374040014_c5a3244972_c.jpg\" \/>\n<meta name=\"author\" content=\"Arnaldo Botto\" \/>\n<meta name=\"twitter:card\" content=\"summary_large_image\" \/>\n<script type=\"application\/ld+json\" class=\"yoast-schema-graph\">{\"@context\":\"https:\/\/schema.org\",\"@graph\":[{\"@type\":\"WebPage\",\"@id\":\"https:\/\/www.noticiasradioreflejos.com.ar\/2021\/sierras-heladas-amanecer-con-3-5\/\",\"url\":\"https:\/\/www.noticiasradioreflejos.com.ar\/2021\/sierras-heladas-amanecer-con-3-5\/\",\"name\":\"Sierras heladas: Amanecer con -3.5\u00b0 - Noticias Radio Reflejos\",\"isPartOf\":{\"@id\":\"https:\/\/www.noticiasradioreflejos.com.ar\/2021\/#website\"},\"primaryImageOfPage\":{\"@id\":\"https:\/\/www.noticiasradioreflejos.com.ar\/2021\/sierras-heladas-amanecer-con-3-5\/#primaryimage\"},\"image\":{\"@id\":\"https:\/\/www.noticiasradioreflejos.com.ar\/2021\/sierras-heladas-amanecer-con-3-5\/#primaryimage\"},\"thumbnailUrl\":\"https:\/\/live.staticflickr.com\/65535\/51374040014_c5a3244972_c.jpg\",\"datePublished\":\"2021-08-12T12:00:07+00:00\",\"dateModified\":\"2021-08-12T12:32:25+00:00\",\"author\":{\"@id\":\"https:\/\/www.noticiasradioreflejos.com.ar\/2021\/#\/schema\/person\/ad82545263dcc5ec0996818884fd5fb1\"},\"breadcrumb\":{\"@id\":\"https:\/\/www.noticiasradioreflejos.com.ar\/2021\/sierras-heladas-amanecer-con-3-5\/#breadcrumb\"},\"inLanguage\":\"es\",\"potentialAction\":[{\"@type\":\"ReadAction\",\"target\":[\"https:\/\/www.noticiasradioreflejos.com.ar\/2021\/sierras-heladas-amanecer-con-3-5\/\"]}]},{\"@type\":\"ImageObject\",\"inLanguage\":\"es\",\"@id\":\"https:\/\/www.noticiasradioreflejos.com.ar\/2021\/sierras-heladas-amanecer-con-3-5\/#primaryimage\",\"url\":\"https:\/\/live.staticflickr.com\/65535\/51374040014_c5a3244972_c.jpg\",\"contentUrl\":\"https:\/\/live.staticflickr.com\/65535\/51374040014_c5a3244972_c.jpg\"},{\"@type\":\"BreadcrumbList\",\"@id\":\"https:\/\/www.noticiasradioreflejos.com.ar\/2021\/sierras-heladas-amanecer-con-3-5\/#breadcrumb\",\"itemListElement\":[{\"@type\":\"ListItem\",\"position\":1,\"name\":\"Portada\",\"item\":\"https:\/\/www.noticiasradioreflejos.com.ar\/2021\/\"},{\"@type\":\"ListItem\",\"position\":2,\"name\":\"Sierras heladas: Amanecer con -3.5\u00b0\"}]},{\"@type\":\"WebSite\",\"@id\":\"https:\/\/www.noticiasradioreflejos.com.ar\/2021\/#website\",\"url\":\"https:\/\/www.noticiasradioreflejos.com.ar\/2021\/\",\"name\":\"Noticias Radio Reflejos\",\"description\":\"Las noticias de mi comarca\",\"potentialAction\":[{\"@type\":\"SearchAction\",\"target\":{\"@type\":\"EntryPoint\",\"urlTemplate\":\"https:\/\/www.noticiasradioreflejos.com.ar\/2021\/?s={search_term_string}\"},\"query-input\":{\"@type\":\"PropertyValueSpecification\",\"valueRequired\":true,\"valueName\":\"search_term_string\"}}],\"inLanguage\":\"es\"},{\"@type\":\"Person\",\"@id\":\"https:\/\/www.noticiasradioreflejos.com.ar\/2021\/#\/schema\/person\/ad82545263dcc5ec0996818884fd5fb1\",\"name\":\"Arnaldo Botto\",\"image\":{\"@type\":\"ImageObject\",\"inLanguage\":\"es\",\"@id\":\"https:\/\/www.noticiasradioreflejos.com.ar\/2021\/#\/schema\/person\/image\/\",\"url\":\"https:\/\/secure.gravatar.com\/avatar\/55cb5e37c1efa326397366e6974cb338056df65cb50e7d64d1cf314e87504837?s=96&d=mm&r=g\",\"contentUrl\":\"https:\/\/secure.gravatar.com\/avatar\/55cb5e37c1efa326397366e6974cb338056df65cb50e7d64d1cf314e87504837?s=96&d=mm&r=g\",\"caption\":\"Arnaldo Botto\"},\"url\":\"https:\/\/www.noticiasradioreflejos.com.ar\/2021\/author\/arnaldo\/\"}]}<\/script>\n<!-- \/ Yoast SEO plugin. -->","yoast_head_json":{"title":"Sierras heladas: Amanecer con -3.5\u00b0 - Noticias Radio Reflejos","robots":{"index":"index","follow":"follow","max-snippet":"max-snippet:-1","max-image-preview":"max-image-preview:large","max-video-preview":"max-video-preview:-1"},"canonical":"https:\/\/www.noticiasradioreflejos.com.ar\/2021\/sierras-heladas-amanecer-con-3-5\/","og_locale":"es_ES","og_type":"article","og_title":"Sierras heladas: Amanecer con -3.5\u00b0 - Noticias Radio Reflejos","og_description":"Tal como se pronostic\u00f3 durante esta semana, la ma\u00f1ana de este jueves 12 de agosto tuvo la temperatura m\u00e1s baja del a\u00f1o acompa\u00f1ada por una fuerte helada que blanque\u00f3 todo el paisaje.","og_url":"https:\/\/www.noticiasradioreflejos.com.ar\/2021\/sierras-heladas-amanecer-con-3-5\/","og_site_name":"Noticias Radio Reflejos","article_published_time":"2021-08-12T12:00:07+00:00","article_modified_time":"2021-08-12T12:32:25+00:00","og_image":[{"url":"https:\/\/live.staticflickr.com\/65535\/51374040014_c5a3244972_c.jpg","type":"","width":"","height":""}],"author":"Arnaldo Botto","twitter_card":"summary_large_image","schema":{"@context":"https:\/\/schema.org","@graph":[{"@type":"WebPage","@id":"https:\/\/www.noticiasradioreflejos.com.ar\/2021\/sierras-heladas-amanecer-con-3-5\/","url":"https:\/\/www.noticiasradioreflejos.com.ar\/2021\/sierras-heladas-amanecer-con-3-5\/","name":"Sierras heladas: Amanecer con -3.5\u00b0 - Noticias Radio Reflejos","isPartOf":{"@id":"https:\/\/www.noticiasradioreflejos.com.ar\/2021\/#website"},"primaryImageOfPage":{"@id":"https:\/\/www.noticiasradioreflejos.com.ar\/2021\/sierras-heladas-amanecer-con-3-5\/#primaryimage"},"image":{"@id":"https:\/\/www.noticiasradioreflejos.com.ar\/2021\/sierras-heladas-amanecer-con-3-5\/#primaryimage"},"thumbnailUrl":"https:\/\/live.staticflickr.com\/65535\/51374040014_c5a3244972_c.jpg","datePublished":"2021-08-12T12:00:07+00:00","dateModified":"2021-08-12T12:32:25+00:00","author":{"@id":"https:\/\/www.noticiasradioreflejos.com.ar\/2021\/#\/schema\/person\/ad82545263dcc5ec0996818884fd5fb1"},"breadcrumb":{"@id":"https:\/\/www.noticiasradioreflejos.com.ar\/2021\/sierras-heladas-amanecer-con-3-5\/#breadcrumb"},"inLanguage":"es","potentialAction":[{"@type":"ReadAction","target":["https:\/\/www.noticiasradioreflejos.com.ar\/2021\/sierras-heladas-amanecer-con-3-5\/"]}]},{"@type":"ImageObject","inLanguage":"es","@id":"https:\/\/www.noticiasradioreflejos.com.ar\/2021\/sierras-heladas-amanecer-con-3-5\/#primaryimage","url":"https:\/\/live.staticflickr.com\/65535\/51374040014_c5a3244972_c.jpg","contentUrl":"https:\/\/live.staticflickr.com\/65535\/51374040014_c5a3244972_c.jpg"},{"@type":"BreadcrumbList","@id":"https:\/\/www.noticiasradioreflejos.com.ar\/2021\/sierras-heladas-amanecer-con-3-5\/#breadcrumb","itemListElement":[{"@type":"ListItem","position":1,"name":"Portada","item":"https:\/\/www.noticiasradioreflejos.com.ar\/2021\/"},{"@type":"ListItem","position":2,"name":"Sierras heladas: Amanecer con -3.5\u00b0"}]},{"@type":"WebSite","@id":"https:\/\/www.noticiasradioreflejos.com.ar\/2021\/#website","url":"https:\/\/www.noticiasradioreflejos.com.ar\/2021\/","name":"Noticias Radio Reflejos","description":"Las noticias de mi comarca","potentialAction":[{"@type":"SearchAction","target":{"@type":"EntryPoint","urlTemplate":"https:\/\/www.noticiasradioreflejos.com.ar\/2021\/?s={search_term_string}"},"query-input":{"@type":"PropertyValueSpecification","valueRequired":true,"valueName":"search_term_string"}}],"inLanguage":"es"},{"@type":"Person","@id":"https:\/\/www.noticiasradioreflejos.com.ar\/2021\/#\/schema\/person\/ad82545263dcc5ec0996818884fd5fb1","name":"Arnaldo Botto","image":{"@type":"ImageObject","inLanguage":"es","@id":"https:\/\/www.noticiasradioreflejos.com.ar\/2021\/#\/schema\/person\/image\/","url":"https:\/\/secure.gravatar.com\/avatar\/55cb5e37c1efa326397366e6974cb338056df65cb50e7d64d1cf314e87504837?s=96&d=mm&r=g","contentUrl":"https:\/\/secure.gravatar.com\/avatar\/55cb5e37c1efa326397366e6974cb338056df65cb50e7d64d1cf314e87504837?s=96&d=mm&r=g","caption":"Arnaldo Botto"},"url":"https:\/\/www.noticiasradioreflejos.com.ar\/2021\/author\/arnaldo\/"}]}},"_links":{"self":[{"href":"https:\/\/www.noticiasradioreflejos.com.ar\/2021\/wp-json\/wp\/v2\/posts\/61437","targetHints":{"allow":["GET"]}}],"collection":[{"href":"https:\/\/www.noticiasradioreflejos.com.ar\/2021\/wp-json\/wp\/v2\/posts"}],"about":[{"href":"https:\/\/www.noticiasradioreflejos.com.ar\/2021\/wp-json\/wp\/v2\/types\/post"}],"author":[{"embeddable":true,"href":"https:\/\/www.noticiasradioreflejos.com.ar\/2021\/wp-json\/wp\/v2\/users\/3"}],"replies":[{"embeddable":true,"href":"https:\/\/www.noticiasradioreflejos.com.ar\/2021\/wp-json\/wp\/v2\/comments?post=61437"}],"version-history":[{"count":3,"href":"https:\/\/www.noticiasradioreflejos.com.ar\/2021\/wp-json\/wp\/v2\/posts\/61437\/revisions"}],"predecessor-version":[{"id":61441,"href":"https:\/\/www.noticiasradioreflejos.com.ar\/2021\/wp-json\/wp\/v2\/posts\/61437\/revisions\/61441"}],"wp:attachment":[{"href":"https:\/\/www.noticiasradioreflejos.com.ar\/2021\/wp-json\/wp\/v2\/media?parent=61437"}],"wp:term":[{"taxonomy":"category","embeddable":true,"href":"https:\/\/www.noticiasradioreflejos.com.ar\/2021\/wp-json\/wp\/v2\/categories?post=61437"},{"taxonomy":"post_tag","embeddable":true,"href":"https:\/\/www.noticiasradioreflejos.com.ar\/2021\/wp-json\/wp\/v2\/tags?post=61437"}],"curies":[{"name":"wp","href":"https:\/\/api.w.org\/{rel}","templated":true}]}}