{"id":61434,"date":"2021-08-12T11:39:49","date_gmt":"2021-08-12T11:39:49","guid":{"rendered":"http:\/\/www.noticiasradioreflejos.com.ar\/2021\/?p=61434"},"modified":"2021-08-12T11:39:49","modified_gmt":"2021-08-12T11:39:49","slug":"como-son-los-creditos-a-tasa-cero-para-monotributistas","status":"publish","type":"post","link":"https:\/\/www.noticiasradioreflejos.com.ar\/2021\/como-son-los-creditos-a-tasa-cero-para-monotributistas\/","title":{"rendered":"C\u00f3mo son los cr\u00e9ditos a tasa cero para monotributistas"},"content":{"rendered":"<div class=\"head-content\">\n<div class=\"data\">\n<p>Los cr\u00e9ditos disponible ser\u00e1n de hasta $150.000 para m\u00e1s de 1 mill\u00f3n de monotributistas de todo el pa\u00eds, garantizados por el Ministerio de Desarrollo Productivo y se tramitar\u00e1n a trav\u00e9s de la p\u00e1gina web de la AFIP.<\/p>\n<\/div>\n<\/div>\n<p><!--more--><\/p>\n<div class=\"main-content-block\">\n<div class=\"main-box clearfix\">\n<div class=\"wrapper-main-section clearfix\">\n<div class=\"wrapper-editable-content\">\n<div class=\"editable-content clearfix\">\n<div id=\"image\" class=\"image\"><\/div>\n<p>La l\u00ednea de\u00a0<strong>cr\u00e9ditos a tasa cero<\/strong>\u00a0que el Gobierno nacional relanz\u00f3 este mi\u00e9rcoles estar\u00e1\u00a0<strong>disponible desde fines de agosto<\/strong>\u00a0para m\u00e1s de un\u00a0<strong>mill\u00f3n de monotributistas<\/strong>, que podr\u00e1n solicitar un monto de hasta $150.000, seg\u00fan su categor\u00eda, y devolverlo en un plazo de un a\u00f1o con seis meses de gracia.<\/p>\n<p>As\u00ed se anunci\u00f3 en Casa de Gobierno luego de la reuni\u00f3n de gabinete econ\u00f3mico que fue encabezada por el presidente\u00a0<strong>Alberto Fern\u00e1ndez<\/strong>, en la que se decidi\u00f3 retomar esta l\u00ednea de cr\u00e9ditos que en 2020, en medio de la pandemia, beneficio a alrededor de 500.000 monotributistas.<\/p>\n<p>Los pr\u00e9stamos se acreditar\u00e1n en un solo desembolso en la tarjeta de cr\u00e9dito de cada monotributista, el que contar\u00e1 con\u00a0<strong>6 meses de gracia<\/strong>\u00a0y deber\u00e1 realizar la devoluci\u00f3n en\u00a0<strong>12 cuotas sin intereses.<\/strong><\/p>\n<p>La posibilidad de solicitar un cr\u00e9dito a tasa cero estar\u00e1 habilitada a partir de\u00a0<strong>fines de agosto a trav\u00e9s de la web de la AFIP<\/strong>, y en esa instancia el sistema informar\u00e1 el monto m\u00e1ximo del cr\u00e9dito que depende de categor\u00eda de monotributo al 30 de junio.<\/p>\n<p>Es decir, que de acuerdo a la facturaci\u00f3n declarada por el trabajador monotributista podr\u00e1 solicitar un cr\u00e9dito de hasta\u00a0<strong>$90.000<\/strong>\u00a0para los de la Categor\u00eda A, de hasta\u00a0<strong>$120.000\u00a0<\/strong>para los de la categor\u00eda B y de hasta $150.000 para el resto.<\/p>\n<div class=\"auth\">Paso a paso c\u00f3mo acceder<\/div>\n<p>En la web de AFIP, a la que se deber\u00e1 ingresar con clave fiscal y elegir el servicio \u201c<strong>Cr\u00e9dito Tasa Cero<\/strong>\u201d, se visualizar\u00e1 si el contribuyente califica para solicitarlo y el monto del cr\u00e9dito que le corresponde de acuerdo a su categor\u00eda.<\/p>\n<p>Ah\u00ed deber\u00e1 seleccionar la entidad financiera donde est\u00e1 emitida su tarjeta de cr\u00e9dito para finalizar el tr\u00e1mite.<\/p>\n<p>Quienes hayan accedido a un Cr\u00e9dito a Tasa Cero el a\u00f1o pasado podr\u00e1n tramitar un nuevo pr\u00e9stamo en 2021, y en el caso de que el solicitante se encuentre en situaci\u00f3n de mora, la entidad financiera destinar\u00e1 una parte del nuevo cr\u00e9dito a cancelar el saldo adeudado del pr\u00e9stamo anterior.<\/p>\n<div class=\"auth\">Requisitos<\/div>\n<p>Entre los requisitos a cumplir se detall\u00f3 que el solicitante deber\u00e1 estar\u00a0<strong>adherido al monotributo<\/strong>\u00a0y no percibir un ingreso en relaci\u00f3n de dependencia, ni jubilaci\u00f3n, y\u00a0<strong>no prestar servicios al sector p\u00fablico<\/strong>, es decir, cuando al menos el 70 % de su facturaci\u00f3n fue emitida a favor de jurisdicciones o entidades del sector p\u00fablico.<\/p>\n<p>El beneficiario no debe estar en situaci\u00f3n 3, 4, 5 o 6 en la central de deudores del Banco Central, y no podr\u00e1 acceder al mercado libre de cambio ni concertar operaciones de venta en el pa\u00eds de t\u00edtulos con liquidaci\u00f3n en moneda extranjera.<\/p>\n<p>Tampoco podr\u00e1 ingresar en procesos de canjes de t\u00edtulos valores por otros activos externos o transferencias de los mismos a entidades depositarias del exterior.<\/p><\/div>\n<\/div>\n<\/div>\n<\/div>\n<\/div>\n","protected":false},"excerpt":{"rendered":"<p>Los cr\u00e9ditos disponible ser\u00e1n de hasta $150.000 para m\u00e1s de 1 mill\u00f3n de monotributistas de todo el pa\u00eds, garantizados por el Ministerio de Desarrollo Productivo y se tramitar\u00e1n a trav\u00e9s de la p\u00e1gina web de la AFIP.<\/p>\n","protected":false},"author":3,"featured_media":0,"comment_status":"closed","ping_status":"closed","sticky":false,"template":"","format":"standard","meta":{"footnotes":""},"categories":[36,24,26],"tags":[],"class_list":["post-61434","post","type-post","status-publish","format-standard","hentry","category-economia","category-politica","category-sociedad"],"yoast_head":"<!-- This site is optimized with the Yoast SEO plugin v25.9 - https:\/\/yoast.com\/wordpress\/plugins\/seo\/ -->\n<title>C\u00f3mo son los cr\u00e9ditos a tasa cero para monotributistas - Noticias Radio Reflejos<\/title>\n<meta name=\"robots\" content=\"index, follow, max-snippet:-1, max-image-preview:large, max-video-preview:-1\" \/>\n<link rel=\"canonical\" href=\"https:\/\/www.noticiasradioreflejos.com.ar\/2021\/como-son-los-creditos-a-tasa-cero-para-monotributistas\/\" \/>\n<meta property=\"og:locale\" content=\"es_ES\" \/>\n<meta property=\"og:type\" content=\"article\" \/>\n<meta property=\"og:title\" content=\"C\u00f3mo son los cr\u00e9ditos a tasa cero para monotributistas - Noticias Radio Reflejos\" \/>\n<meta property=\"og:description\" content=\"Los cr\u00e9ditos disponible ser\u00e1n de hasta $150.000 para m\u00e1s de 1 mill\u00f3n de monotributistas de todo el pa\u00eds, garantizados por el Ministerio de Desarrollo Productivo y se tramitar\u00e1n a trav\u00e9s de la p\u00e1gina web de la AFIP.\" \/>\n<meta property=\"og:url\" content=\"https:\/\/www.noticiasradioreflejos.com.ar\/2021\/como-son-los-creditos-a-tasa-cero-para-monotributistas\/\" \/>\n<meta property=\"og:site_name\" content=\"Noticias Radio Reflejos\" \/>\n<meta property=\"article:published_time\" content=\"2021-08-12T11:39:49+00:00\" \/>\n<meta property=\"og:image\" content=\"https:\/\/www.noticiasradioreflejos.com.ar\/2021\/wp-content\/uploads\/2021\/07\/logosol300x200.png\" \/>\n\t<meta property=\"og:image:width\" content=\"300\" \/>\n\t<meta property=\"og:image:height\" content=\"200\" \/>\n\t<meta property=\"og:image:type\" content=\"image\/png\" \/>\n<meta name=\"author\" content=\"Arnaldo Botto\" \/>\n<meta name=\"twitter:card\" content=\"summary_large_image\" \/>\n<script type=\"application\/ld+json\" class=\"yoast-schema-graph\">{\"@context\":\"https:\/\/schema.org\",\"@graph\":[{\"@type\":\"WebPage\",\"@id\":\"https:\/\/www.noticiasradioreflejos.com.ar\/2021\/como-son-los-creditos-a-tasa-cero-para-monotributistas\/\",\"url\":\"https:\/\/www.noticiasradioreflejos.com.ar\/2021\/como-son-los-creditos-a-tasa-cero-para-monotributistas\/\",\"name\":\"C\u00f3mo son los cr\u00e9ditos a tasa cero para monotributistas - Noticias Radio Reflejos\",\"isPartOf\":{\"@id\":\"https:\/\/www.noticiasradioreflejos.com.ar\/2021\/#website\"},\"datePublished\":\"2021-08-12T11:39:49+00:00\",\"author\":{\"@id\":\"https:\/\/www.noticiasradioreflejos.com.ar\/2021\/#\/schema\/person\/ad82545263dcc5ec0996818884fd5fb1\"},\"breadcrumb\":{\"@id\":\"https:\/\/www.noticiasradioreflejos.com.ar\/2021\/como-son-los-creditos-a-tasa-cero-para-monotributistas\/#breadcrumb\"},\"inLanguage\":\"es\",\"potentialAction\":[{\"@type\":\"ReadAction\",\"target\":[\"https:\/\/www.noticiasradioreflejos.com.ar\/2021\/como-son-los-creditos-a-tasa-cero-para-monotributistas\/\"]}]},{\"@type\":\"BreadcrumbList\",\"@id\":\"https:\/\/www.noticiasradioreflejos.com.ar\/2021\/como-son-los-creditos-a-tasa-cero-para-monotributistas\/#breadcrumb\",\"itemListElement\":[{\"@type\":\"ListItem\",\"position\":1,\"name\":\"Portada\",\"item\":\"https:\/\/www.noticiasradioreflejos.com.ar\/2021\/\"},{\"@type\":\"ListItem\",\"position\":2,\"name\":\"C\u00f3mo son los cr\u00e9ditos a tasa cero para monotributistas\"}]},{\"@type\":\"WebSite\",\"@id\":\"https:\/\/www.noticiasradioreflejos.com.ar\/2021\/#website\",\"url\":\"https:\/\/www.noticiasradioreflejos.com.ar\/2021\/\",\"name\":\"Noticias Radio Reflejos\",\"description\":\"Las noticias de mi comarca\",\"potentialAction\":[{\"@type\":\"SearchAction\",\"target\":{\"@type\":\"EntryPoint\",\"urlTemplate\":\"https:\/\/www.noticiasradioreflejos.com.ar\/2021\/?s={search_term_string}\"},\"query-input\":{\"@type\":\"PropertyValueSpecification\",\"valueRequired\":true,\"valueName\":\"search_term_string\"}}],\"inLanguage\":\"es\"},{\"@type\":\"Person\",\"@id\":\"https:\/\/www.noticiasradioreflejos.com.ar\/2021\/#\/schema\/person\/ad82545263dcc5ec0996818884fd5fb1\",\"name\":\"Arnaldo Botto\",\"image\":{\"@type\":\"ImageObject\",\"inLanguage\":\"es\",\"@id\":\"https:\/\/www.noticiasradioreflejos.com.ar\/2021\/#\/schema\/person\/image\/\",\"url\":\"https:\/\/secure.gravatar.com\/avatar\/55cb5e37c1efa326397366e6974cb338056df65cb50e7d64d1cf314e87504837?s=96&d=mm&r=g\",\"contentUrl\":\"https:\/\/secure.gravatar.com\/avatar\/55cb5e37c1efa326397366e6974cb338056df65cb50e7d64d1cf314e87504837?s=96&d=mm&r=g\",\"caption\":\"Arnaldo Botto\"},\"url\":\"https:\/\/www.noticiasradioreflejos.com.ar\/2021\/author\/arnaldo\/\"}]}<\/script>\n<!-- \/ Yoast SEO plugin. -->","yoast_head_json":{"title":"C\u00f3mo son los cr\u00e9ditos a tasa cero para monotributistas - Noticias Radio Reflejos","robots":{"index":"index","follow":"follow","max-snippet":"max-snippet:-1","max-image-preview":"max-image-preview:large","max-video-preview":"max-video-preview:-1"},"canonical":"https:\/\/www.noticiasradioreflejos.com.ar\/2021\/como-son-los-creditos-a-tasa-cero-para-monotributistas\/","og_locale":"es_ES","og_type":"article","og_title":"C\u00f3mo son los cr\u00e9ditos a tasa cero para monotributistas - Noticias Radio Reflejos","og_description":"Los cr\u00e9ditos disponible ser\u00e1n de hasta $150.000 para m\u00e1s de 1 mill\u00f3n de monotributistas de todo el pa\u00eds, garantizados por el Ministerio de Desarrollo Productivo y se tramitar\u00e1n a trav\u00e9s de la p\u00e1gina web de la AFIP.","og_url":"https:\/\/www.noticiasradioreflejos.com.ar\/2021\/como-son-los-creditos-a-tasa-cero-para-monotributistas\/","og_site_name":"Noticias Radio Reflejos","article_published_time":"2021-08-12T11:39:49+00:00","og_image":[{"width":300,"height":200,"url":"https:\/\/www.noticiasradioreflejos.com.ar\/2021\/wp-content\/uploads\/2021\/07\/logosol300x200.png","type":"image\/png"}],"author":"Arnaldo Botto","twitter_card":"summary_large_image","schema":{"@context":"https:\/\/schema.org","@graph":[{"@type":"WebPage","@id":"https:\/\/www.noticiasradioreflejos.com.ar\/2021\/como-son-los-creditos-a-tasa-cero-para-monotributistas\/","url":"https:\/\/www.noticiasradioreflejos.com.ar\/2021\/como-son-los-creditos-a-tasa-cero-para-monotributistas\/","name":"C\u00f3mo son los cr\u00e9ditos a tasa cero para monotributistas - Noticias Radio Reflejos","isPartOf":{"@id":"https:\/\/www.noticiasradioreflejos.com.ar\/2021\/#website"},"datePublished":"2021-08-12T11:39:49+00:00","author":{"@id":"https:\/\/www.noticiasradioreflejos.com.ar\/2021\/#\/schema\/person\/ad82545263dcc5ec0996818884fd5fb1"},"breadcrumb":{"@id":"https:\/\/www.noticiasradioreflejos.com.ar\/2021\/como-son-los-creditos-a-tasa-cero-para-monotributistas\/#breadcrumb"},"inLanguage":"es","potentialAction":[{"@type":"ReadAction","target":["https:\/\/www.noticiasradioreflejos.com.ar\/2021\/como-son-los-creditos-a-tasa-cero-para-monotributistas\/"]}]},{"@type":"BreadcrumbList","@id":"https:\/\/www.noticiasradioreflejos.com.ar\/2021\/como-son-los-creditos-a-tasa-cero-para-monotributistas\/#breadcrumb","itemListElement":[{"@type":"ListItem","position":1,"name":"Portada","item":"https:\/\/www.noticiasradioreflejos.com.ar\/2021\/"},{"@type":"ListItem","position":2,"name":"C\u00f3mo son los cr\u00e9ditos a tasa cero para monotributistas"}]},{"@type":"WebSite","@id":"https:\/\/www.noticiasradioreflejos.com.ar\/2021\/#website","url":"https:\/\/www.noticiasradioreflejos.com.ar\/2021\/","name":"Noticias Radio Reflejos","description":"Las noticias de mi comarca","potentialAction":[{"@type":"SearchAction","target":{"@type":"EntryPoint","urlTemplate":"https:\/\/www.noticiasradioreflejos.com.ar\/2021\/?s={search_term_string}"},"query-input":{"@type":"PropertyValueSpecification","valueRequired":true,"valueName":"search_term_string"}}],"inLanguage":"es"},{"@type":"Person","@id":"https:\/\/www.noticiasradioreflejos.com.ar\/2021\/#\/schema\/person\/ad82545263dcc5ec0996818884fd5fb1","name":"Arnaldo Botto","image":{"@type":"ImageObject","inLanguage":"es","@id":"https:\/\/www.noticiasradioreflejos.com.ar\/2021\/#\/schema\/person\/image\/","url":"https:\/\/secure.gravatar.com\/avatar\/55cb5e37c1efa326397366e6974cb338056df65cb50e7d64d1cf314e87504837?s=96&d=mm&r=g","contentUrl":"https:\/\/secure.gravatar.com\/avatar\/55cb5e37c1efa326397366e6974cb338056df65cb50e7d64d1cf314e87504837?s=96&d=mm&r=g","caption":"Arnaldo Botto"},"url":"https:\/\/www.noticiasradioreflejos.com.ar\/2021\/author\/arnaldo\/"}]}},"_links":{"self":[{"href":"https:\/\/www.noticiasradioreflejos.com.ar\/2021\/wp-json\/wp\/v2\/posts\/61434","targetHints":{"allow":["GET"]}}],"collection":[{"href":"https:\/\/www.noticiasradioreflejos.com.ar\/2021\/wp-json\/wp\/v2\/posts"}],"about":[{"href":"https:\/\/www.noticiasradioreflejos.com.ar\/2021\/wp-json\/wp\/v2\/types\/post"}],"author":[{"embeddable":true,"href":"https:\/\/www.noticiasradioreflejos.com.ar\/2021\/wp-json\/wp\/v2\/users\/3"}],"replies":[{"embeddable":true,"href":"https:\/\/www.noticiasradioreflejos.com.ar\/2021\/wp-json\/wp\/v2\/comments?post=61434"}],"version-history":[{"count":1,"href":"https:\/\/www.noticiasradioreflejos.com.ar\/2021\/wp-json\/wp\/v2\/posts\/61434\/revisions"}],"predecessor-version":[{"id":61436,"href":"https:\/\/www.noticiasradioreflejos.com.ar\/2021\/wp-json\/wp\/v2\/posts\/61434\/revisions\/61436"}],"wp:attachment":[{"href":"https:\/\/www.noticiasradioreflejos.com.ar\/2021\/wp-json\/wp\/v2\/media?parent=61434"}],"wp:term":[{"taxonomy":"category","embeddable":true,"href":"https:\/\/www.noticiasradioreflejos.com.ar\/2021\/wp-json\/wp\/v2\/categories?post=61434"},{"taxonomy":"post_tag","embeddable":true,"href":"https:\/\/www.noticiasradioreflejos.com.ar\/2021\/wp-json\/wp\/v2\/tags?post=61434"}],"curies":[{"name":"wp","href":"https:\/\/api.w.org\/{rel}","templated":true}]}}