{"id":61431,"date":"2021-08-12T11:19:37","date_gmt":"2021-08-12T11:19:37","guid":{"rendered":"http:\/\/www.noticiasradioreflejos.com.ar\/2021\/?p=61431"},"modified":"2021-08-12T11:19:37","modified_gmt":"2021-08-12T11:19:37","slug":"el-voto-joven-en-pandemia-sensibilidades-y-realidades-contrapuestas","status":"publish","type":"post","link":"https:\/\/www.noticiasradioreflejos.com.ar\/2021\/el-voto-joven-en-pandemia-sensibilidades-y-realidades-contrapuestas\/","title":{"rendered":"El voto joven en pandemia: sensibilidades y realidades contrapuestas"},"content":{"rendered":"<p>En v\u00edsperas de un nuevo aniversario del D\u00eda Internacional de la Juventud, T\u00e9lam consult\u00f3 a especialistas sobre las estrategias de apelaci\u00f3n electoral a las juventudes.<!--more--><span style=\"color: #1d1f20; font-size: 1.25em;\"><strong>Por Silvina Caputo<\/strong> &#8211;\u00a0 <\/span>En la Semana de la Juventudes, en la que el Gobierno lanz\u00f3 una bater\u00eda de pol\u00edticas p\u00fablicas para esas generaciones, la b\u00fasqueda del voto joven, como tambi\u00e9n el debate sobre la orientaci\u00f3n de la rebeld\u00eda y la amenaza del desinter\u00e9s y la apat\u00eda, quedaron en el centro del debate para los analistas en opini\u00f3n p\u00fablica.<\/p>\n<div class=\"main-content-block\">\n<div class=\"main-box clearfix\">\n<div class=\"wrapper-main-section clearfix\">\n<div class=\"wrapper-editable-content\">\n<div class=\"editable-content clearfix\">\n<p>La reflexi\u00f3n sobre estos temas resurgi\u00f3 con el inicio de la campa\u00f1a electoral y en las \u00faltimas semanas se convirti\u00f3 en una cuesti\u00f3n ineludible de la agenda, por lo que T\u00e9lam, en v\u00edsperas de un nuevo aniversario del D\u00eda Internacional de la Juventud, que se celebra este jueves, consult\u00f3 a un grupo de investigadores que monitorean el fen\u00f3meno.<\/p>\n<p>Quienes analizan estas cuestiones desde encuestas y estudios cualitativos coinciden en que la apelaci\u00f3n a las juventudes se realiza con campa\u00f1as direccionadas a trav\u00e9s de expresiones art\u00edsticas, acciones de gobierno que buscan ampliar derechos, pero tambi\u00e9n desde la exacerbaci\u00f3n de ideas individualistas que se presentan como transgresoras.<\/p>\n<p>Estas son algunas de las iniciativas y estrategias que los partidos y coaliciones est\u00e1n poniendo en pr\u00e1ctica en esta nueva coyuntura electoral, con la intenci\u00f3n de captar el voto joven -que seg\u00fan los especialistas re\u00fane al 20 por ciento del padr\u00f3n-, una b\u00fasqueda que se complejiza m\u00e1s en tiempos de pandemia.<\/p>\n<p>Los investigadores Shila Vilker, de la consultora Trespuntozero, y Nicol\u00e1s Bertone, de Zuban C\u00f3rdoba, describieron en di\u00e1logo con esta agencia las particularidades del electorado de 16 a 25 a\u00f1os, mientras que el soci\u00f3logo y analista pol\u00edtico Carlos De Angelis analiz\u00f3 los cruces entre rango etario y clase social, como tambi\u00e9n sus impactos electorales.<\/p>\n<div id=\"image\" class=\"image\">\n<p><img decoding=\"async\" title=\"&quot;La pandemia trajo dos sentimientos, que son incertidumbre y des\u00e1nimo, y eso atraviesa las elecciones&quot; se\u00f1al\u00f3 la investigadora Shila Vilker. Foto: Diego Izquierdo. \" src=\"https:\/\/www.telam.com.ar\/advf\/imagenes\/2021\/08\/6111325b62a6d_1004x565.jpg\" alt=\"&quot;La pandemia trajo dos sentimientos, que son incertidumbre y des\u00e1nimo, y eso atraviesa las elecciones&quot; se\u00f1al\u00f3 la investigadora Shila Vilker. Foto: Diego Izquierdo. \" \/><\/p>\n<div class=\"epigrafe\">\u00abLa pandemia trajo dos sentimientos, que son incertidumbre y des\u00e1nimo, y eso atraviesa las elecciones\u00bb se\u00f1al\u00f3 la investigadora Shila Vilker. Foto: Diego Izquierdo.<\/div>\n<div><\/div>\n<\/div>\n<p>Tambi\u00e9n comparti\u00f3 algunas conclusiones la investigadora del Conicet y docente de la UBA Melina V\u00e1zquez, quien hace unos d\u00edas present\u00f3 un informe sobre \u00abacciones colectivas juveniles durante la pandemia\u00bb en Argentina, Brasil, Chile, Colombia, Ecuador, Espa\u00f1a y M\u00e9xico.<\/p>\n<p>Vilker, por caso, diferenci\u00f3 \u00abcuatro sensibilidades juveniles\u00bb a la hora de describir las maneras de ser joven en la Argentina actual, y en ese sentido enumer\u00f3 \u00abla l\u00f3gica antisistema\u00bb de los j\u00f3venes definidos como libertarios; \u00ablos j\u00f3venes atravesados por la matriz ecol\u00f3gica, feminista y contraheteronormativa\u00bb; un arquetipo juvenil \u00abde clase media baja del conurbano\u00bb; y finalmente \u00abel joven desinteresado\u00bb, sin consumo de medios, desinformado sobre la actualidad pol\u00edtica y al mismo tiempo usuario activo en las redes.<\/p>\n<p>En relaci\u00f3n a la primera categor\u00eda, Vilker se\u00f1al\u00f3 que ese grupo expresa una \u00abl\u00f3gica antisistema en la que el ambiente m\u00e1s libertario pesa menos que lo ideol\u00f3gico\u00bb, mientras que al segundo colectivo generacional los defini\u00f3 como \u00abj\u00f3venes atravesados por la matriz ecol\u00f3gica, feminista o contraheteronormativa\u00bb que tienen una \u00abconcepci\u00f3n en la vida com\u00fan\u00bb que busca mayor armon\u00eda entre la humanidad, los animales y la naturaleza.<\/p>\n<p>Sobre esta \u00faltima clasificaci\u00f3n, la consultora plante\u00f3 que ese modo de ser j\u00f3venes expresa una \u00abmatriz mucho m\u00e1s colectiva y, por lo general, son los segmentos m\u00e1s formados, de una clase media para arriba, con un muy fuerte compromiso con las causas\u00bb.<\/p>\n<div id=\"image\" class=\"image\">\n<p><img decoding=\"async\" title=\"&quot;En medio de la pandemia, muchos no ir\u00e1n a votar por falta de entusiasmo&quot;, vaticin\u00f3 el soci\u00f3logo y analista pol\u00edtico Carlos De Angelis.\" src=\"https:\/\/www.telam.com.ar\/advf\/imagenes\/2019\/09\/5d869461c07e4_1004x565.jpg\" alt=\"&quot;En medio de la pandemia, muchos no ir\u00e1n a votar por falta de entusiasmo&quot;, vaticin\u00f3 el soci\u00f3logo y analista pol\u00edtico Carlos De Angelis.\" \/><\/p>\n<div class=\"epigrafe\">\u00abEn medio de la pandemia, muchos no ir\u00e1n a votar por falta de entusiasmo\u00bb, vaticin\u00f3 el soci\u00f3logo y analista pol\u00edtico Carlos De Angelis.<\/div>\n<\/div>\n<p>En relaci\u00f3n a los j\u00f3venes \u00abde clase media baja del conurbano\u00bb, los describi\u00f3 como \u00abpibes que yo llamo &#8216;los j\u00f3venes viejos&#8217;, porque aspiran a lograr lo que lograron sus viejos, pero est\u00e1n sumidos en un pesimismo dram\u00e1tico\u00bb, y sobre este diagn\u00f3stico subray\u00f3: \u00abLa pandemia trajo dos sentimientos, que son incertidumbre y des\u00e1nimo, y eso atraviesa las elecciones\u00bb.<\/p>\n<p>Por \u00faltimo, a\u00f1adi\u00f3 Vilker, \u00abel cuarto tipo de segmento (juvenil) son los j\u00f3venes desinteresados, que no conocen a las figuras (de la pol\u00edtica), no saben nada, no tienen consumo de medios pero las redes les dan mucha informaci\u00f3n fragmentaria\u00bb, afirm\u00f3.<\/p>\n<p>Bertone, por su parte, analiz\u00f3 la actualidad de la franja etaria de 16 a 25 a\u00f1os y para eso se bas\u00f3 en los resultados de un relevamiento realizado recientemente, sobre el cual plante\u00f3: \u00abDesde la consultora observamos que los j\u00f3venes est\u00e1n mas vinculados a moverse en dos extremos: uno es el cuidado colectivo, y el otro, pensar que las instituciones no han respondido, por eso son tan atractivas las ideas libertarias\u00bb.<\/p>\n<p>\u00abEstas ideas (con eje en la libertad individual y que promueven un Estado m\u00ednimo) expresan rebeld\u00eda, por lo cual es importante que los partidos hagan renacer el sentimiento de confianza\u00bb, advirti\u00f3 Bertone, quien por otro lado adelant\u00f3 que debido a la pandemia \u00abla campa\u00f1a ser\u00e1 muy digital\u00bb, un rasgo que \u00abla derecha ha sabido interpretar\u00bb.<\/p>\n<p>En tanto, De Angelis analiz\u00f3 que \u00abel voto joven, en general, es un electorado importante, porque tiene mucho peso electoral\u00bb, pero al repasar los mensajes que circulan en esta campa\u00f1a electoral observ\u00f3 que los distintos candidatos \u00abno le est\u00e1n hablando a nadie\u00bb de esa franja etaria, al menos hasta ahora, y por otro lado reconoci\u00f3 que \u00aben momentos de pandemia\u00bb es complejo o muy dif\u00edcil \u00abgenerar pol\u00edticas de primer empleo\u00bb.<\/p>\n<div id=\"image\" class=\"image\">\n<p><img decoding=\"async\" title=\"La Interrupci\u00f3n Voluntaria y Legal del Embarazo (IVE\/ILE) como el paradigma feminista incorporado a las pol\u00edticas p\u00fablicas convocan a las juventudes en el avance de conquistas y derechos.\" src=\"https:\/\/www.telam.com.ar\/advf\/imagenes\/2020\/02\/5e4db1404d13c_1004x565.jpg\" alt=\"La Interrupci\u00f3n Voluntaria y Legal del Embarazo (IVE\/ILE) como el paradigma feminista incorporado a las pol\u00edticas p\u00fablicas convocan a las juventudes en el avance de conquistas y derechos.\" \/><\/p>\n<div class=\"epigrafe\">La Interrupci\u00f3n Voluntaria y Legal del Embarazo (IVE\/ILE) como el paradigma feminista incorporado a las pol\u00edticas p\u00fablicas convocan a las juventudes en el avance de conquistas y derechos.<\/div>\n<\/div>\n<p>Para De Angelis, esa \u00abfalta de convocatoria directa\u00bb por parte de las distintas coaliciones electorales \u00abest\u00e1 impactando diferencialmente\u00bb a los j\u00f3venes \u00abque tienen 16 o 17 y no pudieron terminar el secundario\u00bb, y sobre ese punto evalu\u00f3 que ante el llamado a las urnas para las PASO del 12 de septiembre y las generales del 14 de noviembre \u00abese sector est\u00e1 realmente desorientado del voto\u00bb.<\/p>\n<p>\u00abEn medio de la pandemia, muchos no ir\u00e1n (a votar) por falta de entusiasmo\u00bb, vaticin\u00f3 el soci\u00f3logo y director del Centro de Opini\u00f3n P\u00fablica de la Facultad de Ciencias Sociales de la UBA.<\/p>\n<p>\u00abEl riesgo es que quede este grupo etario quede aislado y que los \u00fanicos (actores pol\u00edticos) que les dirijan discursos, por cierto disruptivos, sean los libertarios como este hombre, (el influencer, abogado y especialista en Bitcoins) Carlos Maslat\u00f3n, que sali\u00f3 de las redes sociales\u00bb, remarc\u00f3.<\/p>\n<p>En ese sentido, al referirse a las convocatorias del sector &#8216;libertario&#8217; y anticuarentena, De Angelis sostuvo que \u00abconvocan a trav\u00e9s de las rebeld\u00edas, porque en plena pandemia te invitan a no usar barbijo o ir a fiestas clandestinas\u00bb, y agreg\u00f3 que en lo discursivo siempre le est\u00e1n hablando a un \u00absector de clase media, media alta\u00bb, porque el otro grupo social de j\u00f3venes \u00abno tiene plata para ir a un restaurante\u00bb y \u00abqueda aislado\u00bb.<\/p>\n<div id=\"image\" class=\"image\">\n<p><img decoding=\"async\" title=\"En 2012 se sancion\u00f3 la Ley de Ciudadan\u00eda Argentina, que propuso ampliar no obligatoriamente el voto entre los 16 y 17 a\u00f1os de edad. \" src=\"https:\/\/www.telam.com.ar\/advf\/imagenes\/2019\/10\/5da78e6f266b2_1004x706.jpg\" alt=\"En 2012 se sancion\u00f3 la Ley de Ciudadan\u00eda Argentina, que propuso ampliar no obligatoriamente el voto entre los 16 y 17 a\u00f1os de edad. \" \/><\/p>\n<div class=\"epigrafe\">En 2012 se sancion\u00f3 la Ley de Ciudadan\u00eda Argentina, que propuso ampliar no obligatoriamente el voto entre los 16 y 17 a\u00f1os de edad.<\/div>\n<\/div>\n<p>Finalmente, la investigadora V\u00e1zquez, doctora en Ciencias Sociales y especializada en juventudes y ciclos pol\u00edticos, resalt\u00f3 en di\u00e1logo con esta agencia que \u00abdesde 1983, la participaci\u00f3n promedio de votantes en Argentina es del 80%\u00bb, una cifra que \u00abno encuentra diferencias al analizar la participaci\u00f3n de j\u00f3venes de 18 a 25 a\u00f1os de edad\u00bb.<\/p>\n<p>\u00abLas juventudes de 16 y 17 a\u00f1os votan en promedio un 20% menos\u00bb, acot\u00f3 V\u00e1zquez, y record\u00f3 que en el a\u00f1o 2012 se sancion\u00f3 la Ley de Ciudadan\u00eda Argentina \u00abque propuso ampliar no obligatoriamente el voto en esa franja\u00bb, un objetivo que a pesar de todo se fue cumpliendo ya que la participaci\u00f3n electoral de esa grupo poblacional \u00abha ido en aumento\u00bb.<\/p>\n<p>\u00abAl mismo tiempo, los partidos han empezado a dise\u00f1ar campa\u00f1as juveniles y del mismo modo comenzaron a aparecer figuras, candidatos como (la legisladora porte\u00f1a) Ofelia Fern\u00e1ndez (del espacio Patria Grande, que forma parte del Frente de Todos), por ejemplo, o Delfina Ezeiza (precandidata por el partido Libertario y cercana al precandidato a diputado nacional por la CABA Javier Milei)\u00bb, repas\u00f3.<\/p>\n<p>\u00abSin embargo, sigue habiendo una desproporci\u00f3n en la cantidad de candidatos respecto del padr\u00f3n que representan\u00bb, puntualiz\u00f3.<\/p>\n<div id=\"image\" class=\"image\">\n<p><img decoding=\"async\" title=\"&quot;Ser joven no es un atributo de la biolog\u00eda, sino que tiene que ver con pr\u00e1cticas sociales&quot; plantea la investigadora del Conicet y docente de la UBA Melina V\u00e1zquez,\" src=\"https:\/\/www.telam.com.ar\/advf\/imagenes\/2019\/03\/5c8d48bcc9a61_1004x564.jpg\" alt=\"&quot;Ser joven no es un atributo de la biolog\u00eda, sino que tiene que ver con pr\u00e1cticas sociales&quot; plantea la investigadora del Conicet y docente de la UBA Melina V\u00e1zquez,\" \/><\/p>\n<div class=\"epigrafe\">\u00abSer joven no es un atributo de la biolog\u00eda, sino que tiene que ver con pr\u00e1cticas sociales\u00bb plantea la investigadora del Conicet y docente de la UBA Melina V\u00e1zquez,<\/div>\n<\/div>\n<p>Seg\u00fan la analista, \u00abhay m\u00e1s votantes que referentes juveniles, y habr\u00eda que analizar si esto tiene que ver con una cuesti\u00f3n de cupos o con una representaci\u00f3n pol\u00edtica juvenil vinculada a militancia, luchas, como es el caso de Ofelia\u00bb, consider\u00f3.<\/p>\n<p>En contraste, \u00abel caso de Delfina Ezeiza, precandidata a legisladora porte\u00f1a por La Libertad Avanza, toma desde ese espacio la metodolog\u00eda de combinar elementos disruptivos con otros conservadores. Ella est\u00e1 en contra de la ESI (Educaci\u00f3n Sexual Integral) con el argumento de que el Estado no debe entrometerse en la vida de las personas\u00bb, describi\u00f3.<\/p>\n<p>En otro orden, la investigadora del Conicet observ\u00f3 que \u00ablas juventudes toman de sus espacios las ideas que buscan representar, pero apuntan a un cambio de sentido, que se impone o se evidencia a trav\u00e9s de expresiones art\u00edsticas\u00bb, y ejemplific\u00f3 con un antecedente extremo, que implic\u00f3 un delito y deriv\u00f3 en una denuncia judicial por incitaci\u00f3n a la violencia, como la colocaci\u00f3n de bolsas mortuorias en las rejas de la Casa Rosada con nombres de dirigentes pol\u00edticos, gremiales y personalidades de los Derechos Humanos cercanos al oficialismo.<\/p>\n<p>Sobre ese episodio, V\u00e1zquez asegur\u00f3 que \u00abel pensamiento es el mismo\u00bb pero la supuesta \u00abexpresi\u00f3n art\u00edstica\u00bb correspondi\u00f3 \u00aba los m\u00e1s j\u00f3venes\u00bb, tras lo cual agreg\u00f3 que \u00abdif\u00edcilmente lo hubi\u00e9ramos visto ah\u00ed a Ricardo L\u00f3pez Murphy\u00bb.<\/p>\n<p>V\u00e1zquez a\u00f1adi\u00f3, por otra parte, que a la hora de analizar el comportamiento de los j\u00f3venes hay que tener en cuenta que \u00abser joven no es un atributo de la biolog\u00eda, sino que tiene que ver con pr\u00e1cticas sociales\u00bb que a su vez est\u00e1n atravesadas con el hecho de \u00abhacerse j\u00f3venes a trav\u00e9s de la escuela a la que van, de las pr\u00e1cticas sociales que realizan, con la pol\u00edtica, la m\u00fasica\u00bb.<\/p>\n<p>\u00abTodas las campa\u00f1as electorales aparecen vinculadas con estos aspectos; de hecho esta semana el presidente Alberto Fern\u00e1ndez lanz\u00f3 en la Semana de Juventudes, un portal donde a trav\u00e9s de la m\u00fasica se expresan las formas de ser\u00bb, destac\u00f3 la soci\u00f3loga, y en ese marco mencion\u00f3 \u00aba (Amado) Boudou tocando la guitarra\u00bb como m\u00e1s recientemente a \u00abMilei, con su promoci\u00f3n del tema &#8216;Se viene el estallido'\u00bb.<\/p>\n<div id=\"image\" class=\"image\">\n<p><img decoding=\"async\" title=\"&quot;Los j\u00f3venes est\u00e1n vinculados a moverse en dos extremos: uno es el cuidado colectivo, y el otro, pensar que las instituciones no han respondido, por eso son tan atractivas las ideas libertarias&quot; marca Nicol\u00e1s Bertone \" src=\"https:\/\/www.telam.com.ar\/advf\/imagenes\/2018\/05\/5ae98bff142b8_1004x565.jpg\" alt=\"&quot;Los j\u00f3venes est\u00e1n vinculados a moverse en dos extremos: uno es el cuidado colectivo, y el otro, pensar que las instituciones no han respondido, por eso son tan atractivas las ideas libertarias&quot; marca Nicol\u00e1s Bertone \" \/><\/p>\n<div class=\"epigrafe\">\u00abLos j\u00f3venes est\u00e1n vinculados a moverse en dos extremos: uno es el cuidado colectivo, y el otro, pensar que las instituciones no han respondido, por eso son tan atractivas las ideas libertarias\u00bb marca Nicol\u00e1s Bertone<\/div>\n<\/div>\n<p>Y para completar ese an\u00e1lisis, insisti\u00f3 en que \u00abtodos buscan captar a ese segmento\u00bb del electorado, para lo cual \u00abel Frente de Todos le habla a los j\u00f3venes sobre el compromiso pol\u00edtico y militante, mientras que desde la derecha el discurso es la anti-pol\u00edtica y la exacerbaci\u00f3n de la mirada negativa sobre los pol\u00edticos\u00bb.<\/p>\n<p>\u00abLas derechas empezaron a construir una agenda para los j\u00f3venes y con la pandemia empezaron a dise\u00f1ar una \u00e9pica de la movilizaci\u00f3n en las calles que antes solo estaba reservada al peronismo\u00bb, subray\u00f3, y en esa narrativa pol\u00edtica -que ahora busca ser asociada al valor de la transgresi\u00f3n- apunt\u00f3 que el eje pasa por \u00abresignificar la consigna de la defensa de la libertad\u00bb.<\/p>\n<p>Sin embargo, en referencia a ese tipo de discursos, De Angelis indic\u00f3 que la convocatoria a la libertad individual como \u00fanico valor a proteger impacta \u00fanicamente sobre un sector o franja \u00abmuy clara\u00bb de la poblaci\u00f3n juvenil, que son las franjas etarias de \u00abclase media y media alta\u00bb.<\/p>\n<p>Por otro lado, tanto De Angelis como V\u00e1zquez coincidieron en que otro factor clave en la convocatoria a los sectores juveniles tiene que ver con \u00abla revalorizaci\u00f3n de las pol\u00edticas de agenda feminista impulsadas desde el gobierno de Alberto Fern\u00e1ndez\u00bb.<\/p>\n<p>Ambos evaluaron que leyes como la Interrupci\u00f3n Voluntaria y Legal del Embarazo (IVE\/ILE) como el paradigma feminista incorporado a las pol\u00edticas p\u00fablicas \u00abconvocan a las juventudes en el avance de conquistas y derechos\u00bb.<\/p>\n<\/div>\n<\/div>\n<\/div>\n<\/div>\n<\/div>\n","protected":false},"excerpt":{"rendered":"<p>En la Semana de la Juventudes, en la que el Gobierno lanz\u00f3 una bater\u00eda de pol\u00edticas p\u00fablicas para esas generaciones, la b\u00fasqueda del voto joven, como tambi\u00e9n el debate sobre la orientaci\u00f3n de la rebeld\u00eda y la amenaza del desinter\u00e9s y la apat\u00eda, quedaron en el centro del debate para los analistas en opini\u00f3n p\u00fablica.<\/p>\n","protected":false},"author":3,"featured_media":0,"comment_status":"closed","ping_status":"closed","sticky":false,"template":"","format":"standard","meta":{"footnotes":""},"categories":[26],"tags":[],"class_list":["post-61431","post","type-post","status-publish","format-standard","hentry","category-sociedad"],"yoast_head":"<!-- This site is optimized with the Yoast SEO plugin v25.9 - https:\/\/yoast.com\/wordpress\/plugins\/seo\/ -->\n<title>El voto joven en pandemia: sensibilidades y realidades contrapuestas - Noticias Radio Reflejos<\/title>\n<meta name=\"robots\" content=\"index, follow, max-snippet:-1, max-image-preview:large, max-video-preview:-1\" \/>\n<link rel=\"canonical\" href=\"https:\/\/www.noticiasradioreflejos.com.ar\/2021\/el-voto-joven-en-pandemia-sensibilidades-y-realidades-contrapuestas\/\" \/>\n<meta property=\"og:locale\" content=\"es_ES\" \/>\n<meta property=\"og:type\" content=\"article\" \/>\n<meta property=\"og:title\" content=\"El voto joven en pandemia: sensibilidades y realidades contrapuestas - Noticias Radio Reflejos\" \/>\n<meta property=\"og:description\" content=\"En la Semana de la Juventudes, en la que el Gobierno lanz\u00f3 una bater\u00eda de pol\u00edticas p\u00fablicas para esas generaciones, la b\u00fasqueda del voto joven, como tambi\u00e9n el debate sobre la orientaci\u00f3n de la rebeld\u00eda y la amenaza del desinter\u00e9s y la apat\u00eda, quedaron en el centro del debate para los analistas en opini\u00f3n p\u00fablica.\" \/>\n<meta property=\"og:url\" content=\"https:\/\/www.noticiasradioreflejos.com.ar\/2021\/el-voto-joven-en-pandemia-sensibilidades-y-realidades-contrapuestas\/\" \/>\n<meta property=\"og:site_name\" content=\"Noticias Radio Reflejos\" \/>\n<meta property=\"article:published_time\" content=\"2021-08-12T11:19:37+00:00\" \/>\n<meta property=\"og:image\" content=\"https:\/\/www.telam.com.ar\/advf\/imagenes\/2021\/08\/6111325b62a6d_1004x565.jpg\" \/>\n<meta name=\"author\" content=\"Arnaldo Botto\" \/>\n<meta name=\"twitter:card\" content=\"summary_large_image\" \/>\n<script type=\"application\/ld+json\" class=\"yoast-schema-graph\">{\"@context\":\"https:\/\/schema.org\",\"@graph\":[{\"@type\":\"WebPage\",\"@id\":\"https:\/\/www.noticiasradioreflejos.com.ar\/2021\/el-voto-joven-en-pandemia-sensibilidades-y-realidades-contrapuestas\/\",\"url\":\"https:\/\/www.noticiasradioreflejos.com.ar\/2021\/el-voto-joven-en-pandemia-sensibilidades-y-realidades-contrapuestas\/\",\"name\":\"El voto joven en pandemia: sensibilidades y realidades contrapuestas - Noticias Radio Reflejos\",\"isPartOf\":{\"@id\":\"https:\/\/www.noticiasradioreflejos.com.ar\/2021\/#website\"},\"primaryImageOfPage\":{\"@id\":\"https:\/\/www.noticiasradioreflejos.com.ar\/2021\/el-voto-joven-en-pandemia-sensibilidades-y-realidades-contrapuestas\/#primaryimage\"},\"image\":{\"@id\":\"https:\/\/www.noticiasradioreflejos.com.ar\/2021\/el-voto-joven-en-pandemia-sensibilidades-y-realidades-contrapuestas\/#primaryimage\"},\"thumbnailUrl\":\"https:\/\/www.telam.com.ar\/advf\/imagenes\/2021\/08\/6111325b62a6d_1004x565.jpg\",\"datePublished\":\"2021-08-12T11:19:37+00:00\",\"author\":{\"@id\":\"https:\/\/www.noticiasradioreflejos.com.ar\/2021\/#\/schema\/person\/ad82545263dcc5ec0996818884fd5fb1\"},\"breadcrumb\":{\"@id\":\"https:\/\/www.noticiasradioreflejos.com.ar\/2021\/el-voto-joven-en-pandemia-sensibilidades-y-realidades-contrapuestas\/#breadcrumb\"},\"inLanguage\":\"es\",\"potentialAction\":[{\"@type\":\"ReadAction\",\"target\":[\"https:\/\/www.noticiasradioreflejos.com.ar\/2021\/el-voto-joven-en-pandemia-sensibilidades-y-realidades-contrapuestas\/\"]}]},{\"@type\":\"ImageObject\",\"inLanguage\":\"es\",\"@id\":\"https:\/\/www.noticiasradioreflejos.com.ar\/2021\/el-voto-joven-en-pandemia-sensibilidades-y-realidades-contrapuestas\/#primaryimage\",\"url\":\"https:\/\/www.telam.com.ar\/advf\/imagenes\/2021\/08\/6111325b62a6d_1004x565.jpg\",\"contentUrl\":\"https:\/\/www.telam.com.ar\/advf\/imagenes\/2021\/08\/6111325b62a6d_1004x565.jpg\"},{\"@type\":\"BreadcrumbList\",\"@id\":\"https:\/\/www.noticiasradioreflejos.com.ar\/2021\/el-voto-joven-en-pandemia-sensibilidades-y-realidades-contrapuestas\/#breadcrumb\",\"itemListElement\":[{\"@type\":\"ListItem\",\"position\":1,\"name\":\"Portada\",\"item\":\"https:\/\/www.noticiasradioreflejos.com.ar\/2021\/\"},{\"@type\":\"ListItem\",\"position\":2,\"name\":\"El voto joven en pandemia: sensibilidades y realidades contrapuestas\"}]},{\"@type\":\"WebSite\",\"@id\":\"https:\/\/www.noticiasradioreflejos.com.ar\/2021\/#website\",\"url\":\"https:\/\/www.noticiasradioreflejos.com.ar\/2021\/\",\"name\":\"Noticias Radio Reflejos\",\"description\":\"Las noticias de mi comarca\",\"potentialAction\":[{\"@type\":\"SearchAction\",\"target\":{\"@type\":\"EntryPoint\",\"urlTemplate\":\"https:\/\/www.noticiasradioreflejos.com.ar\/2021\/?s={search_term_string}\"},\"query-input\":{\"@type\":\"PropertyValueSpecification\",\"valueRequired\":true,\"valueName\":\"search_term_string\"}}],\"inLanguage\":\"es\"},{\"@type\":\"Person\",\"@id\":\"https:\/\/www.noticiasradioreflejos.com.ar\/2021\/#\/schema\/person\/ad82545263dcc5ec0996818884fd5fb1\",\"name\":\"Arnaldo Botto\",\"image\":{\"@type\":\"ImageObject\",\"inLanguage\":\"es\",\"@id\":\"https:\/\/www.noticiasradioreflejos.com.ar\/2021\/#\/schema\/person\/image\/\",\"url\":\"https:\/\/secure.gravatar.com\/avatar\/55cb5e37c1efa326397366e6974cb338056df65cb50e7d64d1cf314e87504837?s=96&d=mm&r=g\",\"contentUrl\":\"https:\/\/secure.gravatar.com\/avatar\/55cb5e37c1efa326397366e6974cb338056df65cb50e7d64d1cf314e87504837?s=96&d=mm&r=g\",\"caption\":\"Arnaldo Botto\"},\"url\":\"https:\/\/www.noticiasradioreflejos.com.ar\/2021\/author\/arnaldo\/\"}]}<\/script>\n<!-- \/ Yoast SEO plugin. -->","yoast_head_json":{"title":"El voto joven en pandemia: sensibilidades y realidades contrapuestas - Noticias Radio Reflejos","robots":{"index":"index","follow":"follow","max-snippet":"max-snippet:-1","max-image-preview":"max-image-preview:large","max-video-preview":"max-video-preview:-1"},"canonical":"https:\/\/www.noticiasradioreflejos.com.ar\/2021\/el-voto-joven-en-pandemia-sensibilidades-y-realidades-contrapuestas\/","og_locale":"es_ES","og_type":"article","og_title":"El voto joven en pandemia: sensibilidades y realidades contrapuestas - Noticias Radio Reflejos","og_description":"En la Semana de la Juventudes, en la que el Gobierno lanz\u00f3 una bater\u00eda de pol\u00edticas p\u00fablicas para esas generaciones, la b\u00fasqueda del voto joven, como tambi\u00e9n el debate sobre la orientaci\u00f3n de la rebeld\u00eda y la amenaza del desinter\u00e9s y la apat\u00eda, quedaron en el centro del debate para los analistas en opini\u00f3n p\u00fablica.","og_url":"https:\/\/www.noticiasradioreflejos.com.ar\/2021\/el-voto-joven-en-pandemia-sensibilidades-y-realidades-contrapuestas\/","og_site_name":"Noticias Radio Reflejos","article_published_time":"2021-08-12T11:19:37+00:00","og_image":[{"url":"https:\/\/www.telam.com.ar\/advf\/imagenes\/2021\/08\/6111325b62a6d_1004x565.jpg","type":"","width":"","height":""}],"author":"Arnaldo Botto","twitter_card":"summary_large_image","schema":{"@context":"https:\/\/schema.org","@graph":[{"@type":"WebPage","@id":"https:\/\/www.noticiasradioreflejos.com.ar\/2021\/el-voto-joven-en-pandemia-sensibilidades-y-realidades-contrapuestas\/","url":"https:\/\/www.noticiasradioreflejos.com.ar\/2021\/el-voto-joven-en-pandemia-sensibilidades-y-realidades-contrapuestas\/","name":"El voto joven en pandemia: sensibilidades y realidades contrapuestas - Noticias Radio Reflejos","isPartOf":{"@id":"https:\/\/www.noticiasradioreflejos.com.ar\/2021\/#website"},"primaryImageOfPage":{"@id":"https:\/\/www.noticiasradioreflejos.com.ar\/2021\/el-voto-joven-en-pandemia-sensibilidades-y-realidades-contrapuestas\/#primaryimage"},"image":{"@id":"https:\/\/www.noticiasradioreflejos.com.ar\/2021\/el-voto-joven-en-pandemia-sensibilidades-y-realidades-contrapuestas\/#primaryimage"},"thumbnailUrl":"https:\/\/www.telam.com.ar\/advf\/imagenes\/2021\/08\/6111325b62a6d_1004x565.jpg","datePublished":"2021-08-12T11:19:37+00:00","author":{"@id":"https:\/\/www.noticiasradioreflejos.com.ar\/2021\/#\/schema\/person\/ad82545263dcc5ec0996818884fd5fb1"},"breadcrumb":{"@id":"https:\/\/www.noticiasradioreflejos.com.ar\/2021\/el-voto-joven-en-pandemia-sensibilidades-y-realidades-contrapuestas\/#breadcrumb"},"inLanguage":"es","potentialAction":[{"@type":"ReadAction","target":["https:\/\/www.noticiasradioreflejos.com.ar\/2021\/el-voto-joven-en-pandemia-sensibilidades-y-realidades-contrapuestas\/"]}]},{"@type":"ImageObject","inLanguage":"es","@id":"https:\/\/www.noticiasradioreflejos.com.ar\/2021\/el-voto-joven-en-pandemia-sensibilidades-y-realidades-contrapuestas\/#primaryimage","url":"https:\/\/www.telam.com.ar\/advf\/imagenes\/2021\/08\/6111325b62a6d_1004x565.jpg","contentUrl":"https:\/\/www.telam.com.ar\/advf\/imagenes\/2021\/08\/6111325b62a6d_1004x565.jpg"},{"@type":"BreadcrumbList","@id":"https:\/\/www.noticiasradioreflejos.com.ar\/2021\/el-voto-joven-en-pandemia-sensibilidades-y-realidades-contrapuestas\/#breadcrumb","itemListElement":[{"@type":"ListItem","position":1,"name":"Portada","item":"https:\/\/www.noticiasradioreflejos.com.ar\/2021\/"},{"@type":"ListItem","position":2,"name":"El voto joven en pandemia: sensibilidades y realidades contrapuestas"}]},{"@type":"WebSite","@id":"https:\/\/www.noticiasradioreflejos.com.ar\/2021\/#website","url":"https:\/\/www.noticiasradioreflejos.com.ar\/2021\/","name":"Noticias Radio Reflejos","description":"Las noticias de mi comarca","potentialAction":[{"@type":"SearchAction","target":{"@type":"EntryPoint","urlTemplate":"https:\/\/www.noticiasradioreflejos.com.ar\/2021\/?s={search_term_string}"},"query-input":{"@type":"PropertyValueSpecification","valueRequired":true,"valueName":"search_term_string"}}],"inLanguage":"es"},{"@type":"Person","@id":"https:\/\/www.noticiasradioreflejos.com.ar\/2021\/#\/schema\/person\/ad82545263dcc5ec0996818884fd5fb1","name":"Arnaldo Botto","image":{"@type":"ImageObject","inLanguage":"es","@id":"https:\/\/www.noticiasradioreflejos.com.ar\/2021\/#\/schema\/person\/image\/","url":"https:\/\/secure.gravatar.com\/avatar\/55cb5e37c1efa326397366e6974cb338056df65cb50e7d64d1cf314e87504837?s=96&d=mm&r=g","contentUrl":"https:\/\/secure.gravatar.com\/avatar\/55cb5e37c1efa326397366e6974cb338056df65cb50e7d64d1cf314e87504837?s=96&d=mm&r=g","caption":"Arnaldo Botto"},"url":"https:\/\/www.noticiasradioreflejos.com.ar\/2021\/author\/arnaldo\/"}]}},"_links":{"self":[{"href":"https:\/\/www.noticiasradioreflejos.com.ar\/2021\/wp-json\/wp\/v2\/posts\/61431","targetHints":{"allow":["GET"]}}],"collection":[{"href":"https:\/\/www.noticiasradioreflejos.com.ar\/2021\/wp-json\/wp\/v2\/posts"}],"about":[{"href":"https:\/\/www.noticiasradioreflejos.com.ar\/2021\/wp-json\/wp\/v2\/types\/post"}],"author":[{"embeddable":true,"href":"https:\/\/www.noticiasradioreflejos.com.ar\/2021\/wp-json\/wp\/v2\/users\/3"}],"replies":[{"embeddable":true,"href":"https:\/\/www.noticiasradioreflejos.com.ar\/2021\/wp-json\/wp\/v2\/comments?post=61431"}],"version-history":[{"count":1,"href":"https:\/\/www.noticiasradioreflejos.com.ar\/2021\/wp-json\/wp\/v2\/posts\/61431\/revisions"}],"predecessor-version":[{"id":61433,"href":"https:\/\/www.noticiasradioreflejos.com.ar\/2021\/wp-json\/wp\/v2\/posts\/61431\/revisions\/61433"}],"wp:attachment":[{"href":"https:\/\/www.noticiasradioreflejos.com.ar\/2021\/wp-json\/wp\/v2\/media?parent=61431"}],"wp:term":[{"taxonomy":"category","embeddable":true,"href":"https:\/\/www.noticiasradioreflejos.com.ar\/2021\/wp-json\/wp\/v2\/categories?post=61431"},{"taxonomy":"post_tag","embeddable":true,"href":"https:\/\/www.noticiasradioreflejos.com.ar\/2021\/wp-json\/wp\/v2\/tags?post=61431"}],"curies":[{"name":"wp","href":"https:\/\/api.w.org\/{rel}","templated":true}]}}