{"id":61418,"date":"2021-08-11T23:39:22","date_gmt":"2021-08-11T23:39:22","guid":{"rendered":"http:\/\/www.noticiasradioreflejos.com.ar\/2021\/?p=61418"},"modified":"2021-08-11T23:39:22","modified_gmt":"2021-08-11T23:39:22","slug":"escuela-n-6-de-sierra-de-la-ventana-convocatoria-a-asamblea-anual-de-cooperadora","status":"publish","type":"post","link":"https:\/\/www.noticiasradioreflejos.com.ar\/2021\/escuela-n-6-de-sierra-de-la-ventana-convocatoria-a-asamblea-anual-de-cooperadora\/","title":{"rendered":"Escuela N\u00b0 6 de Sierra de la Ventana: Convocatoria a asamblea anual de cooperadora"},"content":{"rendered":"<p>La Escuela Primaria N\u00b06 <strong>Juan Bautista Alberdi de Sierra de la Ventana<\/strong>, necesita renovar nuevamente su Asociaci\u00f3n Cooperadora. Los invitamos a que nos acompa\u00f1en en la Asamblea] Anual Ordinaria que se realizara bajo estricto protocolo COVID 19, el d\u00eda lunes 6 de septiembre de 2021 a las 17 horas.<!--more--><\/p>\n<p><strong>ORDEN DEL DIA:<\/strong><\/p>\n<ul>\n<li>Designaci\u00f3n de dos socios para firmar el acta, conjuntamente con Presidente y Secretario.<\/li>\n<li>Lectura del Acta de Asamblea anterior 2019.<\/li>\n<li>Consideraci\u00f3n de Memorias y Balances por los ejercicios comprendidos entre el 1\/05\/2019 y 30\/04\/2020, y entre 1\/05\/2020 y 30\/04\/2021.<\/li>\n<li>Consideraci\u00f3n del Informe de los Revisores de Cuentas.<\/li>\n<li>Elecci\u00f3n parcial de miembros de Comisi\u00f3n Directiva y de la Comisi\u00f3n Revisora de Cuentas.<\/li>\n<li>Consideraci\u00f3n del valor de cuota de socio.<\/li>\n<\/ul>\n<p><strong>\u00a0<\/strong><\/p>\n<p><strong>Confirmar la asistencia para poder determinar el total de asistencia con el objeto de cumplir las recomendaciones de distanciamiento detalladas en el protocolo. <\/strong><\/p>\n<p><strong>\u00a0\u00a0\u00a0\u00a0\u00a0\u00a0\u00a0\u00a0\u00a0\u00a0\u00a0\u00a0\u00a0\u00a0\u00a0\u00a0\u00a0\u00a0\u00a0\u00a0\u00a0\u00a0\u00a0\u00a0\u00a0\u00a0\u00a0\u00a0\u00a0\u00a0\u00a0\u00a0\u00a0\u00a0\u00a0\u00a0\u00a0\u00a0\u00a0\u00a0\u00a0\u00a0\u00a0\u00a0\u00a0\u00a0\u00a0\u00a0\u00a0\u00a0\u00a0\u00a0\u00a0\u00a0\u00a0\u00a0\u00a0\u00a0\u00a0\u00a0\u00a0\u00a0\u00a0\u00a0\u00a0\u00a0\u00a0\u00a0\u00a0\u00a0\u00a0\u00a0\u00a0\u00a0\u00a0\u00a0\u00a0\u00a0\u00a0\u00a0\u00a0\u00a0\u00a0\u00a0\u00a0\u00a0\u00a0\u00a0\u00a0\u00a0\u00a0\u00a0\u00a0 \u00a0\u00a0\u00a0\u00a0\u00a0\u00a0\u00a0\u00a0\u00a0\u00a0\u00a0\u00a0\u00a0\u00a0\u00a0\u00a0\u00a0\u00a0\u00a0\u00a0\u00a0\u00a0Los esperamos<\/strong><\/p>\n<p><strong>\u00a0\u00a0\u00a0\u00a0\u00a0\u00a0\u00a0\u00a0\u00a0\u00a0\u00a0\u00a0\u00a0\u00a0\u00a0\u00a0\u00a0\u00a0\u00a0\u00a0\u00a0\u00a0\u00a0\u00a0\u00a0\u00a0\u00a0\u00a0\u00a0\u00a0\u00a0\u00a0\u00a0\u00a0\u00a0\u00a0\u00a0\u00a0\u00a0\u00a0\u00a0\u00a0\u00a0\u00a0\u00a0\u00a0\u00a0\u00a0\u00a0\u00a0\u00a0\u00a0\u00a0\u00a0\u00a0\u00a0\u00a0\u00a0\u00a0\u00a0\u00a0\u00a0\u00a0\u00a0\u00a0\u00a0\u00a0\u00a0\u00a0\u00a0\u00a0\u00a0\u00a0\u00a0\u00a0\u00a0\u00a0\u00a0\u00a0\u00a0\u00a0\u00a0\u00a0\u00a0\u00a0\u00a0\u00a0\u00a0\u00a0\u00a0\u00a0\u00a0\u00a0\u00a0\u00a0\u00a0\u00a0\u00a0\u00a0\u00a0\u00a0\u00a0\u00a0\u00a0 Asociaci\u00f3n Cooperadora EP N\u00b06<\/strong><\/p>\n","protected":false},"excerpt":{"rendered":"<p>La Escuela Primaria N\u00b06 Juan Bautista Alberdi de Sierra de la Ventana, necesita renovar nuevamente su Asociaci\u00f3n Cooperadora. Los invitamos a que nos acompa\u00f1en en la Asamblea] Anual Ordinaria que se realizara bajo estricto protocolo COVID 19, el d\u00eda lunes 6 de septiembre de 2021 a las 17 horas.<\/p>\n","protected":false},"author":3,"featured_media":4331,"comment_status":"closed","ping_status":"closed","sticky":false,"template":"","format":"standard","meta":{"footnotes":""},"categories":[26],"tags":[],"class_list":["post-61418","post","type-post","status-publish","format-standard","has-post-thumbnail","hentry","category-sociedad"],"yoast_head":"<!-- This site is optimized with the Yoast SEO plugin v25.9 - https:\/\/yoast.com\/wordpress\/plugins\/seo\/ -->\n<title>Escuela N\u00b0 6 de Sierra de la Ventana: Convocatoria a asamblea anual de cooperadora - Noticias Radio Reflejos<\/title>\n<meta name=\"robots\" content=\"index, follow, max-snippet:-1, max-image-preview:large, max-video-preview:-1\" \/>\n<link rel=\"canonical\" href=\"https:\/\/www.noticiasradioreflejos.com.ar\/2021\/escuela-n-6-de-sierra-de-la-ventana-convocatoria-a-asamblea-anual-de-cooperadora\/\" \/>\n<meta property=\"og:locale\" content=\"es_ES\" \/>\n<meta property=\"og:type\" content=\"article\" \/>\n<meta property=\"og:title\" content=\"Escuela N\u00b0 6 de Sierra de la Ventana: Convocatoria a asamblea anual de cooperadora - Noticias Radio Reflejos\" \/>\n<meta property=\"og:description\" content=\"La Escuela Primaria N\u00b06 Juan Bautista Alberdi de Sierra de la Ventana, necesita renovar nuevamente su Asociaci\u00f3n Cooperadora. Los invitamos a que nos acompa\u00f1en en la Asamblea] Anual Ordinaria que se realizara bajo estricto protocolo COVID 19, el d\u00eda lunes 6 de septiembre de 2021 a las 17 horas.\" \/>\n<meta property=\"og:url\" content=\"https:\/\/www.noticiasradioreflejos.com.ar\/2021\/escuela-n-6-de-sierra-de-la-ventana-convocatoria-a-asamblea-anual-de-cooperadora\/\" \/>\n<meta property=\"og:site_name\" content=\"Noticias Radio Reflejos\" \/>\n<meta property=\"article:published_time\" content=\"2021-08-11T23:39:22+00:00\" \/>\n<meta property=\"og:image\" content=\"https:\/\/www.noticiasradioreflejos.com.ar\/2021\/wp-content\/uploads\/2016\/12\/Escuela-N\u00b0-6.jpg\" \/>\n\t<meta property=\"og:image:width\" content=\"1024\" \/>\n\t<meta property=\"og:image:height\" content=\"768\" \/>\n\t<meta property=\"og:image:type\" content=\"image\/jpeg\" \/>\n<meta name=\"author\" content=\"Arnaldo Botto\" \/>\n<meta name=\"twitter:card\" content=\"summary_large_image\" \/>\n<script type=\"application\/ld+json\" class=\"yoast-schema-graph\">{\"@context\":\"https:\/\/schema.org\",\"@graph\":[{\"@type\":\"WebPage\",\"@id\":\"https:\/\/www.noticiasradioreflejos.com.ar\/2021\/escuela-n-6-de-sierra-de-la-ventana-convocatoria-a-asamblea-anual-de-cooperadora\/\",\"url\":\"https:\/\/www.noticiasradioreflejos.com.ar\/2021\/escuela-n-6-de-sierra-de-la-ventana-convocatoria-a-asamblea-anual-de-cooperadora\/\",\"name\":\"Escuela N\u00b0 6 de Sierra de la Ventana: Convocatoria a asamblea anual de cooperadora - Noticias Radio Reflejos\",\"isPartOf\":{\"@id\":\"https:\/\/www.noticiasradioreflejos.com.ar\/2021\/#website\"},\"primaryImageOfPage\":{\"@id\":\"https:\/\/www.noticiasradioreflejos.com.ar\/2021\/escuela-n-6-de-sierra-de-la-ventana-convocatoria-a-asamblea-anual-de-cooperadora\/#primaryimage\"},\"image\":{\"@id\":\"https:\/\/www.noticiasradioreflejos.com.ar\/2021\/escuela-n-6-de-sierra-de-la-ventana-convocatoria-a-asamblea-anual-de-cooperadora\/#primaryimage\"},\"thumbnailUrl\":\"https:\/\/www.noticiasradioreflejos.com.ar\/2021\/wp-content\/uploads\/2016\/12\/Escuela-N\u00b0-6.jpg\",\"datePublished\":\"2021-08-11T23:39:22+00:00\",\"author\":{\"@id\":\"https:\/\/www.noticiasradioreflejos.com.ar\/2021\/#\/schema\/person\/ad82545263dcc5ec0996818884fd5fb1\"},\"breadcrumb\":{\"@id\":\"https:\/\/www.noticiasradioreflejos.com.ar\/2021\/escuela-n-6-de-sierra-de-la-ventana-convocatoria-a-asamblea-anual-de-cooperadora\/#breadcrumb\"},\"inLanguage\":\"es\",\"potentialAction\":[{\"@type\":\"ReadAction\",\"target\":[\"https:\/\/www.noticiasradioreflejos.com.ar\/2021\/escuela-n-6-de-sierra-de-la-ventana-convocatoria-a-asamblea-anual-de-cooperadora\/\"]}]},{\"@type\":\"ImageObject\",\"inLanguage\":\"es\",\"@id\":\"https:\/\/www.noticiasradioreflejos.com.ar\/2021\/escuela-n-6-de-sierra-de-la-ventana-convocatoria-a-asamblea-anual-de-cooperadora\/#primaryimage\",\"url\":\"https:\/\/www.noticiasradioreflejos.com.ar\/2021\/wp-content\/uploads\/2016\/12\/Escuela-N\u00b0-6.jpg\",\"contentUrl\":\"https:\/\/www.noticiasradioreflejos.com.ar\/2021\/wp-content\/uploads\/2016\/12\/Escuela-N\u00b0-6.jpg\",\"width\":1024,\"height\":768},{\"@type\":\"BreadcrumbList\",\"@id\":\"https:\/\/www.noticiasradioreflejos.com.ar\/2021\/escuela-n-6-de-sierra-de-la-ventana-convocatoria-a-asamblea-anual-de-cooperadora\/#breadcrumb\",\"itemListElement\":[{\"@type\":\"ListItem\",\"position\":1,\"name\":\"Portada\",\"item\":\"https:\/\/www.noticiasradioreflejos.com.ar\/2021\/\"},{\"@type\":\"ListItem\",\"position\":2,\"name\":\"Escuela N\u00b0 6 de Sierra de la Ventana: Convocatoria a asamblea anual de cooperadora\"}]},{\"@type\":\"WebSite\",\"@id\":\"https:\/\/www.noticiasradioreflejos.com.ar\/2021\/#website\",\"url\":\"https:\/\/www.noticiasradioreflejos.com.ar\/2021\/\",\"name\":\"Noticias Radio Reflejos\",\"description\":\"Las noticias de mi comarca\",\"potentialAction\":[{\"@type\":\"SearchAction\",\"target\":{\"@type\":\"EntryPoint\",\"urlTemplate\":\"https:\/\/www.noticiasradioreflejos.com.ar\/2021\/?s={search_term_string}\"},\"query-input\":{\"@type\":\"PropertyValueSpecification\",\"valueRequired\":true,\"valueName\":\"search_term_string\"}}],\"inLanguage\":\"es\"},{\"@type\":\"Person\",\"@id\":\"https:\/\/www.noticiasradioreflejos.com.ar\/2021\/#\/schema\/person\/ad82545263dcc5ec0996818884fd5fb1\",\"name\":\"Arnaldo Botto\",\"image\":{\"@type\":\"ImageObject\",\"inLanguage\":\"es\",\"@id\":\"https:\/\/www.noticiasradioreflejos.com.ar\/2021\/#\/schema\/person\/image\/\",\"url\":\"https:\/\/secure.gravatar.com\/avatar\/55cb5e37c1efa326397366e6974cb338056df65cb50e7d64d1cf314e87504837?s=96&d=mm&r=g\",\"contentUrl\":\"https:\/\/secure.gravatar.com\/avatar\/55cb5e37c1efa326397366e6974cb338056df65cb50e7d64d1cf314e87504837?s=96&d=mm&r=g\",\"caption\":\"Arnaldo Botto\"},\"url\":\"https:\/\/www.noticiasradioreflejos.com.ar\/2021\/author\/arnaldo\/\"}]}<\/script>\n<!-- \/ Yoast SEO plugin. -->","yoast_head_json":{"title":"Escuela N\u00b0 6 de Sierra de la Ventana: Convocatoria a asamblea anual de cooperadora - Noticias Radio Reflejos","robots":{"index":"index","follow":"follow","max-snippet":"max-snippet:-1","max-image-preview":"max-image-preview:large","max-video-preview":"max-video-preview:-1"},"canonical":"https:\/\/www.noticiasradioreflejos.com.ar\/2021\/escuela-n-6-de-sierra-de-la-ventana-convocatoria-a-asamblea-anual-de-cooperadora\/","og_locale":"es_ES","og_type":"article","og_title":"Escuela N\u00b0 6 de Sierra de la Ventana: Convocatoria a asamblea anual de cooperadora - Noticias Radio Reflejos","og_description":"La Escuela Primaria N\u00b06 Juan Bautista Alberdi de Sierra de la Ventana, necesita renovar nuevamente su Asociaci\u00f3n Cooperadora. Los invitamos a que nos acompa\u00f1en en la Asamblea] Anual Ordinaria que se realizara bajo estricto protocolo COVID 19, el d\u00eda lunes 6 de septiembre de 2021 a las 17 horas.","og_url":"https:\/\/www.noticiasradioreflejos.com.ar\/2021\/escuela-n-6-de-sierra-de-la-ventana-convocatoria-a-asamblea-anual-de-cooperadora\/","og_site_name":"Noticias Radio Reflejos","article_published_time":"2021-08-11T23:39:22+00:00","og_image":[{"width":1024,"height":768,"url":"https:\/\/www.noticiasradioreflejos.com.ar\/2021\/wp-content\/uploads\/2016\/12\/Escuela-N\u00b0-6.jpg","type":"image\/jpeg"}],"author":"Arnaldo Botto","twitter_card":"summary_large_image","schema":{"@context":"https:\/\/schema.org","@graph":[{"@type":"WebPage","@id":"https:\/\/www.noticiasradioreflejos.com.ar\/2021\/escuela-n-6-de-sierra-de-la-ventana-convocatoria-a-asamblea-anual-de-cooperadora\/","url":"https:\/\/www.noticiasradioreflejos.com.ar\/2021\/escuela-n-6-de-sierra-de-la-ventana-convocatoria-a-asamblea-anual-de-cooperadora\/","name":"Escuela N\u00b0 6 de Sierra de la Ventana: Convocatoria a asamblea anual de cooperadora - Noticias Radio Reflejos","isPartOf":{"@id":"https:\/\/www.noticiasradioreflejos.com.ar\/2021\/#website"},"primaryImageOfPage":{"@id":"https:\/\/www.noticiasradioreflejos.com.ar\/2021\/escuela-n-6-de-sierra-de-la-ventana-convocatoria-a-asamblea-anual-de-cooperadora\/#primaryimage"},"image":{"@id":"https:\/\/www.noticiasradioreflejos.com.ar\/2021\/escuela-n-6-de-sierra-de-la-ventana-convocatoria-a-asamblea-anual-de-cooperadora\/#primaryimage"},"thumbnailUrl":"https:\/\/www.noticiasradioreflejos.com.ar\/2021\/wp-content\/uploads\/2016\/12\/Escuela-N\u00b0-6.jpg","datePublished":"2021-08-11T23:39:22+00:00","author":{"@id":"https:\/\/www.noticiasradioreflejos.com.ar\/2021\/#\/schema\/person\/ad82545263dcc5ec0996818884fd5fb1"},"breadcrumb":{"@id":"https:\/\/www.noticiasradioreflejos.com.ar\/2021\/escuela-n-6-de-sierra-de-la-ventana-convocatoria-a-asamblea-anual-de-cooperadora\/#breadcrumb"},"inLanguage":"es","potentialAction":[{"@type":"ReadAction","target":["https:\/\/www.noticiasradioreflejos.com.ar\/2021\/escuela-n-6-de-sierra-de-la-ventana-convocatoria-a-asamblea-anual-de-cooperadora\/"]}]},{"@type":"ImageObject","inLanguage":"es","@id":"https:\/\/www.noticiasradioreflejos.com.ar\/2021\/escuela-n-6-de-sierra-de-la-ventana-convocatoria-a-asamblea-anual-de-cooperadora\/#primaryimage","url":"https:\/\/www.noticiasradioreflejos.com.ar\/2021\/wp-content\/uploads\/2016\/12\/Escuela-N\u00b0-6.jpg","contentUrl":"https:\/\/www.noticiasradioreflejos.com.ar\/2021\/wp-content\/uploads\/2016\/12\/Escuela-N\u00b0-6.jpg","width":1024,"height":768},{"@type":"BreadcrumbList","@id":"https:\/\/www.noticiasradioreflejos.com.ar\/2021\/escuela-n-6-de-sierra-de-la-ventana-convocatoria-a-asamblea-anual-de-cooperadora\/#breadcrumb","itemListElement":[{"@type":"ListItem","position":1,"name":"Portada","item":"https:\/\/www.noticiasradioreflejos.com.ar\/2021\/"},{"@type":"ListItem","position":2,"name":"Escuela N\u00b0 6 de Sierra de la Ventana: Convocatoria a asamblea anual de cooperadora"}]},{"@type":"WebSite","@id":"https:\/\/www.noticiasradioreflejos.com.ar\/2021\/#website","url":"https:\/\/www.noticiasradioreflejos.com.ar\/2021\/","name":"Noticias Radio Reflejos","description":"Las noticias de mi comarca","potentialAction":[{"@type":"SearchAction","target":{"@type":"EntryPoint","urlTemplate":"https:\/\/www.noticiasradioreflejos.com.ar\/2021\/?s={search_term_string}"},"query-input":{"@type":"PropertyValueSpecification","valueRequired":true,"valueName":"search_term_string"}}],"inLanguage":"es"},{"@type":"Person","@id":"https:\/\/www.noticiasradioreflejos.com.ar\/2021\/#\/schema\/person\/ad82545263dcc5ec0996818884fd5fb1","name":"Arnaldo Botto","image":{"@type":"ImageObject","inLanguage":"es","@id":"https:\/\/www.noticiasradioreflejos.com.ar\/2021\/#\/schema\/person\/image\/","url":"https:\/\/secure.gravatar.com\/avatar\/55cb5e37c1efa326397366e6974cb338056df65cb50e7d64d1cf314e87504837?s=96&d=mm&r=g","contentUrl":"https:\/\/secure.gravatar.com\/avatar\/55cb5e37c1efa326397366e6974cb338056df65cb50e7d64d1cf314e87504837?s=96&d=mm&r=g","caption":"Arnaldo Botto"},"url":"https:\/\/www.noticiasradioreflejos.com.ar\/2021\/author\/arnaldo\/"}]}},"_links":{"self":[{"href":"https:\/\/www.noticiasradioreflejos.com.ar\/2021\/wp-json\/wp\/v2\/posts\/61418","targetHints":{"allow":["GET"]}}],"collection":[{"href":"https:\/\/www.noticiasradioreflejos.com.ar\/2021\/wp-json\/wp\/v2\/posts"}],"about":[{"href":"https:\/\/www.noticiasradioreflejos.com.ar\/2021\/wp-json\/wp\/v2\/types\/post"}],"author":[{"embeddable":true,"href":"https:\/\/www.noticiasradioreflejos.com.ar\/2021\/wp-json\/wp\/v2\/users\/3"}],"replies":[{"embeddable":true,"href":"https:\/\/www.noticiasradioreflejos.com.ar\/2021\/wp-json\/wp\/v2\/comments?post=61418"}],"version-history":[{"count":1,"href":"https:\/\/www.noticiasradioreflejos.com.ar\/2021\/wp-json\/wp\/v2\/posts\/61418\/revisions"}],"predecessor-version":[{"id":61419,"href":"https:\/\/www.noticiasradioreflejos.com.ar\/2021\/wp-json\/wp\/v2\/posts\/61418\/revisions\/61419"}],"wp:featuredmedia":[{"embeddable":true,"href":"https:\/\/www.noticiasradioreflejos.com.ar\/2021\/wp-json\/wp\/v2\/media\/4331"}],"wp:attachment":[{"href":"https:\/\/www.noticiasradioreflejos.com.ar\/2021\/wp-json\/wp\/v2\/media?parent=61418"}],"wp:term":[{"taxonomy":"category","embeddable":true,"href":"https:\/\/www.noticiasradioreflejos.com.ar\/2021\/wp-json\/wp\/v2\/categories?post=61418"},{"taxonomy":"post_tag","embeddable":true,"href":"https:\/\/www.noticiasradioreflejos.com.ar\/2021\/wp-json\/wp\/v2\/tags?post=61418"}],"curies":[{"name":"wp","href":"https:\/\/api.w.org\/{rel}","templated":true}]}}