{"id":61408,"date":"2021-08-11T23:12:32","date_gmt":"2021-08-11T23:12:32","guid":{"rendered":"http:\/\/www.noticiasradioreflejos.com.ar\/2021\/?p=61408"},"modified":"2021-08-11T23:12:32","modified_gmt":"2021-08-11T23:12:32","slug":"creditos-por-hasta-150-000-para-mas-de-1-millon-de-monotributistas-de-todo-el-pais","status":"publish","type":"post","link":"https:\/\/www.noticiasradioreflejos.com.ar\/2021\/creditos-por-hasta-150-000-para-mas-de-1-millon-de-monotributistas-de-todo-el-pais\/","title":{"rendered":"Cr\u00e9ditos por hasta $150.000 para m\u00e1s de 1 mill\u00f3n de monotributistas de todo el pa\u00eds"},"content":{"rendered":"<div class=\"head-content\">\n<p>El Gobierno nacional anunci\u00f3 la puesta en marcha de una nueva l\u00ednea de cr\u00e9ditos a tasa cero, que estar\u00e1n garantizados por el Ministerio de Desarrollo Productivo y se tramitar\u00e1n a trav\u00e9s de la AFIP.<\/p>\n<\/div>\n<p><!--more--><\/p>\n<div class=\"main-content-block\">\n<div class=\"main-box clearfix\">\n<div class=\"wrapper-main-section clearfix\">\n<div class=\"wrapper-editable-content\">\n<div class=\"editable-content clearfix\">\n<div id=\"image\" class=\"image\">\n<div class=\"epigrafe\">El Gobierno nacional anunci\u00f3 la puesta en marcha de una nueva l\u00ednea de cr\u00e9ditos a tasa cero por hasta $150.000 para m\u00e1s de un mill\u00f3n de monotributistas de todo el pa\u00eds, los que estar\u00e1n garantizados por el Ministerio de Desarrollo Productivo y se tramitar\u00e1n a trav\u00e9s de la Administraci\u00f3n Federal de Ingresos P\u00fablicos (AFIP).<\/div>\n<\/div>\n<p>El anuncio fue realizado por la vicejefa de Gabinete, Cecilia Todesca Bocco, y la titular de la AFIP, Mercedes Marco del Pont, en una conferencia de prensa que ofrecieron en Casa de Gobierno, tras la reuni\u00f3n de gabinete econ\u00f3mico que esta tarde encabez\u00f3 el presidente Alberto Fern\u00e1ndez.<\/p>\n<p><strong>Todesca Bocco explic\u00f3 que relanzar los cr\u00e9ditos a tasa cero para monotributistas permitir\u00e1 \u00abfortalecer el respaldo a esos trabajadores tras la afectaci\u00f3n de la pandemia\u00bb<\/strong>, en un momento en que se observa una \u00abrecuperaci\u00f3n de la econom\u00eda, aunque con disparidades\u00bb de acuerdo a los sectores.<\/p>\n<p>\u00abEstamos repitiendo una experiencia exitosa, con un universo potencial de un mill\u00f3n de monotributistas; con un abordaje bastante progresivo de los montos\u00bb, afirm\u00f3 Marc\u00f3 del Pont respecto al anuncio.<\/p>\n<p>Los pr\u00e9stamos contar\u00e1n con 6 meses de gracia y la devoluci\u00f3n se realizar\u00e1 en 12 cuotas sin intereses. La posibilidad de solicitar un cr\u00e9dito a tasa cero estar\u00e1 habilitada a partir de fines de agosto a trav\u00e9s de la web de la AFIP.<\/p>\n<p>En esa instancia,\u00a0<strong>explic\u00f3 Del Pont, el sistema informar\u00e1 el monto m\u00e1ximo del cr\u00e9dito que depende de categor\u00eda de monotributo al 30 de junio, es decir antes de la recategorizaci\u00f3n, pero se podr\u00e1 acceder a montos desde $90.000 hasta $150.000<\/strong><\/p>\n<p>En otro tramo de la conferencia, Todesca Bocco, afirm\u00f3 que \u00abla inflaci\u00f3n se viene reduciendo lentamente, aunque m\u00e1s lento de lo que nos gustar\u00eda\u00bb, por lo que la meta inicialmente propuestas para el corriente a\u00f1o \u00abno es realizable\u00bb.<\/p>\n<p>\u00abLa gente que menos tiene es la que m\u00e1s sufre y por eso las pol\u00edticas vienen reflejando incrementos en beneficiarios como en montos\u00bb de asistencia a los distintos sectores, rese\u00f1\u00f3 la funcionaria al destacar el contexto luego de \u00abtres a\u00f1os de ca\u00edda consecutiva\u00bb.<\/p>\n<p>Por su parte, Marc\u00f3 del Pont, asegur\u00f3 que la Argentina est\u00e1 en \u00abmejores condiciones de crecer a tasas mucho m\u00e1s altas, porque hay capacidades productivas que se preservaron y empleo se preserv\u00f3\u00bb<\/p>\n<p>\u00abEstamos convencidos que hay un horizonte muy esperanzador para la econom\u00eda argentina\u00bb, asegur\u00f3 la titular de la AFIP.<\/p>\n<p>https:\/\/twitter.com\/TV_Publica\/status\/1425582422209478658?ref_src=twsrc%5Etfw%7Ctwcamp%5Etweetembed%7Ctwterm%5E1425582422209478658%7Ctwgr%5E%7Ctwcon%5Es1_c10&#038;ref_url=https%3A%2F%2Fwww.telam.com.ar%2Fnotas%2F202108%2F564766-gabinete-economico-reunion-gobierno-nacional.html<\/p>\n<h4 class=\"auth\">La reuni\u00f3n del Gabinete Econ\u00f3mico<\/h4>\n<p>M\u00e1s temprano, el presidente Alberto Fern\u00e1ndez encabez\u00f3 en Casa de Gobierno la reuni\u00f3n semanal del gabinete econ\u00f3mico, informaron fuentes oficiales.<\/p>\n<p>Junto al Presidente participaron el jefe de Gabinete, Santiago Cafiero; la vicejefa de Gabinete, Cecilia Todesca; y los ministros de Econom\u00eda, Mart\u00edn Guzm\u00e1n; de Desarrollo Productivo, Mat\u00edas Kulfas; y de Trabajo, Claudio Moroni.<\/p>\n<div id=\"image\" class=\"image\">\n<p><img decoding=\"async\" title=\"Reuni\u00f3n del Gabinete Econ\u00f3mico. Foto: Presidencia.\" src=\"https:\/\/www.telam.com.ar\/advf\/imagenes\/2021\/08\/6114472e32fc8.08.2021%20565_1004x565.jpg\" alt=\"Reuni\u00f3n del Gabinete Econ\u00f3mico. Foto: Presidencia.\" \/><\/p>\n<div class=\"epigrafe\">Reuni\u00f3n del Gabinete Econ\u00f3mico. Foto: Presidencia.<\/div>\n<\/div>\n<p>Adem\u00e1s, estuvieron presentes el presidente del Banco Central, Miguel Pesce; y la directora de la Administraci\u00f3n Federal de Ingresos P\u00fablicos (AFIP), Mercedes Marc\u00f3 del Pont.<\/p>\n<\/div>\n<\/div>\n<\/div>\n<\/div>\n<\/div>\n","protected":false},"excerpt":{"rendered":"<p>El Gobierno nacional anunci\u00f3 la puesta en marcha de una nueva l\u00ednea de cr\u00e9ditos a tasa cero por hasta $150.000 para m\u00e1s de un mill\u00f3n de monotributistas de todo el pa\u00eds, los que estar\u00e1n garantizados por el Ministerio de Desarrollo Productivo y se tramitar\u00e1n a trav\u00e9s de la Administraci\u00f3n Federal de Ingresos P\u00fablicos (AFIP).<\/p>\n","protected":false},"author":3,"featured_media":0,"comment_status":"closed","ping_status":"closed","sticky":false,"template":"","format":"standard","meta":{"footnotes":""},"categories":[1],"tags":[],"class_list":["post-61408","post","type-post","status-publish","format-standard","hentry","category-sin-categoria"],"yoast_head":"<!-- This site is optimized with the Yoast SEO plugin v25.9 - https:\/\/yoast.com\/wordpress\/plugins\/seo\/ -->\n<title>Cr\u00e9ditos por hasta $150.000 para m\u00e1s de 1 mill\u00f3n de monotributistas de todo el pa\u00eds - Noticias Radio Reflejos<\/title>\n<meta name=\"robots\" content=\"index, follow, max-snippet:-1, max-image-preview:large, max-video-preview:-1\" \/>\n<link rel=\"canonical\" href=\"https:\/\/www.noticiasradioreflejos.com.ar\/2021\/creditos-por-hasta-150-000-para-mas-de-1-millon-de-monotributistas-de-todo-el-pais\/\" \/>\n<meta property=\"og:locale\" content=\"es_ES\" \/>\n<meta property=\"og:type\" content=\"article\" \/>\n<meta property=\"og:title\" content=\"Cr\u00e9ditos por hasta $150.000 para m\u00e1s de 1 mill\u00f3n de monotributistas de todo el pa\u00eds - Noticias Radio Reflejos\" \/>\n<meta property=\"og:description\" content=\"El Gobierno nacional anunci\u00f3 la puesta en marcha de una nueva l\u00ednea de cr\u00e9ditos a tasa cero por hasta $150.000 para m\u00e1s de un mill\u00f3n de monotributistas de todo el pa\u00eds, los que estar\u00e1n garantizados por el Ministerio de Desarrollo Productivo y se tramitar\u00e1n a trav\u00e9s de la Administraci\u00f3n Federal de Ingresos P\u00fablicos (AFIP).\" \/>\n<meta property=\"og:url\" content=\"https:\/\/www.noticiasradioreflejos.com.ar\/2021\/creditos-por-hasta-150-000-para-mas-de-1-millon-de-monotributistas-de-todo-el-pais\/\" \/>\n<meta property=\"og:site_name\" content=\"Noticias Radio Reflejos\" \/>\n<meta property=\"article:published_time\" content=\"2021-08-11T23:12:32+00:00\" \/>\n<meta property=\"og:image\" content=\"https:\/\/www.telam.com.ar\/advf\/imagenes\/2021\/08\/6114472e32fc8.08.2021%20565_1004x565.jpg\" \/>\n<meta name=\"author\" content=\"Arnaldo Botto\" \/>\n<meta name=\"twitter:card\" content=\"summary_large_image\" \/>\n<script type=\"application\/ld+json\" class=\"yoast-schema-graph\">{\"@context\":\"https:\/\/schema.org\",\"@graph\":[{\"@type\":\"WebPage\",\"@id\":\"https:\/\/www.noticiasradioreflejos.com.ar\/2021\/creditos-por-hasta-150-000-para-mas-de-1-millon-de-monotributistas-de-todo-el-pais\/\",\"url\":\"https:\/\/www.noticiasradioreflejos.com.ar\/2021\/creditos-por-hasta-150-000-para-mas-de-1-millon-de-monotributistas-de-todo-el-pais\/\",\"name\":\"Cr\u00e9ditos por hasta $150.000 para m\u00e1s de 1 mill\u00f3n de monotributistas de todo el pa\u00eds - Noticias Radio Reflejos\",\"isPartOf\":{\"@id\":\"https:\/\/www.noticiasradioreflejos.com.ar\/2021\/#website\"},\"primaryImageOfPage\":{\"@id\":\"https:\/\/www.noticiasradioreflejos.com.ar\/2021\/creditos-por-hasta-150-000-para-mas-de-1-millon-de-monotributistas-de-todo-el-pais\/#primaryimage\"},\"image\":{\"@id\":\"https:\/\/www.noticiasradioreflejos.com.ar\/2021\/creditos-por-hasta-150-000-para-mas-de-1-millon-de-monotributistas-de-todo-el-pais\/#primaryimage\"},\"thumbnailUrl\":\"https:\/\/www.telam.com.ar\/advf\/imagenes\/2021\/08\/6114472e32fc8.08.2021%20565_1004x565.jpg\",\"datePublished\":\"2021-08-11T23:12:32+00:00\",\"author\":{\"@id\":\"https:\/\/www.noticiasradioreflejos.com.ar\/2021\/#\/schema\/person\/ad82545263dcc5ec0996818884fd5fb1\"},\"breadcrumb\":{\"@id\":\"https:\/\/www.noticiasradioreflejos.com.ar\/2021\/creditos-por-hasta-150-000-para-mas-de-1-millon-de-monotributistas-de-todo-el-pais\/#breadcrumb\"},\"inLanguage\":\"es\",\"potentialAction\":[{\"@type\":\"ReadAction\",\"target\":[\"https:\/\/www.noticiasradioreflejos.com.ar\/2021\/creditos-por-hasta-150-000-para-mas-de-1-millon-de-monotributistas-de-todo-el-pais\/\"]}]},{\"@type\":\"ImageObject\",\"inLanguage\":\"es\",\"@id\":\"https:\/\/www.noticiasradioreflejos.com.ar\/2021\/creditos-por-hasta-150-000-para-mas-de-1-millon-de-monotributistas-de-todo-el-pais\/#primaryimage\",\"url\":\"https:\/\/www.telam.com.ar\/advf\/imagenes\/2021\/08\/6114472e32fc8.08.2021%20565_1004x565.jpg\",\"contentUrl\":\"https:\/\/www.telam.com.ar\/advf\/imagenes\/2021\/08\/6114472e32fc8.08.2021%20565_1004x565.jpg\"},{\"@type\":\"BreadcrumbList\",\"@id\":\"https:\/\/www.noticiasradioreflejos.com.ar\/2021\/creditos-por-hasta-150-000-para-mas-de-1-millon-de-monotributistas-de-todo-el-pais\/#breadcrumb\",\"itemListElement\":[{\"@type\":\"ListItem\",\"position\":1,\"name\":\"Portada\",\"item\":\"https:\/\/www.noticiasradioreflejos.com.ar\/2021\/\"},{\"@type\":\"ListItem\",\"position\":2,\"name\":\"Cr\u00e9ditos por hasta $150.000 para m\u00e1s de 1 mill\u00f3n de monotributistas de todo el pa\u00eds\"}]},{\"@type\":\"WebSite\",\"@id\":\"https:\/\/www.noticiasradioreflejos.com.ar\/2021\/#website\",\"url\":\"https:\/\/www.noticiasradioreflejos.com.ar\/2021\/\",\"name\":\"Noticias Radio Reflejos\",\"description\":\"Las noticias de mi comarca\",\"potentialAction\":[{\"@type\":\"SearchAction\",\"target\":{\"@type\":\"EntryPoint\",\"urlTemplate\":\"https:\/\/www.noticiasradioreflejos.com.ar\/2021\/?s={search_term_string}\"},\"query-input\":{\"@type\":\"PropertyValueSpecification\",\"valueRequired\":true,\"valueName\":\"search_term_string\"}}],\"inLanguage\":\"es\"},{\"@type\":\"Person\",\"@id\":\"https:\/\/www.noticiasradioreflejos.com.ar\/2021\/#\/schema\/person\/ad82545263dcc5ec0996818884fd5fb1\",\"name\":\"Arnaldo Botto\",\"image\":{\"@type\":\"ImageObject\",\"inLanguage\":\"es\",\"@id\":\"https:\/\/www.noticiasradioreflejos.com.ar\/2021\/#\/schema\/person\/image\/\",\"url\":\"https:\/\/secure.gravatar.com\/avatar\/55cb5e37c1efa326397366e6974cb338056df65cb50e7d64d1cf314e87504837?s=96&d=mm&r=g\",\"contentUrl\":\"https:\/\/secure.gravatar.com\/avatar\/55cb5e37c1efa326397366e6974cb338056df65cb50e7d64d1cf314e87504837?s=96&d=mm&r=g\",\"caption\":\"Arnaldo Botto\"},\"url\":\"https:\/\/www.noticiasradioreflejos.com.ar\/2021\/author\/arnaldo\/\"}]}<\/script>\n<!-- \/ Yoast SEO plugin. -->","yoast_head_json":{"title":"Cr\u00e9ditos por hasta $150.000 para m\u00e1s de 1 mill\u00f3n de monotributistas de todo el pa\u00eds - Noticias Radio Reflejos","robots":{"index":"index","follow":"follow","max-snippet":"max-snippet:-1","max-image-preview":"max-image-preview:large","max-video-preview":"max-video-preview:-1"},"canonical":"https:\/\/www.noticiasradioreflejos.com.ar\/2021\/creditos-por-hasta-150-000-para-mas-de-1-millon-de-monotributistas-de-todo-el-pais\/","og_locale":"es_ES","og_type":"article","og_title":"Cr\u00e9ditos por hasta $150.000 para m\u00e1s de 1 mill\u00f3n de monotributistas de todo el pa\u00eds - Noticias Radio Reflejos","og_description":"El Gobierno nacional anunci\u00f3 la puesta en marcha de una nueva l\u00ednea de cr\u00e9ditos a tasa cero por hasta $150.000 para m\u00e1s de un mill\u00f3n de monotributistas de todo el pa\u00eds, los que estar\u00e1n garantizados por el Ministerio de Desarrollo Productivo y se tramitar\u00e1n a trav\u00e9s de la Administraci\u00f3n Federal de Ingresos P\u00fablicos (AFIP).","og_url":"https:\/\/www.noticiasradioreflejos.com.ar\/2021\/creditos-por-hasta-150-000-para-mas-de-1-millon-de-monotributistas-de-todo-el-pais\/","og_site_name":"Noticias Radio Reflejos","article_published_time":"2021-08-11T23:12:32+00:00","og_image":[{"url":"https:\/\/www.telam.com.ar\/advf\/imagenes\/2021\/08\/6114472e32fc8.08.2021%20565_1004x565.jpg","type":"","width":"","height":""}],"author":"Arnaldo Botto","twitter_card":"summary_large_image","schema":{"@context":"https:\/\/schema.org","@graph":[{"@type":"WebPage","@id":"https:\/\/www.noticiasradioreflejos.com.ar\/2021\/creditos-por-hasta-150-000-para-mas-de-1-millon-de-monotributistas-de-todo-el-pais\/","url":"https:\/\/www.noticiasradioreflejos.com.ar\/2021\/creditos-por-hasta-150-000-para-mas-de-1-millon-de-monotributistas-de-todo-el-pais\/","name":"Cr\u00e9ditos por hasta $150.000 para m\u00e1s de 1 mill\u00f3n de monotributistas de todo el pa\u00eds - Noticias Radio Reflejos","isPartOf":{"@id":"https:\/\/www.noticiasradioreflejos.com.ar\/2021\/#website"},"primaryImageOfPage":{"@id":"https:\/\/www.noticiasradioreflejos.com.ar\/2021\/creditos-por-hasta-150-000-para-mas-de-1-millon-de-monotributistas-de-todo-el-pais\/#primaryimage"},"image":{"@id":"https:\/\/www.noticiasradioreflejos.com.ar\/2021\/creditos-por-hasta-150-000-para-mas-de-1-millon-de-monotributistas-de-todo-el-pais\/#primaryimage"},"thumbnailUrl":"https:\/\/www.telam.com.ar\/advf\/imagenes\/2021\/08\/6114472e32fc8.08.2021%20565_1004x565.jpg","datePublished":"2021-08-11T23:12:32+00:00","author":{"@id":"https:\/\/www.noticiasradioreflejos.com.ar\/2021\/#\/schema\/person\/ad82545263dcc5ec0996818884fd5fb1"},"breadcrumb":{"@id":"https:\/\/www.noticiasradioreflejos.com.ar\/2021\/creditos-por-hasta-150-000-para-mas-de-1-millon-de-monotributistas-de-todo-el-pais\/#breadcrumb"},"inLanguage":"es","potentialAction":[{"@type":"ReadAction","target":["https:\/\/www.noticiasradioreflejos.com.ar\/2021\/creditos-por-hasta-150-000-para-mas-de-1-millon-de-monotributistas-de-todo-el-pais\/"]}]},{"@type":"ImageObject","inLanguage":"es","@id":"https:\/\/www.noticiasradioreflejos.com.ar\/2021\/creditos-por-hasta-150-000-para-mas-de-1-millon-de-monotributistas-de-todo-el-pais\/#primaryimage","url":"https:\/\/www.telam.com.ar\/advf\/imagenes\/2021\/08\/6114472e32fc8.08.2021%20565_1004x565.jpg","contentUrl":"https:\/\/www.telam.com.ar\/advf\/imagenes\/2021\/08\/6114472e32fc8.08.2021%20565_1004x565.jpg"},{"@type":"BreadcrumbList","@id":"https:\/\/www.noticiasradioreflejos.com.ar\/2021\/creditos-por-hasta-150-000-para-mas-de-1-millon-de-monotributistas-de-todo-el-pais\/#breadcrumb","itemListElement":[{"@type":"ListItem","position":1,"name":"Portada","item":"https:\/\/www.noticiasradioreflejos.com.ar\/2021\/"},{"@type":"ListItem","position":2,"name":"Cr\u00e9ditos por hasta $150.000 para m\u00e1s de 1 mill\u00f3n de monotributistas de todo el pa\u00eds"}]},{"@type":"WebSite","@id":"https:\/\/www.noticiasradioreflejos.com.ar\/2021\/#website","url":"https:\/\/www.noticiasradioreflejos.com.ar\/2021\/","name":"Noticias Radio Reflejos","description":"Las noticias de mi comarca","potentialAction":[{"@type":"SearchAction","target":{"@type":"EntryPoint","urlTemplate":"https:\/\/www.noticiasradioreflejos.com.ar\/2021\/?s={search_term_string}"},"query-input":{"@type":"PropertyValueSpecification","valueRequired":true,"valueName":"search_term_string"}}],"inLanguage":"es"},{"@type":"Person","@id":"https:\/\/www.noticiasradioreflejos.com.ar\/2021\/#\/schema\/person\/ad82545263dcc5ec0996818884fd5fb1","name":"Arnaldo Botto","image":{"@type":"ImageObject","inLanguage":"es","@id":"https:\/\/www.noticiasradioreflejos.com.ar\/2021\/#\/schema\/person\/image\/","url":"https:\/\/secure.gravatar.com\/avatar\/55cb5e37c1efa326397366e6974cb338056df65cb50e7d64d1cf314e87504837?s=96&d=mm&r=g","contentUrl":"https:\/\/secure.gravatar.com\/avatar\/55cb5e37c1efa326397366e6974cb338056df65cb50e7d64d1cf314e87504837?s=96&d=mm&r=g","caption":"Arnaldo Botto"},"url":"https:\/\/www.noticiasradioreflejos.com.ar\/2021\/author\/arnaldo\/"}]}},"_links":{"self":[{"href":"https:\/\/www.noticiasradioreflejos.com.ar\/2021\/wp-json\/wp\/v2\/posts\/61408","targetHints":{"allow":["GET"]}}],"collection":[{"href":"https:\/\/www.noticiasradioreflejos.com.ar\/2021\/wp-json\/wp\/v2\/posts"}],"about":[{"href":"https:\/\/www.noticiasradioreflejos.com.ar\/2021\/wp-json\/wp\/v2\/types\/post"}],"author":[{"embeddable":true,"href":"https:\/\/www.noticiasradioreflejos.com.ar\/2021\/wp-json\/wp\/v2\/users\/3"}],"replies":[{"embeddable":true,"href":"https:\/\/www.noticiasradioreflejos.com.ar\/2021\/wp-json\/wp\/v2\/comments?post=61408"}],"version-history":[{"count":1,"href":"https:\/\/www.noticiasradioreflejos.com.ar\/2021\/wp-json\/wp\/v2\/posts\/61408\/revisions"}],"predecessor-version":[{"id":61410,"href":"https:\/\/www.noticiasradioreflejos.com.ar\/2021\/wp-json\/wp\/v2\/posts\/61408\/revisions\/61410"}],"wp:attachment":[{"href":"https:\/\/www.noticiasradioreflejos.com.ar\/2021\/wp-json\/wp\/v2\/media?parent=61408"}],"wp:term":[{"taxonomy":"category","embeddable":true,"href":"https:\/\/www.noticiasradioreflejos.com.ar\/2021\/wp-json\/wp\/v2\/categories?post=61408"},{"taxonomy":"post_tag","embeddable":true,"href":"https:\/\/www.noticiasradioreflejos.com.ar\/2021\/wp-json\/wp\/v2\/tags?post=61408"}],"curies":[{"name":"wp","href":"https:\/\/api.w.org\/{rel}","templated":true}]}}