{"id":61407,"date":"2021-08-11T23:56:55","date_gmt":"2021-08-11T23:56:55","guid":{"rendered":"http:\/\/www.noticiasradioreflejos.com.ar\/2021\/?p=61407"},"modified":"2021-08-11T23:58:31","modified_gmt":"2021-08-11T23:58:31","slug":"acceso-a-la-tierra-aliviar-las-cargas-al-comercio-planes-municipales-de-empleo-y-modernizar-el-legislativo-local-en-la-plataforma-de-accion-por-tornquist","status":"publish","type":"post","link":"https:\/\/www.noticiasradioreflejos.com.ar\/2021\/acceso-a-la-tierra-aliviar-las-cargas-al-comercio-planes-municipales-de-empleo-y-modernizar-el-legislativo-local-en-la-plataforma-de-accion-por-tornquist\/","title":{"rendered":"Acceso a la tierra, aliviar las cargas al comercio, planes municipales de empleo y modernizar el legislativo local en la plataforma de \u00abAcci\u00f3n por Tornquist\u00bb"},"content":{"rendered":"<p>Bruno Zacconi, pre candidato de \u00abAcci\u00f3n por Tornquist\u00bb como Concejal, utiliza el espacio de la radio para hablar de su postulaci\u00f3n, los proyectos que tiene en mente y su sucesi\u00f3n como Subsecretario de Juventudes, Pol\u00edticas de G\u00e9nero y Diversidades.<!--more--><\/p>\n<p><a data-flickr-embed=\"true\" href=\"https:\/\/www.flickr.com\/photos\/182279889@N02\/51371739927\/in\/dateposted-public\/\" title=\"Acci\u00f3n x Tqst (2)\"><img loading=\"lazy\" decoding=\"async\" src=\"https:\/\/live.staticflickr.com\/65535\/51371739927_6e43d5df6b_c.jpg\" width=\"800\" height=\"800\" alt=\"Acci\u00f3n x Tqst (2)\"><\/a><script async src=\"\/\/embedr.flickr.com\/assets\/client-code.js\" charset=\"utf-8\"><\/script><\/p>\n<p>\u00abFue una propuesta de parte de Sergio y de todos los que lo acompa\u00f1an en su n\u00facleo m\u00e1s cercano. Me tom\u00e9 un tiempito para pensarlo y obviamente acept\u00e9 el desaf\u00edo de seguir trabajando para mi distrito, conformando una lista que es muy buena y muy diversa\u00bb explic\u00f3 el pre-candidato c\u00f3mo se le otorg\u00f3 la posibilidad de ser electo como Concejal por \u00abAcci\u00f3n por Tornquist\u00bb.<\/p>\n<p>\u00abEstamos listos para trabajar para la gente. Si es un cargo Ejecutivo o Legislativo, mientras podamos tomar acciones y seguir haciendo lo que a mi me gusta, no tiene un sentido personal para mi cu\u00e1l es el puesto que me toca\u00bb contest\u00f3 Bruno cuando le preguntamos si, en su opini\u00f3n, prefer\u00eda su puesto como Subsecretario de Juventudes, Pol\u00edticas G\u00e9nero y Diversidades o su posibilidad de ser electo Concejal.<\/p>\n<p>\u00abMe parece super sano que partamos todos desde el mismo diagn\u00f3stico, que es que el Concejo Deliberante est\u00e1 un poco necesitando un mejor funcionamiento o aunque sea m\u00e1s actividad\u00bb sentenci\u00f3 el pre candidato de \u00abAcci\u00f3n por Tornquist\u00bb. Asegur\u00f3 que est\u00e1n trabajando en una propuesta que est\u00e1 por salir a la luz la cual se trata de reformar el reglamento \u00abpara volverlo mucho m\u00e1s f\u00e1cil al HCD\u00bb, reglamento que, seg\u00fan Bruno, est\u00e1 vigente desde el a\u00f1o 2002. \u00abHay que empezar a pensar legislaciones que sean modernas\u00bb sostuvo.<\/p>\n<p>El subsecretario de Juventudes, Pol\u00edticas de G\u00e9nero y Diversidades mencion\u00f3 que hay muchas cosas por las cuales hacer fuerza desde el Concejo Deliberante, no s\u00f3lo a nivel local sino tambi\u00e9n Provincial y Nacional. \u00abCuando hablamos de las rutas, el acceso a la tierra, en eso hay que tratar desde el HCD, Comunicaciones y las distintas \u00e1reas poder ver de qu\u00e9 manera desde el departamento legislativo se puede acercar una soluci\u00f3n hacia el departamento ejecutivo\u00bb.<\/p>\n<p>Le pedimos a Bruno que nos mencione cu\u00e1l es el proyecto que m\u00e1s lo inquieta actualmente. \u00abEn lo que m\u00e1s me voy a abocar es c\u00f3mo hacemos para simplificarle al comerciante algunas situaciones que tienen. Sabemos que las cargas impositivas son agobiantes\u00bb. Tambi\u00e9n mencion\u00f3 que est\u00e1n impulsando un Plan de Empleo desde la oficina que necesita abocar la mayor cantidad de gente posible.<\/p>\n<p>Bruno coment\u00f3 que, a partir del 10 de Diciembre, alguien tendr\u00e1 que suceder su cargo, cuesti\u00f3n que est\u00e1 a manos del Intendente. \u00abHemos crecido much\u00edsimo, hemos pasado a ser una Subsecretar\u00eda\u00bb expres\u00f3 en referencia a la oficina donde \u00e9l todav\u00eda ejerce su cargo.<\/p>\n<p><strong>Nota completa a continuaci\u00f3n:<\/strong><br \/>\n<iframe loading=\"lazy\" src=\"https:\/\/w.soundcloud.com\/player\/?url=https%3A\/\/api.soundcloud.com\/tracks\/1104120886&amp;color=%23ff5500&amp;auto_play=false&amp;hide_related=false&amp;show_comments=true&amp;show_user=true&amp;show_reposts=false&amp;show_teaser=true\" width=\"100%\" height=\"166\" frameborder=\"no\" scrolling=\"no\"><\/iframe><\/p>\n<div style=\"font-size: 10px; color: #cccccc; line-break: anywhere; word-break: normal; overflow: hidden; white-space: nowrap; text-overflow: ellipsis; font-family: Interstate,Lucida Grande,Lucida Sans Unicode,Lucida Sans,Garuda,Verdana,Tahoma,sans-serif; font-weight: 100;\"><a style=\"color: #cccccc; text-decoration: none;\" title=\"fmreflejos 103.7\" href=\"https:\/\/soundcloud.com\/fmreflejos-103-7\" target=\"_blank\" rel=\"noopener\">fmreflejos 103.7<\/a> \u00b7 <a style=\"color: #cccccc; text-decoration: none;\" title=\"Nota Bruno Zacconi\" href=\"https:\/\/soundcloud.com\/fmreflejos-103-7\/nota-bruno-zacconi-1\" target=\"_blank\" rel=\"noopener\">Nota Bruno Zacconi<\/a><\/div>\n<p><a data-flickr-embed=\"true\" href=\"https:\/\/www.flickr.com\/photos\/182279889@N02\/51372729383\/in\/dateposted-public\/\" title=\"Acci\u00f3n x Tqst (1)\"><img loading=\"lazy\" decoding=\"async\" src=\"https:\/\/live.staticflickr.com\/65535\/51372729383_818c149a48_c.jpg\" width=\"800\" height=\"800\" alt=\"Acci\u00f3n x Tqst (1)\"><\/a><script async src=\"\/\/embedr.flickr.com\/assets\/client-code.js\" charset=\"utf-8\"><\/script><\/p>\n","protected":false},"excerpt":{"rendered":"<p>Bruno Zacconi, pre candidato de \u00abAcci\u00f3n por Tornquist\u00bb como Concejal, utiliza el espacio de la radio para hablar de su postulaci\u00f3n, los proyectos que tiene en mente y su sucesi\u00f3n como Subsecretario de Juventudes, Pol\u00edticas de G\u00e9nero y Diversidades.<\/p>\n","protected":false},"author":3,"featured_media":0,"comment_status":"closed","ping_status":"closed","sticky":false,"template":"","format":"standard","meta":{"footnotes":""},"categories":[24],"tags":[48],"class_list":["post-61407","post","type-post","status-publish","format-standard","hentry","category-politica","tag-destacada"],"yoast_head":"<!-- This site is optimized with the Yoast SEO plugin v25.9 - https:\/\/yoast.com\/wordpress\/plugins\/seo\/ -->\n<title>Acceso a la tierra, aliviar las cargas al comercio, planes municipales de empleo y modernizar el legislativo local en la plataforma de &quot;Acci\u00f3n por Tornquist&quot; - Noticias Radio Reflejos<\/title>\n<meta name=\"robots\" content=\"index, follow, max-snippet:-1, max-image-preview:large, max-video-preview:-1\" \/>\n<link rel=\"canonical\" href=\"https:\/\/www.noticiasradioreflejos.com.ar\/2021\/acceso-a-la-tierra-aliviar-las-cargas-al-comercio-planes-municipales-de-empleo-y-modernizar-el-legislativo-local-en-la-plataforma-de-accion-por-tornquist\/\" \/>\n<meta property=\"og:locale\" content=\"es_ES\" \/>\n<meta property=\"og:type\" content=\"article\" \/>\n<meta property=\"og:title\" content=\"Acceso a la tierra, aliviar las cargas al comercio, planes municipales de empleo y modernizar el legislativo local en la plataforma de &quot;Acci\u00f3n por Tornquist&quot; - Noticias Radio Reflejos\" \/>\n<meta property=\"og:description\" content=\"Bruno Zacconi, pre candidato de \u00abAcci\u00f3n por Tornquist\u00bb como Concejal, utiliza el espacio de la radio para hablar de su postulaci\u00f3n, los proyectos que tiene en mente y su sucesi\u00f3n como Subsecretario de Juventudes, Pol\u00edticas de G\u00e9nero y Diversidades.\" \/>\n<meta property=\"og:url\" content=\"https:\/\/www.noticiasradioreflejos.com.ar\/2021\/acceso-a-la-tierra-aliviar-las-cargas-al-comercio-planes-municipales-de-empleo-y-modernizar-el-legislativo-local-en-la-plataforma-de-accion-por-tornquist\/\" \/>\n<meta property=\"og:site_name\" content=\"Noticias Radio Reflejos\" \/>\n<meta property=\"article:published_time\" content=\"2021-08-11T23:56:55+00:00\" \/>\n<meta property=\"article:modified_time\" content=\"2021-08-11T23:58:31+00:00\" \/>\n<meta property=\"og:image\" content=\"https:\/\/live.staticflickr.com\/65535\/51371739927_6e43d5df6b_c.jpg\" \/>\n<meta name=\"author\" content=\"Arnaldo Botto\" \/>\n<meta name=\"twitter:card\" content=\"summary_large_image\" \/>\n<script type=\"application\/ld+json\" class=\"yoast-schema-graph\">{\"@context\":\"https:\/\/schema.org\",\"@graph\":[{\"@type\":\"WebPage\",\"@id\":\"https:\/\/www.noticiasradioreflejos.com.ar\/2021\/acceso-a-la-tierra-aliviar-las-cargas-al-comercio-planes-municipales-de-empleo-y-modernizar-el-legislativo-local-en-la-plataforma-de-accion-por-tornquist\/\",\"url\":\"https:\/\/www.noticiasradioreflejos.com.ar\/2021\/acceso-a-la-tierra-aliviar-las-cargas-al-comercio-planes-municipales-de-empleo-y-modernizar-el-legislativo-local-en-la-plataforma-de-accion-por-tornquist\/\",\"name\":\"Acceso a la tierra, aliviar las cargas al comercio, planes municipales de empleo y modernizar el legislativo local en la plataforma de \\\"Acci\u00f3n por Tornquist\\\" - Noticias Radio Reflejos\",\"isPartOf\":{\"@id\":\"https:\/\/www.noticiasradioreflejos.com.ar\/2021\/#website\"},\"primaryImageOfPage\":{\"@id\":\"https:\/\/www.noticiasradioreflejos.com.ar\/2021\/acceso-a-la-tierra-aliviar-las-cargas-al-comercio-planes-municipales-de-empleo-y-modernizar-el-legislativo-local-en-la-plataforma-de-accion-por-tornquist\/#primaryimage\"},\"image\":{\"@id\":\"https:\/\/www.noticiasradioreflejos.com.ar\/2021\/acceso-a-la-tierra-aliviar-las-cargas-al-comercio-planes-municipales-de-empleo-y-modernizar-el-legislativo-local-en-la-plataforma-de-accion-por-tornquist\/#primaryimage\"},\"thumbnailUrl\":\"https:\/\/live.staticflickr.com\/65535\/51371739927_6e43d5df6b_c.jpg\",\"datePublished\":\"2021-08-11T23:56:55+00:00\",\"dateModified\":\"2021-08-11T23:58:31+00:00\",\"author\":{\"@id\":\"https:\/\/www.noticiasradioreflejos.com.ar\/2021\/#\/schema\/person\/ad82545263dcc5ec0996818884fd5fb1\"},\"breadcrumb\":{\"@id\":\"https:\/\/www.noticiasradioreflejos.com.ar\/2021\/acceso-a-la-tierra-aliviar-las-cargas-al-comercio-planes-municipales-de-empleo-y-modernizar-el-legislativo-local-en-la-plataforma-de-accion-por-tornquist\/#breadcrumb\"},\"inLanguage\":\"es\",\"potentialAction\":[{\"@type\":\"ReadAction\",\"target\":[\"https:\/\/www.noticiasradioreflejos.com.ar\/2021\/acceso-a-la-tierra-aliviar-las-cargas-al-comercio-planes-municipales-de-empleo-y-modernizar-el-legislativo-local-en-la-plataforma-de-accion-por-tornquist\/\"]}]},{\"@type\":\"ImageObject\",\"inLanguage\":\"es\",\"@id\":\"https:\/\/www.noticiasradioreflejos.com.ar\/2021\/acceso-a-la-tierra-aliviar-las-cargas-al-comercio-planes-municipales-de-empleo-y-modernizar-el-legislativo-local-en-la-plataforma-de-accion-por-tornquist\/#primaryimage\",\"url\":\"https:\/\/live.staticflickr.com\/65535\/51371739927_6e43d5df6b_c.jpg\",\"contentUrl\":\"https:\/\/live.staticflickr.com\/65535\/51371739927_6e43d5df6b_c.jpg\"},{\"@type\":\"BreadcrumbList\",\"@id\":\"https:\/\/www.noticiasradioreflejos.com.ar\/2021\/acceso-a-la-tierra-aliviar-las-cargas-al-comercio-planes-municipales-de-empleo-y-modernizar-el-legislativo-local-en-la-plataforma-de-accion-por-tornquist\/#breadcrumb\",\"itemListElement\":[{\"@type\":\"ListItem\",\"position\":1,\"name\":\"Portada\",\"item\":\"https:\/\/www.noticiasradioreflejos.com.ar\/2021\/\"},{\"@type\":\"ListItem\",\"position\":2,\"name\":\"Acceso a la tierra, aliviar las cargas al comercio, planes municipales de empleo y modernizar el legislativo local en la plataforma de \u00abAcci\u00f3n por Tornquist\u00bb\"}]},{\"@type\":\"WebSite\",\"@id\":\"https:\/\/www.noticiasradioreflejos.com.ar\/2021\/#website\",\"url\":\"https:\/\/www.noticiasradioreflejos.com.ar\/2021\/\",\"name\":\"Noticias Radio Reflejos\",\"description\":\"Las noticias de mi comarca\",\"potentialAction\":[{\"@type\":\"SearchAction\",\"target\":{\"@type\":\"EntryPoint\",\"urlTemplate\":\"https:\/\/www.noticiasradioreflejos.com.ar\/2021\/?s={search_term_string}\"},\"query-input\":{\"@type\":\"PropertyValueSpecification\",\"valueRequired\":true,\"valueName\":\"search_term_string\"}}],\"inLanguage\":\"es\"},{\"@type\":\"Person\",\"@id\":\"https:\/\/www.noticiasradioreflejos.com.ar\/2021\/#\/schema\/person\/ad82545263dcc5ec0996818884fd5fb1\",\"name\":\"Arnaldo Botto\",\"image\":{\"@type\":\"ImageObject\",\"inLanguage\":\"es\",\"@id\":\"https:\/\/www.noticiasradioreflejos.com.ar\/2021\/#\/schema\/person\/image\/\",\"url\":\"https:\/\/secure.gravatar.com\/avatar\/55cb5e37c1efa326397366e6974cb338056df65cb50e7d64d1cf314e87504837?s=96&d=mm&r=g\",\"contentUrl\":\"https:\/\/secure.gravatar.com\/avatar\/55cb5e37c1efa326397366e6974cb338056df65cb50e7d64d1cf314e87504837?s=96&d=mm&r=g\",\"caption\":\"Arnaldo Botto\"},\"url\":\"https:\/\/www.noticiasradioreflejos.com.ar\/2021\/author\/arnaldo\/\"}]}<\/script>\n<!-- \/ Yoast SEO plugin. -->","yoast_head_json":{"title":"Acceso a la tierra, aliviar las cargas al comercio, planes municipales de empleo y modernizar el legislativo local en la plataforma de \"Acci\u00f3n por Tornquist\" - Noticias Radio Reflejos","robots":{"index":"index","follow":"follow","max-snippet":"max-snippet:-1","max-image-preview":"max-image-preview:large","max-video-preview":"max-video-preview:-1"},"canonical":"https:\/\/www.noticiasradioreflejos.com.ar\/2021\/acceso-a-la-tierra-aliviar-las-cargas-al-comercio-planes-municipales-de-empleo-y-modernizar-el-legislativo-local-en-la-plataforma-de-accion-por-tornquist\/","og_locale":"es_ES","og_type":"article","og_title":"Acceso a la tierra, aliviar las cargas al comercio, planes municipales de empleo y modernizar el legislativo local en la plataforma de \"Acci\u00f3n por Tornquist\" - Noticias Radio Reflejos","og_description":"Bruno Zacconi, pre candidato de \u00abAcci\u00f3n por Tornquist\u00bb como Concejal, utiliza el espacio de la radio para hablar de su postulaci\u00f3n, los proyectos que tiene en mente y su sucesi\u00f3n como Subsecretario de Juventudes, Pol\u00edticas de G\u00e9nero y Diversidades.","og_url":"https:\/\/www.noticiasradioreflejos.com.ar\/2021\/acceso-a-la-tierra-aliviar-las-cargas-al-comercio-planes-municipales-de-empleo-y-modernizar-el-legislativo-local-en-la-plataforma-de-accion-por-tornquist\/","og_site_name":"Noticias Radio Reflejos","article_published_time":"2021-08-11T23:56:55+00:00","article_modified_time":"2021-08-11T23:58:31+00:00","og_image":[{"url":"https:\/\/live.staticflickr.com\/65535\/51371739927_6e43d5df6b_c.jpg","type":"","width":"","height":""}],"author":"Arnaldo Botto","twitter_card":"summary_large_image","schema":{"@context":"https:\/\/schema.org","@graph":[{"@type":"WebPage","@id":"https:\/\/www.noticiasradioreflejos.com.ar\/2021\/acceso-a-la-tierra-aliviar-las-cargas-al-comercio-planes-municipales-de-empleo-y-modernizar-el-legislativo-local-en-la-plataforma-de-accion-por-tornquist\/","url":"https:\/\/www.noticiasradioreflejos.com.ar\/2021\/acceso-a-la-tierra-aliviar-las-cargas-al-comercio-planes-municipales-de-empleo-y-modernizar-el-legislativo-local-en-la-plataforma-de-accion-por-tornquist\/","name":"Acceso a la tierra, aliviar las cargas al comercio, planes municipales de empleo y modernizar el legislativo local en la plataforma de \"Acci\u00f3n por Tornquist\" - Noticias Radio Reflejos","isPartOf":{"@id":"https:\/\/www.noticiasradioreflejos.com.ar\/2021\/#website"},"primaryImageOfPage":{"@id":"https:\/\/www.noticiasradioreflejos.com.ar\/2021\/acceso-a-la-tierra-aliviar-las-cargas-al-comercio-planes-municipales-de-empleo-y-modernizar-el-legislativo-local-en-la-plataforma-de-accion-por-tornquist\/#primaryimage"},"image":{"@id":"https:\/\/www.noticiasradioreflejos.com.ar\/2021\/acceso-a-la-tierra-aliviar-las-cargas-al-comercio-planes-municipales-de-empleo-y-modernizar-el-legislativo-local-en-la-plataforma-de-accion-por-tornquist\/#primaryimage"},"thumbnailUrl":"https:\/\/live.staticflickr.com\/65535\/51371739927_6e43d5df6b_c.jpg","datePublished":"2021-08-11T23:56:55+00:00","dateModified":"2021-08-11T23:58:31+00:00","author":{"@id":"https:\/\/www.noticiasradioreflejos.com.ar\/2021\/#\/schema\/person\/ad82545263dcc5ec0996818884fd5fb1"},"breadcrumb":{"@id":"https:\/\/www.noticiasradioreflejos.com.ar\/2021\/acceso-a-la-tierra-aliviar-las-cargas-al-comercio-planes-municipales-de-empleo-y-modernizar-el-legislativo-local-en-la-plataforma-de-accion-por-tornquist\/#breadcrumb"},"inLanguage":"es","potentialAction":[{"@type":"ReadAction","target":["https:\/\/www.noticiasradioreflejos.com.ar\/2021\/acceso-a-la-tierra-aliviar-las-cargas-al-comercio-planes-municipales-de-empleo-y-modernizar-el-legislativo-local-en-la-plataforma-de-accion-por-tornquist\/"]}]},{"@type":"ImageObject","inLanguage":"es","@id":"https:\/\/www.noticiasradioreflejos.com.ar\/2021\/acceso-a-la-tierra-aliviar-las-cargas-al-comercio-planes-municipales-de-empleo-y-modernizar-el-legislativo-local-en-la-plataforma-de-accion-por-tornquist\/#primaryimage","url":"https:\/\/live.staticflickr.com\/65535\/51371739927_6e43d5df6b_c.jpg","contentUrl":"https:\/\/live.staticflickr.com\/65535\/51371739927_6e43d5df6b_c.jpg"},{"@type":"BreadcrumbList","@id":"https:\/\/www.noticiasradioreflejos.com.ar\/2021\/acceso-a-la-tierra-aliviar-las-cargas-al-comercio-planes-municipales-de-empleo-y-modernizar-el-legislativo-local-en-la-plataforma-de-accion-por-tornquist\/#breadcrumb","itemListElement":[{"@type":"ListItem","position":1,"name":"Portada","item":"https:\/\/www.noticiasradioreflejos.com.ar\/2021\/"},{"@type":"ListItem","position":2,"name":"Acceso a la tierra, aliviar las cargas al comercio, planes municipales de empleo y modernizar el legislativo local en la plataforma de \u00abAcci\u00f3n por Tornquist\u00bb"}]},{"@type":"WebSite","@id":"https:\/\/www.noticiasradioreflejos.com.ar\/2021\/#website","url":"https:\/\/www.noticiasradioreflejos.com.ar\/2021\/","name":"Noticias Radio Reflejos","description":"Las noticias de mi comarca","potentialAction":[{"@type":"SearchAction","target":{"@type":"EntryPoint","urlTemplate":"https:\/\/www.noticiasradioreflejos.com.ar\/2021\/?s={search_term_string}"},"query-input":{"@type":"PropertyValueSpecification","valueRequired":true,"valueName":"search_term_string"}}],"inLanguage":"es"},{"@type":"Person","@id":"https:\/\/www.noticiasradioreflejos.com.ar\/2021\/#\/schema\/person\/ad82545263dcc5ec0996818884fd5fb1","name":"Arnaldo Botto","image":{"@type":"ImageObject","inLanguage":"es","@id":"https:\/\/www.noticiasradioreflejos.com.ar\/2021\/#\/schema\/person\/image\/","url":"https:\/\/secure.gravatar.com\/avatar\/55cb5e37c1efa326397366e6974cb338056df65cb50e7d64d1cf314e87504837?s=96&d=mm&r=g","contentUrl":"https:\/\/secure.gravatar.com\/avatar\/55cb5e37c1efa326397366e6974cb338056df65cb50e7d64d1cf314e87504837?s=96&d=mm&r=g","caption":"Arnaldo Botto"},"url":"https:\/\/www.noticiasradioreflejos.com.ar\/2021\/author\/arnaldo\/"}]}},"_links":{"self":[{"href":"https:\/\/www.noticiasradioreflejos.com.ar\/2021\/wp-json\/wp\/v2\/posts\/61407","targetHints":{"allow":["GET"]}}],"collection":[{"href":"https:\/\/www.noticiasradioreflejos.com.ar\/2021\/wp-json\/wp\/v2\/posts"}],"about":[{"href":"https:\/\/www.noticiasradioreflejos.com.ar\/2021\/wp-json\/wp\/v2\/types\/post"}],"author":[{"embeddable":true,"href":"https:\/\/www.noticiasradioreflejos.com.ar\/2021\/wp-json\/wp\/v2\/users\/3"}],"replies":[{"embeddable":true,"href":"https:\/\/www.noticiasradioreflejos.com.ar\/2021\/wp-json\/wp\/v2\/comments?post=61407"}],"version-history":[{"count":2,"href":"https:\/\/www.noticiasradioreflejos.com.ar\/2021\/wp-json\/wp\/v2\/posts\/61407\/revisions"}],"predecessor-version":[{"id":61425,"href":"https:\/\/www.noticiasradioreflejos.com.ar\/2021\/wp-json\/wp\/v2\/posts\/61407\/revisions\/61425"}],"wp:attachment":[{"href":"https:\/\/www.noticiasradioreflejos.com.ar\/2021\/wp-json\/wp\/v2\/media?parent=61407"}],"wp:term":[{"taxonomy":"category","embeddable":true,"href":"https:\/\/www.noticiasradioreflejos.com.ar\/2021\/wp-json\/wp\/v2\/categories?post=61407"},{"taxonomy":"post_tag","embeddable":true,"href":"https:\/\/www.noticiasradioreflejos.com.ar\/2021\/wp-json\/wp\/v2\/tags?post=61407"}],"curies":[{"name":"wp","href":"https:\/\/api.w.org\/{rel}","templated":true}]}}