{"id":61405,"date":"2021-08-11T23:21:27","date_gmt":"2021-08-11T23:21:27","guid":{"rendered":"http:\/\/www.noticiasradioreflejos.com.ar\/2021\/?p=61405"},"modified":"2021-08-11T23:36:26","modified_gmt":"2021-08-11T23:36:26","slug":"sierra-de-la-ventana-este-viernes-13-se-podran-retirar-los-documentos-y-pasaportes-realizados-por-el-rnp-en-julio-pasado","status":"publish","type":"post","link":"https:\/\/www.noticiasradioreflejos.com.ar\/2021\/sierra-de-la-ventana-este-viernes-13-se-podran-retirar-los-documentos-y-pasaportes-realizados-por-el-rnp-en-julio-pasado\/","title":{"rendered":"Sierra de la Ventana: Este viernes 13 se podr\u00e1n retirar los documentos y pasaportes realizados por el RNP en julio pasado"},"content":{"rendered":"<p>Esta ma\u00f1ana entrevistamos a la Concejal de<strong> Frente de Todos<\/strong>, <strong>Mar\u00eda Romero<\/strong>. Hablamos del plan de documentaci\u00f3n que vuelve a Sierra de la Ventana para entregar los DNI y pasaportes tramitados en la jornada del 7 de julio pasado, por el plan del <strong>Registro Nacional de las Personas<\/strong> y adem\u00e1s, nos cuenta c\u00f3mo se est\u00e1 trabajando desde el Honorable Concejo Deliberante.<br \/>\n<!--more--><\/p>\n<p>Al comenzar la nota, la entrevistada decidi\u00f3 compartir un anuncio acerca del Registro de las Personas. \u00abInformaron que el 13 de Agosto estar\u00e1 nuevamente el m\u00f3vil en Sierra de la Ventana en la esquina de Av. San Mart\u00edn y Roca entregando la documentaci\u00f3n\u00bb mencion\u00f3 Mar\u00eda, agregando que se tramitaron 132 DNIs y 32 Pasaportes en la pasada jornada de registro. Las entregas se realizar\u00e1n de 10 a 12hs. \u00abEs importante que recuerden llevar el certificado que les entregaron cuando hicieron el tr\u00e1mite para que puedan poder retirar la documentaci\u00f3n\u00bb.<\/p>\n<p>Entrando en el tema pol\u00edtico, le consultamos a Mar\u00eda si ella cre\u00eda que hay cosas para mejorar en el Honorable Concejo Deliberante. \u00abSeguramente, siempre hay cosas para mejorar. Esta bueno la opini\u00f3n de toda la gente. Yo hace muy poco que estoy en el Concejo y es aprender d\u00eda a d\u00eda. Acepto las cr\u00edticas\u00bb se refiri\u00f3 a los dichos del precandidato a concejal por el frente \u00abJuntos\u00bb, Luis Castro. Mar\u00eda confirm\u00f3 que se sigue teniendo contacto con los vecinos, no solo por tel\u00e9fono sino frente a frente con los protocolos necesarios.<\/p>\n<p>\u00abSiempre apuntamos a la ecolog\u00eda, al bienestar de la poblaci\u00f3n, hay un mont\u00f3n de cosas para realizar\u00bb mencion\u00f3 los intereses del HCD actualmente. Agreg\u00f3 que es importante destacar la pureza y la naturaleza del distrito, \u00abla estamos perdiendo\u00bb expres\u00f3. Mar\u00eda tambi\u00e9n destac\u00f3 la predisposici\u00f3n del Intendente para trasmitirle cualquier inquietud por parte de la instituci\u00f3n.<\/p>\n<p>Nota completa a continuaci\u00f3n:<br \/>\n<iframe loading=\"lazy\" src=\"https:\/\/w.soundcloud.com\/player\/?url=https%3A\/\/api.soundcloud.com\/tracks\/1104119017&amp;color=%23ff5500&amp;auto_play=false&amp;hide_related=false&amp;show_comments=true&amp;show_user=true&amp;show_reposts=false&amp;show_teaser=true\" width=\"100%\" height=\"166\" frameborder=\"no\" scrolling=\"no\"><\/iframe><\/p>\n<div style=\"font-size: 10px; color: #cccccc; line-break: anywhere; word-break: normal; overflow: hidden; white-space: nowrap; text-overflow: ellipsis; font-family: Interstate,Lucida Grande,Lucida Sans Unicode,Lucida Sans,Garuda,Verdana,Tahoma,sans-serif; font-weight: 100;\"><a style=\"color: #cccccc; text-decoration: none;\" title=\"fmreflejos 103.7\" href=\"https:\/\/soundcloud.com\/fmreflejos-103-7\" target=\"_blank\" rel=\"noopener\">fmreflejos 103.7<\/a> \u00b7 <a style=\"color: #cccccc; text-decoration: none;\" title=\"Nota Maria Romero\" href=\"https:\/\/soundcloud.com\/fmreflejos-103-7\/nota-maria-romero-1\" target=\"_blank\" rel=\"noopener\">Nota Maria Romero<\/a><\/div>\n","protected":false},"excerpt":{"rendered":"<p>Esta ma\u00f1ana entrevistamos a la Concejal de Frente de Todos, Mar\u00eda Romero. Hablamos del plan de documentaci\u00f3n que vuelve a Sierra de la Ventana para entregar los DNI y pasaportes tramitados en la jornada del 7 de julio pasado, por el plan del Registro Nacional de las Personas y adem\u00e1s, nos cuenta c\u00f3mo se est\u00e1 [&hellip;]<\/p>\n","protected":false},"author":3,"featured_media":0,"comment_status":"closed","ping_status":"closed","sticky":false,"template":"","format":"standard","meta":{"footnotes":""},"categories":[24],"tags":[48],"class_list":["post-61405","post","type-post","status-publish","format-standard","hentry","category-politica","tag-destacada"],"yoast_head":"<!-- This site is optimized with the Yoast SEO plugin v25.9 - https:\/\/yoast.com\/wordpress\/plugins\/seo\/ -->\n<title>Sierra de la Ventana: Este viernes 13 se podr\u00e1n retirar los documentos y pasaportes realizados por el RNP en julio pasado - Noticias Radio Reflejos<\/title>\n<meta name=\"robots\" content=\"index, follow, max-snippet:-1, max-image-preview:large, max-video-preview:-1\" \/>\n<link rel=\"canonical\" href=\"https:\/\/www.noticiasradioreflejos.com.ar\/2021\/sierra-de-la-ventana-este-viernes-13-se-podran-retirar-los-documentos-y-pasaportes-realizados-por-el-rnp-en-julio-pasado\/\" \/>\n<meta property=\"og:locale\" content=\"es_ES\" \/>\n<meta property=\"og:type\" content=\"article\" \/>\n<meta property=\"og:title\" content=\"Sierra de la Ventana: Este viernes 13 se podr\u00e1n retirar los documentos y pasaportes realizados por el RNP en julio pasado - Noticias Radio Reflejos\" \/>\n<meta property=\"og:description\" content=\"Esta ma\u00f1ana entrevistamos a la Concejal de Frente de Todos, Mar\u00eda Romero. Hablamos del plan de documentaci\u00f3n que vuelve a Sierra de la Ventana para entregar los DNI y pasaportes tramitados en la jornada del 7 de julio pasado, por el plan del Registro Nacional de las Personas y adem\u00e1s, nos cuenta c\u00f3mo se est\u00e1 [&hellip;]\" \/>\n<meta property=\"og:url\" content=\"https:\/\/www.noticiasradioreflejos.com.ar\/2021\/sierra-de-la-ventana-este-viernes-13-se-podran-retirar-los-documentos-y-pasaportes-realizados-por-el-rnp-en-julio-pasado\/\" \/>\n<meta property=\"og:site_name\" content=\"Noticias Radio Reflejos\" \/>\n<meta property=\"article:published_time\" content=\"2021-08-11T23:21:27+00:00\" \/>\n<meta property=\"article:modified_time\" content=\"2021-08-11T23:36:26+00:00\" \/>\n<meta property=\"og:image\" content=\"https:\/\/www.noticiasradioreflejos.com.ar\/2021\/wp-content\/uploads\/2021\/07\/logosol300x200.png\" \/>\n\t<meta property=\"og:image:width\" content=\"300\" \/>\n\t<meta property=\"og:image:height\" content=\"200\" \/>\n\t<meta property=\"og:image:type\" content=\"image\/png\" \/>\n<meta name=\"author\" content=\"Arnaldo Botto\" \/>\n<meta name=\"twitter:card\" content=\"summary_large_image\" \/>\n<script type=\"application\/ld+json\" class=\"yoast-schema-graph\">{\"@context\":\"https:\/\/schema.org\",\"@graph\":[{\"@type\":\"WebPage\",\"@id\":\"https:\/\/www.noticiasradioreflejos.com.ar\/2021\/sierra-de-la-ventana-este-viernes-13-se-podran-retirar-los-documentos-y-pasaportes-realizados-por-el-rnp-en-julio-pasado\/\",\"url\":\"https:\/\/www.noticiasradioreflejos.com.ar\/2021\/sierra-de-la-ventana-este-viernes-13-se-podran-retirar-los-documentos-y-pasaportes-realizados-por-el-rnp-en-julio-pasado\/\",\"name\":\"Sierra de la Ventana: Este viernes 13 se podr\u00e1n retirar los documentos y pasaportes realizados por el RNP en julio pasado - Noticias Radio Reflejos\",\"isPartOf\":{\"@id\":\"https:\/\/www.noticiasradioreflejos.com.ar\/2021\/#website\"},\"datePublished\":\"2021-08-11T23:21:27+00:00\",\"dateModified\":\"2021-08-11T23:36:26+00:00\",\"author\":{\"@id\":\"https:\/\/www.noticiasradioreflejos.com.ar\/2021\/#\/schema\/person\/ad82545263dcc5ec0996818884fd5fb1\"},\"breadcrumb\":{\"@id\":\"https:\/\/www.noticiasradioreflejos.com.ar\/2021\/sierra-de-la-ventana-este-viernes-13-se-podran-retirar-los-documentos-y-pasaportes-realizados-por-el-rnp-en-julio-pasado\/#breadcrumb\"},\"inLanguage\":\"es\",\"potentialAction\":[{\"@type\":\"ReadAction\",\"target\":[\"https:\/\/www.noticiasradioreflejos.com.ar\/2021\/sierra-de-la-ventana-este-viernes-13-se-podran-retirar-los-documentos-y-pasaportes-realizados-por-el-rnp-en-julio-pasado\/\"]}]},{\"@type\":\"BreadcrumbList\",\"@id\":\"https:\/\/www.noticiasradioreflejos.com.ar\/2021\/sierra-de-la-ventana-este-viernes-13-se-podran-retirar-los-documentos-y-pasaportes-realizados-por-el-rnp-en-julio-pasado\/#breadcrumb\",\"itemListElement\":[{\"@type\":\"ListItem\",\"position\":1,\"name\":\"Portada\",\"item\":\"https:\/\/www.noticiasradioreflejos.com.ar\/2021\/\"},{\"@type\":\"ListItem\",\"position\":2,\"name\":\"Sierra de la Ventana: Este viernes 13 se podr\u00e1n retirar los documentos y pasaportes realizados por el RNP en julio pasado\"}]},{\"@type\":\"WebSite\",\"@id\":\"https:\/\/www.noticiasradioreflejos.com.ar\/2021\/#website\",\"url\":\"https:\/\/www.noticiasradioreflejos.com.ar\/2021\/\",\"name\":\"Noticias Radio Reflejos\",\"description\":\"Las noticias de mi comarca\",\"potentialAction\":[{\"@type\":\"SearchAction\",\"target\":{\"@type\":\"EntryPoint\",\"urlTemplate\":\"https:\/\/www.noticiasradioreflejos.com.ar\/2021\/?s={search_term_string}\"},\"query-input\":{\"@type\":\"PropertyValueSpecification\",\"valueRequired\":true,\"valueName\":\"search_term_string\"}}],\"inLanguage\":\"es\"},{\"@type\":\"Person\",\"@id\":\"https:\/\/www.noticiasradioreflejos.com.ar\/2021\/#\/schema\/person\/ad82545263dcc5ec0996818884fd5fb1\",\"name\":\"Arnaldo Botto\",\"image\":{\"@type\":\"ImageObject\",\"inLanguage\":\"es\",\"@id\":\"https:\/\/www.noticiasradioreflejos.com.ar\/2021\/#\/schema\/person\/image\/\",\"url\":\"https:\/\/secure.gravatar.com\/avatar\/55cb5e37c1efa326397366e6974cb338056df65cb50e7d64d1cf314e87504837?s=96&d=mm&r=g\",\"contentUrl\":\"https:\/\/secure.gravatar.com\/avatar\/55cb5e37c1efa326397366e6974cb338056df65cb50e7d64d1cf314e87504837?s=96&d=mm&r=g\",\"caption\":\"Arnaldo Botto\"},\"url\":\"https:\/\/www.noticiasradioreflejos.com.ar\/2021\/author\/arnaldo\/\"}]}<\/script>\n<!-- \/ Yoast SEO plugin. -->","yoast_head_json":{"title":"Sierra de la Ventana: Este viernes 13 se podr\u00e1n retirar los documentos y pasaportes realizados por el RNP en julio pasado - Noticias Radio Reflejos","robots":{"index":"index","follow":"follow","max-snippet":"max-snippet:-1","max-image-preview":"max-image-preview:large","max-video-preview":"max-video-preview:-1"},"canonical":"https:\/\/www.noticiasradioreflejos.com.ar\/2021\/sierra-de-la-ventana-este-viernes-13-se-podran-retirar-los-documentos-y-pasaportes-realizados-por-el-rnp-en-julio-pasado\/","og_locale":"es_ES","og_type":"article","og_title":"Sierra de la Ventana: Este viernes 13 se podr\u00e1n retirar los documentos y pasaportes realizados por el RNP en julio pasado - Noticias Radio Reflejos","og_description":"Esta ma\u00f1ana entrevistamos a la Concejal de Frente de Todos, Mar\u00eda Romero. Hablamos del plan de documentaci\u00f3n que vuelve a Sierra de la Ventana para entregar los DNI y pasaportes tramitados en la jornada del 7 de julio pasado, por el plan del Registro Nacional de las Personas y adem\u00e1s, nos cuenta c\u00f3mo se est\u00e1 [&hellip;]","og_url":"https:\/\/www.noticiasradioreflejos.com.ar\/2021\/sierra-de-la-ventana-este-viernes-13-se-podran-retirar-los-documentos-y-pasaportes-realizados-por-el-rnp-en-julio-pasado\/","og_site_name":"Noticias Radio Reflejos","article_published_time":"2021-08-11T23:21:27+00:00","article_modified_time":"2021-08-11T23:36:26+00:00","og_image":[{"width":300,"height":200,"url":"https:\/\/www.noticiasradioreflejos.com.ar\/2021\/wp-content\/uploads\/2021\/07\/logosol300x200.png","type":"image\/png"}],"author":"Arnaldo Botto","twitter_card":"summary_large_image","schema":{"@context":"https:\/\/schema.org","@graph":[{"@type":"WebPage","@id":"https:\/\/www.noticiasradioreflejos.com.ar\/2021\/sierra-de-la-ventana-este-viernes-13-se-podran-retirar-los-documentos-y-pasaportes-realizados-por-el-rnp-en-julio-pasado\/","url":"https:\/\/www.noticiasradioreflejos.com.ar\/2021\/sierra-de-la-ventana-este-viernes-13-se-podran-retirar-los-documentos-y-pasaportes-realizados-por-el-rnp-en-julio-pasado\/","name":"Sierra de la Ventana: Este viernes 13 se podr\u00e1n retirar los documentos y pasaportes realizados por el RNP en julio pasado - Noticias Radio Reflejos","isPartOf":{"@id":"https:\/\/www.noticiasradioreflejos.com.ar\/2021\/#website"},"datePublished":"2021-08-11T23:21:27+00:00","dateModified":"2021-08-11T23:36:26+00:00","author":{"@id":"https:\/\/www.noticiasradioreflejos.com.ar\/2021\/#\/schema\/person\/ad82545263dcc5ec0996818884fd5fb1"},"breadcrumb":{"@id":"https:\/\/www.noticiasradioreflejos.com.ar\/2021\/sierra-de-la-ventana-este-viernes-13-se-podran-retirar-los-documentos-y-pasaportes-realizados-por-el-rnp-en-julio-pasado\/#breadcrumb"},"inLanguage":"es","potentialAction":[{"@type":"ReadAction","target":["https:\/\/www.noticiasradioreflejos.com.ar\/2021\/sierra-de-la-ventana-este-viernes-13-se-podran-retirar-los-documentos-y-pasaportes-realizados-por-el-rnp-en-julio-pasado\/"]}]},{"@type":"BreadcrumbList","@id":"https:\/\/www.noticiasradioreflejos.com.ar\/2021\/sierra-de-la-ventana-este-viernes-13-se-podran-retirar-los-documentos-y-pasaportes-realizados-por-el-rnp-en-julio-pasado\/#breadcrumb","itemListElement":[{"@type":"ListItem","position":1,"name":"Portada","item":"https:\/\/www.noticiasradioreflejos.com.ar\/2021\/"},{"@type":"ListItem","position":2,"name":"Sierra de la Ventana: Este viernes 13 se podr\u00e1n retirar los documentos y pasaportes realizados por el RNP en julio pasado"}]},{"@type":"WebSite","@id":"https:\/\/www.noticiasradioreflejos.com.ar\/2021\/#website","url":"https:\/\/www.noticiasradioreflejos.com.ar\/2021\/","name":"Noticias Radio Reflejos","description":"Las noticias de mi comarca","potentialAction":[{"@type":"SearchAction","target":{"@type":"EntryPoint","urlTemplate":"https:\/\/www.noticiasradioreflejos.com.ar\/2021\/?s={search_term_string}"},"query-input":{"@type":"PropertyValueSpecification","valueRequired":true,"valueName":"search_term_string"}}],"inLanguage":"es"},{"@type":"Person","@id":"https:\/\/www.noticiasradioreflejos.com.ar\/2021\/#\/schema\/person\/ad82545263dcc5ec0996818884fd5fb1","name":"Arnaldo Botto","image":{"@type":"ImageObject","inLanguage":"es","@id":"https:\/\/www.noticiasradioreflejos.com.ar\/2021\/#\/schema\/person\/image\/","url":"https:\/\/secure.gravatar.com\/avatar\/55cb5e37c1efa326397366e6974cb338056df65cb50e7d64d1cf314e87504837?s=96&d=mm&r=g","contentUrl":"https:\/\/secure.gravatar.com\/avatar\/55cb5e37c1efa326397366e6974cb338056df65cb50e7d64d1cf314e87504837?s=96&d=mm&r=g","caption":"Arnaldo Botto"},"url":"https:\/\/www.noticiasradioreflejos.com.ar\/2021\/author\/arnaldo\/"}]}},"_links":{"self":[{"href":"https:\/\/www.noticiasradioreflejos.com.ar\/2021\/wp-json\/wp\/v2\/posts\/61405","targetHints":{"allow":["GET"]}}],"collection":[{"href":"https:\/\/www.noticiasradioreflejos.com.ar\/2021\/wp-json\/wp\/v2\/posts"}],"about":[{"href":"https:\/\/www.noticiasradioreflejos.com.ar\/2021\/wp-json\/wp\/v2\/types\/post"}],"author":[{"embeddable":true,"href":"https:\/\/www.noticiasradioreflejos.com.ar\/2021\/wp-json\/wp\/v2\/users\/3"}],"replies":[{"embeddable":true,"href":"https:\/\/www.noticiasradioreflejos.com.ar\/2021\/wp-json\/wp\/v2\/comments?post=61405"}],"version-history":[{"count":4,"href":"https:\/\/www.noticiasradioreflejos.com.ar\/2021\/wp-json\/wp\/v2\/posts\/61405\/revisions"}],"predecessor-version":[{"id":61417,"href":"https:\/\/www.noticiasradioreflejos.com.ar\/2021\/wp-json\/wp\/v2\/posts\/61405\/revisions\/61417"}],"wp:attachment":[{"href":"https:\/\/www.noticiasradioreflejos.com.ar\/2021\/wp-json\/wp\/v2\/media?parent=61405"}],"wp:term":[{"taxonomy":"category","embeddable":true,"href":"https:\/\/www.noticiasradioreflejos.com.ar\/2021\/wp-json\/wp\/v2\/categories?post=61405"},{"taxonomy":"post_tag","embeddable":true,"href":"https:\/\/www.noticiasradioreflejos.com.ar\/2021\/wp-json\/wp\/v2\/tags?post=61405"}],"curies":[{"name":"wp","href":"https:\/\/api.w.org\/{rel}","templated":true}]}}