{"id":61400,"date":"2021-08-11T18:44:33","date_gmt":"2021-08-11T18:44:33","guid":{"rendered":"http:\/\/www.noticiasradioreflejos.com.ar\/2021\/?p=61400"},"modified":"2021-08-11T18:47:26","modified_gmt":"2021-08-11T18:47:26","slug":"61400-2","status":"publish","type":"post","link":"https:\/\/www.noticiasradioreflejos.com.ar\/2021\/61400-2\/","title":{"rendered":"Informe de sesi\u00f3n en el Concejo Deliberante:"},"content":{"rendered":"<p>El d\u00eda 03 de agosto, aproximadamente a las 20 hs. dio comienzo \u00a0la\u00a0 Sesi\u00f3n Ordinaria programada, con el uso de la Banca de Concejal N\u00ba 13.<!--more--><\/p>\n<p>Temas tratados:<strong><u>\u00a0<\/u><\/strong><\/p>\n<p><strong><u>Expte. N\u00ba 7301\/21: <\/u><\/strong>&#8211; N.P. \u2013 Ing. Agr\u00f3nomo Eduardo Issaly: En ref. iniciativa de talar el arbolado en los boulevares de la ciudad de Tornquist \u2013 Solicita uso Banca Concejal N\u00ba 13.<\/p>\n<p>El Presidente del Concejo le da la palabra al se\u00f1or Eduardo Issaly a hacer uso de la Banca 13, tal como lo dispuso el Cuerpo en Sesi\u00f3n Ordinaria el d\u00eda 20 de julio del a\u00f1o 2021.<br \/>\n<a title=\"WhatsApp Image 2021-08-10 at 09.00.46\" href=\"https:\/\/www.flickr.com\/photos\/182279889@N02\/51372979415\/in\/dateposted-public\/\" data-flickr-embed=\"true\"><img loading=\"lazy\" decoding=\"async\" src=\"https:\/\/live.staticflickr.com\/65535\/51372979415_20a305308a_c.jpg\" alt=\"WhatsApp Image 2021-08-10 at 09.00.46\" width=\"769\" height=\"800\" \/><\/a><script async src=\"\/\/embedr.flickr.com\/assets\/client-code.js\" charset=\"utf-8\"><\/script><\/p>\n<p>Se\u00f1or Eduardo Issaly:<\/p>\n<p>\u201cEduardo Issaly: Se\u00f1or Presidente, en primer t\u00e9rmino agradezco a usted y por su intermedio a todo el Honorable Cuerpo por haberme permitido o por haberme otorgado la Banca 13, en defensa de los \u00e1rboles del arbolado urbano. Estoy nervioso como si fuese a dar un examen, pero bue. Adem\u00e1s debo agradecer a cuatro personas que yo nombro mis asesores, que son la Sra. Susana Marcolini de Miller, el se\u00f1or Mingo Bilbao, la Ingeniera Agr\u00f3noma Mar\u00eda celeste Issaly y el Dr. Jos\u00e9 Carlos Corvatta. Adem\u00e1s tengo que agradecer en general a gente que colaboraron conmigo acerc\u00e1ndome tremenda cantidad de informaci\u00f3n, entre otros y otros muchos el Arquitecto Francisco Vanoli. Pero ac\u00e1 debo aclarar algo del Arquitecto Vanoli, me ha mandado tantos informes que se llen\u00f3 la memoria del tel\u00e9fono, me ha mandado la historia de los boulevares del mundo, quienes tuvieron oportunidad de leer la es una delicia leer eso y adem\u00e1s infinidad de cosas, desde ya le agradezco al Arquitecto Vanoli su consideraci\u00f3n. Much\u00edsima gente, insisto. En general creo que tengo la prensa casi a favor m\u00edo, salvo alg\u00fan\u00a0 periodista de opini\u00f3n que pontifica sin mucho conocimiento y usa argumentos infantiles. En realidad digo que la cuesti\u00f3n no es estar a favor o en contra de una idea sino a favor de la naturaleza y vivir para el ambiente y no del ambiente. Y ahora ustedes me van a permitir que voy a contar un cuento. Esto en docencia se llama motivaci\u00f3n inicial, es decir, poner al alumnado con ganas de escuchar lo que sigue. El cuento se llama \u201cmi hijo mi \u00e1rbol\u201d, y dice m\u00e1s o menos as\u00ed. En Tornquist hab\u00eda una pareja que hab\u00eda decidido tener un hijo. Para ello se sientan y ponen, exponen, a favor o en contra cu\u00e1les eran las ventajas y los inconvenientes; que hay que cuidarlo, que hay que regarlo, que hay que cambiarle los pa\u00f1ales, que hay que fertilizarlo, que hay que amamantarlo, que ya no se duerme m\u00e1s una noche entera, todas esas cosas que ustedes saben. Y entonces deciden escribir a Par\u00eds. Y entonces el se\u00f1or deposita una semilla y al poco tiempo nace una debilucha plantita con dos hojitas apenitas, un beb\u00e9 lindo, gordito, bueno no muy gordito; 3,5 kilos no es mucho, y ah\u00ed empieza el amor. El amor del hijo que hasta ahora no lo pod\u00edamos dar porque no lo ten\u00edamos, y esa plantita tan indefensa como el chico va creciendo, tiene dos hojas, despu\u00e9s va a tener 4, despu\u00e9s va a balbucear, mientras tanto le damos la mamadera, le cambiamos los pa\u00f1ales, entramos al galponcito para que no se hiele la plantita. Y as\u00ed la vida sigue y mis dos hijos van creciendo, empiezan a ir a la escuela, trasplantamos en un lugar preferencial porque claro como d\u00f3nde lo vamos a plantar si es nuestro hijo. Sigue creciendo, hasta que un d\u00eda la maestra llama a la madre, a la mam\u00e1 del chico, ay vos sabes que tu hijo en fin, est\u00e1 un poco como desviado, un poco torcido, \u00bfmi hijo? deben ser los compa\u00f1eros, mi hijo. Cuando viene el esposo le dice, pero no vieja lo solucionamos con ese palito de escoba que tenemos en el galponcito lo tutoramos. Y claro, nuestro hijo es de buena madera, siguen creciendo. Mir\u00e1 en las ramas m\u00e1s altas hay un nido de paloma, si eso por lo que ves vos, pero ya purifica el aire, ya da sombra, ya da reparo, es m\u00e1s, ya est\u00e1 mirando a la morochita de la vuelta, est\u00e1 creciendo. Bien, as\u00ed sigue la vida hasta que un d\u00eda cuando el hombre llega a la casa encuentra a la se\u00f1ora en un mar de l\u00e1grimas, algo terrible, algo, una cosa, una desesperaci\u00f3n terrible. \u00bfQu\u00e9 pasa, por qu\u00e9 esto?, porque nuestro hijo tiene un problema terrible. No pero por favor, no me dejes as\u00ed. S\u00ed, s\u00ed, s\u00ed, es terrible. \u00bfAy, pero que me hablas de una enfermedad oncol\u00f3gica? No, much\u00edsimo peor. \u00bfAy peor que una? S\u00ed. Bueno, por favor decime no me podes tener en ascuas hasta que hora. Nuestro hijo tiene problemas de ra\u00edces. La puta madre, no, problemas de ra\u00edces, eso es muy serio. Y muy caro me dijeron. Bue, por nuestro hijo lo mejor. Vos sabes que me dijeron que Jacinto Arauz hay un m\u00e9dico famoso, muy reconocido que se llama Ren\u00e9 Favaloro y ese tiene la ventaja de que si sos de escasos recursos te atiende gratis, le llevas una yunta de pollos, y si podes te cobra. Si bueno, pero tambi\u00e9n podemos recurrir al Ministerio de Agricultura, Ganader\u00eda y Pesca de la Naci\u00f3n; \u00a0porque ah\u00ed tiene que haber Ingenieros que sepan de ra\u00edces. O al Ministerio de Asuntos Agrarios, de la Provincia \u00bfno? Claro, pero, y el costo. Bueno, nuestro hijo merece lo mejor, tenemos unos ahorros, vendemos el autito, si es necesario vendemos la casa. Bueno vamos a ver. \u00bfPero por qu\u00e9 no lo pensamos? Nuestro hijo est\u00e1 en Tornquist, y Tornquist pertenece a Buenos Aires, porque no lo pedimos unos pesos a Axel, no se puede negar es de la Provincia de Buenos Aires, est\u00e1 instalado en Tornquist. Bueno, bueno, ya vamos a ver. Pasan unos d\u00edas, de mucha inquietud, porque claro la se\u00f1ora de la vuelta, la del vivero, hab\u00eda quedado en ver a alguien porque el que le provee las plantas, el mayorista que le trae las plantas, flores, las plantines conoc\u00eda a un profesional que pod\u00eda ayudarlos. En este problema podr\u00eda ayudarnos ya que es mi hijo y mi planta. Y un d\u00eda viene el se\u00f1or del trabajo, de la calle, y le dice, vieja tengo solucionado el problema de nuestro hijo. Mi amor, esto es de Migr\u00e9, mi amor sab\u00eda que no me pod\u00edas fallar, vos sos mi Dios. Bue, no lo dec\u00eda mi se\u00f1ora eh. \u00bfCu\u00e1l es la soluci\u00f3n que propones? \u00bfser\u00e1 efectiva? S\u00ed, yo creo que s\u00ed es efectiva, ya ver\u00e1s, \u00e9sta es la soluci\u00f3n que yo propongo (saca un hacha y simula talar). Est\u00e1 en ustedes evitar \u00e9sta soluci\u00f3n. Color\u00edn colorado este cuentito se ha terminado. Y ahora se\u00f1or Presidente vamos a la parte formal de la cosa, para ello yo les traje un regalito, por las dudas si no\u00a0 lo ten\u00edan a mano, por ah\u00ed estaba en la biblioteca del despacho de cada uno de ustedes y no, bueno, no lo ten\u00edan a mano (les entrega una carpeta a los Concejales) seguramente ahora va a estar a mano de todos ustedes. Voy a parafrasear las palabras del Dr. Pugliese, uno de los \u00faltimos Ministros de Econom\u00eda del Dr. Alfons\u00edn que dijo, \u201cy les habl\u00e9 con el coraz\u00f3n y me contestaron con el bolsillo\u201d. Yo cuando estuve abajo, tambi\u00e9n fui con el coraz\u00f3n en la mano y me contestaron con la billetera y hoy vengo a este Honorable Recinto tambi\u00e9n con el coraz\u00f3n en la mano pero ustedes me van a contestar con la Ley (golpea la mesa) con la Ley. Y para eso, voy a hacer uso de una Ley de la Provincia de Buenos Aires sancionada por la Legislatura, que se llama Ley del Arbolado P\u00fablico. Pero antes de eso voy a hacer una presentaci\u00f3n de una Ley que se llama Preservaci\u00f3n del Ambiente. El Art\u00edculo 41 de la Constituci\u00f3n de la Naci\u00f3n Argentina que surge de la Asamblea Constituyente de Santa Fe y dice m\u00e1s o menos as\u00ed: \u201ctodos los habitantes gozan del derecho a un ambiente sano, equilibrado, apto para el desarrollo humano y para que las actividades productivas satisfagan las necesidades presentes, sin comprometer la de las generaciones futuras y tienen el deber de preservarlo el da\u00f1o ambiental generar\u00e1 estables a las\u00a0 que resultan de la propia actividad del hombre\u201d. A continuaci\u00f3n vamos a hacer una menci\u00f3n de la Ley 12.276 que todo el mundo maneja, pero adem\u00e1s est\u00e1 en el folio que les entregu\u00e9, que parece ser, y disc\u00falpenme la osad\u00eda que los Concejales de Tornquist no la leyeron, porque una de las funciones del Concejal es el control de la gesti\u00f3n p\u00fablica y no solamente cuando se dirime el presupuesto municipal sino en todas y en cada una de las acciones que el Ejecutivo realiza y haya que controlar. Tiene doce art\u00edculos, y todos, absolutamente todos defienden el arbolado p\u00fablico. Si es la Ley del Arbolado P\u00fablico, \u00bfy c\u00f3mo no la consultamos, como no actuamos, por qu\u00e9 no actuamos? yo pregunto eh. Con esa Ley voy a volver un poquito despu\u00e9s, (ahora no se el micr\u00f3fono este me tiene loco) voy a hablar un poquito de la Ordenanza N\u00ba 2287\/10, 2010, sancionada el 15 de noviembre de ese a\u00f1o y surge a trav\u00e9s del Art\u00edculo, creo que el 9, creo que es el 9, no importa, no el 9 no es, bah no importa, es uno de los art\u00edculos de la Ley 12.276 dice que cada municipio tiene que tener una Comisi\u00f3n del Arbolado P\u00fablico y ah\u00ed surge, perd\u00f3n, un Consejo del Arbolado P\u00fablico, y ah\u00ed surge la Comisi\u00f3n del Arbolado P\u00fablico que es dependiente adem\u00e1s el art\u00edculo 9 no, es dependiente del Honorable Concejo Deliberante \u00bfcierto?. Y entonces, yo me voy a permitir, como ver\u00e1n cada vez me pongo m\u00e1s insolente, que el Honorable Concejo Deliberante en uso de sus facultades sanciona con fuerza de Ordenanza el Consejo del Arbolado P\u00fablico del Distrito de Tornquist. Y adem\u00e1s, esta Ordenanza fue votada por unanimidad, nadie hizo cuesti\u00f3n a las cosas que ac\u00e1 s\u00ed ordenan. Art\u00edculo 1, de forma, cr\u00e9ase el Consejo del Arbolado P\u00fablico en el Distrito de Tornquist; Art\u00edculo 2 el Consejo del Arbolado P\u00fablico estar\u00e1 constituido por, y ac\u00e1 empieza el problema. A) un representante titular y un representante suplente que designe el Departamento Ejecutivo. Bue, no vamos a poner al zorro a cuidar el gallinero, perdonen la insolencia, pero es as\u00ed de claro. Segundo y ustedes lo saben, un representante titular y un representante suplente que designe cada Bloque, o sea, que hoy, hoy d\u00eda no hoy fecha, sino hoy en tiempo, ser\u00edan casi una multitud entre oficialistas, opositores y los intermedios, uno y un suplente, un mont\u00f3n. Un representante titular y un representante suplente que designe el INTA local, en realidad ac\u00e1 tengo que ser honesto que el jefe de la agencia local de extensi\u00f3n del INTA, el Ingeniero Federico, Ingeniero Agr\u00f3nomo Federico Labarthe me llam\u00f3, es decir a trav\u00e9s de un tel\u00e9fono de mi hijo porque no tiene mi tel\u00e9fono, me llam\u00f3 para adherirse aquella famosa carta que les mand\u00e9 a ustedes \u00bfno?, aquella famosa carta. Y ahora he visto hoy que tambi\u00e9n puso me gusta cuando el reportaje que me hicieron en un medio local, pero yo ac\u00e1 no lo veo, ac\u00e1 no lo veo. Forma parte de una comisi\u00f3n, una ordenanza. D) un representante titular y un representante suplente que designe el Ministerio de Asuntos Agrarios, mutis por el foro, tampoco lo veo, ni presente, ni me llam\u00f3, no s\u00e9 qui\u00e9n es, ustedes sabr\u00e1n. Un representante titular y un representante suplente, me saltee un rengl\u00f3n, que designe el Ministerio de Asuntos Agrarios. En realidad aqu\u00ed no s\u00e9 qui\u00e9nes son los representantes del Ministerio de Asuntos Agrarios, desconozco, pero tampoco lo he visto, ni se comunic\u00f3 conmigo, ni pas\u00f3 nada, ni vieron las plantas de la plaza, ni vieron las plantas de los bulevares, ni vieron nada. Un representante titular y un representante suplente que designe la Escuela Agropecuaria y ah\u00ed me toca m\u00e1s cerca, porque el Director de la Escuela Agropecuaria, la Ingeniera Directora de la escuela fue alumna m\u00eda, es conocida m\u00eda, tiene mi tel\u00e9fono pero nada y la Escuela Agropecuaria la tengo ac\u00e1, porque mi se\u00f1ora y yo fuimos la primera Directora y el primer Regente T\u00e9cnico de esa escuela. Me duele mucho que no estuviera actuando. Un representante titular y un representante suplente que designe el CEPT N\u00ba 12 de Villa Ventana, no s\u00e9 qui\u00e9nes son sus autoridades pero tampoco lo veo en ninguna parte. Y el punto H), el punto H), los Delegados de cada localidad, y yo me pregunto el Concejal de Sierra de la Ventana y el Delegado de Sierra de la Ventana qu\u00e9 hizo, qu\u00e9 hicieron cuando talaron la Avenida de las Carretas, \u00bfno les pareci\u00f3 un horror hacer eso? Pregunt\u00f3, para m\u00ed fue un horror total. Bueno, esta es la Ordenanza sancionada por unanimidad por el Honorable Concejo Deliberante, y ac\u00e1 si ustedes me permiten voy a citar una frase del General Per\u00f3n que algunos le atribuyen a Napole\u00f3n, pero hoy la vamos a dedicar, la vamos a usar como que es del General Per\u00f3n, \u201cpara que algo no funcione conformemos una comisi\u00f3n y si quieres que algo funcione pongan a una persona id\u00f3nea y responsable al frente\u201d. Respecto de la Ley hay varias cositas a fuera de ser aburrido, por ejemplo voy a leer la conclusi\u00f3n de Pilar, en el Partido de Pilar la conclusi\u00f3n es que la normativa y la doctrina encontrada ofrecen suficiente sustento como para permitir a quien deba tomar las decisiones reglamentar la prioridad de protecci\u00f3n del arbolado p\u00fablico y privado nativo o especies ex\u00f3ticas naturales o implantadas\u2026 que generen un importante beneficio ambiental, eso lo hicieron en Pilar \u00bfno? parece ser que son medios todos m\u00e1s o menos por ah\u00ed. La Ley 3.263 del a\u00f1o 2009 de la Legislatura de la Ciudad Aut\u00f3noma de Buenos Aires en el Art\u00edculo 1\u00ba dice: \u201cla presente Ley tiene por objeto proteger e incrementar el arbolado p\u00fablico urbano\u201d. La Ley de 13.836, Ley del \u00c1rbol de la Provincia de Santa Fe en su Art\u00edculo 1\u00ba dice: \u201cla presente Ley tiene por objeto establecer la pol\u00edtica de Estado en materia ambiental a trav\u00e9s de la promoci\u00f3n y conservaci\u00f3n\u201d bla, bla, bla. Y ya que estoy en Santa Fe, en Santa Fe ocurri\u00f3 que un se\u00f1or ten\u00eda un \u00e1rbol centenario en la vereda y lo cort\u00f3, porque le molestaba, problema de ra\u00edz o no s\u00e9 qu\u00e9 problema ten\u00eda, lo cort\u00f3. Lo agarraron de las pesta\u00f1as y el municipio de la ciudad de Rosario oblig\u00f3 a un vecino a plantar 800 ejemplares de esa variedad por haber extra\u00eddo sin permiso un \u00e1rbol centenario, castigo de cumplimiento efectivo eh. Todas las leyes, todas las leyes, todo lo que he encontrado es a favor de las plantas, y el ciudadano com\u00fan solicita a la autoridad ayuda para que no se produzcan acciones en contra del arbolado. F\u00edjense que contrasentido, ac\u00e1 estoy yo para defender las \u00e1rboles que la autoridad quiere talar. Parece ser que vamos en contramano. Yo no s\u00e9 c\u00f3mo van a resolver ustedes esto porque en definitiva la tala de los \u00e1rboles de las avenidas Paz, Alem, Ameghino y Sarmiento es un proyecto de tala, no est\u00e1n taladas, es muy probable que nosotros, ustedes, eviten esa atrocidad. Pero, yo me voy a referir a algunos argumentos que van a surgir cuando ustedes seguramente, perd\u00f3n, me voy a meter en lo que no me importa, pero seguramente ustedes interpelar\u00e1n al Intendente, el Ejecutivo, lo llamar\u00e1n, no s\u00e9 perd\u00f3n, no, eso no me tengo que meter, ustedes sabr\u00e1n, pero adem\u00e1s la Concejal Nori nos ense\u00f1\u00f3 que, viste que iba a caer, la Concejal Nori cuando estuvimos conversando el otro d\u00eda, que algunos Concejales, no s\u00e9 si todos, consultan con sus referentes pol\u00edticos de algunos temas de votaci\u00f3n, que es lo que corresponde o no, habr\u00e1 temas que no es necesario consultarlos con el referente pero otros s\u00ed. Pero para que tengan argumentos cuando la visita del Intendente o cuando consulten a sus referentes, les van a decir, si pero vos muy lindo con las plantas pero la encuesta, la encuesta, yo pregunto \u00bfqu\u00e9 encuesta? Lo que se hizo no es una encuesta seria, de nulidad total, porque una encuesta hecha a los frentistas es un error garrafal. Las plantas son del dominio p\u00fablico y si son del dominio p\u00fablico son de todos, de todos, desde la Avenida Kugler hasta Combatientes de Malvinas, y desde la Estaci\u00f3n de Ferrocarril hasta el Parque Lineal, a si, \u00bfy yo que vivo en el campo que, no es de mi dominio tambi\u00e9n? Y el se\u00f1or que vive en Chasic\u00f3 \u00bfno es de su dominio las plantas de la ciudad cabecera? \u00bfy el de Chasic\u00f3, y el de Saldungaray, y el de Ventana, y el de la Villa? Me parece ah\u00ed hubo un error. Adem\u00e1s, en las encuestas que hace el Ejecutivo Municipal se caracterizan por tener preguntas direccionadas, preguntas direccionadas que orientan para s\u00ed u orientan para \u00e9l no. Por ejemplo, en una oportunidad yo estaba en mi casa en Avenida Ameghino al 100, y vino una nena que hab\u00eda sido alumna m\u00eda, entonces, hola, c\u00f3mo est\u00e1s, qu\u00e9 se yo, bla, bla, bla, \u00bfse\u00f1or, le puedo hacer una encuesta? S\u00ed, c\u00f3mo no, dale. \u00bfUsted cree que las plantas interfieren la luz de las luminarias? Si, si, si, las plantas interfieren \u00bfy qu\u00e9 le parece de arrancarlas? de ninguna manera, es una atrocidad. Bueno se\u00f1or, muchas gracias, buen d\u00eda. Esa fue la encuesta que justific\u00f3 arrancar los cedros a un lado y al otro de las luminarias y he consultado con gente que conoce que dicen que eso se puede solucionar muy f\u00e1cilmente poniendo farolas m\u00e1s bajas extendiendo los bracitos, poni\u00e9ndolas en las veredas de cada lado, frente a una planta de 70 a\u00f1os o m\u00e1s, pero en qu\u00e9 cabeza cabe. Y ah\u00ed empez\u00f3 un poco el dejar de lado el no te met\u00e1s, porque el problema es cuando los mansos dejamos de ser mansos. Una encuesta medianamente hecha, y yo no soy ning\u00fan especialista f\u00edjense que entre 32 a\u00f1os de docencia no aprend\u00ed a hacer las preguntas de las pruebas porque soy burro seguramente, pero adem\u00e1s una grilla de preguntas deben acompa\u00f1ar la encuesta, un mont\u00f3n de grillas que conduzca al encuestado a favor, en contra, que le parece, que no le parece, para este lado, para el otro lado, seguir si por s\u00ed, si por no, s\u00ed por ni; le va a dar seriedad a la encuesta. Cuando consulten a sus referentes pol\u00edticos expl\u00edquenles que la encuesta no vale nada. Algunos les van a hablar de las especies aut\u00f3ctonas y las especies ex\u00f3ticas, ay s\u00ed porque las plantas que est\u00e1n instaladas en los bulevares son ex\u00f3ticas, pinus halepensis, ingeniero, y cedros son ex\u00f3ticas y ac\u00e1 nos metemos en un argumento que se llama xenofobia vegetal. Ni una cosa ni la otra, ni ex\u00f3tica ni aut\u00f3ctona, porque si yo hablo de aut\u00f3ctona hasta d\u00f3nde llega lo aut\u00f3ctono \u00bfhacia las plantas de misiones, las plantas de la selva tucumano oranense?, pero imag\u00ednense ustedes que la persona que plant\u00f3 las plantas en los boulevares hubiera pensado en plantar aut\u00f3ctonas, y entonces hubiera plantado, y aqu\u00ed si voy a pedir ayuda seguramente al Ingeniero Iribarren, se me ocurri\u00f3 pensar en las nuestras, sudoeste de la Provincia de Buenos Aires, cald\u00e9n, algarrobo negro y blanco, sombra de toro, cha\u00f1ar, si lo hacen venir en un suelo que no tenga beta estural, piquill\u00edn, sina sina, alpataco, (bajita), esas son aut\u00f3ctonas, pero todas tienen espinas, m\u00e1s chicas y m\u00e1s largas. Imag\u00ednense los boulevares de Tornquist, adem\u00e1s de un crecimiento lent\u00edsimo. Nosotros tenemos en la manga en Villa Iris un cald\u00e9n que debe tener 50 a\u00f1os y tiene un poco m\u00e1s alto que eso. No importa, uno puede esperar, pero las espinas no. Adem\u00e1s quiero decir respecto de la sina sina que el se\u00f1or Bilbao, que no s\u00e9 si est\u00e1, fue el que sancion\u00f3, no sancion\u00f3 no, creo tampoco, hizo, disc\u00falpenme, no encuentro el termin\u00f3, una Ordenanza, ponele elabor\u00f3, no es la palabra que quer\u00eda decir, elabor\u00f3 una Ordenanza votada por unanimidad respecto de la protecci\u00f3n de las sinas sinas en el Partido de Tornquist, as\u00ed que no se les ocurra ir con el hacha con la sina sina, est\u00e1n protegidas. La se\u00f1ora Marcela Ledesma que creo que es una Bi\u00f3loga de la Estaci\u00f3n Experimental Agropecuaria del INTA de Manfredi, describi\u00f3, Manfredi C\u00f3rdoba, escribi\u00f3 en el a\u00f1o 2008 algo as\u00ed, conservar el patrimonio paisaj\u00edstico del lugar que no era precisamente nativo pues predominaban especies ex\u00f3ticas pinus (sp) pero daban al lugar identidad propia \u00bfNo les suena a lo nuestro? Lo nuestro tiene identidad propia, las ex\u00f3ticas que est\u00e1n plantadas, un ambiente alpino, distinto a otros pueblos, no s\u00e9 si mejor o peor porque adem\u00e1s yo tengo que ser honesto, las personas que plantaron esas plantas tal vez estuvieran equivocadas, pero las plantaron, las plantaron hace 60 a\u00f1os o m\u00e1s, qu\u00e9 derecho tengo yo a arrancarlas, qu\u00e9 derecho tengo yo a arrancarlas. Adem\u00e1s, adem\u00e1s, bueno, pod\u00eda hablar cuando ustedes hablan con sus referentes, hablar de la calidad ambiental eso lo saben todos, el di\u00f3xido carbono, el consumo del di\u00f3xido, producci\u00f3n de ox\u00edgeno, el reparo la sombra, la amortiguaci\u00f3n de la lluvia, la pared sobre con el sonido, etc., eso no tengo que aclarar mucho. Pero si me voy a dedicar unos segundos a las ra\u00edces y su acci\u00f3n, las ra\u00edces. Y ac\u00e1 me viene porque una se\u00f1ora de mi conocimiento y de mi aprecio dijo en una de estas redes sociales que las ra\u00edces de las plantas le tapaban los desag\u00fces, claro seguro que le tapaban los desag\u00fces, pero no es culpa de las ra\u00edces, es culpa de que los ca\u00f1os del desag\u00fce de la se\u00f1ora tienen una fisura, un poro, est\u00e1 quebrado y como las ra\u00edces tienen, (aqu\u00ed me viene bien para tomarle lecci\u00f3n a Lali y a Cristian), tienen tropismos, es decir, las ra\u00edces tienen hidrotropismo positivo, crecen en direcci\u00f3n al agua, as\u00ed como el tallo tiene hidrotropismo negativo, crece en contra, y entonces por ese porito o por esa rajadura se mete y obturan el ca\u00f1o. Pero entonces cuando yo me encuentre a la se\u00f1ora de mi afecto le voy a decir, arregl\u00e1 el ca\u00f1o, si arreglas el ca\u00f1o la ra\u00edz va por arriba o por abajo, buscando el agua a otra parte, hidrotropismo positivo. El punto E) que marqu\u00e9 es la historia, la historia, que no es un tema menor cuando nos referimos a las plantas. Nuestra ciudad tiene 138 a\u00f1os de vida, y lo festejamos, cantamos el himno, aplaudimos un lindo discurso, es un orgullo 138 a\u00f1os, 69 es la mitad de 138, y las plantas tienen 60 a\u00f1os o m\u00e1s \u00bfustedes creen que esas plantas no forman ya parte de la historia de nuestro pueblo? yo pregunto. No forman parte de la historia de nuestro pueblo. Adem\u00e1s de darle el aspecto alpino, adem\u00e1s de todo lo que ustedes saben. Y ac\u00e1 voy a leer una cosa que escribi\u00f3 el Profesa Isa\u00edas, ese hace tiempo, ese es m\u00e1s viejo que yo eh, hace tiempo escribi\u00f3 algo as\u00ed \u201cporque como los d\u00edas de un \u00e1rbol ser\u00e1n los d\u00edas de mi pueblo\u201d. El argumento del deterioro solo parcial del asfalto de nuestras calles es verdadero, pero la prontitud del talado no nos da tiempo para pensar en soluciones existentes u otras que se pueden adaptar. Claro que para eso tenemos que tener las plantas. Esta tarde me llam\u00f3 una persona muy interesada en todo esto, me llam\u00f3 una persona que estaba desesperada por hablar conmigo, yo no pude estaba en el campo haciendo cosas, no pod\u00eda llegar a atenderlo lamentablemente, es una persona p\u00fablica que la mayor\u00eda de las personas de Tornquist la conoce, muy de las plantas. Es una persona mayor, y me dijo que cuando quisiera fuera, que \u00e9l sab\u00eda algunas cosas cuando se hizo el reasfaltado de las calles de Tornquist porque uno de los argumentos es que se levanta parque el asfalto no aguanta, si ya se repaviment\u00f3 una vez, perd\u00f3n, no paviment\u00f3, se reasfalt\u00f3 una vez, porque esto es asfalto, no pavimento. Y el se\u00f1or este sabe algunas cositas que por ah\u00ed son \u00fatiles porque fue un funcionario municipal de alguna \u00e9poca, conoce c\u00f3mo es el manejo y entonces el se\u00f1or sabe algunas cositas, si alg\u00fan Concejal estuviera interesado yo puedo actuar como nexo, no lo puedo nombrar, no puedo decir su n\u00famero de tel\u00e9fono porque no corresponde, y no s\u00e9 si est\u00e1 dispuesto a atender a cualquiera. A m\u00ed me atend\u00eda hoy, entonces le promet\u00ed que cuando viniera de Villa Iris la semana que viene iba a ir\u00a0 a verlo porque me parece una descortes\u00eda no haber ido, pero si alguno de ustedes quiere verlo se contacta conmigo. El profesor Castro tiene mi tel\u00e9fono, yo les consigo la charla. Cuando el se\u00f1or me habl\u00f3, hab\u00eda algunas cositas que hab\u00eda que encomillarlas, pero yo no me puedo meter en eso, no es mi funci\u00f3n estar ac\u00e1 y sospechar cosas, esas cosas que (chasquea la lengua). De cualquier manera hay gente que aparentemente sabe que las plantas hay que talarlas, las plantas hay que destruirlas, pero yo pregunto, le pregunto, por qu\u00e9 no prueba, me estoy refiriendo exactamente al sr. Intendente Municipal eh, no hago ning\u00fan eufemismo, porque yo habl\u00e9 con el Intendente, no es cuesti\u00f3n de que yo hable a escondidas. El Intendente tuvo el gesto de concederme una audiencia durante una hora, yo creo que es tiempo m\u00e1s que importante para que un Intendente lo desperdicie atendi\u00e9ndome a m\u00ed, todas estas cositas las hablamos abajo eh. Hay 44 cuadras con boulevares sin forestar, 44, se las leo: Avenida Libertad tiene 9, Avenida Alem tiene 4 \u00faltimas, Avenida Sarmiento 3,5 \u00faltimas, Avenida General Paz las 5 \u00faltimas, la Avenida Irigoyen 9; y la Avenida Independencia, ay, ay, ay, la Avenida Independencia no me meter\u00eda porque cada uno de los frentistas hizo lo que pudo, plant\u00f3 su plantita, y entonces hay plantitas, entre bolillo, hay arbustos, hay, hay. Y bueno, eso es un cocoliche, bueno, yo no s\u00e9 yo ah\u00ed no me meto, porque si estoy defendiendo unas no voy a talar las otras, pero no est\u00e1 elegante. Digo, entonces, pero s\u00ed sabemos que esto no sirve pues hagamos esto, y dentro de 60 a\u00f1os alguien va a decir que visionario, esto era lo que necesit\u00e1bamos. Arist\u00f3teles en el a\u00f1o 384 A.C. al 322 a\u00f1os A.C., eso es el tiempo de vida, dijo \u201cla mejor forma de no ser criticado es no decir nada, no hacer nada, no ser nadie\u201d, creo que viene bien. Y ahora yo voy a hacer una conclusi\u00f3n de todo este charlataner\u00edo que los he aburrido con esto seguramente. Y dice algo as\u00ed, esto lo voy a leer porque quiero que sea, no quiero perderme ninguna palabra. Yo desde esta banca y como ciudadano exijo a este Honorable Cuerpo Deliberativo, y dada la importancia del arbolado urbano: a) arbitrar las medidas para que el Departamento Ejecutivo Municipal d\u00e9 cumplimiento a la Ley 12.276 en su totalidad. b) determine la convocatoria a un panel de expertos de reconocida idoneidad multidisciplinaria de prestigio, proximidad y sentido de pertenencia regional al estudio del arbolado urbano, abro un par\u00e9ntesis, la idea era poner Universidad Nacional del Sur pero si la Universidad Nacional del Sur no est\u00e1 dispuesta, o no quiere, o no puede o no la dejan hacer esto no la pod\u00eda involucrar, porque tiene pertenencia regional, tiene prestigio internacional, tiene proximidad y tiene idoneidad multidisciplinaria porque tiene casi todos los departamentos hasta los legales. c) encargar un riguroso estudio del impacto ambiental en lo referente a la eliminaci\u00f3n del arbolado en cuesti\u00f3n. Aqu\u00ed termina mi exposici\u00f3n respecto de la defensa del arbolado, pero yo s\u00e9 que el Presidente del Honorable Cuerpo me va a permitir tomarme alg\u00fan minuto m\u00e1s porque en alg\u00fan tiempo yo le tuve paciencia a \u00e9l ahora \u00e9l me va a tener paciencia a m\u00ed, poquita Cristian. \u00bfCu\u00e1nto tiempo estoy, voy muy pasado? (le contesta el Secretario, pero no se escucha bien en el audio) Gracias. Voy a hablar de la Avenida de las Carretas, pregunt\u00f3 \u00bfel Delegado Municipal actu\u00f3 por iniciativa propia? porque ac\u00e1 tengo que aclarar, tenemos una Ley del arbolado p\u00fablico sancionada por la Legislatura de la Provincia de Buenos Aires que est\u00e1 vigente y nos cubre como una sombra, y aquel que viola la Ley comete una ilegalidad y los il\u00edcitos se dirimen en la justicia. Ustedes saben eso, por supuesto, si estamos en el templo de la Ley, pregunt\u00f3 \u00bfel Delegado Municipal actu\u00f3 por iniciativa propia? sabr\u00e1n ustedes lo que tienen que hacer \u00bfEl Delegado recibi\u00f3 \u00f3rdenes superiores? sabr\u00e1n lo que tienen que hacer \u00bfy qu\u00e9 hicieron con la madera? Avenida de las Carretas, una tropel\u00eda, un esc\u00e1ndalo, no conozco d\u00f3nde est\u00e1 exactamente \u00bfqui\u00e9n es el de Sierra de la Ventana? un horror, un horror, est\u00e1 atr\u00e1s del Hotel Provincial \u00bfalgo as\u00ed no? (le contesta el Concejal Iribarren, pero no se escucha bien en el audio). Aj\u00e1. Es imposible ir a d\u00f3nde conduc\u00eda la Avenida de las Carretas por otra v\u00eda, \u00bfno exist\u00eda otra v\u00eda, otra forma de reemplazar esa calle por otra? No. (le contesta el Concejal Iribarren, pero no se escucha bien en el audio). Perfecto, me parece muy bien, control de gesti\u00f3n Concejal de Sierra de la Ventana, control de gesti\u00f3n, nada m\u00e1s, nada menos. Avenida Combatientes de Malvinas, para los que no son de Tornquist es la \u00faltima calle hacia el sur previa a los terrenos que compr\u00f3 la municipalidad para extender el terreno al sur. All\u00ed, muy alegremente, esta cae muy alegremente, cortaron toda la cortina forestal de pinos halepensis, por suerte y gracias a Dios ese d\u00eda no estaban inspirados y dejaron la de la cortina de cedros \u00bfcierto se\u00f1or Presidente? \u00bfera necesario la extracci\u00f3n total de la cortina, no se pod\u00eda haber cortado menos y dejar, cortar solamente las calles? si molestaban achicar la primer manzana o el primer, 10 metros m\u00e1s all\u00e1. Porque se me ocurre pensar, la calle 1\u00b0 de marzo en Bah\u00eda Blanca est\u00e1 hacia el sur del canal Maldonado, y los pinos halepensis de esa calle est\u00e1n en un ancho de m\u00e1s o menos 1 metro, pero bueno, no las comprimamos tanto, d\u00e9mosle un poquito. \u00bfera necesario? y pregunt\u00f3 \u00bfcu\u00e1les son y fueron las ventajas de dicha extracci\u00f3n? atrocidad tengo entre par\u00e9ntesis, tiene que haber una raz\u00f3n \u00bfcu\u00e1l es la raz\u00f3n? Avenida Combatientes de Malvinas. Respecto de la Avenida 9 de Julio, est\u00e1 (se\u00f1ala) que est\u00e1 ac\u00e1, la del costado de la plaza, Banco Naci\u00f3n, Banco Provincia eh, est\u00e1 clara, averig\u00fcen, porque el se\u00f1or Intendente me dijo que la va a intervenir tambi\u00e9n. Y yo s\u00e9, esto es un chisme, pero un chismecito de vez en cuando viene bien, la municipalidad de Tornquist est\u00e1 proveyendo de le\u00f1a en vez de generar trabajo les da le\u00f1a, de los \u00e1rboles quemados, creo que del Parque Provincial, no s\u00e9 de d\u00f3nde los sacan, pero yo tengo una informaci\u00f3n que adem\u00e1s de los secos traen los verdes, no puedo, no tengo argumentos, pero ustedes pueden averiguarlo, control de gesti\u00f3n. Y ahora me meto en lo que no me met\u00eda antes, y siento un dolor terrible, la intervenci\u00f3n a la plaza de Tornquist. La plaza de Tornquist fue dise\u00f1ada por el Arquitecto naturalista, escritor y periodista Carlos Thays. Ten\u00edamos un cuadro de firma ah\u00ed (se\u00f1ala) \u00bfy qu\u00e9 pas\u00f3? Le metimos motosierra, porque ahora tenemos una plaza abierta, porque \u00e9l solicit\u00f3, yo quisiera que llevar\u00e1n los nietos, bah yo los nietos ustedes los hijos, a los juegos entre las 10 y las 4 de la tarde de un d\u00eda de enero, chicharrones traen de los chicos, protector 1000, pero adem\u00e1s, a ustedes les pasa, en invierno caminamos por la vereda del sol, en verano caminamos por la vereda de la sombra. El boulevar que va desde la Municipalidad al Teatro nunca tuvo plantas grandes, por lo menos en mis 74 a\u00f1os, el problema del solcito. Y ac\u00e1 hago una comparaci\u00f3n est\u00fapida, en un Museo de Francia, m\u00e1s espec\u00edficamente el Museo del Louvre en Par\u00eds 55.34, hay una pintura que se llama la Gioconda, es la pintura de la Mona Lisa, y la hizo Leonardo da Vinci hace much\u00edsimos a\u00f1os. Puede venir alg\u00fan descolocado, y decir, que pelo la Gioconda porque no le hacemos unos rulitos o unos reflejos, le podemos iluminar el rostro con un poco de pintalabios, y, el vestido, ahora este a\u00f1o vienen tanto las flores. Entonces al descolocado ese yo le digo, pero flaquito m\u00edo hace un cuadro con el pelo que vos quer\u00e9s, con los labios con el pintalabios que vos quer\u00e9s, con el vestido de las flores, ponelo al lado, capaz que dentro de 300 o 400 a\u00f1os le ganas a Leonardo da Vinci. Eso mismo yo le dir\u00eda al se\u00f1or Intendente, si le molestaba tanto la plaza porque no cre\u00f3 una a su gusto. Yo no s\u00e9 si la parte nueva del pueblo tiene plaza ya determinada. Adem\u00e1s est\u00e1 la plaza de la calle 12 de Octubre, est\u00e1 la plaza del barrio PyM que subsisten gracias a la voluntad de los vecinos de enfrente que van con un baldecito y la riegan, \u00bfsaben a qu\u00e9 me refiero cierto? esas dos plazas. En realidad, en realidad, ten\u00edamos un privilegio de tener un trabajo de Carlos Thays, la plaza del sudoeste de la Provincia de Buenos Aires hay muy pocos y creo que hasta la mitad de la Provincia de Buenos Aires hay menos, hay pocos, ten\u00edamos, lamentablemente. El Arquitecto Vanoli hizo bastante por tratar de salvarla, porque fue una tarde con unos j\u00f3venes amigos, hicieron una suerte de ronda alrededor de los \u00e1rboles y al otro d\u00eda a las 7 de la ma\u00f1ana le metieron motosierra. Y cuidado, no crean la mentira de que todas las plantas se ca\u00edan, porque yo tengo un amigo que tiene la filmaci\u00f3n de que una planta la sacaron con dos tractores y una motoniveladora \u00bfesa planta se iba a caer? \u00bfalguno de ustedes, porque no de las personas que yo consult\u00e9, sabe de alg\u00fan accidente que haya producido la plaza? Puede ocurrir, pero eso no nos da derecho a destrozarla. \u00bfAcaso la 33 de ac\u00e1 a Bah\u00eda, la ruta de la muerte como la llamaban antes no hay accidentes? \u00bfY qu\u00e9 se hace? \u00bfse cierra la ruta? Se ara el pavimento, se elimina el tr\u00e1nsito. S\u00ed, s\u00e9 que esto suena descabellado, disc\u00falpenme, ustedes son personas grandes y capaces, no puede venir un impertinente a hablarles de esta forma. Pero muchachos el control de gesti\u00f3n donde qued\u00f3, para qu\u00e9 estamos, perd\u00f3n me fui. De este al sudoeste de la Provincia de Buenos Aires est\u00e1 en la plaza Ernesto Tornquist, est\u00e1 en la plaza principal de Coronel Su\u00e1rez, est\u00e1 el Club Hotel de Sierra de la Ventana que ah\u00ed tambi\u00e9n talaron fuerte y las plantas; y ah\u00ed las plantas del Club Hotel de Sierra de la Ventana. El Chaco, la estancia del Chaco, cosa de que no sab\u00eda pero me inform\u00e9, porque si yo puedo informarme todos los dem\u00e1s tambi\u00e9n pueden informarse eh; y la Estancia Chica, la Estancia de la Ventana, donde Ernesto Tornquist, que son 150 hect\u00e1reas parquizadas por el se\u00f1or Carlos Thays. Y ahora me voy a poner hiper pesado, hay una an\u00e9cdota en el a\u00f1o 1890 y pico, Carlos Thays era el jefe del arbolado de la ciudad de Buenos Aires, siglo XIX, a fines del siglo XIX, plant\u00f3 4.300 y pico plantas, y claro, como suele ocurrir se las rompieron. Entonces el se\u00f1or Carlos Thays pidi\u00f3 ayuda a su superior, que no si era el Intendente, el Gobernador, el Presidente, que se yo, a su superior. El superior lo ayud\u00f3 de tal manera que al a\u00f1o siguiente cuando plant\u00f3 creo que 3.000 y pico ya el da\u00f1o era menor. El superior ayud\u00f3 a proteger a las plantas, no el inferior al superior para protegerlas \u00bfno? otra vez el contrasentido. En el a\u00f1o 1889 Carlos Thays encar\u00f3 la obra del Parque Sarmiento, m\u00e1s o menos 100 hect\u00e1reas en la ciudad de C\u00f3rdoba. En las obras que superan los 85 entre parques y estancias, cre\u00f3 los bosques de Palermo en Buenos Aires, el Parque 9 de Julio en Tucum\u00e1n, el Parque Sarmiento que les acabo de decir de 100 hect\u00e1reas, remodel\u00f3 y ampli\u00f3 o ampli\u00f3 69 plazas y paseos p\u00fablicos de Buenos Aires, 16 plazas o paseos p\u00fablicos en la provincia, cre\u00f3 el Jard\u00edn Bot\u00e1nico el 7\/9, esto me equivoqu\u00e9 ac\u00e1, el 98 no puede ser porque se muri\u00f3 antes, perd\u00f3n; el Parque 3 de febrero, Parque 3 Febrero para los que conocen Buenos Aires es el Bosque de Palermo y el Rosedal; en el Rosedal que son 3 hect\u00e1reas y cuatro 3,4 hect\u00e1reas, tiene 18.000 rosas. Tambi\u00e9n lo creo Carlos Thays, lo dise\u00f1\u00f3 \u00e9l. Parque 3 de Febrero, los Andes, Florentino Ameghino, Col\u00f3n, Patricio, Chacabuco; Pereyra Iraola, Ingeniero Iribarren, el Parque Pereyra Iraola nada menos; Centenario, Lezama, Avellaneda, Intendente Alvear, Parque Barrancas, Parque Barrancas de Belgrano; el Parque Urquiza en Entre R\u00edos; las plazas del Congreso, Plaza de Mayo, Rodr\u00edguez Pe\u00f1a, Sol\u00eds, Castelli, Brown, Balcarce y otras. Tiene obras en Rosario, C\u00f3rdoba, Paran\u00e1, Mendoza, Tucum\u00e1n, Salta y Mar del Plata, dise\u00f1\u00f3 en la plaza San Mart\u00edn y el Parque de la Torre de los Ingleses, centro de Buenos Aires el parque de la Torre de los Ingleses repito, los bosques de Palermo y Rosedal, ah el de Palermo son m\u00e1s o menos 40 hect\u00e1reas y el Rosedal 3,4; 38 estancias. Y por favor ni se les ocurra pensar en oligarqu\u00edas, estoy hablando del trabajo de una persona, las estancias de Roca, La Larga en Daireaux; La Paz en Ascochinga; la Argentina en San Andr\u00e9s de Giles; La Candelaria, La Porte\u00f1a, La Benquerencia. Y nosotros agarramos la motosierra y a la mierda con todo. Y si ustedes me permiten, voy a terminar, parece que no lo encuentro en mi desorden no lo encuentro por favor que tengo que encontrarlo, tengo que encontrarlo porque son una estrofas de Luis Landriscina que vienen muy bien, ac\u00e1 est\u00e1. No me pod\u00eda fallar Luis Landriscina y dice as\u00ed: \u201cCuando la tormenta pase y se amansen los caminos y seamos sobrevivientes de un naufragio colectivo\u201c. Y la otra estrofa dice: \u201cy entonces recordaremos todo aquello que perdimos y de una vez aprenderemos todo lo que no aprendimos\u201d. Se\u00f1ores Concejales, se\u00f1or Presidente sumamente honrado de que me hayan otorgado esta banca y me hayan permitido intentar defender las plantas de nuestra querida ciudad, much\u00edsimas gracias. (APLAUSOS). Perd\u00f3nenme en realidad yo no me merezco, simplemente hice esto por la comunidad, y porque como les dije antes, los mansos alg\u00fan d\u00eda se revelan y cuidado cuando los mansos se revelan. Much\u00edsimas gracias de nuevo\u201d.<\/p>\n<p>&nbsp;<\/p>\n<p>Alocuciones de los Concejales:<\/p>\n<p>&nbsp;<\/p>\n<p>Concejal Elisabet Nori:<\/p>\n<p>\u201cBueno ante todo agradecerle al Se\u00f1or Issaly por su exposici\u00f3n que realmente complet\u00edsima, todos los datos que nos otorg\u00f3, algunos particularmente no estaban en mi conocimiento ahora a partir de este momento si, cosa que le agradezco profundamente. (Issaly dice que no la escucha). No, que le agradec\u00eda mucho su alocuci\u00f3n y todos los datos que nos facilit\u00f3, particularmente dec\u00eda que hab\u00eda cosas que por ah\u00ed uno desconoc\u00eda o desconoc\u00eda en su totalidad y a ra\u00edz\u00a0 de su alocuci\u00f3n pudimos este tomar conocimiento. Le quer\u00eda decir que el d\u00eda, es una informaci\u00f3n nada m\u00e1s, en la sesi\u00f3n del d\u00eda 20 de julio, los bloques de Cambiemos y Juntos por el Cambio presentamos un pedido de informe a ra\u00edz de la nota que usted envi\u00f3 con anterioridad. En el pedido de informe, me voy a tomar un segundito para leer el articulado nada m\u00e1s, solic\u00edtese al Departamento Ejecutivo que a trav\u00e9s del \u00e1rea que corresponda env\u00ede estudio sobre la inferencia de los \u00e1rboles en el deterioro del asfalto en las Avenidas Ameghino, Sarmiento, General Paz y Alem. Solic\u00edtese al Departamento Ejecutivo que a trav\u00e9s del \u00e1rea que corresponda informe si existe proyecto para evitar sacar los \u00e1rboles, y si as\u00ed fuera cu\u00e1nto es el valor de la intervenci\u00f3n. Art\u00edculo 3 solicite al Departamento Ejecutivo que a trav\u00e9s del \u00e1rea que corresponda env\u00ede proyecto sobre la forestaci\u00f3n de los boulevares de toda la ciudad de Tornquist. Art\u00edculo 4: de forma. Esto sali\u00f3 aprobado por unanimidad por todo el Concejo Deliberante en la Sesi\u00f3n del d\u00eda 20 de julio, posteriormente esto baj\u00f3 al Poder Ejecutivo y a\u00fan estamos esperando la respuesta. M\u00e1s all\u00e1 de la respuesta que nos vayan a devolver o no, de este pedido de informe, yo particularmente me voy a tomar el atrevimiento que en nombre de este Concejo Deliberante vamos a profundizar los estudios pertinentes en esta materia, vamos a hacer todas las consultas que hagan falta, y nos comprometemos a legislar con la mayor de las responsabilidades en este sentido, eso quer\u00eda dejarlo aclarado y creo que no me equivoco al hablar por parte de todo este Concejo Deliberante. Nada m\u00e1s se\u00f1or Presidente\u201d.<\/p>\n<p>&nbsp;<\/p>\n<p>Pide la palabra el Sr. Isally:<\/p>\n<p>\u201cYo s\u00e9 que cuando uno ocupa la Banca no dialoga, siempre es a trav\u00e9s del Presidente del Cuerpo. Me parece muy bien. No se dialoga se habla a trav\u00e9s de la figura del Presidente del Honorable Concejo. Yo, me parece que es muy atinado las palabras de la Concejal Nori, est\u00e1 muy bien. En cuanto a mi experiencia le puedo decir se\u00f1or Presidente que cuando yo fui Concejal jam\u00e1s el Intendente contest\u00f3 ning\u00fan Pedido de Informe, que tengan mucha suerte. Pero adem\u00e1s le digo, me parece muy bien esto parece ser que mi nota despert\u00f3 voluntades, \u00bfy todo lo anterior qu\u00e9? qu\u00e9 pas\u00f3 con la plaza, que paso con la Avenida de los Combatientes de Malvinas, qu\u00e9 pas\u00f3 con la Avenida de las Carretas y muchas otras que no me habr\u00e9 enterado, disc\u00falpenme soy grosero Nori. Pero me sale de adentro porque lo otro ya pas\u00f3, me parece fant\u00e1stico yo los felicito con el Pedido de Informe, ojal\u00e1 tengan suerte, pero \u00bfy todo lo anterior? Gracias se\u00f1or Presidente.<\/p>\n<p>&nbsp;<\/p>\n<p>Concejal Claudio Iribarren:<\/p>\n<p>\u201cBueno, agradecerte Eduardo por tu presencia\u2026 (no se entiende el audio). Creo que apuntaste bien en cuanto a la primer parte de la tem\u00e1tica hacia d\u00f3nde focalizar la atenci\u00f3n, y creo que a m\u00ed es la parte que m\u00e1s me preocupa, que va m\u00e1s all\u00e1 de la cuesti\u00f3n meramente pr\u00e1ctica, t\u00e9cnica, si se deben o no sacar los cedros de los boulevares, es una discusi\u00f3n a dar, obviamente. Pero creo que lo que m\u00e1s me preocupa, y es previo a esta discusi\u00f3n, es la falta de apego y respeto a las normas, la naturalizaci\u00f3n del incumplimiento. Por eso te digo que apuntaste bien cuando\u00a0 iniciaste, existe una Ley que regula el arbolado p\u00fablico, lo hemos hablado 70.000 veces con Sergio, tenido discusiones importantes tambi\u00e9n, previo a Sergio tambi\u00e9n. Esta ley digamos, del Municipio de Tornquist es una Ley de adhesi\u00f3n, como bien dec\u00edas, el municipio es la autoridad de aplicaci\u00f3n, este municipio est\u00e1 adherido desde el a\u00f1o 2015 a esa Ley, mediante una Ordenanza \u00bfno? creo que es solucionables, si, es solucionable este tipo de cuestiones. Resulta imprescindible que antes de realizar cualquier intervenci\u00f3n en el arbolado p\u00fablico \u00bfqu\u00e9 cosa hay que hacer? empezar a cumplir la Ley, luego vemos c\u00f3mo se resuelve las problem\u00e1ticas van surgiendo con el arbolado pero siempre en el marco de la Ley. Por dentro de la Ley todo, pero por fuera nada. El grave dilema que tenemos ac\u00e1 es que lo que no se cumple es una Ley, es una Ley, no es punitiva, es una Ley de adhesi\u00f3n y el municipio es autoridad de aplicaci\u00f3n, pero si no se va a cumplir, estamos adheridos, la hubiesen derogado. Despu\u00e9s Eduardo te voy a pasar bien las notas de la Avenida de la Carretas que hice en ese momento creo que en alguna (Issaly: las fotos las tengo eh). No si las notas. Esto es camino de las Carretas en Sierra la Ventana, 04\/05\/2016, escribe quien les habla. Voy a hacer tambi\u00e9n pol\u00edtica con esto, pero fue real, el cambio tan mentado del Pro, ac\u00e1 empez\u00f3 con todo, no les dio para pobreza, pero \u00e1rboles cero parece ser un lema m\u00e1s cercano. El cambio del boulevar tuvo realmente un cambio radical, lo compon\u00eda el radicalismo de frente \u00bfno? erradicaron los \u00e1rboles directamente, los aniquilaron. Espero que cuando empiecen o comiencen a erradicar la pobreza tengan otra consideraci\u00f3n, se hablaba en ese momento de la pobreza cero \u00bfno? El arbolado p\u00fablico y urbano es patrimonio de la comunidad, bien vos lo dijiste en esta charla, y lo menos que merece los ciudadanos es estar informados. Pregunto \u00bfla ejecuci\u00f3n de \u00e1rboles en el Camino de las Carretas de Sierra de la Ventana responde solo a la torpeza o al desconocimiento de un funcionario, u obedece una planificaci\u00f3n integral? Y no estoy haciendo alusi\u00f3n de un funcionario en particular, estoy refiriendo a que no puede quedar librada a la voluntad, a lo que piensa y desea un solo funcionario, para eso comparte una estructura, un equipo de trabajo del que se nutre, que aporta y avala. No pueden ser decisiones individuales. Deben contar con un soporte de un equipo que la sustente. No he visto el proyecto, pon\u00eda en ese entonces, ni la planificaci\u00f3n, que han elaborado al respecto. Si existiese estar\u00eda bueno que la expliciten, que la muestren a la comunidad. Bueno, y aqu\u00ed hablo que ten\u00edan soporte t\u00e9cnico en ese momento para tomar ese tipo de decisi\u00f3n, estaba Gonzalo Iparraguirre a cargo de la Agencia de Desarrollo, la agencia se encarga dec\u00eda de brindar apoyo t\u00e9cnico a las distintas Secretar\u00edas, su aporte se basa en la preparaci\u00f3n de proyectos, planificaci\u00f3n, que determinan las l\u00edneas de acci\u00f3n de lo que hay que hacer y c\u00f3mo se har\u00e1n. Para esto se lanz\u00f3 una campa\u00f1a, en campa\u00f1a, esta estructura que posibilita concretar mesas de trabajo con asesores externos si quieren, privados y propios, de acuerdo al expertise de la tem\u00e1tica a tratar. Me resulta inexplicable teniendo una estructura montada, con gente de la capacidad de Gonzalo, pon\u00eda en ese entonces, para proyectar y planificar el conocimiento en la materia de Federico Labarthe, pon\u00eda, porque eran parte de la estructura o de Lucio L\u00f3pez, te podr\u00eda haber nombrado a vos Eduardo en eso tambi\u00e9n. Evoco a los nombres dado que son parte del espacio pol\u00edtico Pro-U.C.R., y si con los propios no va a estar hay muchos de los no propios que podemos tambi\u00e9n aportar en la tem\u00e1tica. Y estoy contando solo con los que tenemos en el plano local, sin disponer de recursos extras para asesores privados externos como es ese caso se utilizaba, la agencia usaba a Zingoni \u00bfno? con el presupuesto participativo. Seguramente si esto hubiese ocurrido no estar\u00edamos hablando de semejante arbitrariedad, esto pon\u00eda en varias notas, pero bueno, te digo una para que veas que en ese momento el grito estaba puesto de este lado por un mont\u00f3n de situaciones \u00bfno? La Ley como bien dec\u00eda Eduardo, implica una serie de pasos y etapas a cumplir. La primer es crear un \u00e1rea espec\u00edfica a cargo de un profesional con firma responsable, que tiene que ser un Ingeniero Forestal o un Astr\u00f3nomo con incumbencia. Segundo \u00edtem fundamental es la de votar los recursos del presupuesto, y que esos recursos figuren en el presupuesto anual. El tercero y que se habl\u00f3 bastante, elaborar el plan regulador del arbolado urbano. \u00bfRecuerdan cu\u00e1ntas veces se habl\u00f3 del plan regulador del arbolado urbano?, que estaba, que ya lo ten\u00edan en la gatera, hab\u00eda gente del INTA trabajando, estaba Agust\u00edn, estaba Josefina, hab\u00eda un chico Ingeniero Forestal del INTA Carhu\u00e9 trabajando, s\u00ed, ya est\u00e1, lo tenemos. Estamos hablando de hace bastante eh, jam\u00e1s se present\u00f3. Yo estoy en la Direcci\u00f3n de Bosques, lo planes de arbolado no llegan a la Direcci\u00f3n de Bosques se eval\u00faan, se dice si est\u00e1n bien, si hay que hacerle alg\u00fan tipo de intervenci\u00f3n, jam\u00e1s fue presentado. \u00bfes algo muy complejo hacer un plan regulador? No. Es una planificaci\u00f3n, con un cronograma de trabajo, de actividades y los recursos que van a asignarse. Tambi\u00e9n implica realizar un inventario forestal en las distintas localidades del distrito, en alg\u00fan momento se comenz\u00f3 con chicos del CEPT, en otros lugares tambi\u00e9n, ac\u00e1 mismo en Tornquist, en Sierra de la Ventana tambi\u00e9n tuvo esbozos de hacerlo, Villa Ventana fue el que m\u00e1s avanz\u00f3. Se hab\u00eda adoptado al ingeniero Marquina a trabajar en eso. Y otro \u00edtem importante es la creaci\u00f3n de la Comisi\u00f3n de Arbolado P\u00fablico o Consejo le llamamos nosotros, de arbolado urbano, por Ordenanza actualizada, se actualiza la Ordenanza cada dos a\u00f1os. Se nombran dos integrantes de esa comisi\u00f3n, fue participar gente que maneja la tem\u00e1tica, que le interesa, es abierta y es a fines consultivos. Y me parece que son cuestiones b\u00e1sicas para resolver todo este tipo de tareas \u00bfno? Tambi\u00e9n Eduardo habl\u00f3 de gobernar, hablaste de las encuestas, a uno lo eligen para gobernar cuando lo eligen, no gobierna por encuestas, ser\u00eda muy burdo. Yo comenzar\u00eda simplemente a gobernar cumpliendo o respetando la Ley, empezar\u00eda por ah\u00ed, no haciendo caso a las encuestas, m\u00e1s all\u00e1 de c\u00f3mo han sido tomadas, y la il\u00f3gica de todo el planteo \u00bfno? Esto es Tornquist, es todo arbitrario, todo esto lo que denota es una cadencia enorme de planificaci\u00f3n. Siempre prima lo intempestivo, la urgencia, que es precisamente lo contrario a la pol\u00edtica. La pol\u00edtica es, prevenir, anticiparse, es exactamente lo opuesto. Dentro de lo que es el arbolado urbano uno trabaja, de charlas de esto y en distintos lugares. Yo lo pongo de ejemplo de lo que no hay que hacer, much\u00edsimas\u00a0 a Tornquist me sirve para los Power Point y eso, pero me duele, me duele, una parte, yo no tendr\u00eda que estar de juez y parte de esto por eso no tendr\u00eda que estar opinando demasiado, pero depende much\u00edsimo de la valoraci\u00f3n sociocultural que se haga del arbolado, qu\u00e9 valor le da la comunidad, la ciudadan\u00eda al arbolado, a los beneficios. Creo que es b\u00e1sico eso \u00bfno? si uno no valora, y quiz\u00e1s ah\u00ed tenemos una falencia nuestra \u00bfno? por qu\u00e9 ocurre lo que ocurri\u00f3 o lo que ocurre. Yo pon\u00eda el ejemplo siempre de un Intendente de Olavarr\u00eda que era muy amigo de mi padre, era V\u00edctor Portarrieu, un amante de las plantas era V\u00edctor, era un amante de las plantas. Le toc\u00f3 la \u00e9poca de Olavarr\u00eda capital del cemento, de las luces de mercurio, y propuso el micro centro de Olavarr\u00eda, 10 cuadras por 10 cuadras, no exist\u00edan muchos \u00e1rboles que ten\u00eda que ver las luces de ne\u00f3n y el asfalto y todo bien iluminado \u00bfno? La Comunidad de Olavarr\u00eda jam\u00e1s se manifest\u00f3 en contra, es un poco lo que est\u00e1 ocurriendo ac\u00e1. Jam\u00e1s se manifest\u00f3 en contra, o sea, se le allan\u00f3 el camino a, que ten\u00eda catalpas frondosas, fresnos, especies variadas en distintas cuadras, era una arboleda fant\u00e1stica. A los pocos a\u00f1os, vos ibas a Olavarr\u00eda y en pleno verano era posible, si hab\u00eda much\u00edsimo asfalto, much\u00edsima luz, yo siempre le dec\u00eda, que macana hiciste V\u00edctor con eso siendo un tipo que te encantaban los \u00e1rboles \u00bfno? Despu\u00e9s lo reconoc\u00eda que era en el momento, el fen\u00f3meno, y quiso hacer, no s\u00e9, Las Vegas del centro de Olavarr\u00eda, que son contextos hist\u00f3ricos. Y ac\u00e1 tenemos que tener en cuenta tambi\u00e9n el contexto hist\u00f3rico, bien nombrabas la plaza de Tornquist, Thays,\u00a0 \u00bfqu\u00e9 quiso replicar en ese lugar, se tuvo en cuenta algo? No, no se tuvo en cuenta nada, uno tiene valores arraigados y esto que hoy dec\u00eda Eduardo, c\u00f3mo no va a estar en el sentimiento de cada uno de los Tornquistenses. Y quiz\u00e1s, no s\u00e9 si Eduardo, pero se subieron una planta, le dio el beso a su novia debajo de un \u00e1rbol, se sentaron ah\u00ed a tomar mate, \u00bfc\u00f3mo no van a tener recuerdos? Es parte de uno ya, y cuando tambi\u00e9n habla del contexto hist\u00f3rico uno puede con el diario del lunes decir, y capaz que no eran los mejores \u00e1rboles para poner, no hab\u00eda \u00e1rboles ac\u00e1, primero y fundamental. Hizo un recuento de los \u00e1rboles nativos, falt\u00f3 el molle nativo, hay un molle nativo que es longifole, Pero s\u00ed, hab\u00eda \u00e1rboles peque\u00f1os, una introducci\u00f3n de todo lo que es el cald\u00e9n, pero no hab\u00eda, todo lo que ven implantado es fruto del hombre. La estaci\u00f3n donde trabajo, estaci\u00f3n forestal, data de finales del 40, principio del 50, y gran parte de lo que est\u00e1 forestado en Villa Ventana, Sierra de la Ventana y buena parte del sudoeste, las plantas han salido de ese lugar. M\u00e1s vale, vale, considerar tambi\u00e9n los pioneros en todo esto que fueron los Wendorff, lo vemos en la Facultad; los Salerno cuando quisieron hacer las primeras plantaciones en Villa; no vinieron de la estaci\u00f3n, no exist\u00eda, pero vinieron de por ac\u00e1 cerca y de una estaci\u00f3n p\u00fablica, de estaci\u00f3n estatal, vinieron del Vivero Mc Hicken, que es Coronel Dorrego. La funci\u00f3n que ha tenido el Estado para la implantaci\u00f3n de las forestaciones en todos lados es fenomenal, alguna vez en el Gobierno anterior me bast\u00f3 una discusi\u00f3n con un Secretario, bastante dura. En ese momento me planteaba, vinieron con las planillas Excel, qu\u00e9 es lo que daba, qu\u00e9 es lo que generaba el vivero, cu\u00e1ntas plantas son las que se vend\u00edan, cu\u00e1l era lo que hab\u00eda degenerado. Entonces antepuse un poco lo que era Villa Ventana, que hab\u00eda ido a Villa Ventana alguna vez, si conoc\u00eda Sierra de la Ventana, si conoc\u00eda el camino de las Vertientes, si conoc\u00eda el Parque mismo, y \u00bfpor qu\u00e9 va la gente a Villa Ventana? Hay muchos lugares sin \u00e1rboles parecidos en la sierra, sin embargo, el contexto que tiene Villa Ventana, un bosque con casitas adentro, despejado, un hilo de humo como dijera Bertold Brecht, es encantador y a la gente le atrae, si no existiera eso quiz\u00e1s no ser\u00eda lo mismo. El valor que le ha dado a nivel de desarrollo todo lo que el arbolado, a nivel distrital es mayor may\u00fasculo. Cuando te preguntan cu\u00e1les son los beneficios o qu\u00e9 es lo que ha generado, es tener la visi\u00f3n muy corta no poder ver en el marco del tiempo que la funci\u00f3n del Estado tuvo una importancia pero may\u00fascula. As\u00ed que creo que es bueno, que se movilicen determinados actores de la sociedad. Esto que dijiste Eduardo de los mansos, creo que la forma, con las reacciones. Yo, no creo en la judicializaci\u00f3n de la pol\u00edtica que el paso nos queda \u00bfno? yo creo que este tipo de cuestiones se resuelven adentro en la pol\u00edtica, y no hacerlo es de necios, y cuando uno est\u00e1 hablando, escuchaba las presentaciones de las listas el otro d\u00eda, y hab\u00eda un factor com\u00fan que me, no en todas las listas, pero bueno, que me ayud\u00f3 a tener esperanza, creo que fue Susana Marcolini la que dijo, de la antipol\u00edtica, habl\u00f3 creo de los trasnochados, me parece que dijo. Y creo que el factor com\u00fan de todas esas presentaciones fue el resaltar el valor de la pol\u00edtica como herramienta de transformaci\u00f3n, como los chicos lo saben perfectamente, resalt\u00f3 el valor de las ideolog\u00edas, claro mujer, si, tenemos que resaltar el valor de las ideolog\u00edas, el valor de la pol\u00edtica, de los partidos pol\u00edticos. Frente al fogoneo constante de la antipol\u00edtica, la tenemos ac\u00e1 a la vuelta de la esquina. Susana hablo de trasnochados si eso fue lo que dijo, yo le agregar\u00eda y algo m\u00e1s, los intereses f\u00e1cticos que atentan contra la pol\u00edtica en forma permanente. Vuelvo a decirte gracias Eduardo por tu alocuci\u00f3n y por la valent\u00eda de plantearlo, y bueno, seremos varios haciendo fuerza por esto. A m\u00ed me hiere doblemente porque al estar en una Direcci\u00f3n de Bosques el compromiso de los planes reguladores en la Provincia, yo hago extensi\u00f3n en el sudoeste, y que haya ahora se aprob\u00f3 Bah\u00eda Blanca aprob\u00f3 el plan regulador, es muy poco hay que destinar no son grandes la cantidad de recursos, es un \u00e1rea, dotarla de un presupuesto, no te dice el monto del presupuesto, si quieres hacer 400 fresnos en todo el a\u00f1o haces 400 fresnos. Lo que tenes que hacer es planificarlo y ponerlo d\u00f3nde, d\u00f3nde se van a poner, con qu\u00e9 cantidad de gente, que es lo que cont\u00e1s, es bastante sencillo como para hacerlo, y si realmente hay dudas podemos dar una mano tenemos un mont\u00f3n de planes como que, como que ya hemos visualizado digamos, y podemos acercar ideas por lo que sea. Pero lo importante es que se planifique, y lo que se vaya a hacer independientemente de si hay que sacarlas, si conviene tal u otra especie es hacerlo en ese marco, encuadrarlo en el marco de la Ley. Nada m\u00e1s muchas gracias\u201d.<\/p>\n<p>&nbsp;<\/p>\n<p>Pide la palabra el Sr. Isally:<\/p>\n<p>\u201cLe voy a hacer una pregunta el \u00bfIngeniero Iribarren termina el mandato ahora en diciembre o es el segundo a\u00f1o ah\u00ed? Es el segundo a\u00f1o, perfecto. Segundo, d\u00edgale al se\u00f1or Ingeniero Iribarren que cuando use tapabocas se tape la nariz porque si no, no sirve para nada. Y adem\u00e1s, yo no vine hablar de pol\u00edtica ni hacer defensa por ning\u00fan referente partidario porque tengo argumentos eh, tengo argumentos, no habl\u00e9 ni de Cristina, ni de Alberto, ni de Macri, ni de Axel y de nadie. No es para lo cual vine usted se mand\u00f3 su lindo\u00a0 speech defendiendo su grupo partidario. Nada m\u00e1s se\u00f1or Presidente. Perd\u00f3n, una m\u00e1s. Yo quisiera si usted lo autoriza, a trav\u00e9s del Profesor Castro o de quien sea poder tener las actas de las Sesiones, de esta y de las futuras Sesiones donde se trate este problema \u00bfpuede ser? Le agradezco. Que tengan muy buenas noches todos\u201d.<\/p>\n<p>&nbsp;<\/p>\n<p><strong><u>Comunicaciones Oficiales y Dict\u00e1menes de las Comisiones<\/u><\/strong><strong>:<\/strong><\/p>\n<p><strong>\u00a0<\/strong><\/p>\n<p><strong><u>Expte. N\u00ba 196\/21:<\/u><\/strong> &#8211; Secretar\u00eda de Obras y Servicios P\u00fablicos \u2013 Numeraci\u00f3n domiciliaria de Chasic\u00f3.<\/p>\n<p>Se solicita\u00a0 tratamiento sobre Tablas.<\/p>\n<p>Se aprueba por unanimidad la Ordenanza N\u00ba 3369\/21 por la que se\u00a0establece el sentido y la numeraci\u00f3n domiciliaria de las calles de Chasic\u00f3.-<\/p>\n<p><strong>\u00a0<\/strong><\/p>\n<p><strong><u>Expte. <\/u><\/strong><strong><u>N\u00ba 208\/21:<\/u><\/strong> &#8211; D.E. \u2013 Autoriza la firma del Convenio entre el Municipio de Tornquist y el Organismo Provincial para el Desarrollo Sostenible (OPDS).<\/p>\n<p>Se solicita\u00a0 tratamiento sobre Tablas.<\/p>\n<p>Se aprueba por unanimidad la Ordenanza N\u00ba 3370\/21 por la que se autoriza la firma Convenio celebrado entre la Municipalidad de Tornquist, representada por el Sr. Intendente BORDONI, Sergio Fabi\u00e1n y el Organismo Provincial para el Desarrollo Sostenible, representado en este acto por su Director Ejecutivo.<\/p>\n<p>El presente Convenio se celebra en el marco de lo dispuesto por el art\u00edculo 3\u00ba de la Ley N\u00ba 11.459, y el art\u00edculo 3\u00ba del Anexo I de su Decreto Reglamentario N\u00ba 531\/19.\u00a0 Por el mismo el municipio transfiere al OPDS la facultad de expedici\u00f3n de los certificados de Aptitud Ambiental (C.A.A.) de establecimientos industriales previamente clasificados en la segunda categor\u00eda de acuerdo al Nivel de Complejidad Ambiental; el OPDS llevar\u00e1 un Registro de Sanciones y Reincidencia en el cual asentar\u00e1 las sanciones firmes que se apliquen a los infractores, de conformidad con lo establecido por el art\u00edculo 22 del Anexo I del Decreto N\u00ba 531\/19.<\/p>\n<p>&nbsp;<\/p>\n<p><strong><u>Expte. <\/u><\/strong><strong><u>N\u00ba 212\/21:<\/u><\/strong> &#8211; D.E. \u2013 Convalida la firma del Convenio con el C\u00edrculo M\u00e9dico y la Municipalidad de Tornquist s\/Guardias M\u00e9dicas.<\/p>\n<p>&nbsp;<\/p>\n<p>Se solicita\u00a0 tratamiento sobre Tablas.<\/p>\n<p>Se aprueba por unanimidad la Ordenanza N\u00ba 3371\/21 por la que\u00a0 se convalida la firma del Convenio de Colaboraci\u00f3n celebrado entre el C\u00edrculo M\u00e9dico de Tornquist, representado por su titular Dra. Ver\u00f3nica Laura Castro y la Municipalidad de Tornquist representada por el Intendente Municipal Sr. Sergio Fabi\u00e1n Bordoni.<\/p>\n<p>Por el mencionado convenio el Municipio garantiza la cobertura de guardias m\u00e9dicas activas y pasivas de pediatr\u00eda durante las 24 hs, los d\u00edas s\u00e1bados, domingos y feriados en el Hospital Municipal de Tornquist, y tambi\u00e9n las guardias activas de fin de semana en Sierra de la Ventana.<\/p>\n<p>&nbsp;<\/p>\n<p><strong><u>Dict\u00e1menes de las Comisiones<\/u><\/strong><strong><u>:<\/u><\/strong><\/p>\n<p><strong><u>\u00a0<\/u><\/strong><\/p>\n<p><strong><u>Expte. N\u00ba 154\/21:<\/u><\/strong> &#8211; D.E. &#8211; Convalida la firma del Contrato de Comodato celebrado e\/Sebasti\u00e1n Andr\u00e9s Tatta y el Municipio de Tornquist.<\/p>\n<p>De acuerdo al dictamen de las Comisiones de ASUNTOS MUNICIPALES, e\u00a0 INTERPRETACI\u00d3N Y REGLAMENTO, se aprueba por unanimidad la Ordenanza N\u00ba 3368\/21, por la que se convalida la firma del Contrato de Comodato celebrado entre la Municipalidad de Tornquist, representada por su Intendente Municipal Sr. Sergio Fabi\u00e1n Bordoni y el Sr. Sebasti\u00e1n Andr\u00e9s Tatta y la Sra. Roc\u00edo Alejandra Tatta.<\/p>\n<p>Por el mismo el Municipio cede en comodato el uso libre, gratuito y exclusivo del Sector del Gimnasio Municipal \u201cEva Per\u00f3n\u201d con destino al desarrollo del proyecto de actividades denominado \u201cEscalada\u201d y donde se dejan expresamente establecidas las responsabilidades y obligaciones de los comodatarios.<\/p>\n<p><strong><u>\u00a0<\/u><\/strong><\/p>\n<p><strong><u>Expte. N\u00ba 7033\/18:<\/u><\/strong> &#8211; N.P. &#8211; Mujer Arte y Memoria: Ref. Proyecto de Ordenanza Consejo Municipal de las Mujeres.<\/p>\n<p>Se aprueba por unanimidad el dictamen de las Comisiones de INTERPRETACI\u00d3N Y REGLAMENTO, y ASUNTOS MUNICIPALES, que aconseja enviar el mismo al Archivo en virtud de la nota enviada.-<\/p>\n<p>&nbsp;<\/p>\n<p><strong><u>Expte. N\u00ba 7244\/20:<\/u><\/strong> &#8211; Bloques Cambiemos Bs. As. y Juntos por el Cambio &#8211; Pedido de Informes: Situaci\u00f3n legal y proyectos del SIP (Sector Industrial Planificado).<\/p>\n<p>Se aprueba por unanimidad el dictamen de las Comisiones de INTERPRETACI\u00d3N Y REGLAMENTO,\u00a0 Y ASUNTOS MUNICIPALES, aconseja enviar el mismo al Archivo, dado que se recibi\u00f3 la respuesta correspondiente.-<\/p>\n<p><strong><u>\u00a0<\/u><\/strong><\/p>\n<p><strong><u>Expte. N\u00ba 7296\/21:<\/u><\/strong> &#8211; Bloques Cambiemos Bs. As. y Juntos por el Cambio &#8211; Proyecto de Ordenanza: Suspensi\u00f3n hasta 31\/12\/21 incrementos en la remuneraci\u00f3n de la retribuci\u00f3n mensual percibida por Concejales.<\/p>\n<p>Se aprueba por unanimidad el dictamen de las Comisiones de INTERPRETACI\u00d3N Y REGLAMENTO, y PRESUPUESTO Y HACIENDA que \u00a0aconseja enviarlo al Archivo debido a que fue vetada la Ordenanza N\u00ba 3354\/21 por Decreto N\u00ba 712\/21.-<\/p>\n<p>&nbsp;<\/p>\n<p><strong><u>Expte. N\u00ba 7303\/21:<\/u><\/strong> &#8211; N.P. \u2013 Mariela Montero \u2013 Responsable de la Escuela Folkl\u00f3rica Municipal: Solicita Ordenanza que establezca de manera permanente el edificio donde funciona actualmente la instituci\u00f3n.<\/p>\n<p>Se aprueba por unanimidad el dictamen de las Comisiones de ASUNTOS MUNICIPALES Y, CULTURA, EDUCACI\u00d3N, CIENCIA Y TECNOLOG\u00cdA que aconseja enviarlo al \u00e1rea de Cultura Municipal a fin de que la misma emita su an\u00e1lisis y confecci\u00f3n de proyecto respectivo. &#8211;<\/p>\n<p><strong><u>\u00a0<\/u><\/strong><\/p>\n<p><strong><u>Expte. N\u00ba 7307\/21:<\/u><\/strong> &#8211; Bloques Cambiemos Bs. As. y Juntos por el Cambio \u2013 Proyecto de Resoluci\u00f3n: Ref. cierre parcial de exportaciones de carne vacuna.<\/p>\n<p>&nbsp;<\/p>\n<p>Este Expte. tiene 2 dict\u00e1menes:<\/p>\n<p><u>1\u00ba Dictamen:<\/u><\/p>\n<p>Tornquist, 28 de julio de 2021. Las Comisiones de INTERPRETACI\u00d3N Y REGLAMENTO (en mayor\u00eda); Y PRODUCCI\u00d3N, COMERCIO E INDUSTRIA (en minor\u00eda), habiendo analizado el Expte. N\u00ba 7307\/21 aconsejan aprobar el Proyecto de Resoluci\u00f3n obrante a fs. 1.<\/p>\n<p><u>2\u00ba Dictamen:<\/u><\/p>\n<p>Tornquist, 28 de julio de 2021. Las Comisiones de INTERPRETACI\u00d3N Y REGLAMENTO (en minor\u00eda); Y PRODUCCI\u00d3N, COMERCIO E INDUSTRIA (en mayor\u00eda), habiendo analizado el Expte. N\u00ba 7307\/21 aconsejan no aprobar el Proyecto de Resoluci\u00f3n obrante a fs. 1, dado que es una herramienta temporal que emplea el Gobierno en el marco de una negociaci\u00f3n para bajar el precio de la carne y sea accesible para el consumo interno.<\/p>\n<p>&nbsp;<\/p>\n<p>Se aprueba por mayor\u00eda el dictamen de las Comisiones de INTERPRETACI\u00d3N Y REGLAMENTO (en mayor\u00eda); Y PRODUCCI\u00d3N, COMERCIO E INDUSTRIA (en minor\u00eda), dando origen a la Resoluci\u00f3n N\u00ba 22\/21, mediante la cual se manifiesta la profunda preocupaci\u00f3n y repudio generalizado por lo dispuesto por el Poder Ejecutivo Nacional, mediante el Decreto 408\/2021, del 23 de junio del 2021: Cierre Parcial de Exportaciones de Carne Vacuna.<\/p>\n<p>&nbsp;<\/p>\n<p><strong><u>Expte. N\u00ba 7308\/21:<\/u><\/strong> &#8211; Bloques Cambiemos Bs. As. y Juntos por el Cambio \u2013 Proyecto de Resoluci\u00f3n: Ref. Boleta \u00danica de Sufragio.<\/p>\n<p>De acuerdo al \u00a0dictamen de la Comisi\u00f3n de INTERPRETACI\u00d3N Y REGLAMENTO, se aprueba por unanimidad la Resoluci\u00f3n N\u00ba 23\/21, mediante la cual se solicita\u00a0 a la Honorable C\u00e1mara de Diputados de la Provincia de Buenos Aires d\u00e9 prioridad al tratamiento del Proyecto de Ley que tramita bajo el Expediente Nro. D- 3255\/21-20 que tiene por objeto Modificar el cap\u00edtulo X de la ley 5109, Ley Electoral de la Provincia de Buenos Aires, seg\u00fan Texto Ordenado por Decreto 997\/1993 y con las modificaciones introducidas por las Leyes 11.833, 12.926, 13.082, 13.291, 14.086, 14.087, 14.248, 14.456, 14.470,14.836 y 14.848, (Boleta \u00danica de Sufragio), impulsado por el\u00a0 Diputados Provincial, Dr. Emiliano Balb\u00edn \u00a0y Prof. Diego A. Rovella.<\/p>\n<p>&nbsp;<\/p>\n<p><strong><u>Expte. N\u00ba 7309\/21:<\/u><\/strong> &#8211; Bloque Frente de Todos y Frente Justicialista Cumplir \u2013 Proyecto de Resoluci\u00f3n: Expresa adhesi\u00f3n al proyecto que crea el \u201cR\u00e9gimen de Tarifa Inclusiva para Personas con Discapacidad\u201d.<\/p>\n<p>Seg\u00fan el \u00a0dictamen de las Comisiones de INTERPRETACI\u00d3N Y REGLAMENTO Y ASUNTOS MUNICIPALES se aprueba por unanimidad la Resoluci\u00f3n N\u00ba 24\/21, mediante la cual se expresa la adhesi\u00f3n del Honorable Concejo Deliberante del Distrito de TORNQUIST al Proyecto que crea el \u201cR\u00e9gimen de Tarifa Inclusiva para Personas con Discapacidad\u201d, cuya finalidad es priorizar y garantizar el acceso a los servicios p\u00fablicos domiciliarios de energ\u00eda el\u00e9ctrica y gas natural en red, a los hogares habitados por personas con discapacidad, en tratamiento en la C\u00e1mara de Diputados de la Naci\u00f3n, habi\u00e9ndose presentado por el Bloque del Frente de Todos bajo Expediente 5870-D-2020.-<\/p>\n<p>&nbsp;<\/p>\n<p><strong><u>Expte. N\u00ba 7310\/21:<\/u><\/strong> &#8211; N.P. \u2013 Club Andino Bah\u00eda Blanca, Club de Monta\u00f1a Olavarr\u00eda y Club Andino Villa Ventana: Solicitan aval para libre acceso al Parque Provincial E. Tornquist para la pr\u00e1ctica deportiva de monta\u00f1ismo de forma responsable y sustentable.<\/p>\n<p>Se aprueba por unanimidad el dictamen de las Comisiones de TURISMO Y DESARROLLO; PRODUCCI\u00d3N, COMERCIO E INDUSTRIA; Y ASUNTOS MUNICIPALES, que <strong>\u00a0<\/strong>aconseja enviar el mismo al \u00e1rea de Turismo para su an\u00e1lisis.<\/p>\n<p>&nbsp;<\/p>\n<p><strong><u>Expte. N\u00ba 7311\/21:<\/u><\/strong> &#8211; N.P. \u2013 U.C.R. Sierra de la Ventana: Presenta Proyecto de Comunicaci\u00f3n con el objetivo de instalar al Municipio de Tornquist como destino pionero en turismo sanitario.<\/p>\n<p>Se aprueba por unanimidad el dictamen de las Comisiones de TURISMO Y DESARROLLO Y SALUD P\u00daBLICA, que aconseja enviar el mismo a la Secretar\u00eda de Salud para analizar su viabilidad.<\/p>\n<p>&nbsp;<\/p>\n<p><strong><u>Expte. N\u00ba 7313\/21:<\/u><\/strong> &#8211; N.P. &#8211; Alejandro Aiello: Solicita aumento de tarifa de Transporte Silver \u2013 L\u00ednea Urbana Saldungaray-Tornquist.<\/p>\n<p>Se aprueba por unanimidad el dictamen de la Comisi\u00f3n de ASUNTOS MUNICIPALES,\u00a0 que aconseja enviar el mismo al Ejecutivo solicitando arbitrar los medios para ejercer un control sanitario y t\u00e9cnico del mismo.<\/p>\n<p>&nbsp;<\/p>\n<p><strong><u>Expte. N\u00ba 7314\/21:<\/u><\/strong> &#8211; N.P. &#8211; Grupo Scout N\u00ba 1519 \u201cSierra de la Ventana\u201d: Ref. becas y subsidio institucional.<\/p>\n<p>Se aprueba por unanimidad el dictamen de las Comisiones de ASUNTOS MUNICIPALES y PRESUPUESTO Y HACIENDA,\u00a0 que, aconseja enviar el mismo a las \u00e1reas correspondientes para que se expidan al respecto.<\/p>\n<p>&nbsp;<\/p>\n<p><strong><u>Proyectos Presentados <\/u><\/strong><\/p>\n<p><strong><u>\u00a0<\/u><\/strong><\/p>\n<p><strong><u>Bloques Cambiemos Bs. As. y Juntos por el Cambio &#8211; Proyecto de Resoluci\u00f3n:<\/u><\/strong> Apoyo al Proyecto de Ley para reglamentar el acompa\u00f1ante terap\u00e9utico.<\/p>\n<p>Se aprueba por unanimidad la formaci\u00f3n de Expediente y pase a Comisi\u00f3n.-<\/p>\n<p>&nbsp;<\/p>\n<p><strong><u>Bloques Cambiemos Bs. As .y Juntos por el Cambio \u2013 Proyecto de Ordenanza:<\/u><\/strong> Crea Ente Regulador y reglamenta el uso del \u00a0Parque ap\u00edcola.<\/p>\n<p>Se solicita la formaci\u00f3n de Expediente y pase a Comisi\u00f3n.-<\/p>\n<p><strong><u>\u00a0<\/u><\/strong><\/p>\n<p><strong><u>Bloque Frente de Todos y Frente Justicialista Cumplir \u2013 Pedido de Informe:<\/u><\/strong> Solicita documentaci\u00f3n ref. obras en las Residencias Estudiantiles de Bah\u00eda Blanca y La plata<\/p>\n<p>Se forma el Expediente N\u00ba 7316\/21 y se aprueba por unanimidad enviar el mismo al Departamento Ejecutivo para que por el \u00e1rea que corresponda se d\u00e9 respuesta a lo solicitado a fs. 1.<\/p>\n<p>&nbsp;<\/p>\n<p><strong><u>Bloques Frente de Todos y Frente Justicialista Cumplir \u2013 Proyecto de Resoluci\u00f3n:<\/u><\/strong> Expresa repudio a la acci\u00f3n del Gobierno por el env\u00edo de material y armamento policial a Bolivia en el a\u00f1o 2019.<\/p>\n<p>Se solicita formaci\u00f3n de Expediente y pase a Comisi\u00f3n.<\/p>\n<p>&nbsp;<\/p>\n<p><strong><u>H.C.D. \u2013 Proyecto de Resoluci\u00f3n:<\/u><\/strong>\u00a0 Adhesi\u00f3n al Proyecto de Ley ref. a la Creaci\u00f3n del Colegio P\u00fablico de Profesionales de Enfermer\u00eda de la Pcia. de Bs. As.<\/p>\n<p>Se solicita la formaci\u00f3n de Expediente y tratamiento sobre Tablas.<\/p>\n<p>Se aprueba por unanimidad la Resoluci\u00f3n N\u00ba 25\/21, mediante la cual se adhiere al Proyecto de Ley presentado en la Honorable C\u00e1mara de Diputados de la Provincia de Buenos Aires bajo el N\u00b0 de Expte. D-2306\/21-22; con la finalidad de la Creaci\u00f3n del Colegio P\u00fablico de Profesionales de Enfermer\u00eda de la Provincia de Buenos Aires.<\/p>\n<p><strong><u>\u00a0<\/u><\/strong><\/p>\n<p><strong><u>Asuntos Particulares <\/u><\/strong><\/p>\n<p><strong><u>\u00a0<\/u><\/strong><\/p>\n<p><strong><u>N.P. \u2013 Cooperativa El\u00e9ctrica Ltda. de Tornquist:<\/u><\/strong> Solicita declarar de Inter\u00e9s Municipal el relevamiento Comunitario de la Fundaci\u00f3n Colsecor.<\/p>\n<p>Se solicita formaci\u00f3n de Expediente y pase a Comisi\u00f3n.-<\/p>\n<p>&nbsp;<\/p>\n<p><strong><u>N.P.\u00a0 Ricardo Dorasio:<\/u><\/strong> Solicita renovar la eximici\u00f3n de la Tasa por Conservaci\u00f3n, Reparaci\u00f3n y Mejorado de la Red Vial correspondiente a la Reserva Natural Privada Sierras Grandes (Per\u00edodo 2021)<\/p>\n<p>Se solicita formaci\u00f3n de Expediente y pase a Comisi\u00f3n.<\/p>\n<p><strong><u>\u00a0<\/u><\/strong><\/p>\n<p>Alocuciones de los Concejales:<\/p>\n<p><strong><u>\u00a0<\/u><\/strong><\/p>\n<p>Concejal Viviana Montibeller (v\u00eda zoom):<\/p>\n<p>\u201cBueno, me hubiera gustado poder responder a la Banca 13, pero bueno, por problemas t\u00e9cnicos no pude hacerlo. Me voy a referir a la Ordenanza, capacitaci\u00f3n Concejales, y hoy a la tarde tuve una charla con el Secretario General de UPSO, para poder tratar de definir una fecha y poder comenzar con las jornadas que corresponden a esta capacitaci\u00f3n. La fecha estimada es el lunes 23 de agosto que nos va a dar tiempo para poder hacer los cuatro encuentros y poder participar en cada uno de los encuentros que se van a dar. Quer\u00eda recordarles, que en la Ordenanza qued\u00f3 estipulado que cada espacio pol\u00edtico va a hacerse responsable y va a ser el encargado de avisarle y de tener al\u00a0 tanto a sus respectivos candidatos para que puedan realiza la capacitaci\u00f3n. La capacitaci\u00f3n es muy importante, ya que en los encuentro se van a dar t\u00e9cnicas legislativas, presupuesto municipal y\u00a0 un mont\u00f3n de tem\u00e1ticas que hacen a la labor de un Concejal. Tambi\u00e9n est\u00e1 la posibilidad de agregar otros municipios y de invitarlos siendo nosotros, el municipio de Tornquist, el principal y el origen de esta Ordenanza. Una vez m\u00e1s agradecerles que me hayan dado la palabra, saludos a todos y buenas noches. Gracias se\u00f1or Presidente.\u201d<\/p>\n<p>&nbsp;<\/p>\n<p>Concejal Elisabet Nori:<\/p>\n<p>\u201cBueno, yo quer\u00eda referirme a, bueno, a la locuci\u00f3n del se\u00f1or Issaly hoy, que la verdad que nos ha, a m\u00ed particularmente y creo que a todos nos ha dejado una gran ense\u00f1anza. Uno, una ense\u00f1anza de ellas es el tema del control de gesti\u00f3n que el marc\u00f3, que a veces la palabra control se ve como algo negativo y no lo es. La verdad que el tema de controlar es un tema fundamental y es parte de la funci\u00f3n de este Honorable Concejo Deliberante y no es nada m\u00e1s ni nada menos que transparentar la funci\u00f3n ejecutiva, y poner los datos de esta gesti\u00f3n a disposici\u00f3n de toda la ciudadan\u00eda. Otra de las ense\u00f1anzas que nos dej\u00f3 es la importancia de la participaci\u00f3n ciudadana y de las herramientas de participaci\u00f3n ciudadana que tenemos en el distrito. Justamente una de ellas es el uso de la Banca 13 que est\u00e1 a disposici\u00f3n de cualquier ciudadano, cualquier instituci\u00f3n. Tambi\u00e9n la presentaci\u00f3n como hemos visto en los \u00faltimos meses y con mucha alegr\u00eda de muchas notas que nos han remitido tanto organizaciones, \u00a0instituciones, como particulares a este Concejo Deliberante, tanto sea con reclamos pero tambi\u00e9n con iniciativas, incluso con proyectos. Eso es algo que tambi\u00e9n el ciudadano tiene que saber que puede utilizar y que puede recurrir a este Concejo Deliberante como portavoz de todas sus inquietudes o de todas necesidades o incluso de todas sus ideas, puede recurrir a este Concejo Deliberante, que estamos con las puertas abiertas para escucharlos a todos. Nada m\u00e1s se\u00f1or Presidente.\u201d<\/p>\n<p>&nbsp;<\/p>\n<p>Concejal Roc\u00edo V\u00e1zquez:<\/p>\n<p>\u201cBueno, en primera instancia celebrar, agradecer a toda la comunidad de Saldungaray que una vez m\u00e1s se organiz\u00f3 hoy y se junt\u00f3 para embellecer el pueblo, en este caso toda la bicisenda, e invitar a la poblaci\u00f3n que ma\u00f1ana mi\u00e9rcoles 4 a partir de las 13:30 hs. se convoca nuevamente a la poblaci\u00f3n para terminar con la actividad, y la verdad que es sumamente gratificante ver c\u00f3mo se puede trabajar en conjunto sin distinci\u00f3n de ning\u00fan tipo. En segunda instancia tambi\u00e9n celebrar que ya ha llegado al Distrito de Tornquist el tercer Fondo Municipal de Turismo y Cultura, en este caso fueron 104 los establecimientos beneficiados y la suma es de m\u00e1s de 6 millones de pesos que est\u00e1n ingresando a estos establecimientos para generar y mover el c\u00edrculo econ\u00f3mico. En tercera instancia, me hab\u00eda anotado varias palabras claves que por ah\u00ed se van relacionando, justamente, \u00a0el pedido de la Banca 13 del se\u00f1or Issaly. Justo el 1 de agosto fue el d\u00eda de la pachamama, la madre tierra. Hace poco tambi\u00e9n se sancion\u00f3 la Ley de Educaci\u00f3n Ambiental, se viene realizando un trabajo de concientizaci\u00f3n, me parece que como ciudadanos tenemos que apuntar a intensificar todo ese trabajo en conjunto. Celebro tambi\u00e9n que los Concejales se hayan podido, y nos hayamos podido interiorizar, y en algunas cosas que en su momento no se defendieron como fue la tala del arbolado p\u00fablico en la plaza de ac\u00e1 de Tornquist, hoy se pueda tomar conciencia y estemos todos juntos trabajando para conservar este arbolado p\u00fablico como mencion\u00f3 mi compa\u00f1ero Claudio que es el que m\u00e1s sabe en la materia, es simplemente la aplicaci\u00f3n de la Ley y trabajar dentro de esa Ley para que no sucedan estas cosas que la verdad que no corresponden. Y en \u00faltimo lugar no pod\u00eda dejar de recordar en el d\u00eda de ayer se cumplieron 3 a\u00f1os de la muerte de Sandra y Rub\u00e9n, dos compa\u00f1eros que perdieron su vida en un establecimiento educativo, y me parece que eso nos hace reivindicar cada d\u00eda m\u00e1s la necesidad de contar con un Estado presente que garantice las condiciones edilicias de todas las instituciones educativas, y que cuide a todos los compa\u00f1eros que trabajan en ellas. Nada m\u00e1s se\u00f1or Presidente.\u201d<\/p>\n<p>&nbsp;<\/p>\n<p>Concejal Laura Rosatelli:<\/p>\n<p>\u201cYo quiero referirme a la Banca 13, la verdad que le agradezco, destaco y valoro todo lo expuesto por el se\u00f1or Issaly, pero recuerdo que nosotros hemos sido grandes luchadores por ese tema del arbolado, y cuando en un momento hizo menci\u00f3n de la mesa de arbolado p\u00fablico, muchos de esos puntos se estaban llevando a cabo, y realmente dej\u00f3 de funcionar o nos dejamos de reunir en la mesa de arbolado cuando se empez\u00f3 con la tala de \u00e1rboles en la plaza, porque en su momento pensamos \u00bfque estamos haciendo? si est\u00e1n haciendo todo lo contrario de lo que se hablaba ac\u00e1. As\u00ed que, bueno, recuerdo que en su momento con la anterior gesti\u00f3n, con los anteriores Concejales, fueron muchas las cosas que investigamos tambi\u00e9n, investigamos a ver, sabemos todos que es patrimonio hist\u00f3rico el arbolado p\u00fablico, y que bueno, mucho hicimos, que bueno, no tuvimos acompa\u00f1amiento. Es m\u00e1s, nos tildaron, y lo voy a decir, de locos, de locas que \u00edbamos a abrazar las plantas, los \u00e1rboles cuando esa ma\u00f1ana empezaban con las motosierras. Pero bueno, vuelvo a repetir, en buena hora que recapacitemos y que todos \u00bfcierto? nos unamos para luchar por algo, por algo en com\u00fan y por algo que a todos nos gusta ver como son las plantas de nuestro querido pueblo. Nada m\u00e1s se\u00f1or Presidente.\u201d<\/p>\n<p><strong><u>\u00a0<\/u><\/strong><\/p>\n<p>HONORABLE CONCEJO DELIBERANTE<\/p>\n","protected":false},"excerpt":{"rendered":"<p>El d\u00eda 03 de agosto, aproximadamente a las 20 hs. dio comienzo \u00a0la\u00a0 Sesi\u00f3n Ordinaria programada, con el uso de la Banca de Concejal N\u00ba 13.<\/p>\n","protected":false},"author":3,"featured_media":0,"comment_status":"closed","ping_status":"closed","sticky":false,"template":"","format":"standard","meta":{"footnotes":""},"categories":[28],"tags":[],"class_list":["post-61400","post","type-post","status-publish","format-standard","hentry","category-municipales"],"yoast_head":"<!-- This site is optimized with the Yoast SEO plugin v25.9 - https:\/\/yoast.com\/wordpress\/plugins\/seo\/ -->\n<title>Informe de sesi\u00f3n en el Concejo Deliberante: - Noticias Radio Reflejos<\/title>\n<meta name=\"robots\" content=\"index, follow, max-snippet:-1, max-image-preview:large, max-video-preview:-1\" \/>\n<link rel=\"canonical\" href=\"https:\/\/www.noticiasradioreflejos.com.ar\/2021\/61400-2\/\" \/>\n<meta property=\"og:locale\" content=\"es_ES\" \/>\n<meta property=\"og:type\" content=\"article\" \/>\n<meta property=\"og:title\" content=\"Informe de sesi\u00f3n en el Concejo Deliberante: - Noticias Radio Reflejos\" \/>\n<meta property=\"og:description\" content=\"El d\u00eda 03 de agosto, aproximadamente a las 20 hs. dio comienzo \u00a0la\u00a0 Sesi\u00f3n Ordinaria programada, con el uso de la Banca de Concejal N\u00ba 13.\" \/>\n<meta property=\"og:url\" content=\"https:\/\/www.noticiasradioreflejos.com.ar\/2021\/61400-2\/\" \/>\n<meta property=\"og:site_name\" content=\"Noticias Radio Reflejos\" \/>\n<meta property=\"article:published_time\" content=\"2021-08-11T18:44:33+00:00\" \/>\n<meta property=\"article:modified_time\" content=\"2021-08-11T18:47:26+00:00\" \/>\n<meta property=\"og:image\" content=\"https:\/\/live.staticflickr.com\/65535\/51372979415_20a305308a_c.jpg\" \/>\n<meta name=\"author\" content=\"Arnaldo Botto\" \/>\n<meta name=\"twitter:card\" content=\"summary_large_image\" \/>\n<script type=\"application\/ld+json\" class=\"yoast-schema-graph\">{\"@context\":\"https:\/\/schema.org\",\"@graph\":[{\"@type\":\"WebPage\",\"@id\":\"https:\/\/www.noticiasradioreflejos.com.ar\/2021\/61400-2\/\",\"url\":\"https:\/\/www.noticiasradioreflejos.com.ar\/2021\/61400-2\/\",\"name\":\"Informe de sesi\u00f3n en el Concejo Deliberante: - Noticias Radio Reflejos\",\"isPartOf\":{\"@id\":\"https:\/\/www.noticiasradioreflejos.com.ar\/2021\/#website\"},\"primaryImageOfPage\":{\"@id\":\"https:\/\/www.noticiasradioreflejos.com.ar\/2021\/61400-2\/#primaryimage\"},\"image\":{\"@id\":\"https:\/\/www.noticiasradioreflejos.com.ar\/2021\/61400-2\/#primaryimage\"},\"thumbnailUrl\":\"https:\/\/live.staticflickr.com\/65535\/51372979415_20a305308a_c.jpg\",\"datePublished\":\"2021-08-11T18:44:33+00:00\",\"dateModified\":\"2021-08-11T18:47:26+00:00\",\"author\":{\"@id\":\"https:\/\/www.noticiasradioreflejos.com.ar\/2021\/#\/schema\/person\/ad82545263dcc5ec0996818884fd5fb1\"},\"breadcrumb\":{\"@id\":\"https:\/\/www.noticiasradioreflejos.com.ar\/2021\/61400-2\/#breadcrumb\"},\"inLanguage\":\"es\",\"potentialAction\":[{\"@type\":\"ReadAction\",\"target\":[\"https:\/\/www.noticiasradioreflejos.com.ar\/2021\/61400-2\/\"]}]},{\"@type\":\"ImageObject\",\"inLanguage\":\"es\",\"@id\":\"https:\/\/www.noticiasradioreflejos.com.ar\/2021\/61400-2\/#primaryimage\",\"url\":\"https:\/\/live.staticflickr.com\/65535\/51372979415_20a305308a_c.jpg\",\"contentUrl\":\"https:\/\/live.staticflickr.com\/65535\/51372979415_20a305308a_c.jpg\"},{\"@type\":\"BreadcrumbList\",\"@id\":\"https:\/\/www.noticiasradioreflejos.com.ar\/2021\/61400-2\/#breadcrumb\",\"itemListElement\":[{\"@type\":\"ListItem\",\"position\":1,\"name\":\"Portada\",\"item\":\"https:\/\/www.noticiasradioreflejos.com.ar\/2021\/\"},{\"@type\":\"ListItem\",\"position\":2,\"name\":\"Informe de sesi\u00f3n en el Concejo Deliberante:\"}]},{\"@type\":\"WebSite\",\"@id\":\"https:\/\/www.noticiasradioreflejos.com.ar\/2021\/#website\",\"url\":\"https:\/\/www.noticiasradioreflejos.com.ar\/2021\/\",\"name\":\"Noticias Radio Reflejos\",\"description\":\"Las noticias de mi comarca\",\"potentialAction\":[{\"@type\":\"SearchAction\",\"target\":{\"@type\":\"EntryPoint\",\"urlTemplate\":\"https:\/\/www.noticiasradioreflejos.com.ar\/2021\/?s={search_term_string}\"},\"query-input\":{\"@type\":\"PropertyValueSpecification\",\"valueRequired\":true,\"valueName\":\"search_term_string\"}}],\"inLanguage\":\"es\"},{\"@type\":\"Person\",\"@id\":\"https:\/\/www.noticiasradioreflejos.com.ar\/2021\/#\/schema\/person\/ad82545263dcc5ec0996818884fd5fb1\",\"name\":\"Arnaldo Botto\",\"image\":{\"@type\":\"ImageObject\",\"inLanguage\":\"es\",\"@id\":\"https:\/\/www.noticiasradioreflejos.com.ar\/2021\/#\/schema\/person\/image\/\",\"url\":\"https:\/\/secure.gravatar.com\/avatar\/55cb5e37c1efa326397366e6974cb338056df65cb50e7d64d1cf314e87504837?s=96&d=mm&r=g\",\"contentUrl\":\"https:\/\/secure.gravatar.com\/avatar\/55cb5e37c1efa326397366e6974cb338056df65cb50e7d64d1cf314e87504837?s=96&d=mm&r=g\",\"caption\":\"Arnaldo Botto\"},\"url\":\"https:\/\/www.noticiasradioreflejos.com.ar\/2021\/author\/arnaldo\/\"}]}<\/script>\n<!-- \/ Yoast SEO plugin. -->","yoast_head_json":{"title":"Informe de sesi\u00f3n en el Concejo Deliberante: - Noticias Radio Reflejos","robots":{"index":"index","follow":"follow","max-snippet":"max-snippet:-1","max-image-preview":"max-image-preview:large","max-video-preview":"max-video-preview:-1"},"canonical":"https:\/\/www.noticiasradioreflejos.com.ar\/2021\/61400-2\/","og_locale":"es_ES","og_type":"article","og_title":"Informe de sesi\u00f3n en el Concejo Deliberante: - Noticias Radio Reflejos","og_description":"El d\u00eda 03 de agosto, aproximadamente a las 20 hs. dio comienzo \u00a0la\u00a0 Sesi\u00f3n Ordinaria programada, con el uso de la Banca de Concejal N\u00ba 13.","og_url":"https:\/\/www.noticiasradioreflejos.com.ar\/2021\/61400-2\/","og_site_name":"Noticias Radio Reflejos","article_published_time":"2021-08-11T18:44:33+00:00","article_modified_time":"2021-08-11T18:47:26+00:00","og_image":[{"url":"https:\/\/live.staticflickr.com\/65535\/51372979415_20a305308a_c.jpg","type":"","width":"","height":""}],"author":"Arnaldo Botto","twitter_card":"summary_large_image","schema":{"@context":"https:\/\/schema.org","@graph":[{"@type":"WebPage","@id":"https:\/\/www.noticiasradioreflejos.com.ar\/2021\/61400-2\/","url":"https:\/\/www.noticiasradioreflejos.com.ar\/2021\/61400-2\/","name":"Informe de sesi\u00f3n en el Concejo Deliberante: - Noticias Radio Reflejos","isPartOf":{"@id":"https:\/\/www.noticiasradioreflejos.com.ar\/2021\/#website"},"primaryImageOfPage":{"@id":"https:\/\/www.noticiasradioreflejos.com.ar\/2021\/61400-2\/#primaryimage"},"image":{"@id":"https:\/\/www.noticiasradioreflejos.com.ar\/2021\/61400-2\/#primaryimage"},"thumbnailUrl":"https:\/\/live.staticflickr.com\/65535\/51372979415_20a305308a_c.jpg","datePublished":"2021-08-11T18:44:33+00:00","dateModified":"2021-08-11T18:47:26+00:00","author":{"@id":"https:\/\/www.noticiasradioreflejos.com.ar\/2021\/#\/schema\/person\/ad82545263dcc5ec0996818884fd5fb1"},"breadcrumb":{"@id":"https:\/\/www.noticiasradioreflejos.com.ar\/2021\/61400-2\/#breadcrumb"},"inLanguage":"es","potentialAction":[{"@type":"ReadAction","target":["https:\/\/www.noticiasradioreflejos.com.ar\/2021\/61400-2\/"]}]},{"@type":"ImageObject","inLanguage":"es","@id":"https:\/\/www.noticiasradioreflejos.com.ar\/2021\/61400-2\/#primaryimage","url":"https:\/\/live.staticflickr.com\/65535\/51372979415_20a305308a_c.jpg","contentUrl":"https:\/\/live.staticflickr.com\/65535\/51372979415_20a305308a_c.jpg"},{"@type":"BreadcrumbList","@id":"https:\/\/www.noticiasradioreflejos.com.ar\/2021\/61400-2\/#breadcrumb","itemListElement":[{"@type":"ListItem","position":1,"name":"Portada","item":"https:\/\/www.noticiasradioreflejos.com.ar\/2021\/"},{"@type":"ListItem","position":2,"name":"Informe de sesi\u00f3n en el Concejo Deliberante:"}]},{"@type":"WebSite","@id":"https:\/\/www.noticiasradioreflejos.com.ar\/2021\/#website","url":"https:\/\/www.noticiasradioreflejos.com.ar\/2021\/","name":"Noticias Radio Reflejos","description":"Las noticias de mi comarca","potentialAction":[{"@type":"SearchAction","target":{"@type":"EntryPoint","urlTemplate":"https:\/\/www.noticiasradioreflejos.com.ar\/2021\/?s={search_term_string}"},"query-input":{"@type":"PropertyValueSpecification","valueRequired":true,"valueName":"search_term_string"}}],"inLanguage":"es"},{"@type":"Person","@id":"https:\/\/www.noticiasradioreflejos.com.ar\/2021\/#\/schema\/person\/ad82545263dcc5ec0996818884fd5fb1","name":"Arnaldo Botto","image":{"@type":"ImageObject","inLanguage":"es","@id":"https:\/\/www.noticiasradioreflejos.com.ar\/2021\/#\/schema\/person\/image\/","url":"https:\/\/secure.gravatar.com\/avatar\/55cb5e37c1efa326397366e6974cb338056df65cb50e7d64d1cf314e87504837?s=96&d=mm&r=g","contentUrl":"https:\/\/secure.gravatar.com\/avatar\/55cb5e37c1efa326397366e6974cb338056df65cb50e7d64d1cf314e87504837?s=96&d=mm&r=g","caption":"Arnaldo Botto"},"url":"https:\/\/www.noticiasradioreflejos.com.ar\/2021\/author\/arnaldo\/"}]}},"_links":{"self":[{"href":"https:\/\/www.noticiasradioreflejos.com.ar\/2021\/wp-json\/wp\/v2\/posts\/61400","targetHints":{"allow":["GET"]}}],"collection":[{"href":"https:\/\/www.noticiasradioreflejos.com.ar\/2021\/wp-json\/wp\/v2\/posts"}],"about":[{"href":"https:\/\/www.noticiasradioreflejos.com.ar\/2021\/wp-json\/wp\/v2\/types\/post"}],"author":[{"embeddable":true,"href":"https:\/\/www.noticiasradioreflejos.com.ar\/2021\/wp-json\/wp\/v2\/users\/3"}],"replies":[{"embeddable":true,"href":"https:\/\/www.noticiasradioreflejos.com.ar\/2021\/wp-json\/wp\/v2\/comments?post=61400"}],"version-history":[{"count":2,"href":"https:\/\/www.noticiasradioreflejos.com.ar\/2021\/wp-json\/wp\/v2\/posts\/61400\/revisions"}],"predecessor-version":[{"id":61403,"href":"https:\/\/www.noticiasradioreflejos.com.ar\/2021\/wp-json\/wp\/v2\/posts\/61400\/revisions\/61403"}],"wp:attachment":[{"href":"https:\/\/www.noticiasradioreflejos.com.ar\/2021\/wp-json\/wp\/v2\/media?parent=61400"}],"wp:term":[{"taxonomy":"category","embeddable":true,"href":"https:\/\/www.noticiasradioreflejos.com.ar\/2021\/wp-json\/wp\/v2\/categories?post=61400"},{"taxonomy":"post_tag","embeddable":true,"href":"https:\/\/www.noticiasradioreflejos.com.ar\/2021\/wp-json\/wp\/v2\/tags?post=61400"}],"curies":[{"name":"wp","href":"https:\/\/api.w.org\/{rel}","templated":true}]}}