{"id":61376,"date":"2021-08-11T11:08:03","date_gmt":"2021-08-11T11:08:03","guid":{"rendered":"http:\/\/www.noticiasradioreflejos.com.ar\/2021\/?p=61376"},"modified":"2021-08-11T11:08:03","modified_gmt":"2021-08-11T11:08:03","slug":"la-ministra-de-salud-recibio-la-segunda-dosis-combinada-de-la-vacuna","status":"publish","type":"post","link":"https:\/\/www.noticiasradioreflejos.com.ar\/2021\/la-ministra-de-salud-recibio-la-segunda-dosis-combinada-de-la-vacuna\/","title":{"rendered":"La ministra de Salud recibi\u00f3 la segunda dosis combinada de la vacuna"},"content":{"rendered":"<p>La ministra de Salud, Carla Vizzotti, recibi\u00f3 este martes la segunda dosis de la vacuna contra la Covid 19, de manera combinada, en el marco del mes de las segundas dosis, informaron fuentes oficiales.<!--more--><br \/>\nLa funcionaria fue inoculada en esta ocasi\u00f3n con<strong>\u00a0la vacuna Moderna, y hab\u00eda recibido la primera dosis de Sputnik V.<\/strong><\/p>\n<p><strong>Los resultados positivos de los estudios sobre esquemas combinados realizados en colaboraci\u00f3n con Rusia permiten al pa\u00eds avanzar aceleradamente en el Plan de Vacunaci\u00f3n contra la Covid-19.<\/strong><\/p>\n<p>La implementaci\u00f3n de un estudio colaborativo y federal realizado en conjunto entre el Ministerio de Salud, el Fondo Ruso de Inversi\u00f3n Directa (RDIF), el Ministerio de Ciencia, Tecnolog\u00eda e Innovaci\u00f3n y el Conicet, m\u00e1s cinco jurisdicciones, permiti\u00f3 avanzar en los esquemas combinados y de ese modo generar evidencia cient\u00edfica para el pa\u00eds y la regi\u00f3n.<\/p>\n<div id=\"image\" class=\"image\"><img decoding=\"async\" title=\"\" src=\"https:\/\/www.telam.com.ar\/advf\/imagenes\/2021\/08\/6112ef50047a0_1004x565.jpg\" alt=\"\" \/><\/div>\n<p>\u201cEn el marco de este agosto de segundas dosis y avanzando con la intercambiabilidad de vacunas, me di la segunda dosis de Moderna despu\u00e9s de recibir la primera dosis de Sputnik V\u201d, indic\u00f3 la ministra, y destac\u00f3 \u201cla importancia de la colaboraci\u00f3n entre Rusia y Argentina en los estudios sobre esquemas combinados, que nos permiten generar evidencia cient\u00edfica y avanzar en forma acelerada en el plan de vacunaci\u00f3n m\u00e1s grande de la historia\u201d.<\/p>\n<p><strong>Durante su visita al Hospital Garrahan, Vizzotti tuvo la oportunidad de acompa\u00f1ar a los primeros pacientes del centro de salud que integran el grupo de adolescentes priorizados en recibir la vacuna en el establecimiento.<\/strong><\/p>\n<p>\u201cEl inicio de la vacunaci\u00f3n de adolescentes a partir de los 12 a\u00f1os de edad con comorbilidades en nuestro hospital es una muy buena noticia. Este grupo es el que tiene mayor riesgo de complicaciones cuando presentan Covid-19, con posibilidades de hospitalizaciones y necesidad de cuidados intensivos. Es un paso hacia delante muy importante\u201d, destac\u00f3\u00a0<strong>Rosa Bologna, jefa del servicio de Infectolog\u00eda y Epidemiolog\u00eda del Garrahan.<\/strong><\/p>\n<p>De la recorrida por el Hospital de D\u00eda Polivalente, donde fueron vacunados los pacientes, participaron adem\u00e1s la directora m\u00e9dica ejecutiva de la instituci\u00f3n, PatriciaGarc\u00eda Arrigoni y el presidente del Consejo de Administraci\u00f3n, Guillermo Gonz\u00e1lez Prieto.<\/p>\n<blockquote class=\"twitter-tweet\" data-width=\"500\" data-dnt=\"true\">\n<p lang=\"es\" dir=\"ltr\">Sigamos cuid\u00e1ndonos, estamos cada vez m\u00e1s cerca de <a href=\"https:\/\/twitter.com\/hashtag\/LaVidaQueQueremos?src=hash&amp;ref_src=twsrc%5Etfw\">#LaVidaQueQueremos<\/a> \ud83d\udcaa\ud83c\udde6\ud83c\uddf7\ud83d\udc89 <a href=\"https:\/\/t.co\/W3bXk2z87e\">https:\/\/t.co\/W3bXk2z87e<\/a><\/p>\n<p>&mdash; Carla Vizzotti (@carlavizzotti) <a href=\"https:\/\/twitter.com\/carlavizzotti\/status\/1425159967431184387?ref_src=twsrc%5Etfw\">August 10, 2021<\/a><\/p><\/blockquote>\n<p><script async src=\"https:\/\/platform.twitter.com\/widgets.js\" charset=\"utf-8\"><\/script><\/p>\n<p>&nbsp;<\/p>\n","protected":false},"excerpt":{"rendered":"<p>La ministra de Salud, Carla Vizzotti, recibi\u00f3 este martes la segunda dosis de la vacuna contra la Covid 19, de manera combinada, en el marco del mes de las segundas dosis, informaron fuentes oficiales.<\/p>\n","protected":false},"author":3,"featured_media":0,"comment_status":"closed","ping_status":"closed","sticky":false,"template":"","format":"standard","meta":{"footnotes":""},"categories":[24,30],"tags":[],"class_list":["post-61376","post","type-post","status-publish","format-standard","hentry","category-politica","category-salud"],"yoast_head":"<!-- This site is optimized with the Yoast SEO plugin v25.9 - https:\/\/yoast.com\/wordpress\/plugins\/seo\/ -->\n<title>La ministra de Salud recibi\u00f3 la segunda dosis combinada de la vacuna - Noticias Radio Reflejos<\/title>\n<meta name=\"robots\" content=\"index, follow, max-snippet:-1, max-image-preview:large, max-video-preview:-1\" \/>\n<link rel=\"canonical\" href=\"https:\/\/www.noticiasradioreflejos.com.ar\/2021\/la-ministra-de-salud-recibio-la-segunda-dosis-combinada-de-la-vacuna\/\" \/>\n<meta property=\"og:locale\" content=\"es_ES\" \/>\n<meta property=\"og:type\" content=\"article\" \/>\n<meta property=\"og:title\" content=\"La ministra de Salud recibi\u00f3 la segunda dosis combinada de la vacuna - Noticias Radio Reflejos\" \/>\n<meta property=\"og:description\" content=\"La ministra de Salud, Carla Vizzotti, recibi\u00f3 este martes la segunda dosis de la vacuna contra la Covid 19, de manera combinada, en el marco del mes de las segundas dosis, informaron fuentes oficiales.\" \/>\n<meta property=\"og:url\" content=\"https:\/\/www.noticiasradioreflejos.com.ar\/2021\/la-ministra-de-salud-recibio-la-segunda-dosis-combinada-de-la-vacuna\/\" \/>\n<meta property=\"og:site_name\" content=\"Noticias Radio Reflejos\" \/>\n<meta property=\"article:published_time\" content=\"2021-08-11T11:08:03+00:00\" \/>\n<meta property=\"og:image\" content=\"https:\/\/www.telam.com.ar\/advf\/imagenes\/2021\/08\/6112ef50047a0_1004x565.jpg\" \/>\n<meta name=\"author\" content=\"Arnaldo Botto\" \/>\n<meta name=\"twitter:card\" content=\"summary_large_image\" \/>\n<script type=\"application\/ld+json\" class=\"yoast-schema-graph\">{\"@context\":\"https:\/\/schema.org\",\"@graph\":[{\"@type\":\"WebPage\",\"@id\":\"https:\/\/www.noticiasradioreflejos.com.ar\/2021\/la-ministra-de-salud-recibio-la-segunda-dosis-combinada-de-la-vacuna\/\",\"url\":\"https:\/\/www.noticiasradioreflejos.com.ar\/2021\/la-ministra-de-salud-recibio-la-segunda-dosis-combinada-de-la-vacuna\/\",\"name\":\"La ministra de Salud recibi\u00f3 la segunda dosis combinada de la vacuna - Noticias Radio Reflejos\",\"isPartOf\":{\"@id\":\"https:\/\/www.noticiasradioreflejos.com.ar\/2021\/#website\"},\"primaryImageOfPage\":{\"@id\":\"https:\/\/www.noticiasradioreflejos.com.ar\/2021\/la-ministra-de-salud-recibio-la-segunda-dosis-combinada-de-la-vacuna\/#primaryimage\"},\"image\":{\"@id\":\"https:\/\/www.noticiasradioreflejos.com.ar\/2021\/la-ministra-de-salud-recibio-la-segunda-dosis-combinada-de-la-vacuna\/#primaryimage\"},\"thumbnailUrl\":\"https:\/\/www.telam.com.ar\/advf\/imagenes\/2021\/08\/6112ef50047a0_1004x565.jpg\",\"datePublished\":\"2021-08-11T11:08:03+00:00\",\"author\":{\"@id\":\"https:\/\/www.noticiasradioreflejos.com.ar\/2021\/#\/schema\/person\/ad82545263dcc5ec0996818884fd5fb1\"},\"breadcrumb\":{\"@id\":\"https:\/\/www.noticiasradioreflejos.com.ar\/2021\/la-ministra-de-salud-recibio-la-segunda-dosis-combinada-de-la-vacuna\/#breadcrumb\"},\"inLanguage\":\"es\",\"potentialAction\":[{\"@type\":\"ReadAction\",\"target\":[\"https:\/\/www.noticiasradioreflejos.com.ar\/2021\/la-ministra-de-salud-recibio-la-segunda-dosis-combinada-de-la-vacuna\/\"]}]},{\"@type\":\"ImageObject\",\"inLanguage\":\"es\",\"@id\":\"https:\/\/www.noticiasradioreflejos.com.ar\/2021\/la-ministra-de-salud-recibio-la-segunda-dosis-combinada-de-la-vacuna\/#primaryimage\",\"url\":\"https:\/\/www.telam.com.ar\/advf\/imagenes\/2021\/08\/6112ef50047a0_1004x565.jpg\",\"contentUrl\":\"https:\/\/www.telam.com.ar\/advf\/imagenes\/2021\/08\/6112ef50047a0_1004x565.jpg\"},{\"@type\":\"BreadcrumbList\",\"@id\":\"https:\/\/www.noticiasradioreflejos.com.ar\/2021\/la-ministra-de-salud-recibio-la-segunda-dosis-combinada-de-la-vacuna\/#breadcrumb\",\"itemListElement\":[{\"@type\":\"ListItem\",\"position\":1,\"name\":\"Portada\",\"item\":\"https:\/\/www.noticiasradioreflejos.com.ar\/2021\/\"},{\"@type\":\"ListItem\",\"position\":2,\"name\":\"La ministra de Salud recibi\u00f3 la segunda dosis combinada de la vacuna\"}]},{\"@type\":\"WebSite\",\"@id\":\"https:\/\/www.noticiasradioreflejos.com.ar\/2021\/#website\",\"url\":\"https:\/\/www.noticiasradioreflejos.com.ar\/2021\/\",\"name\":\"Noticias Radio Reflejos\",\"description\":\"Las noticias de mi comarca\",\"potentialAction\":[{\"@type\":\"SearchAction\",\"target\":{\"@type\":\"EntryPoint\",\"urlTemplate\":\"https:\/\/www.noticiasradioreflejos.com.ar\/2021\/?s={search_term_string}\"},\"query-input\":{\"@type\":\"PropertyValueSpecification\",\"valueRequired\":true,\"valueName\":\"search_term_string\"}}],\"inLanguage\":\"es\"},{\"@type\":\"Person\",\"@id\":\"https:\/\/www.noticiasradioreflejos.com.ar\/2021\/#\/schema\/person\/ad82545263dcc5ec0996818884fd5fb1\",\"name\":\"Arnaldo Botto\",\"image\":{\"@type\":\"ImageObject\",\"inLanguage\":\"es\",\"@id\":\"https:\/\/www.noticiasradioreflejos.com.ar\/2021\/#\/schema\/person\/image\/\",\"url\":\"https:\/\/secure.gravatar.com\/avatar\/55cb5e37c1efa326397366e6974cb338056df65cb50e7d64d1cf314e87504837?s=96&d=mm&r=g\",\"contentUrl\":\"https:\/\/secure.gravatar.com\/avatar\/55cb5e37c1efa326397366e6974cb338056df65cb50e7d64d1cf314e87504837?s=96&d=mm&r=g\",\"caption\":\"Arnaldo Botto\"},\"url\":\"https:\/\/www.noticiasradioreflejos.com.ar\/2021\/author\/arnaldo\/\"}]}<\/script>\n<!-- \/ Yoast SEO plugin. -->","yoast_head_json":{"title":"La ministra de Salud recibi\u00f3 la segunda dosis combinada de la vacuna - Noticias Radio Reflejos","robots":{"index":"index","follow":"follow","max-snippet":"max-snippet:-1","max-image-preview":"max-image-preview:large","max-video-preview":"max-video-preview:-1"},"canonical":"https:\/\/www.noticiasradioreflejos.com.ar\/2021\/la-ministra-de-salud-recibio-la-segunda-dosis-combinada-de-la-vacuna\/","og_locale":"es_ES","og_type":"article","og_title":"La ministra de Salud recibi\u00f3 la segunda dosis combinada de la vacuna - Noticias Radio Reflejos","og_description":"La ministra de Salud, Carla Vizzotti, recibi\u00f3 este martes la segunda dosis de la vacuna contra la Covid 19, de manera combinada, en el marco del mes de las segundas dosis, informaron fuentes oficiales.","og_url":"https:\/\/www.noticiasradioreflejos.com.ar\/2021\/la-ministra-de-salud-recibio-la-segunda-dosis-combinada-de-la-vacuna\/","og_site_name":"Noticias Radio Reflejos","article_published_time":"2021-08-11T11:08:03+00:00","og_image":[{"url":"https:\/\/www.telam.com.ar\/advf\/imagenes\/2021\/08\/6112ef50047a0_1004x565.jpg","type":"","width":"","height":""}],"author":"Arnaldo Botto","twitter_card":"summary_large_image","schema":{"@context":"https:\/\/schema.org","@graph":[{"@type":"WebPage","@id":"https:\/\/www.noticiasradioreflejos.com.ar\/2021\/la-ministra-de-salud-recibio-la-segunda-dosis-combinada-de-la-vacuna\/","url":"https:\/\/www.noticiasradioreflejos.com.ar\/2021\/la-ministra-de-salud-recibio-la-segunda-dosis-combinada-de-la-vacuna\/","name":"La ministra de Salud recibi\u00f3 la segunda dosis combinada de la vacuna - Noticias Radio Reflejos","isPartOf":{"@id":"https:\/\/www.noticiasradioreflejos.com.ar\/2021\/#website"},"primaryImageOfPage":{"@id":"https:\/\/www.noticiasradioreflejos.com.ar\/2021\/la-ministra-de-salud-recibio-la-segunda-dosis-combinada-de-la-vacuna\/#primaryimage"},"image":{"@id":"https:\/\/www.noticiasradioreflejos.com.ar\/2021\/la-ministra-de-salud-recibio-la-segunda-dosis-combinada-de-la-vacuna\/#primaryimage"},"thumbnailUrl":"https:\/\/www.telam.com.ar\/advf\/imagenes\/2021\/08\/6112ef50047a0_1004x565.jpg","datePublished":"2021-08-11T11:08:03+00:00","author":{"@id":"https:\/\/www.noticiasradioreflejos.com.ar\/2021\/#\/schema\/person\/ad82545263dcc5ec0996818884fd5fb1"},"breadcrumb":{"@id":"https:\/\/www.noticiasradioreflejos.com.ar\/2021\/la-ministra-de-salud-recibio-la-segunda-dosis-combinada-de-la-vacuna\/#breadcrumb"},"inLanguage":"es","potentialAction":[{"@type":"ReadAction","target":["https:\/\/www.noticiasradioreflejos.com.ar\/2021\/la-ministra-de-salud-recibio-la-segunda-dosis-combinada-de-la-vacuna\/"]}]},{"@type":"ImageObject","inLanguage":"es","@id":"https:\/\/www.noticiasradioreflejos.com.ar\/2021\/la-ministra-de-salud-recibio-la-segunda-dosis-combinada-de-la-vacuna\/#primaryimage","url":"https:\/\/www.telam.com.ar\/advf\/imagenes\/2021\/08\/6112ef50047a0_1004x565.jpg","contentUrl":"https:\/\/www.telam.com.ar\/advf\/imagenes\/2021\/08\/6112ef50047a0_1004x565.jpg"},{"@type":"BreadcrumbList","@id":"https:\/\/www.noticiasradioreflejos.com.ar\/2021\/la-ministra-de-salud-recibio-la-segunda-dosis-combinada-de-la-vacuna\/#breadcrumb","itemListElement":[{"@type":"ListItem","position":1,"name":"Portada","item":"https:\/\/www.noticiasradioreflejos.com.ar\/2021\/"},{"@type":"ListItem","position":2,"name":"La ministra de Salud recibi\u00f3 la segunda dosis combinada de la vacuna"}]},{"@type":"WebSite","@id":"https:\/\/www.noticiasradioreflejos.com.ar\/2021\/#website","url":"https:\/\/www.noticiasradioreflejos.com.ar\/2021\/","name":"Noticias Radio Reflejos","description":"Las noticias de mi comarca","potentialAction":[{"@type":"SearchAction","target":{"@type":"EntryPoint","urlTemplate":"https:\/\/www.noticiasradioreflejos.com.ar\/2021\/?s={search_term_string}"},"query-input":{"@type":"PropertyValueSpecification","valueRequired":true,"valueName":"search_term_string"}}],"inLanguage":"es"},{"@type":"Person","@id":"https:\/\/www.noticiasradioreflejos.com.ar\/2021\/#\/schema\/person\/ad82545263dcc5ec0996818884fd5fb1","name":"Arnaldo Botto","image":{"@type":"ImageObject","inLanguage":"es","@id":"https:\/\/www.noticiasradioreflejos.com.ar\/2021\/#\/schema\/person\/image\/","url":"https:\/\/secure.gravatar.com\/avatar\/55cb5e37c1efa326397366e6974cb338056df65cb50e7d64d1cf314e87504837?s=96&d=mm&r=g","contentUrl":"https:\/\/secure.gravatar.com\/avatar\/55cb5e37c1efa326397366e6974cb338056df65cb50e7d64d1cf314e87504837?s=96&d=mm&r=g","caption":"Arnaldo Botto"},"url":"https:\/\/www.noticiasradioreflejos.com.ar\/2021\/author\/arnaldo\/"}]}},"_links":{"self":[{"href":"https:\/\/www.noticiasradioreflejos.com.ar\/2021\/wp-json\/wp\/v2\/posts\/61376","targetHints":{"allow":["GET"]}}],"collection":[{"href":"https:\/\/www.noticiasradioreflejos.com.ar\/2021\/wp-json\/wp\/v2\/posts"}],"about":[{"href":"https:\/\/www.noticiasradioreflejos.com.ar\/2021\/wp-json\/wp\/v2\/types\/post"}],"author":[{"embeddable":true,"href":"https:\/\/www.noticiasradioreflejos.com.ar\/2021\/wp-json\/wp\/v2\/users\/3"}],"replies":[{"embeddable":true,"href":"https:\/\/www.noticiasradioreflejos.com.ar\/2021\/wp-json\/wp\/v2\/comments?post=61376"}],"version-history":[{"count":2,"href":"https:\/\/www.noticiasradioreflejos.com.ar\/2021\/wp-json\/wp\/v2\/posts\/61376\/revisions"}],"predecessor-version":[{"id":61379,"href":"https:\/\/www.noticiasradioreflejos.com.ar\/2021\/wp-json\/wp\/v2\/posts\/61376\/revisions\/61379"}],"wp:attachment":[{"href":"https:\/\/www.noticiasradioreflejos.com.ar\/2021\/wp-json\/wp\/v2\/media?parent=61376"}],"wp:term":[{"taxonomy":"category","embeddable":true,"href":"https:\/\/www.noticiasradioreflejos.com.ar\/2021\/wp-json\/wp\/v2\/categories?post=61376"},{"taxonomy":"post_tag","embeddable":true,"href":"https:\/\/www.noticiasradioreflejos.com.ar\/2021\/wp-json\/wp\/v2\/tags?post=61376"}],"curies":[{"name":"wp","href":"https:\/\/api.w.org\/{rel}","templated":true}]}}