{"id":61370,"date":"2021-08-11T10:45:54","date_gmt":"2021-08-11T10:45:54","guid":{"rendered":"http:\/\/www.noticiasradioreflejos.com.ar\/2021\/?p=61370"},"modified":"2021-08-11T10:45:54","modified_gmt":"2021-08-11T10:45:54","slug":"el-presidente-tomo-juramento-a-los-nuevos-ministros-taiana-y-zabaleta","status":"publish","type":"post","link":"https:\/\/www.noticiasradioreflejos.com.ar\/2021\/el-presidente-tomo-juramento-a-los-nuevos-ministros-taiana-y-zabaleta\/","title":{"rendered":"El Presidente tom\u00f3 juramento a los nuevos ministros Taiana y Zabaleta"},"content":{"rendered":"<div class=\"head-content\">\n<p>Jorge Taiana asumi\u00f3 formalmente como ministro de Defensa y Juan Zabaleta como titular de Desarrollo Social, tras prestar juramento ante el presidente Alberto Fern\u00e1ndez en Sal\u00f3n Blanco de la Casa Rosada.<\/p>\n<p><iframe loading=\"lazy\" title=\"YouTube video player\" src=\"https:\/\/www.youtube.com\/embed\/1tEgajuJMKA\" width=\"646\" height=\"363\" frameborder=\"0\" allowfullscreen=\"allowfullscreen\"><\/iframe><\/p>\n<div class=\"addthis_custom_sharing\" title=\"Leer m\u00e1s...\" data-url=\"https:\/\/www.telam.com.ar\/notas\/202108\/564613-gobierno-nacional-ministros-gabinete-defensa-desarrollo-social.html\" data-title=\"El Presidente tom\u00f3 juramento a los nuevos ministros Taiana y Zabaleta\" data-description=\"Jorge Taiana asumi\u00f3 formalmente como ministro de Defensa y Juan Zabaleta como titular de Desarrollo Social, tras prestar juramento ante el presidente Alberto Fern\u00e1ndez en Sal\u00f3n Blanco de la Casa Rosada.\" data-wp-more=\"more\" data-wp-more-text=\"\" data-mce-placeholder=\"1\">\n<div class=\"epigrafe\">Taiana y Zabaleta asumieron como ministros de Defensa y Desarrollo Social<\/div>\n<p>Jorge Taiana y Juan Zabaleta asumieron como<strong>\u00a0ministros de Defensa y de Desarrollo Social<\/strong>, en reemplazo de Agust\u00edn Rossi y Daniel Arroyo, respectivamente, tras prestar juramento ante el presidente Alberto Fern\u00e1ndez en la Casa de Gobierno.<\/p>\n<p><strong>Rossi Arroyo y renunciaron para dedicarse a sus precandidaturas a senador nacional y a diputado nacional<\/strong>, respectivamente, con miras a las PASO del 12 de septiembre .<\/p>\n<div id=\"image\" class=\"image\">\n<p><img decoding=\"async\" title=\"Jura de nuevos ministros. Foto: Presidencia.\" src=\"https:\/\/www.telam.com.ar\/advf\/imagenes\/2021\/08\/6112ff0cc5ff9_1004x565.jpg\" alt=\"Jura de nuevos ministros. Foto: Presidencia.\" \/><\/p>\n<div class=\"epigrafe\">Jura de nuevos ministros. Foto: Presidencia.<\/div>\n<\/div>\n<p>Fern\u00e1ndez\u00a0<strong>elogi\u00f3 las trayectorias y las personalidades de los dirigentes<\/strong>\u00a0que dejan sus cargos en el Gobierno nacional.<\/p>\n<p>De Arroyo dijo que\u00a0<strong>\u00abtrabaj\u00f3 incansablemente en un momento muy dif\u00edci<\/strong>l\u00bb del pa\u00eds tras heredar \u00abuna situaci\u00f3n social muy dif\u00edcil\u00bb y que en medio de la pandemia por el coronavirus \u00abfue incansable su trabajo\u00bb.<\/p>\n<div id=\"image\" class=\"image\">\n<p><img decoding=\"async\" title=\"El excanciller Taiana jura el cargo de ministro de Defensa. Foto: Presidencia.\" src=\"https:\/\/www.telam.com.ar\/advf\/imagenes\/2021\/08\/6112ff0cae48b_1004x565.jpg\" alt=\"El excanciller Taiana jura el cargo de ministro de Defensa. Foto: Presidencia.\" \/><\/p>\n<div class=\"epigrafe\">El excanciller Taiana jura el cargo de ministro de Defensa. Foto: Presidencia.<\/div>\n<\/div>\n<p>En cuanto a Rossi, record\u00f3 cuando tempranamente se sum\u00f3 al Frente para la Victoria (FdT) y manifest\u00f3 que \u00abha sido una persona muy importante, no solamente en lo que fue su \u00e1rea espec\u00edfica, el Ministerio de Defensa, sino que\u00a0<strong>fue un puntal muy importante a la hora de tomar decisiones y poder analizar con \u00e9l<\/strong>\u00ab. Le agradeci\u00f3 \u00abpor todo el esfuerzo\u00bb y destac\u00f3 que \u00absiempre ser\u00e1 su amigo\u00bb por \u00abuna amistad que nunca se quebr\u00f3\u00bb.<\/p>\n<p>Tras el juramento, Taiana expres\u00f3 a los periodistas acreditados en Casa Rosada que trabajar\u00e1<strong>\u00a0\u00aben un Ministerio que va a darle prioridad a la subordinaci\u00f3n de las Fuerzas Armadas al poder pol\u00edtico<\/strong>, que est\u00e1 plenamente garantizada en la Argentina, a la capacitaci\u00f3n y cualificaci\u00f3n de todos sus miembros, en un momento de cambios tecnol\u00f3gicos importantes, y al reequipamiento y despliegue en funci\u00f3n de los objetivos de defensa\u00bb.<\/p>\n<blockquote><p>\u00abEl ministerio va a darle prioridad a la subordinaci\u00f3n de las Fuerzas Armadas al poder pol\u00edtico\u00bb<\/p>\n<div class=\"sign\">JORGE TAIANA<\/div>\n<\/blockquote>\n<p>Tambi\u00e9n resalt\u00f3 que \u00ab<strong>las inversiones que sean provechosas para el pa\u00eds ser\u00e1n bienvenidas\u00bb<\/strong>, en funci\u00f3n de los intereses del pa\u00eds, y en esa l\u00ednea dijo: \u00abEstuve hablando de eso con el encargado de seguridad nacional de Estados Unidos, el doctor (Jake) Sullivan, con quien compartimos un buen dialogo\u00bb el viernes pasado.<\/p>\n<p>Advirti\u00f3 que la Argentina \u00ablo que va a defender es su inter\u00e9s, sus posibilidades de desarrollo y no ser dependiente de ninguno\u00bb.<\/p>\n<div class=\"auth\">\u00abMinisterio de puertas abiertas\u00bb<\/div>\n<p>Por su parte, Zabaleta apunt\u00f3 que \u00abno va a hacer falta con este ministro (en relaci\u00f3n a \u00e9l mismo) cortar calles para poder dialogar\u00bb.<\/p>\n<p>Y aclar\u00f3 que\u00a0<strong>\u00abva a ser un Ministerio de puertas abiertas, de di\u00e1logo y de contenci\u00f3n social<\/strong>, como lo ha venido haciendo el Gobierno del Presidente en estos a\u00f1os muy complicados\u00bb por \u00abel deterioro social\u00bb heredado, \u00abm\u00e1s la pandemia\u00bb, a la que se ha llevado adelante \u00abcon mucha capacidad de respuesta\u00bb.<\/p>\n<div id=\"image\" class=\"image\">\n<p><img decoding=\"async\" title=\"Juan Zabaleta jura como nuevo ministro de Desarrollo Social. Foto: Presidencia.\" src=\"https:\/\/www.telam.com.ar\/advf\/imagenes\/2021\/08\/6112ff0cba91a_1004x565.jpg\" alt=\"Juan Zabaleta jura como nuevo ministro de Desarrollo Social. Foto: Presidencia.\" \/><\/p>\n<div class=\"epigrafe\">Juan Zabaleta jura como nuevo ministro de Desarrollo Social. Foto: Presidencia.<\/div>\n<\/div>\n<p>Zabaleta indic\u00f3 que \u00abahora la demanda es junto a todos\u00bb y sostuvo que \u00ablo que hay que hacer todos los d\u00edas es saber representar a todos y fundamentalmente a aquellos que transitan por la calle\u00bb.<\/p>\n<p>Seg\u00fan el nuevo ministro de Desarrollo Social, \u00abeste Gobierno ha dado respuestas\u00bb, y remarc\u00f3 que van \u00aba seguir trabajando claramente, viendo recuperaci\u00f3n del punto de vista econ\u00f3mico, con muchas dificultades\u00bb, pero en donde \u00abcada plan pueda transformarse en trabajo digno\u00bb, algo que vienen \u00abhaciendo\u00bb.<\/p>\n<p>\u00ab<strong>En la Argentina hay muchos pobres y tenemos la enorme tarea de poder transformar todos los planes sociales en trabajo genuino<\/strong>\u00ab, ampli\u00f3, cuesti\u00f3n que \u00abes una coincidencia de toda la pol\u00edtica\u00bb y que van \u00aba empezar a llevar a delante en esta etapa\u00bb.<\/p>\n<p>No obstante, puntualiz\u00f3 que\u00a0<strong>\u00abmientras un argentino necesite del Estado\u00bb all\u00ed estar\u00e1 \u00abasistiendo y llevando adelante cada uno de los programas que el Presidente<\/strong>, a trav\u00e9s de Daniel Arroyo, puso en marcha\u00bb.<\/p>\n<blockquote><p>\u00abMientras un argentino necesite del Estado all\u00ed estar\u00e1 el Estado asistiendo\u00bb<\/p>\n<div class=\"sign\">JUAN ZABALETA<\/div>\n<\/blockquote>\n<p>\u00abEstamos mirando la pospandemia, la vacunaci\u00f3n est\u00e1 funcionando muy bien y nos va a dar la posibilidad de ver indicadores de mejora en la econom\u00eda\u00bb, opin\u00f3 Zabaleta. Y complet\u00f3: \u00abSomos un frente pol\u00edtico que se fortalece en la diversidad\u00bb que a los movimientos populares tiene \u00abque seguir escuchando\u00bb y \u00aba representar a todos de aquellos que est\u00e1n fuera del sistema\u00bb.<\/p>\n<div class=\"auth\">Concurrido acto<\/div>\n<p>Del acto participaron el jefe de Gabinete, Santiago Cafiero; el gobernador de la provincia de Buenos Aires, Axel Kicillof, y el presidente de la C\u00e1mara de Diputados, Sergio Massa.<\/p>\n<p>Tambi\u00e9n lo hicieron los ministros de Econom\u00eda, Mart\u00edn Guzm\u00e1n; de Obras P\u00fablicas, Gabriel Katopodis; de Turismo y Deportes, Mat\u00edas Lammens; la vicejefa de Gabinete, Cecilia Todesca; la secretaria Legal y T\u00e9cnica, Vilma Ibarra; el secretario General de la Presidencia, Julio Vitobello, y la precandidata a diputada nacional por el FdT Victoria Tolosa Paz, entre otros funcionarios.<\/p>\n<p>Antes del acto, el Presidente, Cafiero, los ministros salientes y los entrantes compartieron una reuni\u00f3n en el despacho del jefe de Gabinete. En ese sentido Taiana expres\u00f3 que se convers\u00f3 \u00abde todo\u00bb y \u00abpor supuesto del \u00e1rea de Defensa\u00bb, y subray\u00f3 que el primer mandatario \u00abtiene sus nociones muy claras\u00bb.<\/p>\n<p>Hasta la actualidad, Taiana -quien fue canciller entre 2005 y 2010 y legislador del Parlasur- ven\u00eda desempe\u00f1\u00e1ndose como senador nacional y titular de la comisi\u00f3n de Relaciones Exteriores de la C\u00e1mara alta.<\/p>\n<p>Por su parte, Zabaleta ven\u00eda ejerciendo como intendente del partido bonaerense de Hurlingham, en el oeste del Gran Buenos Aires.<\/p>\n<div class=\"js-code\">\n<p><a title=\"View El decreto de la designaci\u00f3n on Scribd\" href=\"https:\/\/www.scribd.com\/document\/519644372\/El-decreto-de-la-designacion#from_embed\">El decreto de la designaci\u00f3n<\/a>\u00a0by\u00a0<a title=\"View T\u00e9lam's profile on Scribd\" href=\"https:\/\/www.scribd.com\/user\/276843644\/Telam#from_embed\">T\u00e9lam<\/a>\u00a0on Scribd<\/p>\n<\/div>\n<div class=\"btn_externos\"><\/div>\n<\/div>\n<\/div>\n<div class=\"wrapper-tags\">\n<div class=\"tags-bar clearfix\">ETIQ<\/div>\n<\/div>\n","protected":false},"excerpt":{"rendered":"<p>Jorge Taiana asumi\u00f3 formalmente como ministro de Defensa y Juan Zabaleta como titular de Desarrollo Social, tras prestar juramento ante el presidente Alberto Fern\u00e1ndez en Sal\u00f3n Blanco de la Casa Rosada. Taiana y Zabaleta asumieron como ministros de Defensa y Desarrollo Social Jorge Taiana y Juan Zabaleta asumieron como\u00a0ministros de Defensa y de Desarrollo Social, [&hellip;]<\/p>\n","protected":false},"author":3,"featured_media":0,"comment_status":"closed","ping_status":"closed","sticky":false,"template":"","format":"standard","meta":{"footnotes":""},"categories":[24],"tags":[],"class_list":["post-61370","post","type-post","status-publish","format-standard","hentry","category-politica"],"yoast_head":"<!-- This site is optimized with the Yoast SEO plugin v25.9 - https:\/\/yoast.com\/wordpress\/plugins\/seo\/ -->\n<title>El Presidente tom\u00f3 juramento a los nuevos ministros Taiana y Zabaleta - Noticias Radio Reflejos<\/title>\n<meta name=\"robots\" content=\"index, follow, max-snippet:-1, max-image-preview:large, max-video-preview:-1\" \/>\n<link rel=\"canonical\" href=\"https:\/\/www.noticiasradioreflejos.com.ar\/2021\/el-presidente-tomo-juramento-a-los-nuevos-ministros-taiana-y-zabaleta\/\" \/>\n<meta property=\"og:locale\" content=\"es_ES\" \/>\n<meta property=\"og:type\" content=\"article\" \/>\n<meta property=\"og:title\" content=\"El Presidente tom\u00f3 juramento a los nuevos ministros Taiana y Zabaleta - Noticias Radio Reflejos\" \/>\n<meta property=\"og:description\" content=\"Jorge Taiana asumi\u00f3 formalmente como ministro de Defensa y Juan Zabaleta como titular de Desarrollo Social, tras prestar juramento ante el presidente Alberto Fern\u00e1ndez en Sal\u00f3n Blanco de la Casa Rosada. Taiana y Zabaleta asumieron como ministros de Defensa y Desarrollo Social Jorge Taiana y Juan Zabaleta asumieron como\u00a0ministros de Defensa y de Desarrollo Social, [&hellip;]\" \/>\n<meta property=\"og:url\" content=\"https:\/\/www.noticiasradioreflejos.com.ar\/2021\/el-presidente-tomo-juramento-a-los-nuevos-ministros-taiana-y-zabaleta\/\" \/>\n<meta property=\"og:site_name\" content=\"Noticias Radio Reflejos\" \/>\n<meta property=\"article:published_time\" content=\"2021-08-11T10:45:54+00:00\" \/>\n<meta property=\"og:image\" content=\"https:\/\/www.telam.com.ar\/advf\/imagenes\/2021\/08\/6112ff0cc5ff9_1004x565.jpg\" \/>\n<meta name=\"author\" content=\"Arnaldo Botto\" \/>\n<meta name=\"twitter:card\" content=\"summary_large_image\" \/>\n<script type=\"application\/ld+json\" class=\"yoast-schema-graph\">{\"@context\":\"https:\/\/schema.org\",\"@graph\":[{\"@type\":\"WebPage\",\"@id\":\"https:\/\/www.noticiasradioreflejos.com.ar\/2021\/el-presidente-tomo-juramento-a-los-nuevos-ministros-taiana-y-zabaleta\/\",\"url\":\"https:\/\/www.noticiasradioreflejos.com.ar\/2021\/el-presidente-tomo-juramento-a-los-nuevos-ministros-taiana-y-zabaleta\/\",\"name\":\"El Presidente tom\u00f3 juramento a los nuevos ministros Taiana y Zabaleta - Noticias Radio Reflejos\",\"isPartOf\":{\"@id\":\"https:\/\/www.noticiasradioreflejos.com.ar\/2021\/#website\"},\"primaryImageOfPage\":{\"@id\":\"https:\/\/www.noticiasradioreflejos.com.ar\/2021\/el-presidente-tomo-juramento-a-los-nuevos-ministros-taiana-y-zabaleta\/#primaryimage\"},\"image\":{\"@id\":\"https:\/\/www.noticiasradioreflejos.com.ar\/2021\/el-presidente-tomo-juramento-a-los-nuevos-ministros-taiana-y-zabaleta\/#primaryimage\"},\"thumbnailUrl\":\"https:\/\/www.telam.com.ar\/advf\/imagenes\/2021\/08\/6112ff0cc5ff9_1004x565.jpg\",\"datePublished\":\"2021-08-11T10:45:54+00:00\",\"author\":{\"@id\":\"https:\/\/www.noticiasradioreflejos.com.ar\/2021\/#\/schema\/person\/ad82545263dcc5ec0996818884fd5fb1\"},\"breadcrumb\":{\"@id\":\"https:\/\/www.noticiasradioreflejos.com.ar\/2021\/el-presidente-tomo-juramento-a-los-nuevos-ministros-taiana-y-zabaleta\/#breadcrumb\"},\"inLanguage\":\"es\",\"potentialAction\":[{\"@type\":\"ReadAction\",\"target\":[\"https:\/\/www.noticiasradioreflejos.com.ar\/2021\/el-presidente-tomo-juramento-a-los-nuevos-ministros-taiana-y-zabaleta\/\"]}]},{\"@type\":\"ImageObject\",\"inLanguage\":\"es\",\"@id\":\"https:\/\/www.noticiasradioreflejos.com.ar\/2021\/el-presidente-tomo-juramento-a-los-nuevos-ministros-taiana-y-zabaleta\/#primaryimage\",\"url\":\"https:\/\/www.telam.com.ar\/advf\/imagenes\/2021\/08\/6112ff0cc5ff9_1004x565.jpg\",\"contentUrl\":\"https:\/\/www.telam.com.ar\/advf\/imagenes\/2021\/08\/6112ff0cc5ff9_1004x565.jpg\"},{\"@type\":\"BreadcrumbList\",\"@id\":\"https:\/\/www.noticiasradioreflejos.com.ar\/2021\/el-presidente-tomo-juramento-a-los-nuevos-ministros-taiana-y-zabaleta\/#breadcrumb\",\"itemListElement\":[{\"@type\":\"ListItem\",\"position\":1,\"name\":\"Portada\",\"item\":\"https:\/\/www.noticiasradioreflejos.com.ar\/2021\/\"},{\"@type\":\"ListItem\",\"position\":2,\"name\":\"El Presidente tom\u00f3 juramento a los nuevos ministros Taiana y Zabaleta\"}]},{\"@type\":\"WebSite\",\"@id\":\"https:\/\/www.noticiasradioreflejos.com.ar\/2021\/#website\",\"url\":\"https:\/\/www.noticiasradioreflejos.com.ar\/2021\/\",\"name\":\"Noticias Radio Reflejos\",\"description\":\"Las noticias de mi comarca\",\"potentialAction\":[{\"@type\":\"SearchAction\",\"target\":{\"@type\":\"EntryPoint\",\"urlTemplate\":\"https:\/\/www.noticiasradioreflejos.com.ar\/2021\/?s={search_term_string}\"},\"query-input\":{\"@type\":\"PropertyValueSpecification\",\"valueRequired\":true,\"valueName\":\"search_term_string\"}}],\"inLanguage\":\"es\"},{\"@type\":\"Person\",\"@id\":\"https:\/\/www.noticiasradioreflejos.com.ar\/2021\/#\/schema\/person\/ad82545263dcc5ec0996818884fd5fb1\",\"name\":\"Arnaldo Botto\",\"image\":{\"@type\":\"ImageObject\",\"inLanguage\":\"es\",\"@id\":\"https:\/\/www.noticiasradioreflejos.com.ar\/2021\/#\/schema\/person\/image\/\",\"url\":\"https:\/\/secure.gravatar.com\/avatar\/55cb5e37c1efa326397366e6974cb338056df65cb50e7d64d1cf314e87504837?s=96&d=mm&r=g\",\"contentUrl\":\"https:\/\/secure.gravatar.com\/avatar\/55cb5e37c1efa326397366e6974cb338056df65cb50e7d64d1cf314e87504837?s=96&d=mm&r=g\",\"caption\":\"Arnaldo Botto\"},\"url\":\"https:\/\/www.noticiasradioreflejos.com.ar\/2021\/author\/arnaldo\/\"}]}<\/script>\n<!-- \/ Yoast SEO plugin. -->","yoast_head_json":{"title":"El Presidente tom\u00f3 juramento a los nuevos ministros Taiana y Zabaleta - Noticias Radio Reflejos","robots":{"index":"index","follow":"follow","max-snippet":"max-snippet:-1","max-image-preview":"max-image-preview:large","max-video-preview":"max-video-preview:-1"},"canonical":"https:\/\/www.noticiasradioreflejos.com.ar\/2021\/el-presidente-tomo-juramento-a-los-nuevos-ministros-taiana-y-zabaleta\/","og_locale":"es_ES","og_type":"article","og_title":"El Presidente tom\u00f3 juramento a los nuevos ministros Taiana y Zabaleta - Noticias Radio Reflejos","og_description":"Jorge Taiana asumi\u00f3 formalmente como ministro de Defensa y Juan Zabaleta como titular de Desarrollo Social, tras prestar juramento ante el presidente Alberto Fern\u00e1ndez en Sal\u00f3n Blanco de la Casa Rosada. Taiana y Zabaleta asumieron como ministros de Defensa y Desarrollo Social Jorge Taiana y Juan Zabaleta asumieron como\u00a0ministros de Defensa y de Desarrollo Social, [&hellip;]","og_url":"https:\/\/www.noticiasradioreflejos.com.ar\/2021\/el-presidente-tomo-juramento-a-los-nuevos-ministros-taiana-y-zabaleta\/","og_site_name":"Noticias Radio Reflejos","article_published_time":"2021-08-11T10:45:54+00:00","og_image":[{"url":"https:\/\/www.telam.com.ar\/advf\/imagenes\/2021\/08\/6112ff0cc5ff9_1004x565.jpg","type":"","width":"","height":""}],"author":"Arnaldo Botto","twitter_card":"summary_large_image","schema":{"@context":"https:\/\/schema.org","@graph":[{"@type":"WebPage","@id":"https:\/\/www.noticiasradioreflejos.com.ar\/2021\/el-presidente-tomo-juramento-a-los-nuevos-ministros-taiana-y-zabaleta\/","url":"https:\/\/www.noticiasradioreflejos.com.ar\/2021\/el-presidente-tomo-juramento-a-los-nuevos-ministros-taiana-y-zabaleta\/","name":"El Presidente tom\u00f3 juramento a los nuevos ministros Taiana y Zabaleta - Noticias Radio Reflejos","isPartOf":{"@id":"https:\/\/www.noticiasradioreflejos.com.ar\/2021\/#website"},"primaryImageOfPage":{"@id":"https:\/\/www.noticiasradioreflejos.com.ar\/2021\/el-presidente-tomo-juramento-a-los-nuevos-ministros-taiana-y-zabaleta\/#primaryimage"},"image":{"@id":"https:\/\/www.noticiasradioreflejos.com.ar\/2021\/el-presidente-tomo-juramento-a-los-nuevos-ministros-taiana-y-zabaleta\/#primaryimage"},"thumbnailUrl":"https:\/\/www.telam.com.ar\/advf\/imagenes\/2021\/08\/6112ff0cc5ff9_1004x565.jpg","datePublished":"2021-08-11T10:45:54+00:00","author":{"@id":"https:\/\/www.noticiasradioreflejos.com.ar\/2021\/#\/schema\/person\/ad82545263dcc5ec0996818884fd5fb1"},"breadcrumb":{"@id":"https:\/\/www.noticiasradioreflejos.com.ar\/2021\/el-presidente-tomo-juramento-a-los-nuevos-ministros-taiana-y-zabaleta\/#breadcrumb"},"inLanguage":"es","potentialAction":[{"@type":"ReadAction","target":["https:\/\/www.noticiasradioreflejos.com.ar\/2021\/el-presidente-tomo-juramento-a-los-nuevos-ministros-taiana-y-zabaleta\/"]}]},{"@type":"ImageObject","inLanguage":"es","@id":"https:\/\/www.noticiasradioreflejos.com.ar\/2021\/el-presidente-tomo-juramento-a-los-nuevos-ministros-taiana-y-zabaleta\/#primaryimage","url":"https:\/\/www.telam.com.ar\/advf\/imagenes\/2021\/08\/6112ff0cc5ff9_1004x565.jpg","contentUrl":"https:\/\/www.telam.com.ar\/advf\/imagenes\/2021\/08\/6112ff0cc5ff9_1004x565.jpg"},{"@type":"BreadcrumbList","@id":"https:\/\/www.noticiasradioreflejos.com.ar\/2021\/el-presidente-tomo-juramento-a-los-nuevos-ministros-taiana-y-zabaleta\/#breadcrumb","itemListElement":[{"@type":"ListItem","position":1,"name":"Portada","item":"https:\/\/www.noticiasradioreflejos.com.ar\/2021\/"},{"@type":"ListItem","position":2,"name":"El Presidente tom\u00f3 juramento a los nuevos ministros Taiana y Zabaleta"}]},{"@type":"WebSite","@id":"https:\/\/www.noticiasradioreflejos.com.ar\/2021\/#website","url":"https:\/\/www.noticiasradioreflejos.com.ar\/2021\/","name":"Noticias Radio Reflejos","description":"Las noticias de mi comarca","potentialAction":[{"@type":"SearchAction","target":{"@type":"EntryPoint","urlTemplate":"https:\/\/www.noticiasradioreflejos.com.ar\/2021\/?s={search_term_string}"},"query-input":{"@type":"PropertyValueSpecification","valueRequired":true,"valueName":"search_term_string"}}],"inLanguage":"es"},{"@type":"Person","@id":"https:\/\/www.noticiasradioreflejos.com.ar\/2021\/#\/schema\/person\/ad82545263dcc5ec0996818884fd5fb1","name":"Arnaldo Botto","image":{"@type":"ImageObject","inLanguage":"es","@id":"https:\/\/www.noticiasradioreflejos.com.ar\/2021\/#\/schema\/person\/image\/","url":"https:\/\/secure.gravatar.com\/avatar\/55cb5e37c1efa326397366e6974cb338056df65cb50e7d64d1cf314e87504837?s=96&d=mm&r=g","contentUrl":"https:\/\/secure.gravatar.com\/avatar\/55cb5e37c1efa326397366e6974cb338056df65cb50e7d64d1cf314e87504837?s=96&d=mm&r=g","caption":"Arnaldo Botto"},"url":"https:\/\/www.noticiasradioreflejos.com.ar\/2021\/author\/arnaldo\/"}]}},"_links":{"self":[{"href":"https:\/\/www.noticiasradioreflejos.com.ar\/2021\/wp-json\/wp\/v2\/posts\/61370","targetHints":{"allow":["GET"]}}],"collection":[{"href":"https:\/\/www.noticiasradioreflejos.com.ar\/2021\/wp-json\/wp\/v2\/posts"}],"about":[{"href":"https:\/\/www.noticiasradioreflejos.com.ar\/2021\/wp-json\/wp\/v2\/types\/post"}],"author":[{"embeddable":true,"href":"https:\/\/www.noticiasradioreflejos.com.ar\/2021\/wp-json\/wp\/v2\/users\/3"}],"replies":[{"embeddable":true,"href":"https:\/\/www.noticiasradioreflejos.com.ar\/2021\/wp-json\/wp\/v2\/comments?post=61370"}],"version-history":[{"count":1,"href":"https:\/\/www.noticiasradioreflejos.com.ar\/2021\/wp-json\/wp\/v2\/posts\/61370\/revisions"}],"predecessor-version":[{"id":61372,"href":"https:\/\/www.noticiasradioreflejos.com.ar\/2021\/wp-json\/wp\/v2\/posts\/61370\/revisions\/61372"}],"wp:attachment":[{"href":"https:\/\/www.noticiasradioreflejos.com.ar\/2021\/wp-json\/wp\/v2\/media?parent=61370"}],"wp:term":[{"taxonomy":"category","embeddable":true,"href":"https:\/\/www.noticiasradioreflejos.com.ar\/2021\/wp-json\/wp\/v2\/categories?post=61370"},{"taxonomy":"post_tag","embeddable":true,"href":"https:\/\/www.noticiasradioreflejos.com.ar\/2021\/wp-json\/wp\/v2\/tags?post=61370"}],"curies":[{"name":"wp","href":"https:\/\/api.w.org\/{rel}","templated":true}]}}