{"id":6136,"date":"2017-01-20T10:43:05","date_gmt":"2017-01-20T13:43:05","guid":{"rendered":"http:\/\/noticiasradioreflejos.com.ar\/noticias\/?p=6136"},"modified":"2017-01-20T10:43:05","modified_gmt":"2017-01-20T13:43:05","slug":"6-fiesta-del-churro-en-villa-iris","status":"publish","type":"post","link":"https:\/\/www.noticiasradioreflejos.com.ar\/2021\/6-fiesta-del-churro-en-villa-iris\/","title":{"rendered":"6\u00b0 Fiesta del Churro en VILLA IRIS"},"content":{"rendered":"<p><a title=\"c1\" href=\"http:\/\/farm1.staticflickr.com\/561\/32270493542_0c8793eb16_z.jpg\" rel=\"\"><img loading=\"lazy\" decoding=\"async\" class=\"alignleft\" style=\"float: left;\" title=\"c1\" src=\"http:\/\/farm1.staticflickr.com\/561\/32270493542_0c8793eb16_z.jpg\" alt=\"c1\" width=\"505\" height=\"336\" \/><\/a>Los shows centrales ser\u00e1n protagonizados por Carlos S\u00e1nchez, Los Jilgueros y Bien Arriba<br \/>\nVilla Iris es un pueblo con encanto propio, que se encuentra en el Distrito de Puan, al sudoeste de la provincia de Buenos Aires. All\u00ed se realiza con gran \u00e9xito en cada edici\u00f3n la \u00abFiesta Regional del Churro\u00bb, donde las instituciones elaboran en vivo m\u00e1s de 15.000 churros durante la jornada.<!--more--><br \/>\nCon las actuaciones del humorista Carlos S\u00e1nchez, el grupo folkl\u00f3rico Los Jilgueros y la banda de cumbia Bien Arriba, se desarrollar\u00e1 el 28 de enero pr\u00f3ximo con entrada gratis.<br \/>\nEl encuentro -que fue declarado de inter\u00e9s tur\u00edstico provincial- se realizar\u00e1 en el Polideportivo Municipal, al aire libre, donde tambi\u00e9n se presentar\u00e1n artistas locales y habr\u00e1 un paseo de artesanos, un patio de comidas, juegos para ni\u00f1os y pileta. La fiesta cerrar\u00e1 con un baile popular con DJ.<br \/>\nLos artesanos que deseen participar podr\u00e1n inscribirse llamando al tel\u00e9fono: (02925) 432106 de 8 a 12 hs.<\/p>\n","protected":false},"excerpt":{"rendered":"<p>Los shows centrales ser\u00e1n protagonizados por Carlos S\u00e1nchez, Los Jilgueros y Bien Arriba Villa Iris es un pueblo con encanto propio, que se encuentra en el Distrito de Puan, al sudoeste de la provincia de Buenos Aires. All\u00ed se realiza con gran \u00e9xito en cada edici\u00f3n la \u00abFiesta Regional del Churro\u00bb, donde las instituciones elaboran [&hellip;]<\/p>\n","protected":false},"author":3,"featured_media":0,"comment_status":"closed","ping_status":"open","sticky":false,"template":"","format":"standard","meta":{"footnotes":""},"categories":[26],"tags":[],"class_list":["post-6136","post","type-post","status-publish","format-standard","hentry","category-sociedad"],"yoast_head":"<!-- This site is optimized with the Yoast SEO plugin v25.9 - https:\/\/yoast.com\/wordpress\/plugins\/seo\/ -->\n<title>6\u00b0 Fiesta del Churro en VILLA IRIS - Noticias Radio Reflejos<\/title>\n<meta name=\"robots\" content=\"index, follow, max-snippet:-1, max-image-preview:large, max-video-preview:-1\" \/>\n<link rel=\"canonical\" href=\"https:\/\/www.noticiasradioreflejos.com.ar\/2021\/6-fiesta-del-churro-en-villa-iris\/\" \/>\n<meta property=\"og:locale\" content=\"es_ES\" \/>\n<meta property=\"og:type\" content=\"article\" \/>\n<meta property=\"og:title\" content=\"6\u00b0 Fiesta del Churro en VILLA IRIS - Noticias Radio Reflejos\" \/>\n<meta property=\"og:description\" content=\"Los shows centrales ser\u00e1n protagonizados por Carlos S\u00e1nchez, Los Jilgueros y Bien Arriba Villa Iris es un pueblo con encanto propio, que se encuentra en el Distrito de Puan, al sudoeste de la provincia de Buenos Aires. All\u00ed se realiza con gran \u00e9xito en cada edici\u00f3n la \u00abFiesta Regional del Churro\u00bb, donde las instituciones elaboran [&hellip;]\" \/>\n<meta property=\"og:url\" content=\"https:\/\/www.noticiasradioreflejos.com.ar\/2021\/6-fiesta-del-churro-en-villa-iris\/\" \/>\n<meta property=\"og:site_name\" content=\"Noticias Radio Reflejos\" \/>\n<meta property=\"article:published_time\" content=\"2017-01-20T13:43:05+00:00\" \/>\n<meta property=\"og:image\" content=\"http:\/\/farm1.staticflickr.com\/561\/32270493542_0c8793eb16_z.jpg\" \/>\n<meta name=\"author\" content=\"Arnaldo Botto\" \/>\n<meta name=\"twitter:card\" content=\"summary_large_image\" \/>\n<script type=\"application\/ld+json\" class=\"yoast-schema-graph\">{\"@context\":\"https:\/\/schema.org\",\"@graph\":[{\"@type\":\"WebPage\",\"@id\":\"https:\/\/www.noticiasradioreflejos.com.ar\/2021\/6-fiesta-del-churro-en-villa-iris\/\",\"url\":\"https:\/\/www.noticiasradioreflejos.com.ar\/2021\/6-fiesta-del-churro-en-villa-iris\/\",\"name\":\"6\u00b0 Fiesta del Churro en VILLA IRIS - Noticias Radio Reflejos\",\"isPartOf\":{\"@id\":\"https:\/\/www.noticiasradioreflejos.com.ar\/2021\/#website\"},\"primaryImageOfPage\":{\"@id\":\"https:\/\/www.noticiasradioreflejos.com.ar\/2021\/6-fiesta-del-churro-en-villa-iris\/#primaryimage\"},\"image\":{\"@id\":\"https:\/\/www.noticiasradioreflejos.com.ar\/2021\/6-fiesta-del-churro-en-villa-iris\/#primaryimage\"},\"thumbnailUrl\":\"http:\/\/farm1.staticflickr.com\/561\/32270493542_0c8793eb16_z.jpg\",\"datePublished\":\"2017-01-20T13:43:05+00:00\",\"author\":{\"@id\":\"https:\/\/www.noticiasradioreflejos.com.ar\/2021\/#\/schema\/person\/ad82545263dcc5ec0996818884fd5fb1\"},\"breadcrumb\":{\"@id\":\"https:\/\/www.noticiasradioreflejos.com.ar\/2021\/6-fiesta-del-churro-en-villa-iris\/#breadcrumb\"},\"inLanguage\":\"es\",\"potentialAction\":[{\"@type\":\"ReadAction\",\"target\":[\"https:\/\/www.noticiasradioreflejos.com.ar\/2021\/6-fiesta-del-churro-en-villa-iris\/\"]}]},{\"@type\":\"ImageObject\",\"inLanguage\":\"es\",\"@id\":\"https:\/\/www.noticiasradioreflejos.com.ar\/2021\/6-fiesta-del-churro-en-villa-iris\/#primaryimage\",\"url\":\"http:\/\/farm1.staticflickr.com\/561\/32270493542_0c8793eb16_z.jpg\",\"contentUrl\":\"http:\/\/farm1.staticflickr.com\/561\/32270493542_0c8793eb16_z.jpg\"},{\"@type\":\"BreadcrumbList\",\"@id\":\"https:\/\/www.noticiasradioreflejos.com.ar\/2021\/6-fiesta-del-churro-en-villa-iris\/#breadcrumb\",\"itemListElement\":[{\"@type\":\"ListItem\",\"position\":1,\"name\":\"Portada\",\"item\":\"https:\/\/www.noticiasradioreflejos.com.ar\/2021\/\"},{\"@type\":\"ListItem\",\"position\":2,\"name\":\"6\u00b0 Fiesta del Churro en VILLA IRIS\"}]},{\"@type\":\"WebSite\",\"@id\":\"https:\/\/www.noticiasradioreflejos.com.ar\/2021\/#website\",\"url\":\"https:\/\/www.noticiasradioreflejos.com.ar\/2021\/\",\"name\":\"Noticias Radio Reflejos\",\"description\":\"Las noticias de mi comarca\",\"potentialAction\":[{\"@type\":\"SearchAction\",\"target\":{\"@type\":\"EntryPoint\",\"urlTemplate\":\"https:\/\/www.noticiasradioreflejos.com.ar\/2021\/?s={search_term_string}\"},\"query-input\":{\"@type\":\"PropertyValueSpecification\",\"valueRequired\":true,\"valueName\":\"search_term_string\"}}],\"inLanguage\":\"es\"},{\"@type\":\"Person\",\"@id\":\"https:\/\/www.noticiasradioreflejos.com.ar\/2021\/#\/schema\/person\/ad82545263dcc5ec0996818884fd5fb1\",\"name\":\"Arnaldo Botto\",\"image\":{\"@type\":\"ImageObject\",\"inLanguage\":\"es\",\"@id\":\"https:\/\/www.noticiasradioreflejos.com.ar\/2021\/#\/schema\/person\/image\/\",\"url\":\"https:\/\/secure.gravatar.com\/avatar\/55cb5e37c1efa326397366e6974cb338056df65cb50e7d64d1cf314e87504837?s=96&d=mm&r=g\",\"contentUrl\":\"https:\/\/secure.gravatar.com\/avatar\/55cb5e37c1efa326397366e6974cb338056df65cb50e7d64d1cf314e87504837?s=96&d=mm&r=g\",\"caption\":\"Arnaldo Botto\"},\"url\":\"https:\/\/www.noticiasradioreflejos.com.ar\/2021\/author\/arnaldo\/\"}]}<\/script>\n<!-- \/ Yoast SEO plugin. -->","yoast_head_json":{"title":"6\u00b0 Fiesta del Churro en VILLA IRIS - Noticias Radio Reflejos","robots":{"index":"index","follow":"follow","max-snippet":"max-snippet:-1","max-image-preview":"max-image-preview:large","max-video-preview":"max-video-preview:-1"},"canonical":"https:\/\/www.noticiasradioreflejos.com.ar\/2021\/6-fiesta-del-churro-en-villa-iris\/","og_locale":"es_ES","og_type":"article","og_title":"6\u00b0 Fiesta del Churro en VILLA IRIS - Noticias Radio Reflejos","og_description":"Los shows centrales ser\u00e1n protagonizados por Carlos S\u00e1nchez, Los Jilgueros y Bien Arriba Villa Iris es un pueblo con encanto propio, que se encuentra en el Distrito de Puan, al sudoeste de la provincia de Buenos Aires. All\u00ed se realiza con gran \u00e9xito en cada edici\u00f3n la \u00abFiesta Regional del Churro\u00bb, donde las instituciones elaboran [&hellip;]","og_url":"https:\/\/www.noticiasradioreflejos.com.ar\/2021\/6-fiesta-del-churro-en-villa-iris\/","og_site_name":"Noticias Radio Reflejos","article_published_time":"2017-01-20T13:43:05+00:00","og_image":[{"url":"http:\/\/farm1.staticflickr.com\/561\/32270493542_0c8793eb16_z.jpg","type":"","width":"","height":""}],"author":"Arnaldo Botto","twitter_card":"summary_large_image","schema":{"@context":"https:\/\/schema.org","@graph":[{"@type":"WebPage","@id":"https:\/\/www.noticiasradioreflejos.com.ar\/2021\/6-fiesta-del-churro-en-villa-iris\/","url":"https:\/\/www.noticiasradioreflejos.com.ar\/2021\/6-fiesta-del-churro-en-villa-iris\/","name":"6\u00b0 Fiesta del Churro en VILLA IRIS - Noticias Radio Reflejos","isPartOf":{"@id":"https:\/\/www.noticiasradioreflejos.com.ar\/2021\/#website"},"primaryImageOfPage":{"@id":"https:\/\/www.noticiasradioreflejos.com.ar\/2021\/6-fiesta-del-churro-en-villa-iris\/#primaryimage"},"image":{"@id":"https:\/\/www.noticiasradioreflejos.com.ar\/2021\/6-fiesta-del-churro-en-villa-iris\/#primaryimage"},"thumbnailUrl":"http:\/\/farm1.staticflickr.com\/561\/32270493542_0c8793eb16_z.jpg","datePublished":"2017-01-20T13:43:05+00:00","author":{"@id":"https:\/\/www.noticiasradioreflejos.com.ar\/2021\/#\/schema\/person\/ad82545263dcc5ec0996818884fd5fb1"},"breadcrumb":{"@id":"https:\/\/www.noticiasradioreflejos.com.ar\/2021\/6-fiesta-del-churro-en-villa-iris\/#breadcrumb"},"inLanguage":"es","potentialAction":[{"@type":"ReadAction","target":["https:\/\/www.noticiasradioreflejos.com.ar\/2021\/6-fiesta-del-churro-en-villa-iris\/"]}]},{"@type":"ImageObject","inLanguage":"es","@id":"https:\/\/www.noticiasradioreflejos.com.ar\/2021\/6-fiesta-del-churro-en-villa-iris\/#primaryimage","url":"http:\/\/farm1.staticflickr.com\/561\/32270493542_0c8793eb16_z.jpg","contentUrl":"http:\/\/farm1.staticflickr.com\/561\/32270493542_0c8793eb16_z.jpg"},{"@type":"BreadcrumbList","@id":"https:\/\/www.noticiasradioreflejos.com.ar\/2021\/6-fiesta-del-churro-en-villa-iris\/#breadcrumb","itemListElement":[{"@type":"ListItem","position":1,"name":"Portada","item":"https:\/\/www.noticiasradioreflejos.com.ar\/2021\/"},{"@type":"ListItem","position":2,"name":"6\u00b0 Fiesta del Churro en VILLA IRIS"}]},{"@type":"WebSite","@id":"https:\/\/www.noticiasradioreflejos.com.ar\/2021\/#website","url":"https:\/\/www.noticiasradioreflejos.com.ar\/2021\/","name":"Noticias Radio Reflejos","description":"Las noticias de mi comarca","potentialAction":[{"@type":"SearchAction","target":{"@type":"EntryPoint","urlTemplate":"https:\/\/www.noticiasradioreflejos.com.ar\/2021\/?s={search_term_string}"},"query-input":{"@type":"PropertyValueSpecification","valueRequired":true,"valueName":"search_term_string"}}],"inLanguage":"es"},{"@type":"Person","@id":"https:\/\/www.noticiasradioreflejos.com.ar\/2021\/#\/schema\/person\/ad82545263dcc5ec0996818884fd5fb1","name":"Arnaldo Botto","image":{"@type":"ImageObject","inLanguage":"es","@id":"https:\/\/www.noticiasradioreflejos.com.ar\/2021\/#\/schema\/person\/image\/","url":"https:\/\/secure.gravatar.com\/avatar\/55cb5e37c1efa326397366e6974cb338056df65cb50e7d64d1cf314e87504837?s=96&d=mm&r=g","contentUrl":"https:\/\/secure.gravatar.com\/avatar\/55cb5e37c1efa326397366e6974cb338056df65cb50e7d64d1cf314e87504837?s=96&d=mm&r=g","caption":"Arnaldo Botto"},"url":"https:\/\/www.noticiasradioreflejos.com.ar\/2021\/author\/arnaldo\/"}]}},"_links":{"self":[{"href":"https:\/\/www.noticiasradioreflejos.com.ar\/2021\/wp-json\/wp\/v2\/posts\/6136","targetHints":{"allow":["GET"]}}],"collection":[{"href":"https:\/\/www.noticiasradioreflejos.com.ar\/2021\/wp-json\/wp\/v2\/posts"}],"about":[{"href":"https:\/\/www.noticiasradioreflejos.com.ar\/2021\/wp-json\/wp\/v2\/types\/post"}],"author":[{"embeddable":true,"href":"https:\/\/www.noticiasradioreflejos.com.ar\/2021\/wp-json\/wp\/v2\/users\/3"}],"replies":[{"embeddable":true,"href":"https:\/\/www.noticiasradioreflejos.com.ar\/2021\/wp-json\/wp\/v2\/comments?post=6136"}],"version-history":[{"count":0,"href":"https:\/\/www.noticiasradioreflejos.com.ar\/2021\/wp-json\/wp\/v2\/posts\/6136\/revisions"}],"wp:attachment":[{"href":"https:\/\/www.noticiasradioreflejos.com.ar\/2021\/wp-json\/wp\/v2\/media?parent=6136"}],"wp:term":[{"taxonomy":"category","embeddable":true,"href":"https:\/\/www.noticiasradioreflejos.com.ar\/2021\/wp-json\/wp\/v2\/categories?post=6136"},{"taxonomy":"post_tag","embeddable":true,"href":"https:\/\/www.noticiasradioreflejos.com.ar\/2021\/wp-json\/wp\/v2\/tags?post=6136"}],"curies":[{"name":"wp","href":"https:\/\/api.w.org\/{rel}","templated":true}]}}