{"id":61359,"date":"2021-08-10T22:22:40","date_gmt":"2021-08-10T22:22:40","guid":{"rendered":"http:\/\/www.noticiasradioreflejos.com.ar\/2021\/?p=61359"},"modified":"2021-08-10T23:13:31","modified_gmt":"2021-08-10T23:13:31","slug":"61359-2","status":"publish","type":"post","link":"https:\/\/www.noticiasradioreflejos.com.ar\/2021\/61359-2\/","title":{"rendered":"\u00abLa mejor propuesta es mejorar el funcionamiento de la instituci\u00f3n, en este caso, el HCD."},"content":{"rendered":"<p>En el programa \u00abUn Mate y un Caf\u00e9\u00bb entrevistamos al Precandidato a Concejal en primer lugar de la lista del frente <strong>\u201cJuntos por Tornquist\u201d<\/strong>,\u00a0 integrada por la UCR, el pro, el socialismo y vecinos que forman parte de la misma. En esta nota, Luis comparte c\u00f3mo se sinti\u00f3 al presentarse, agradece el apoyo de afiliados y vecinos y coment\u00f3 cu\u00e1les ser\u00edan los proyectos que el frente impulsar\u00eda desde el Honorable Concejo Deliberante.<!--more--><\/p>\n<p><a title=\"Juntos Tornquist en Sierra (4)\" href=\"https:\/\/www.flickr.com\/photos\/182279889@N02\/51371081679\/in\/dateposted-public\/\" data-flickr-embed=\"true\"><img loading=\"lazy\" decoding=\"async\" src=\"https:\/\/live.staticflickr.com\/65535\/51371081679_4f043a259e_z.jpg\" alt=\"Juntos Tornquist en Sierra (4)\" width=\"640\" height=\"427\" \/><\/a><script async src=\"\/\/embedr.flickr.com\/assets\/client-code.js\" charset=\"utf-8\"><\/script><\/p>\n<p>Se realiz\u00f3 la presentaci\u00f3n de Luis como precandidato a concejal y nos coment\u00f3 c\u00f3mo vivi\u00f3 el evento desde el centro de Sierra de la Ventana. \u201cLa verdad que la gente muy entusiasmada, apoyando\u201d hizo referencia a quienes asistieron. Aunque admite que hubo mucha gente que se limit\u00f3 a participar debido a la pandemia, menciona que encararon la campa\u00f1a con fuerza.<\/p>\n<p>\u201cLo que tiene particularmente Sierra es que tiene mucho movimiento \u00faltimamente, hasta los d\u00edas de semana son movidos. Lo que pas\u00f3 en la presentaci\u00f3n fue que se quedaba mucha gente mirando, por ese lado, positivo\u201d expres\u00f3 en relaci\u00f3n a los turistas que tambi\u00e9n fueron parte del acto de presentaci\u00f3n.<\/p>\n<p><a title=\"Juntos Tornquist en Sierra (1)\" href=\"https:\/\/www.flickr.com\/photos\/182279889@N02\/51370576453\/in\/dateposted-public\/\" data-flickr-embed=\"true\"><img loading=\"lazy\" decoding=\"async\" src=\"https:\/\/live.staticflickr.com\/65535\/51370576453_39b16beb80_z.jpg\" alt=\"Juntos Tornquist en Sierra (1)\" width=\"512\" height=\"640\" \/><\/a><script async src=\"\/\/embedr.flickr.com\/assets\/client-code.js\" charset=\"utf-8\"><\/script><\/p>\n<p>&nbsp;<\/p>\n<p>Le preguntamos qu\u00e9 opinaba de la relaci\u00f3n entre el Honorable Concejo Deliberante y los habitantes del distrito. \u201cLo que se da con la instituci\u00f3n es que perdi\u00f3 el acercamiento con la gente, pero nuestro bloque siempre trata de estar cerca de los vecinos. Es verdad que la pandemia nos distanci\u00f3 mucho m\u00e1s pero no puede ser una excusa en esta elecci\u00f3n para no encontrarnos con los vecinos\u201d.<\/p>\n<p>&nbsp;<\/p>\n<p>\u201cQue el partido me haya elegido para que encabece la lista, es un orgullo grande y una gran responsabilidad. Hace 6\/7 a\u00f1os vivo en Tornquist pero no dejo de ser de Sierra de la Ventana, es raro que un no-nativo encabece la lista. Creo que los afiliados al partido me dieron una gran responsabilidad y tengo el apoyo del del partido\u201d respondi\u00f3 cuando le preguntamos c\u00f3mo viv\u00eda el hecho de ir primero como precandidato a Concejal.<\/p>\n<p>Cuando le preguntamos cu\u00e1les ser\u00edan los proyectos para Sierra de la Ventana que se impulsar\u00edan desde el frente \u201cJuntos\u201d, Luis contest\u00f3: \u201cNo se trata de tener un proyecto, sino la mejor propuesta es mejorar el funcionamiento de la instituci\u00f3n, en este caso, el HCD. \u00bfC\u00f3mo? Con las herramientas que cuenta el Concejo Deliberante para intervenir con el Ejecutivo para que muchas cosas mejoren\u201d.<\/p>\n<p><strong>Nota completa a continuaci\u00f3n:<\/strong><br \/>\n<iframe loading=\"lazy\" src=\"https:\/\/w.soundcloud.com\/player\/?url=https%3A\/\/api.soundcloud.com\/tracks\/1103452264&amp;color=%23ff5500&amp;auto_play=false&amp;hide_related=false&amp;show_comments=true&amp;show_user=true&amp;show_reposts=false&amp;show_teaser=true\" width=\"100%\" height=\"166\" frameborder=\"no\" scrolling=\"no\"><\/iframe><\/p>\n<div style=\"font-size: 10px; color: #cccccc; line-break: anywhere; word-break: normal; overflow: hidden; white-space: nowrap; text-overflow: ellipsis; font-family: Interstate,Lucida Grande,Lucida Sans Unicode,Lucida Sans,Garuda,Verdana,Tahoma,sans-serif; font-weight: 100;\"><a style=\"color: #cccccc; text-decoration: none;\" title=\"fmreflejos 103.7\" href=\"https:\/\/soundcloud.com\/fmreflejos-103-7\" target=\"_blank\" rel=\"noopener\">fmreflejos 103.7<\/a> \u00b7 <a style=\"color: #cccccc; text-decoration: none;\" title=\"Nota Luis Castro\" href=\"https:\/\/soundcloud.com\/fmreflejos-103-7\/nota-luis-castro\" target=\"_blank\" rel=\"noopener\">Nota Luis Castro<\/a><\/div>\n<p><a title=\"Juntos Tornquist en Sierra (3)\" href=\"https:\/\/www.flickr.com\/photos\/182279889@N02\/51371081729\/in\/dateposted-public\/\" data-flickr-embed=\"true\"><img loading=\"lazy\" decoding=\"async\" src=\"https:\/\/live.staticflickr.com\/65535\/51371081729_881882df5c_z.jpg\" alt=\"Juntos Tornquist en Sierra (3)\" width=\"640\" height=\"427\" \/><\/a><script async src=\"\/\/embedr.flickr.com\/assets\/client-code.js\" charset=\"utf-8\"><\/script><\/p>\n","protected":false},"excerpt":{"rendered":"<p>En el programa \u00abUn Mate y un Caf\u00e9\u00bb entrevistamos al Precandidato a Concejal en primer lugar de la lista del frente \u201cJuntos por Tornquist\u201d,\u00a0 integrada por la UCR, el pro, el socialismo y vecinos que forman parte de la misma. En esta nota, Luis comparte c\u00f3mo se sinti\u00f3 al presentarse, agradece el apoyo de afiliados [&hellip;]<\/p>\n","protected":false},"author":3,"featured_media":0,"comment_status":"closed","ping_status":"closed","sticky":false,"template":"","format":"standard","meta":{"footnotes":""},"categories":[24],"tags":[48],"class_list":["post-61359","post","type-post","status-publish","format-standard","hentry","category-politica","tag-destacada"],"yoast_head":"<!-- This site is optimized with the Yoast SEO plugin v25.9 - https:\/\/yoast.com\/wordpress\/plugins\/seo\/ -->\n<title>&quot;La mejor propuesta es mejorar el funcionamiento de la instituci\u00f3n, en este caso, el HCD. - Noticias Radio Reflejos<\/title>\n<meta name=\"robots\" content=\"index, follow, max-snippet:-1, max-image-preview:large, max-video-preview:-1\" \/>\n<link rel=\"canonical\" href=\"https:\/\/www.noticiasradioreflejos.com.ar\/2021\/61359-2\/\" \/>\n<meta property=\"og:locale\" content=\"es_ES\" \/>\n<meta property=\"og:type\" content=\"article\" \/>\n<meta property=\"og:title\" content=\"&quot;La mejor propuesta es mejorar el funcionamiento de la instituci\u00f3n, en este caso, el HCD. - Noticias Radio Reflejos\" \/>\n<meta property=\"og:description\" content=\"En el programa \u00abUn Mate y un Caf\u00e9\u00bb entrevistamos al Precandidato a Concejal en primer lugar de la lista del frente \u201cJuntos por Tornquist\u201d,\u00a0 integrada por la UCR, el pro, el socialismo y vecinos que forman parte de la misma. En esta nota, Luis comparte c\u00f3mo se sinti\u00f3 al presentarse, agradece el apoyo de afiliados [&hellip;]\" \/>\n<meta property=\"og:url\" content=\"https:\/\/www.noticiasradioreflejos.com.ar\/2021\/61359-2\/\" \/>\n<meta property=\"og:site_name\" content=\"Noticias Radio Reflejos\" \/>\n<meta property=\"article:published_time\" content=\"2021-08-10T22:22:40+00:00\" \/>\n<meta property=\"article:modified_time\" content=\"2021-08-10T23:13:31+00:00\" \/>\n<meta property=\"og:image\" content=\"https:\/\/live.staticflickr.com\/65535\/51371081679_4f043a259e_z.jpg\" \/>\n<meta name=\"author\" content=\"Arnaldo Botto\" \/>\n<meta name=\"twitter:card\" content=\"summary_large_image\" \/>\n<script type=\"application\/ld+json\" class=\"yoast-schema-graph\">{\"@context\":\"https:\/\/schema.org\",\"@graph\":[{\"@type\":\"WebPage\",\"@id\":\"https:\/\/www.noticiasradioreflejos.com.ar\/2021\/61359-2\/\",\"url\":\"https:\/\/www.noticiasradioreflejos.com.ar\/2021\/61359-2\/\",\"name\":\"\\\"La mejor propuesta es mejorar el funcionamiento de la instituci\u00f3n, en este caso, el HCD. - Noticias Radio Reflejos\",\"isPartOf\":{\"@id\":\"https:\/\/www.noticiasradioreflejos.com.ar\/2021\/#website\"},\"primaryImageOfPage\":{\"@id\":\"https:\/\/www.noticiasradioreflejos.com.ar\/2021\/61359-2\/#primaryimage\"},\"image\":{\"@id\":\"https:\/\/www.noticiasradioreflejos.com.ar\/2021\/61359-2\/#primaryimage\"},\"thumbnailUrl\":\"https:\/\/live.staticflickr.com\/65535\/51371081679_4f043a259e_z.jpg\",\"datePublished\":\"2021-08-10T22:22:40+00:00\",\"dateModified\":\"2021-08-10T23:13:31+00:00\",\"author\":{\"@id\":\"https:\/\/www.noticiasradioreflejos.com.ar\/2021\/#\/schema\/person\/ad82545263dcc5ec0996818884fd5fb1\"},\"breadcrumb\":{\"@id\":\"https:\/\/www.noticiasradioreflejos.com.ar\/2021\/61359-2\/#breadcrumb\"},\"inLanguage\":\"es\",\"potentialAction\":[{\"@type\":\"ReadAction\",\"target\":[\"https:\/\/www.noticiasradioreflejos.com.ar\/2021\/61359-2\/\"]}]},{\"@type\":\"ImageObject\",\"inLanguage\":\"es\",\"@id\":\"https:\/\/www.noticiasradioreflejos.com.ar\/2021\/61359-2\/#primaryimage\",\"url\":\"https:\/\/live.staticflickr.com\/65535\/51371081679_4f043a259e_z.jpg\",\"contentUrl\":\"https:\/\/live.staticflickr.com\/65535\/51371081679_4f043a259e_z.jpg\"},{\"@type\":\"BreadcrumbList\",\"@id\":\"https:\/\/www.noticiasradioreflejos.com.ar\/2021\/61359-2\/#breadcrumb\",\"itemListElement\":[{\"@type\":\"ListItem\",\"position\":1,\"name\":\"Portada\",\"item\":\"https:\/\/www.noticiasradioreflejos.com.ar\/2021\/\"},{\"@type\":\"ListItem\",\"position\":2,\"name\":\"\u00abLa mejor propuesta es mejorar el funcionamiento de la instituci\u00f3n, en este caso, el HCD.\"}]},{\"@type\":\"WebSite\",\"@id\":\"https:\/\/www.noticiasradioreflejos.com.ar\/2021\/#website\",\"url\":\"https:\/\/www.noticiasradioreflejos.com.ar\/2021\/\",\"name\":\"Noticias Radio Reflejos\",\"description\":\"Las noticias de mi comarca\",\"potentialAction\":[{\"@type\":\"SearchAction\",\"target\":{\"@type\":\"EntryPoint\",\"urlTemplate\":\"https:\/\/www.noticiasradioreflejos.com.ar\/2021\/?s={search_term_string}\"},\"query-input\":{\"@type\":\"PropertyValueSpecification\",\"valueRequired\":true,\"valueName\":\"search_term_string\"}}],\"inLanguage\":\"es\"},{\"@type\":\"Person\",\"@id\":\"https:\/\/www.noticiasradioreflejos.com.ar\/2021\/#\/schema\/person\/ad82545263dcc5ec0996818884fd5fb1\",\"name\":\"Arnaldo Botto\",\"image\":{\"@type\":\"ImageObject\",\"inLanguage\":\"es\",\"@id\":\"https:\/\/www.noticiasradioreflejos.com.ar\/2021\/#\/schema\/person\/image\/\",\"url\":\"https:\/\/secure.gravatar.com\/avatar\/55cb5e37c1efa326397366e6974cb338056df65cb50e7d64d1cf314e87504837?s=96&d=mm&r=g\",\"contentUrl\":\"https:\/\/secure.gravatar.com\/avatar\/55cb5e37c1efa326397366e6974cb338056df65cb50e7d64d1cf314e87504837?s=96&d=mm&r=g\",\"caption\":\"Arnaldo Botto\"},\"url\":\"https:\/\/www.noticiasradioreflejos.com.ar\/2021\/author\/arnaldo\/\"}]}<\/script>\n<!-- \/ Yoast SEO plugin. -->","yoast_head_json":{"title":"\"La mejor propuesta es mejorar el funcionamiento de la instituci\u00f3n, en este caso, el HCD. - Noticias Radio Reflejos","robots":{"index":"index","follow":"follow","max-snippet":"max-snippet:-1","max-image-preview":"max-image-preview:large","max-video-preview":"max-video-preview:-1"},"canonical":"https:\/\/www.noticiasradioreflejos.com.ar\/2021\/61359-2\/","og_locale":"es_ES","og_type":"article","og_title":"\"La mejor propuesta es mejorar el funcionamiento de la instituci\u00f3n, en este caso, el HCD. - Noticias Radio Reflejos","og_description":"En el programa \u00abUn Mate y un Caf\u00e9\u00bb entrevistamos al Precandidato a Concejal en primer lugar de la lista del frente \u201cJuntos por Tornquist\u201d,\u00a0 integrada por la UCR, el pro, el socialismo y vecinos que forman parte de la misma. En esta nota, Luis comparte c\u00f3mo se sinti\u00f3 al presentarse, agradece el apoyo de afiliados [&hellip;]","og_url":"https:\/\/www.noticiasradioreflejos.com.ar\/2021\/61359-2\/","og_site_name":"Noticias Radio Reflejos","article_published_time":"2021-08-10T22:22:40+00:00","article_modified_time":"2021-08-10T23:13:31+00:00","og_image":[{"url":"https:\/\/live.staticflickr.com\/65535\/51371081679_4f043a259e_z.jpg","type":"","width":"","height":""}],"author":"Arnaldo Botto","twitter_card":"summary_large_image","schema":{"@context":"https:\/\/schema.org","@graph":[{"@type":"WebPage","@id":"https:\/\/www.noticiasradioreflejos.com.ar\/2021\/61359-2\/","url":"https:\/\/www.noticiasradioreflejos.com.ar\/2021\/61359-2\/","name":"\"La mejor propuesta es mejorar el funcionamiento de la instituci\u00f3n, en este caso, el HCD. - Noticias Radio Reflejos","isPartOf":{"@id":"https:\/\/www.noticiasradioreflejos.com.ar\/2021\/#website"},"primaryImageOfPage":{"@id":"https:\/\/www.noticiasradioreflejos.com.ar\/2021\/61359-2\/#primaryimage"},"image":{"@id":"https:\/\/www.noticiasradioreflejos.com.ar\/2021\/61359-2\/#primaryimage"},"thumbnailUrl":"https:\/\/live.staticflickr.com\/65535\/51371081679_4f043a259e_z.jpg","datePublished":"2021-08-10T22:22:40+00:00","dateModified":"2021-08-10T23:13:31+00:00","author":{"@id":"https:\/\/www.noticiasradioreflejos.com.ar\/2021\/#\/schema\/person\/ad82545263dcc5ec0996818884fd5fb1"},"breadcrumb":{"@id":"https:\/\/www.noticiasradioreflejos.com.ar\/2021\/61359-2\/#breadcrumb"},"inLanguage":"es","potentialAction":[{"@type":"ReadAction","target":["https:\/\/www.noticiasradioreflejos.com.ar\/2021\/61359-2\/"]}]},{"@type":"ImageObject","inLanguage":"es","@id":"https:\/\/www.noticiasradioreflejos.com.ar\/2021\/61359-2\/#primaryimage","url":"https:\/\/live.staticflickr.com\/65535\/51371081679_4f043a259e_z.jpg","contentUrl":"https:\/\/live.staticflickr.com\/65535\/51371081679_4f043a259e_z.jpg"},{"@type":"BreadcrumbList","@id":"https:\/\/www.noticiasradioreflejos.com.ar\/2021\/61359-2\/#breadcrumb","itemListElement":[{"@type":"ListItem","position":1,"name":"Portada","item":"https:\/\/www.noticiasradioreflejos.com.ar\/2021\/"},{"@type":"ListItem","position":2,"name":"\u00abLa mejor propuesta es mejorar el funcionamiento de la instituci\u00f3n, en este caso, el HCD."}]},{"@type":"WebSite","@id":"https:\/\/www.noticiasradioreflejos.com.ar\/2021\/#website","url":"https:\/\/www.noticiasradioreflejos.com.ar\/2021\/","name":"Noticias Radio Reflejos","description":"Las noticias de mi comarca","potentialAction":[{"@type":"SearchAction","target":{"@type":"EntryPoint","urlTemplate":"https:\/\/www.noticiasradioreflejos.com.ar\/2021\/?s={search_term_string}"},"query-input":{"@type":"PropertyValueSpecification","valueRequired":true,"valueName":"search_term_string"}}],"inLanguage":"es"},{"@type":"Person","@id":"https:\/\/www.noticiasradioreflejos.com.ar\/2021\/#\/schema\/person\/ad82545263dcc5ec0996818884fd5fb1","name":"Arnaldo Botto","image":{"@type":"ImageObject","inLanguage":"es","@id":"https:\/\/www.noticiasradioreflejos.com.ar\/2021\/#\/schema\/person\/image\/","url":"https:\/\/secure.gravatar.com\/avatar\/55cb5e37c1efa326397366e6974cb338056df65cb50e7d64d1cf314e87504837?s=96&d=mm&r=g","contentUrl":"https:\/\/secure.gravatar.com\/avatar\/55cb5e37c1efa326397366e6974cb338056df65cb50e7d64d1cf314e87504837?s=96&d=mm&r=g","caption":"Arnaldo Botto"},"url":"https:\/\/www.noticiasradioreflejos.com.ar\/2021\/author\/arnaldo\/"}]}},"_links":{"self":[{"href":"https:\/\/www.noticiasradioreflejos.com.ar\/2021\/wp-json\/wp\/v2\/posts\/61359","targetHints":{"allow":["GET"]}}],"collection":[{"href":"https:\/\/www.noticiasradioreflejos.com.ar\/2021\/wp-json\/wp\/v2\/posts"}],"about":[{"href":"https:\/\/www.noticiasradioreflejos.com.ar\/2021\/wp-json\/wp\/v2\/types\/post"}],"author":[{"embeddable":true,"href":"https:\/\/www.noticiasradioreflejos.com.ar\/2021\/wp-json\/wp\/v2\/users\/3"}],"replies":[{"embeddable":true,"href":"https:\/\/www.noticiasradioreflejos.com.ar\/2021\/wp-json\/wp\/v2\/comments?post=61359"}],"version-history":[{"count":4,"href":"https:\/\/www.noticiasradioreflejos.com.ar\/2021\/wp-json\/wp\/v2\/posts\/61359\/revisions"}],"predecessor-version":[{"id":61364,"href":"https:\/\/www.noticiasradioreflejos.com.ar\/2021\/wp-json\/wp\/v2\/posts\/61359\/revisions\/61364"}],"wp:attachment":[{"href":"https:\/\/www.noticiasradioreflejos.com.ar\/2021\/wp-json\/wp\/v2\/media?parent=61359"}],"wp:term":[{"taxonomy":"category","embeddable":true,"href":"https:\/\/www.noticiasradioreflejos.com.ar\/2021\/wp-json\/wp\/v2\/categories?post=61359"},{"taxonomy":"post_tag","embeddable":true,"href":"https:\/\/www.noticiasradioreflejos.com.ar\/2021\/wp-json\/wp\/v2\/tags?post=61359"}],"curies":[{"name":"wp","href":"https:\/\/api.w.org\/{rel}","templated":true}]}}