{"id":61354,"date":"2021-08-10T19:17:46","date_gmt":"2021-08-10T19:17:46","guid":{"rendered":"http:\/\/www.noticiasradioreflejos.com.ar\/2021\/?p=61354"},"modified":"2021-08-10T19:17:46","modified_gmt":"2021-08-10T19:17:46","slug":"subio-24-la-tarifa-de-electricidad-para-grandes-usuarios-pero-no-para-comercios-y-hogares","status":"publish","type":"post","link":"https:\/\/www.noticiasradioreflejos.com.ar\/2021\/subio-24-la-tarifa-de-electricidad-para-grandes-usuarios-pero-no-para-comercios-y-hogares\/","title":{"rendered":"Subi\u00f3 24% la tarifa de electricidad para grandes usuarios, pero no para comercios y hogares"},"content":{"rendered":"<div class=\"head-content\">\n<div class=\"addthis_custom_sharing\" data-url=\"https:\/\/www.telam.com.ar\/notas\/202108\/564566-el-enre-aplicara-una-actualizacion-de-precios-del-24-para-2000-grandes-usuarios.html\" data-title=\"Subi\u00f3 24% la tarifa de electricidad para grandes usuarios, pero no para comercios y hogares\" data-description=\"El aumento no llega a usuarios residenciales, sino que impacta s\u00f3lo en 2000 Grandes Usuarios de Distribuci\u00f3n que consumen m\u00e1s de 300 kilovatios y que le compran a las distribuidoras.\">\n<div id=\"atstbx\" class=\"at-resp-share-element at-style-responsive addthis-smartlayers addthis-animated at4-show\" role=\"region\" aria-labelledby=\"at-b0bd9afa-e029-4064-b394-262af3ffa6e0\">\n<div class=\"at-share-btn-elements\">El Ente Regulador de la Electricidad (ENRE) aplic\u00f3 la actualizaci\u00f3n del cuadro tarifario para las distribuidoras de energ\u00eda el\u00e9ctrica del \u00c1rea Metropolitana de Buenos Aires (AMBA), Edenor y Edesur, que representa <strong>un aumento de 24% en las tarifas para 2.000 grandes usuarios, pero no modifica el actual cuadro tarifario de hogares y comercios<\/strong>.<\/div>\n<\/div>\n<\/div>\n<\/div>\n<p><!--more--><\/p>\n<div class=\"main-content-block\">\n<div class=\"main-box clearfix\">\n<div class=\"wrapper-main-section clearfix\">\n<div class=\"wrapper-editable-content\">\n<div class=\"editable-content clearfix\">\n\u00abEl aumento es para los Grandes Usuarios de la Distribuidora (Gudis) en un 24% aproximado en relaci\u00f3n al precio de la energ\u00eda de estos usuarios\u00bb, precisaron a T\u00e9lam desde el ENRE.<\/p>\n<p>En tanto que puntualizaron que \u00ab<strong>se mantiene el actual nivel tarifario para hogares, comercios y grandes usuarios p\u00fablicos de salud y educaci\u00f3n<\/strong>, quienes ser\u00e1n informados en sus facturas del monto del subsidio que reciben por parte del Estado Nacional\u00bb.<\/p>\n<p>Desde Edenor tambi\u00e9n subrayaron que \u00ab<strong>la suba no llega a usuarios residenciales<\/strong>\u00ab, sino que indicaron que \u00abimpacta s\u00f3lo en los Gudis, es decir, los Grandes Usuarios de Distribuci\u00f3n que consumen m\u00e1s de 300 kilovatios y que le compran a las distribuidoras, y no directamente al Mercado El\u00e9ctrico Mayorista (MEM)\u00bb.<\/p>\n<p>Al respecto, precisaron que \u00abel aumento es del 24% en el MEM, del 19% promedio para usuarios en media tensi\u00f3n y del 16% para usuarios en baja tensi\u00f3n\u00bb.<\/p>\n<p>La actualizaci\u00f3n se hizo a trav\u00e9s de las resoluciones 262\/2021 y 263\/2021 publicadas en el Bolet\u00edn Oficial, por las que tambi\u00e9n instruy\u00f3 a las distribuidoras a\u00a0<strong>incorporar en la factura el monto subsidiado por el Estado Nacional<\/strong>.<\/p>\n<div id=\"image\" class=\"image\"><img decoding=\"async\" title=\"&quot;Continuamos trabajando con el objetivo de velar por la preservaci\u00f3n de la econom\u00eda de los hogares y la reactivaci\u00f3n productiva de la actividad econ\u00f3mica y productiva de la Argentina&quot;, aseguraron desde el organismo que preside Soledad Man\u00edn.\" src=\"https:\/\/www.telam.com.ar\/advf\/imagenes\/editadas\/60632367ce5d3_1004x564.jpg\" alt=\"&quot;Continuamos trabajando con el objetivo de velar por la preservaci\u00f3n de la econom\u00eda de los hogares y la reactivaci\u00f3n productiva de la actividad econ\u00f3mica y productiva de la Argentina&quot;, aseguraron desde el organismo que preside Soledad Man\u00edn.\" \/><\/p>\n<div class=\"epigrafe\">\u00abContinuamos trabajando con el objetivo de velar por la preservaci\u00f3n de la econom\u00eda de los hogares y la reactivaci\u00f3n productiva de la actividad econ\u00f3mica y productiva de la Argentina\u00bb, aseguraron desde el organismo que preside Soledad Man\u00edn.<\/div>\n<\/div>\n<p>Se trata de lo establecido en la resoluci\u00f3n 748\/2021 del 3 de agosto \u00faltimo, por la cual la Secretar\u00eda de Energ\u00eda aprob\u00f3 la \u00faltima reprogramaci\u00f3n trimestral de los precios de la energ\u00eda para el MEM a nivel nacional.<\/p>\n<p>Ahora, el ENRE estableci\u00f3 los cargos que deber\u00e1n implementar, en sus respectivas \u00e1reas, las concesionarias del servicio p\u00fablico de distribuci\u00f3n de energ\u00eda el\u00e9ctrica Edenor y Edesur a las personas usuarias residenciales, no residenciales y grandes usuarios.<\/p>\n<p>En el caso de\u00a0<strong>Edenor<\/strong>, que cuenta con 721 Gudis, a partir del 1 de agosto \u00faltimo, el valor de la tarifa media asciende a\u00a0<strong>$ 5,280<\/strong>\u00a0por kilovatio hora (kWh); y para\u00a0<strong>Edesur<\/strong>, con 1.280 grandes usuarios, a\u00a0<strong>$ 5,176<\/strong>.<\/p>\n<p>\u00abLa actualizaci\u00f3n refleja la modificaci\u00f3n estacional del precio de la energ\u00eda y es independiente de los ingresos de las empresas de transporte y distribuci\u00f3n\u00bb, explicaron desde el Ente que conduce\u00a0<strong>Soledad Man\u00edn<\/strong>.<\/p>\n<p>De acuerdo con lo establecido por la Secretar\u00eda de Energ\u00eda, el Ente Regulador orden\u00f3 a las concesionarias a determinar en funci\u00f3n de los consumos de las personas usuarias, el subsidio correspondiente por cada factura, el cual deber\u00e1 figurar de manera destacada con la leyenda \u00abSubsidio Estado Nacional\u00bb.<\/p>\n<p>\u00abDesde el Ente Nacional Regulador de la Electricidad continuamos trabajando con el objetivo de velar por la preservaci\u00f3n de la econom\u00eda de los hogares y la reactivaci\u00f3n productiva de la actividad econ\u00f3mica y productiva de la Argentina\u00bb, aseguraron.<\/p><\/div>\n<\/div>\n<\/div>\n<\/div>\n<\/div>\n","protected":false},"excerpt":{"rendered":"<p>El Ente Regulador de la Electricidad (ENRE) aplic\u00f3 la actualizaci\u00f3n del cuadro tarifario para las distribuidoras de energ\u00eda el\u00e9ctrica del \u00c1rea Metropolitana de Buenos Aires (AMBA), Edenor y Edesur, que representa un aumento de 24% en las tarifas para 2.000 grandes usuarios, pero no modifica el actual cuadro tarifario de hogares y comercios.<\/p>\n","protected":false},"author":3,"featured_media":0,"comment_status":"closed","ping_status":"closed","sticky":false,"template":"","format":"standard","meta":{"footnotes":""},"categories":[36,24],"tags":[],"class_list":["post-61354","post","type-post","status-publish","format-standard","hentry","category-economia","category-politica"],"yoast_head":"<!-- This site is optimized with the Yoast SEO plugin v25.9 - https:\/\/yoast.com\/wordpress\/plugins\/seo\/ -->\n<title>Subi\u00f3 24% la tarifa de electricidad para grandes usuarios, pero no para comercios y hogares - Noticias Radio Reflejos<\/title>\n<meta name=\"robots\" content=\"index, follow, max-snippet:-1, max-image-preview:large, max-video-preview:-1\" \/>\n<link rel=\"canonical\" href=\"https:\/\/www.noticiasradioreflejos.com.ar\/2021\/subio-24-la-tarifa-de-electricidad-para-grandes-usuarios-pero-no-para-comercios-y-hogares\/\" \/>\n<meta property=\"og:locale\" content=\"es_ES\" \/>\n<meta property=\"og:type\" content=\"article\" \/>\n<meta property=\"og:title\" content=\"Subi\u00f3 24% la tarifa de electricidad para grandes usuarios, pero no para comercios y hogares - Noticias Radio Reflejos\" \/>\n<meta property=\"og:description\" content=\"El Ente Regulador de la Electricidad (ENRE) aplic\u00f3 la actualizaci\u00f3n del cuadro tarifario para las distribuidoras de energ\u00eda el\u00e9ctrica del \u00c1rea Metropolitana de Buenos Aires (AMBA), Edenor y Edesur, que representa un aumento de 24% en las tarifas para 2.000 grandes usuarios, pero no modifica el actual cuadro tarifario de hogares y comercios.\" \/>\n<meta property=\"og:url\" content=\"https:\/\/www.noticiasradioreflejos.com.ar\/2021\/subio-24-la-tarifa-de-electricidad-para-grandes-usuarios-pero-no-para-comercios-y-hogares\/\" \/>\n<meta property=\"og:site_name\" content=\"Noticias Radio Reflejos\" \/>\n<meta property=\"article:published_time\" content=\"2021-08-10T19:17:46+00:00\" \/>\n<meta property=\"og:image\" content=\"https:\/\/www.telam.com.ar\/advf\/imagenes\/editadas\/60632367ce5d3_1004x564.jpg\" \/>\n<meta name=\"author\" content=\"Arnaldo Botto\" \/>\n<meta name=\"twitter:card\" content=\"summary_large_image\" \/>\n<script type=\"application\/ld+json\" class=\"yoast-schema-graph\">{\"@context\":\"https:\/\/schema.org\",\"@graph\":[{\"@type\":\"WebPage\",\"@id\":\"https:\/\/www.noticiasradioreflejos.com.ar\/2021\/subio-24-la-tarifa-de-electricidad-para-grandes-usuarios-pero-no-para-comercios-y-hogares\/\",\"url\":\"https:\/\/www.noticiasradioreflejos.com.ar\/2021\/subio-24-la-tarifa-de-electricidad-para-grandes-usuarios-pero-no-para-comercios-y-hogares\/\",\"name\":\"Subi\u00f3 24% la tarifa de electricidad para grandes usuarios, pero no para comercios y hogares - Noticias Radio Reflejos\",\"isPartOf\":{\"@id\":\"https:\/\/www.noticiasradioreflejos.com.ar\/2021\/#website\"},\"primaryImageOfPage\":{\"@id\":\"https:\/\/www.noticiasradioreflejos.com.ar\/2021\/subio-24-la-tarifa-de-electricidad-para-grandes-usuarios-pero-no-para-comercios-y-hogares\/#primaryimage\"},\"image\":{\"@id\":\"https:\/\/www.noticiasradioreflejos.com.ar\/2021\/subio-24-la-tarifa-de-electricidad-para-grandes-usuarios-pero-no-para-comercios-y-hogares\/#primaryimage\"},\"thumbnailUrl\":\"https:\/\/www.telam.com.ar\/advf\/imagenes\/editadas\/60632367ce5d3_1004x564.jpg\",\"datePublished\":\"2021-08-10T19:17:46+00:00\",\"author\":{\"@id\":\"https:\/\/www.noticiasradioreflejos.com.ar\/2021\/#\/schema\/person\/ad82545263dcc5ec0996818884fd5fb1\"},\"breadcrumb\":{\"@id\":\"https:\/\/www.noticiasradioreflejos.com.ar\/2021\/subio-24-la-tarifa-de-electricidad-para-grandes-usuarios-pero-no-para-comercios-y-hogares\/#breadcrumb\"},\"inLanguage\":\"es\",\"potentialAction\":[{\"@type\":\"ReadAction\",\"target\":[\"https:\/\/www.noticiasradioreflejos.com.ar\/2021\/subio-24-la-tarifa-de-electricidad-para-grandes-usuarios-pero-no-para-comercios-y-hogares\/\"]}]},{\"@type\":\"ImageObject\",\"inLanguage\":\"es\",\"@id\":\"https:\/\/www.noticiasradioreflejos.com.ar\/2021\/subio-24-la-tarifa-de-electricidad-para-grandes-usuarios-pero-no-para-comercios-y-hogares\/#primaryimage\",\"url\":\"https:\/\/www.telam.com.ar\/advf\/imagenes\/editadas\/60632367ce5d3_1004x564.jpg\",\"contentUrl\":\"https:\/\/www.telam.com.ar\/advf\/imagenes\/editadas\/60632367ce5d3_1004x564.jpg\"},{\"@type\":\"BreadcrumbList\",\"@id\":\"https:\/\/www.noticiasradioreflejos.com.ar\/2021\/subio-24-la-tarifa-de-electricidad-para-grandes-usuarios-pero-no-para-comercios-y-hogares\/#breadcrumb\",\"itemListElement\":[{\"@type\":\"ListItem\",\"position\":1,\"name\":\"Portada\",\"item\":\"https:\/\/www.noticiasradioreflejos.com.ar\/2021\/\"},{\"@type\":\"ListItem\",\"position\":2,\"name\":\"Subi\u00f3 24% la tarifa de electricidad para grandes usuarios, pero no para comercios y hogares\"}]},{\"@type\":\"WebSite\",\"@id\":\"https:\/\/www.noticiasradioreflejos.com.ar\/2021\/#website\",\"url\":\"https:\/\/www.noticiasradioreflejos.com.ar\/2021\/\",\"name\":\"Noticias Radio Reflejos\",\"description\":\"Las noticias de mi comarca\",\"potentialAction\":[{\"@type\":\"SearchAction\",\"target\":{\"@type\":\"EntryPoint\",\"urlTemplate\":\"https:\/\/www.noticiasradioreflejos.com.ar\/2021\/?s={search_term_string}\"},\"query-input\":{\"@type\":\"PropertyValueSpecification\",\"valueRequired\":true,\"valueName\":\"search_term_string\"}}],\"inLanguage\":\"es\"},{\"@type\":\"Person\",\"@id\":\"https:\/\/www.noticiasradioreflejos.com.ar\/2021\/#\/schema\/person\/ad82545263dcc5ec0996818884fd5fb1\",\"name\":\"Arnaldo Botto\",\"image\":{\"@type\":\"ImageObject\",\"inLanguage\":\"es\",\"@id\":\"https:\/\/www.noticiasradioreflejos.com.ar\/2021\/#\/schema\/person\/image\/\",\"url\":\"https:\/\/secure.gravatar.com\/avatar\/55cb5e37c1efa326397366e6974cb338056df65cb50e7d64d1cf314e87504837?s=96&d=mm&r=g\",\"contentUrl\":\"https:\/\/secure.gravatar.com\/avatar\/55cb5e37c1efa326397366e6974cb338056df65cb50e7d64d1cf314e87504837?s=96&d=mm&r=g\",\"caption\":\"Arnaldo Botto\"},\"url\":\"https:\/\/www.noticiasradioreflejos.com.ar\/2021\/author\/arnaldo\/\"}]}<\/script>\n<!-- \/ Yoast SEO plugin. -->","yoast_head_json":{"title":"Subi\u00f3 24% la tarifa de electricidad para grandes usuarios, pero no para comercios y hogares - Noticias Radio Reflejos","robots":{"index":"index","follow":"follow","max-snippet":"max-snippet:-1","max-image-preview":"max-image-preview:large","max-video-preview":"max-video-preview:-1"},"canonical":"https:\/\/www.noticiasradioreflejos.com.ar\/2021\/subio-24-la-tarifa-de-electricidad-para-grandes-usuarios-pero-no-para-comercios-y-hogares\/","og_locale":"es_ES","og_type":"article","og_title":"Subi\u00f3 24% la tarifa de electricidad para grandes usuarios, pero no para comercios y hogares - Noticias Radio Reflejos","og_description":"El Ente Regulador de la Electricidad (ENRE) aplic\u00f3 la actualizaci\u00f3n del cuadro tarifario para las distribuidoras de energ\u00eda el\u00e9ctrica del \u00c1rea Metropolitana de Buenos Aires (AMBA), Edenor y Edesur, que representa un aumento de 24% en las tarifas para 2.000 grandes usuarios, pero no modifica el actual cuadro tarifario de hogares y comercios.","og_url":"https:\/\/www.noticiasradioreflejos.com.ar\/2021\/subio-24-la-tarifa-de-electricidad-para-grandes-usuarios-pero-no-para-comercios-y-hogares\/","og_site_name":"Noticias Radio Reflejos","article_published_time":"2021-08-10T19:17:46+00:00","og_image":[{"url":"https:\/\/www.telam.com.ar\/advf\/imagenes\/editadas\/60632367ce5d3_1004x564.jpg","type":"","width":"","height":""}],"author":"Arnaldo Botto","twitter_card":"summary_large_image","schema":{"@context":"https:\/\/schema.org","@graph":[{"@type":"WebPage","@id":"https:\/\/www.noticiasradioreflejos.com.ar\/2021\/subio-24-la-tarifa-de-electricidad-para-grandes-usuarios-pero-no-para-comercios-y-hogares\/","url":"https:\/\/www.noticiasradioreflejos.com.ar\/2021\/subio-24-la-tarifa-de-electricidad-para-grandes-usuarios-pero-no-para-comercios-y-hogares\/","name":"Subi\u00f3 24% la tarifa de electricidad para grandes usuarios, pero no para comercios y hogares - Noticias Radio Reflejos","isPartOf":{"@id":"https:\/\/www.noticiasradioreflejos.com.ar\/2021\/#website"},"primaryImageOfPage":{"@id":"https:\/\/www.noticiasradioreflejos.com.ar\/2021\/subio-24-la-tarifa-de-electricidad-para-grandes-usuarios-pero-no-para-comercios-y-hogares\/#primaryimage"},"image":{"@id":"https:\/\/www.noticiasradioreflejos.com.ar\/2021\/subio-24-la-tarifa-de-electricidad-para-grandes-usuarios-pero-no-para-comercios-y-hogares\/#primaryimage"},"thumbnailUrl":"https:\/\/www.telam.com.ar\/advf\/imagenes\/editadas\/60632367ce5d3_1004x564.jpg","datePublished":"2021-08-10T19:17:46+00:00","author":{"@id":"https:\/\/www.noticiasradioreflejos.com.ar\/2021\/#\/schema\/person\/ad82545263dcc5ec0996818884fd5fb1"},"breadcrumb":{"@id":"https:\/\/www.noticiasradioreflejos.com.ar\/2021\/subio-24-la-tarifa-de-electricidad-para-grandes-usuarios-pero-no-para-comercios-y-hogares\/#breadcrumb"},"inLanguage":"es","potentialAction":[{"@type":"ReadAction","target":["https:\/\/www.noticiasradioreflejos.com.ar\/2021\/subio-24-la-tarifa-de-electricidad-para-grandes-usuarios-pero-no-para-comercios-y-hogares\/"]}]},{"@type":"ImageObject","inLanguage":"es","@id":"https:\/\/www.noticiasradioreflejos.com.ar\/2021\/subio-24-la-tarifa-de-electricidad-para-grandes-usuarios-pero-no-para-comercios-y-hogares\/#primaryimage","url":"https:\/\/www.telam.com.ar\/advf\/imagenes\/editadas\/60632367ce5d3_1004x564.jpg","contentUrl":"https:\/\/www.telam.com.ar\/advf\/imagenes\/editadas\/60632367ce5d3_1004x564.jpg"},{"@type":"BreadcrumbList","@id":"https:\/\/www.noticiasradioreflejos.com.ar\/2021\/subio-24-la-tarifa-de-electricidad-para-grandes-usuarios-pero-no-para-comercios-y-hogares\/#breadcrumb","itemListElement":[{"@type":"ListItem","position":1,"name":"Portada","item":"https:\/\/www.noticiasradioreflejos.com.ar\/2021\/"},{"@type":"ListItem","position":2,"name":"Subi\u00f3 24% la tarifa de electricidad para grandes usuarios, pero no para comercios y hogares"}]},{"@type":"WebSite","@id":"https:\/\/www.noticiasradioreflejos.com.ar\/2021\/#website","url":"https:\/\/www.noticiasradioreflejos.com.ar\/2021\/","name":"Noticias Radio Reflejos","description":"Las noticias de mi comarca","potentialAction":[{"@type":"SearchAction","target":{"@type":"EntryPoint","urlTemplate":"https:\/\/www.noticiasradioreflejos.com.ar\/2021\/?s={search_term_string}"},"query-input":{"@type":"PropertyValueSpecification","valueRequired":true,"valueName":"search_term_string"}}],"inLanguage":"es"},{"@type":"Person","@id":"https:\/\/www.noticiasradioreflejos.com.ar\/2021\/#\/schema\/person\/ad82545263dcc5ec0996818884fd5fb1","name":"Arnaldo Botto","image":{"@type":"ImageObject","inLanguage":"es","@id":"https:\/\/www.noticiasradioreflejos.com.ar\/2021\/#\/schema\/person\/image\/","url":"https:\/\/secure.gravatar.com\/avatar\/55cb5e37c1efa326397366e6974cb338056df65cb50e7d64d1cf314e87504837?s=96&d=mm&r=g","contentUrl":"https:\/\/secure.gravatar.com\/avatar\/55cb5e37c1efa326397366e6974cb338056df65cb50e7d64d1cf314e87504837?s=96&d=mm&r=g","caption":"Arnaldo Botto"},"url":"https:\/\/www.noticiasradioreflejos.com.ar\/2021\/author\/arnaldo\/"}]}},"_links":{"self":[{"href":"https:\/\/www.noticiasradioreflejos.com.ar\/2021\/wp-json\/wp\/v2\/posts\/61354","targetHints":{"allow":["GET"]}}],"collection":[{"href":"https:\/\/www.noticiasradioreflejos.com.ar\/2021\/wp-json\/wp\/v2\/posts"}],"about":[{"href":"https:\/\/www.noticiasradioreflejos.com.ar\/2021\/wp-json\/wp\/v2\/types\/post"}],"author":[{"embeddable":true,"href":"https:\/\/www.noticiasradioreflejos.com.ar\/2021\/wp-json\/wp\/v2\/users\/3"}],"replies":[{"embeddable":true,"href":"https:\/\/www.noticiasradioreflejos.com.ar\/2021\/wp-json\/wp\/v2\/comments?post=61354"}],"version-history":[{"count":1,"href":"https:\/\/www.noticiasradioreflejos.com.ar\/2021\/wp-json\/wp\/v2\/posts\/61354\/revisions"}],"predecessor-version":[{"id":61356,"href":"https:\/\/www.noticiasradioreflejos.com.ar\/2021\/wp-json\/wp\/v2\/posts\/61354\/revisions\/61356"}],"wp:attachment":[{"href":"https:\/\/www.noticiasradioreflejos.com.ar\/2021\/wp-json\/wp\/v2\/media?parent=61354"}],"wp:term":[{"taxonomy":"category","embeddable":true,"href":"https:\/\/www.noticiasradioreflejos.com.ar\/2021\/wp-json\/wp\/v2\/categories?post=61354"},{"taxonomy":"post_tag","embeddable":true,"href":"https:\/\/www.noticiasradioreflejos.com.ar\/2021\/wp-json\/wp\/v2\/tags?post=61354"}],"curies":[{"name":"wp","href":"https:\/\/api.w.org\/{rel}","templated":true}]}}