{"id":61347,"date":"2021-08-10T16:32:58","date_gmt":"2021-08-10T16:32:58","guid":{"rendered":"http:\/\/www.noticiasradioreflejos.com.ar\/2021\/?p=61347"},"modified":"2021-08-10T16:32:58","modified_gmt":"2021-08-10T16:32:58","slug":"rige-un-nuevo-sistema-de-fases-en-la-provincia-de-buenos-aires","status":"publish","type":"post","link":"https:\/\/www.noticiasradioreflejos.com.ar\/2021\/rige-un-nuevo-sistema-de-fases-en-la-provincia-de-buenos-aires\/","title":{"rendered":"Rige un nuevo sistema de fases en la provincia de Buenos Aires"},"content":{"rendered":"<p>El gobierno bonaerense modific\u00f3 el sistema de fases que reg\u00eda desde junio de 2020 y estableci\u00f3 una nueva estrategia de gesti\u00f3n de la pandemia de coronavirus en la que los municipios formar\u00e1n parte de la<strong>\u00a0\u00abfase general\u00bb\u00a0<\/strong>o en una\u00a0<strong>\u00abde reserva\u00bb<\/strong>, en base a los indicadores de la situaci\u00f3n sanitaria y epidemiol\u00f3gica.<!--more--><\/p>\n<p>As\u00ed lo explic\u00f3 el jefe de Gabinete de la provincia, Carlos Bianco, durante una conferencia de prensa que encabez\u00f3 en la Casa de Gobierno, en La Plata, en la que dijo que el sistema va \u00aben consonancia con las nuevas normativas dispuestas el viernes por el gobierno nacional\u00bb.De ese modo, el decreto 583 que firm\u00f3 el gobernador Axel Kicillof y que se publicar\u00e1 este martes en el Bolet\u00edn Oficial del distrito, dispone que se actualiza el sistema de fases.<\/p>\n<blockquote class=\"twitter-tweet\" data-width=\"500\" data-dnt=\"true\">\n<p lang=\"es\" dir=\"ltr\">Junto al ministro <a href=\"https:\/\/twitter.com\/nkreplak?ref_src=twsrc%5Etfw\">@nkreplak<\/a> presentamos el informe semanal sobre la situaci\u00f3n epidemiol\u00f3gica y la gesti\u00f3n de las medidas de cuidado. Seg\u00fan dispuso el Gobierno nacional, a partir de hoy aplicaremos una fase general en todo el territorio de la provincia. <a href=\"https:\/\/t.co\/s2pDD62jdW\">pic.twitter.com\/s2pDD62jdW<\/a><\/p>\n<p>&mdash; Carli Bianco (@Carli_Bianco) <a href=\"https:\/\/twitter.com\/Carli_Bianco\/status\/1425114054193041408?ref_src=twsrc%5Etfw\">August 10, 2021<\/a><\/p><\/blockquote>\n<p><script async src=\"https:\/\/platform.twitter.com\/widgets.js\" charset=\"utf-8\"><\/script><\/p>\n<p>\u00abDesaparecen las fases de alto, medio y bajo riesgo sanitario y epidemiol\u00f3gico (fases 2, 3 y 4). S\u00f3lo contaremos con dos fases: la general, que aplica a toda la provincia de Buenos Aires, y la de reserva, que es la de alarma sanitaria y epidemiol\u00f3gica\u00bb, explic\u00f3 Bianco.<\/p>\n<p>Sostuvo que en la fase general, en la que actualmente se encuentran los 135 municipios, se pueden llevar adelante distintas actividades recreativas, culturales, comerciales o de servicios.<\/p>\n<blockquote><p>\u00abDesaparecen las fases de alto, medio y bajo riesgo sanitario y epidemiol\u00f3gico. S\u00f3lo contaremos con dos: la general, que aplica a toda la provincia, y la de reserva, que es la de alarma sanitaria y epidemiol\u00f3gica\u00bb<\/p>\n<div class=\"sign\">CARLOS BIANCO<\/div>\n<\/blockquote>\n<div class=\"auth\">Fase general<\/div>\n<p>El funcionario recal\u00f3 que en esas actividades en espacios cerrados \u00abel aforo es de hasta el 70%, salvo bingos o casinos, que es del 30%\u00bb.<\/p>\n<p>No obstante, remarc\u00f3 que \u00ab<strong>quedan suspendidos viajes grupales, reuniones sociales de m\u00e1s de 10 personas<\/strong>\u00a0en el interior de las viviendas, las reuniones de m\u00e1s de 20 personas \u200ben espacios exteriores, las reuniones en espacios p\u00fablicos de m\u00e1s de 100 personas, las actividades en discotecas, salones de fiestas o de baile\u00bb.<\/p>\n<p>\u00abS\u00ed se pueden realizar eventos masivos hasta 1.000 personas\u00bb, destac\u00f3.<\/p>\n<div class=\"auth\">Fase de reserva, de alarma epidemiol\u00f3gica y sanitaria<\/div>\n<p>Respecto a la fase de reserva, de alarma epidemiol\u00f3gica y sanitaria, expres\u00f3 que \u00aben caso de que tenga que ponerse en vigencia,\u00a0<strong>s\u00f3lo se aplicar\u00e1 en aglomerados urbanos o distritos de m\u00e1s de 300 mil personas<\/strong>; es decir, en el AMBA 40 o en los municipios de Mar del Plata y Bah\u00eda Blanca\u00bb.<\/p>\n<p>\u00abLos par\u00e1metros nuevos que estableci\u00f3 el gobierno nacional y que la provincia ha adoptado, a partir de los cuales eventualmente esos municipios pasar\u00edan a fase de reserva, son dos: una ocupaci\u00f3n de camas UTI superior al 80% y adem\u00e1s una variaci\u00f3n porcentual un 20% superior a la semana previa de las internaciones en UTI\u00bb, detall\u00f3 Bianco.<\/p>\n<p>Sostuvo que en esos casos, hay\u00a0<strong>\u00abrestricci\u00f3n de circular de 20 a 6 horas, se proh\u00edbe cualquier tipo de evento masivo, hay un aforo m\u00e1ximo de 50% para actividades econ\u00f3micas, comerciales y de servicios, y del 30% en actividades recreativas, culturales y religiosas\u00bb.<\/strong><\/p>\n<blockquote><p>\u00abHay seguir cumpliendo protocolos y manteniendo los cuidados como uso de barbijo, ventilaci\u00f3n y distanciamiento\u00bb.<\/p>\n<div class=\"sign\">CARLOS BIANCO<\/div>\n<\/blockquote>\n<p>Tambi\u00e9n puntualiz\u00f3 que en la fase de reserva \u00ab<strong>no se pueden realizar reuniones sociales en domicilios particulares ni en espacios p\u00fablicos al aire libre\u00bb e indic\u00f3 que \u00abel transporte p\u00fablico s\u00f3lo podr\u00eda ser utilizado por personal esencial\u00bb<\/strong>.<\/p>\n<p>\u00abToda la provincia se encuadra ahora en la fase general. Hoy en d\u00eda no tenemos distrito en situaci\u00f3n de alarma sanitaria\u00bb, celebr\u00f3 y atribuy\u00f3 ese hecho a los cuidados mantenidos por los bonaerenses y al avance de la campa\u00f1a de vacunaci\u00f3n.<\/p>\n<p>Con todo, para el funcionario<strong>\u00a0\u00abla pandemia no termin\u00f3\u00bb,<\/strong>\u00a0y si bien celebr\u00f3 el descenso de contagios y fallecimientos, as\u00ed como la menor ocupaci\u00f3n de camas de terapia, remarc\u00f3 la necesidad de \u00abseguir cumpliendo protocolos y manteniendo los cuidados como uso de barbijo, ventilaci\u00f3n y distanciamiento\u00bb.<\/p>\n<div id=\"image\" class=\"image\">\n<p><img decoding=\"async\" title=\"Se debe seguir utilizando el barbijo y el distanciamiento social.\" src=\"https:\/\/www.telam.com.ar\/advf\/imagenes\/2021\/03\/604532aecb284_1004x565.jpg\" alt=\"Se debe seguir utilizando el barbijo y el distanciamiento social.\" \/><\/p>\n<div class=\"epigrafe\">Se debe seguir utilizando el barbijo y el distanciamiento social.<\/div>\n<\/div>\n<p>\u00abEstamos en una situaci\u00f3n m\u00e1s holgada, pero nos tenemos que seguir cuidando. Agosto es el mes de las segundas dosis. Tenemos que terminar de inmunizar a toda la poblaci\u00f3n, como corresponde, como es el derecho de todos los bonaerenses\u00bb, concluy\u00f3 Bianco.<\/p>\n","protected":false},"excerpt":{"rendered":"<p>El gobierno bonaerense modific\u00f3 el sistema de fases que reg\u00eda desde junio de 2020 y estableci\u00f3 una nueva estrategia de gesti\u00f3n de la pandemia de coronavirus en la que los municipios formar\u00e1n parte de la\u00a0\u00abfase general\u00bb\u00a0o en una\u00a0\u00abde reserva\u00bb, en base a los indicadores de la situaci\u00f3n sanitaria y epidemiol\u00f3gica.<\/p>\n","protected":false},"author":3,"featured_media":0,"comment_status":"closed","ping_status":"closed","sticky":false,"template":"","format":"standard","meta":{"footnotes":""},"categories":[24],"tags":[],"class_list":["post-61347","post","type-post","status-publish","format-standard","hentry","category-politica"],"yoast_head":"<!-- This site is optimized with the Yoast SEO plugin v25.9 - https:\/\/yoast.com\/wordpress\/plugins\/seo\/ -->\n<title>Rige un nuevo sistema de fases en la provincia de Buenos Aires - Noticias Radio Reflejos<\/title>\n<meta name=\"robots\" content=\"index, follow, max-snippet:-1, max-image-preview:large, max-video-preview:-1\" \/>\n<link rel=\"canonical\" href=\"https:\/\/www.noticiasradioreflejos.com.ar\/2021\/rige-un-nuevo-sistema-de-fases-en-la-provincia-de-buenos-aires\/\" \/>\n<meta property=\"og:locale\" content=\"es_ES\" \/>\n<meta property=\"og:type\" content=\"article\" \/>\n<meta property=\"og:title\" content=\"Rige un nuevo sistema de fases en la provincia de Buenos Aires - Noticias Radio Reflejos\" \/>\n<meta property=\"og:description\" content=\"El gobierno bonaerense modific\u00f3 el sistema de fases que reg\u00eda desde junio de 2020 y estableci\u00f3 una nueva estrategia de gesti\u00f3n de la pandemia de coronavirus en la que los municipios formar\u00e1n parte de la\u00a0\u00abfase general\u00bb\u00a0o en una\u00a0\u00abde reserva\u00bb, en base a los indicadores de la situaci\u00f3n sanitaria y epidemiol\u00f3gica.\" \/>\n<meta property=\"og:url\" content=\"https:\/\/www.noticiasradioreflejos.com.ar\/2021\/rige-un-nuevo-sistema-de-fases-en-la-provincia-de-buenos-aires\/\" \/>\n<meta property=\"og:site_name\" content=\"Noticias Radio Reflejos\" \/>\n<meta property=\"article:published_time\" content=\"2021-08-10T16:32:58+00:00\" \/>\n<meta property=\"og:image\" content=\"https:\/\/www.telam.com.ar\/advf\/imagenes\/2021\/03\/604532aecb284_1004x565.jpg\" \/>\n<meta name=\"author\" content=\"Arnaldo Botto\" \/>\n<meta name=\"twitter:card\" content=\"summary_large_image\" \/>\n<script type=\"application\/ld+json\" class=\"yoast-schema-graph\">{\"@context\":\"https:\/\/schema.org\",\"@graph\":[{\"@type\":\"WebPage\",\"@id\":\"https:\/\/www.noticiasradioreflejos.com.ar\/2021\/rige-un-nuevo-sistema-de-fases-en-la-provincia-de-buenos-aires\/\",\"url\":\"https:\/\/www.noticiasradioreflejos.com.ar\/2021\/rige-un-nuevo-sistema-de-fases-en-la-provincia-de-buenos-aires\/\",\"name\":\"Rige un nuevo sistema de fases en la provincia de Buenos Aires - Noticias Radio Reflejos\",\"isPartOf\":{\"@id\":\"https:\/\/www.noticiasradioreflejos.com.ar\/2021\/#website\"},\"primaryImageOfPage\":{\"@id\":\"https:\/\/www.noticiasradioreflejos.com.ar\/2021\/rige-un-nuevo-sistema-de-fases-en-la-provincia-de-buenos-aires\/#primaryimage\"},\"image\":{\"@id\":\"https:\/\/www.noticiasradioreflejos.com.ar\/2021\/rige-un-nuevo-sistema-de-fases-en-la-provincia-de-buenos-aires\/#primaryimage\"},\"thumbnailUrl\":\"https:\/\/www.telam.com.ar\/advf\/imagenes\/2021\/03\/604532aecb284_1004x565.jpg\",\"datePublished\":\"2021-08-10T16:32:58+00:00\",\"author\":{\"@id\":\"https:\/\/www.noticiasradioreflejos.com.ar\/2021\/#\/schema\/person\/ad82545263dcc5ec0996818884fd5fb1\"},\"breadcrumb\":{\"@id\":\"https:\/\/www.noticiasradioreflejos.com.ar\/2021\/rige-un-nuevo-sistema-de-fases-en-la-provincia-de-buenos-aires\/#breadcrumb\"},\"inLanguage\":\"es\",\"potentialAction\":[{\"@type\":\"ReadAction\",\"target\":[\"https:\/\/www.noticiasradioreflejos.com.ar\/2021\/rige-un-nuevo-sistema-de-fases-en-la-provincia-de-buenos-aires\/\"]}]},{\"@type\":\"ImageObject\",\"inLanguage\":\"es\",\"@id\":\"https:\/\/www.noticiasradioreflejos.com.ar\/2021\/rige-un-nuevo-sistema-de-fases-en-la-provincia-de-buenos-aires\/#primaryimage\",\"url\":\"https:\/\/www.telam.com.ar\/advf\/imagenes\/2021\/03\/604532aecb284_1004x565.jpg\",\"contentUrl\":\"https:\/\/www.telam.com.ar\/advf\/imagenes\/2021\/03\/604532aecb284_1004x565.jpg\"},{\"@type\":\"BreadcrumbList\",\"@id\":\"https:\/\/www.noticiasradioreflejos.com.ar\/2021\/rige-un-nuevo-sistema-de-fases-en-la-provincia-de-buenos-aires\/#breadcrumb\",\"itemListElement\":[{\"@type\":\"ListItem\",\"position\":1,\"name\":\"Portada\",\"item\":\"https:\/\/www.noticiasradioreflejos.com.ar\/2021\/\"},{\"@type\":\"ListItem\",\"position\":2,\"name\":\"Rige un nuevo sistema de fases en la provincia de Buenos Aires\"}]},{\"@type\":\"WebSite\",\"@id\":\"https:\/\/www.noticiasradioreflejos.com.ar\/2021\/#website\",\"url\":\"https:\/\/www.noticiasradioreflejos.com.ar\/2021\/\",\"name\":\"Noticias Radio Reflejos\",\"description\":\"Las noticias de mi comarca\",\"potentialAction\":[{\"@type\":\"SearchAction\",\"target\":{\"@type\":\"EntryPoint\",\"urlTemplate\":\"https:\/\/www.noticiasradioreflejos.com.ar\/2021\/?s={search_term_string}\"},\"query-input\":{\"@type\":\"PropertyValueSpecification\",\"valueRequired\":true,\"valueName\":\"search_term_string\"}}],\"inLanguage\":\"es\"},{\"@type\":\"Person\",\"@id\":\"https:\/\/www.noticiasradioreflejos.com.ar\/2021\/#\/schema\/person\/ad82545263dcc5ec0996818884fd5fb1\",\"name\":\"Arnaldo Botto\",\"image\":{\"@type\":\"ImageObject\",\"inLanguage\":\"es\",\"@id\":\"https:\/\/www.noticiasradioreflejos.com.ar\/2021\/#\/schema\/person\/image\/\",\"url\":\"https:\/\/secure.gravatar.com\/avatar\/55cb5e37c1efa326397366e6974cb338056df65cb50e7d64d1cf314e87504837?s=96&d=mm&r=g\",\"contentUrl\":\"https:\/\/secure.gravatar.com\/avatar\/55cb5e37c1efa326397366e6974cb338056df65cb50e7d64d1cf314e87504837?s=96&d=mm&r=g\",\"caption\":\"Arnaldo Botto\"},\"url\":\"https:\/\/www.noticiasradioreflejos.com.ar\/2021\/author\/arnaldo\/\"}]}<\/script>\n<!-- \/ Yoast SEO plugin. -->","yoast_head_json":{"title":"Rige un nuevo sistema de fases en la provincia de Buenos Aires - Noticias Radio Reflejos","robots":{"index":"index","follow":"follow","max-snippet":"max-snippet:-1","max-image-preview":"max-image-preview:large","max-video-preview":"max-video-preview:-1"},"canonical":"https:\/\/www.noticiasradioreflejos.com.ar\/2021\/rige-un-nuevo-sistema-de-fases-en-la-provincia-de-buenos-aires\/","og_locale":"es_ES","og_type":"article","og_title":"Rige un nuevo sistema de fases en la provincia de Buenos Aires - Noticias Radio Reflejos","og_description":"El gobierno bonaerense modific\u00f3 el sistema de fases que reg\u00eda desde junio de 2020 y estableci\u00f3 una nueva estrategia de gesti\u00f3n de la pandemia de coronavirus en la que los municipios formar\u00e1n parte de la\u00a0\u00abfase general\u00bb\u00a0o en una\u00a0\u00abde reserva\u00bb, en base a los indicadores de la situaci\u00f3n sanitaria y epidemiol\u00f3gica.","og_url":"https:\/\/www.noticiasradioreflejos.com.ar\/2021\/rige-un-nuevo-sistema-de-fases-en-la-provincia-de-buenos-aires\/","og_site_name":"Noticias Radio Reflejos","article_published_time":"2021-08-10T16:32:58+00:00","og_image":[{"url":"https:\/\/www.telam.com.ar\/advf\/imagenes\/2021\/03\/604532aecb284_1004x565.jpg","type":"","width":"","height":""}],"author":"Arnaldo Botto","twitter_card":"summary_large_image","schema":{"@context":"https:\/\/schema.org","@graph":[{"@type":"WebPage","@id":"https:\/\/www.noticiasradioreflejos.com.ar\/2021\/rige-un-nuevo-sistema-de-fases-en-la-provincia-de-buenos-aires\/","url":"https:\/\/www.noticiasradioreflejos.com.ar\/2021\/rige-un-nuevo-sistema-de-fases-en-la-provincia-de-buenos-aires\/","name":"Rige un nuevo sistema de fases en la provincia de Buenos Aires - Noticias Radio Reflejos","isPartOf":{"@id":"https:\/\/www.noticiasradioreflejos.com.ar\/2021\/#website"},"primaryImageOfPage":{"@id":"https:\/\/www.noticiasradioreflejos.com.ar\/2021\/rige-un-nuevo-sistema-de-fases-en-la-provincia-de-buenos-aires\/#primaryimage"},"image":{"@id":"https:\/\/www.noticiasradioreflejos.com.ar\/2021\/rige-un-nuevo-sistema-de-fases-en-la-provincia-de-buenos-aires\/#primaryimage"},"thumbnailUrl":"https:\/\/www.telam.com.ar\/advf\/imagenes\/2021\/03\/604532aecb284_1004x565.jpg","datePublished":"2021-08-10T16:32:58+00:00","author":{"@id":"https:\/\/www.noticiasradioreflejos.com.ar\/2021\/#\/schema\/person\/ad82545263dcc5ec0996818884fd5fb1"},"breadcrumb":{"@id":"https:\/\/www.noticiasradioreflejos.com.ar\/2021\/rige-un-nuevo-sistema-de-fases-en-la-provincia-de-buenos-aires\/#breadcrumb"},"inLanguage":"es","potentialAction":[{"@type":"ReadAction","target":["https:\/\/www.noticiasradioreflejos.com.ar\/2021\/rige-un-nuevo-sistema-de-fases-en-la-provincia-de-buenos-aires\/"]}]},{"@type":"ImageObject","inLanguage":"es","@id":"https:\/\/www.noticiasradioreflejos.com.ar\/2021\/rige-un-nuevo-sistema-de-fases-en-la-provincia-de-buenos-aires\/#primaryimage","url":"https:\/\/www.telam.com.ar\/advf\/imagenes\/2021\/03\/604532aecb284_1004x565.jpg","contentUrl":"https:\/\/www.telam.com.ar\/advf\/imagenes\/2021\/03\/604532aecb284_1004x565.jpg"},{"@type":"BreadcrumbList","@id":"https:\/\/www.noticiasradioreflejos.com.ar\/2021\/rige-un-nuevo-sistema-de-fases-en-la-provincia-de-buenos-aires\/#breadcrumb","itemListElement":[{"@type":"ListItem","position":1,"name":"Portada","item":"https:\/\/www.noticiasradioreflejos.com.ar\/2021\/"},{"@type":"ListItem","position":2,"name":"Rige un nuevo sistema de fases en la provincia de Buenos Aires"}]},{"@type":"WebSite","@id":"https:\/\/www.noticiasradioreflejos.com.ar\/2021\/#website","url":"https:\/\/www.noticiasradioreflejos.com.ar\/2021\/","name":"Noticias Radio Reflejos","description":"Las noticias de mi comarca","potentialAction":[{"@type":"SearchAction","target":{"@type":"EntryPoint","urlTemplate":"https:\/\/www.noticiasradioreflejos.com.ar\/2021\/?s={search_term_string}"},"query-input":{"@type":"PropertyValueSpecification","valueRequired":true,"valueName":"search_term_string"}}],"inLanguage":"es"},{"@type":"Person","@id":"https:\/\/www.noticiasradioreflejos.com.ar\/2021\/#\/schema\/person\/ad82545263dcc5ec0996818884fd5fb1","name":"Arnaldo Botto","image":{"@type":"ImageObject","inLanguage":"es","@id":"https:\/\/www.noticiasradioreflejos.com.ar\/2021\/#\/schema\/person\/image\/","url":"https:\/\/secure.gravatar.com\/avatar\/55cb5e37c1efa326397366e6974cb338056df65cb50e7d64d1cf314e87504837?s=96&d=mm&r=g","contentUrl":"https:\/\/secure.gravatar.com\/avatar\/55cb5e37c1efa326397366e6974cb338056df65cb50e7d64d1cf314e87504837?s=96&d=mm&r=g","caption":"Arnaldo Botto"},"url":"https:\/\/www.noticiasradioreflejos.com.ar\/2021\/author\/arnaldo\/"}]}},"_links":{"self":[{"href":"https:\/\/www.noticiasradioreflejos.com.ar\/2021\/wp-json\/wp\/v2\/posts\/61347","targetHints":{"allow":["GET"]}}],"collection":[{"href":"https:\/\/www.noticiasradioreflejos.com.ar\/2021\/wp-json\/wp\/v2\/posts"}],"about":[{"href":"https:\/\/www.noticiasradioreflejos.com.ar\/2021\/wp-json\/wp\/v2\/types\/post"}],"author":[{"embeddable":true,"href":"https:\/\/www.noticiasradioreflejos.com.ar\/2021\/wp-json\/wp\/v2\/users\/3"}],"replies":[{"embeddable":true,"href":"https:\/\/www.noticiasradioreflejos.com.ar\/2021\/wp-json\/wp\/v2\/comments?post=61347"}],"version-history":[{"count":1,"href":"https:\/\/www.noticiasradioreflejos.com.ar\/2021\/wp-json\/wp\/v2\/posts\/61347\/revisions"}],"predecessor-version":[{"id":61349,"href":"https:\/\/www.noticiasradioreflejos.com.ar\/2021\/wp-json\/wp\/v2\/posts\/61347\/revisions\/61349"}],"wp:attachment":[{"href":"https:\/\/www.noticiasradioreflejos.com.ar\/2021\/wp-json\/wp\/v2\/media?parent=61347"}],"wp:term":[{"taxonomy":"category","embeddable":true,"href":"https:\/\/www.noticiasradioreflejos.com.ar\/2021\/wp-json\/wp\/v2\/categories?post=61347"},{"taxonomy":"post_tag","embeddable":true,"href":"https:\/\/www.noticiasradioreflejos.com.ar\/2021\/wp-json\/wp\/v2\/tags?post=61347"}],"curies":[{"name":"wp","href":"https:\/\/api.w.org\/{rel}","templated":true}]}}