{"id":61326,"date":"2021-08-10T10:50:05","date_gmt":"2021-08-10T10:50:05","guid":{"rendered":"http:\/\/www.noticiasradioreflejos.com.ar\/2021\/?p=61326"},"modified":"2021-08-10T10:57:48","modified_gmt":"2021-08-10T10:57:48","slug":"la-salud-en-el-hospital-esta-asegurada-cualquier-persona-que-ingresa-al-hospital-es-atendida-si-es-necesario-se-interna","status":"publish","type":"post","link":"https:\/\/www.noticiasradioreflejos.com.ar\/2021\/la-salud-en-el-hospital-esta-asegurada-cualquier-persona-que-ingresa-al-hospital-es-atendida-si-es-necesario-se-interna\/","title":{"rendered":"\u00abLa salud en el hospital est\u00e1 asegurada. Cualquier persona que ingresa al hospital es atendida, si es necesario se interna\u00bb"},"content":{"rendered":"<p>Noelia Baier, Subsecretaria de Salud de Tornquist Municipio, utiliz\u00f3 el espacio de la radio para ponernos al d\u00eda acerca de las inversiones, proyectos y trabajos del \u00e1rea de salud del distrito. En esta nota, Noelia comparte el presupuesto anual de Salud y explica todo el crecimiento que tuvo el \u00e1rea desde la llegada del primer caso positivo de Covid-19 en Tornquist.<!--more--><\/p>\n<p><img loading=\"lazy\" decoding=\"async\" class=\"aligncenter size-full wp-image-59334\" src=\"http:\/\/www.noticiasradioreflejos.com.ar\/2021\/wp-content\/uploads\/2021\/06\/Hospital-menor-E.-Aldaya-10.jpeg\" alt=\"\" width=\"1160\" height=\"653\" srcset=\"https:\/\/www.noticiasradioreflejos.com.ar\/2021\/wp-content\/uploads\/2021\/06\/Hospital-menor-E.-Aldaya-10.jpeg 1160w, https:\/\/www.noticiasradioreflejos.com.ar\/2021\/wp-content\/uploads\/2021\/06\/Hospital-menor-E.-Aldaya-10-300x169.jpeg 300w, https:\/\/www.noticiasradioreflejos.com.ar\/2021\/wp-content\/uploads\/2021\/06\/Hospital-menor-E.-Aldaya-10-1024x576.jpeg 1024w, https:\/\/www.noticiasradioreflejos.com.ar\/2021\/wp-content\/uploads\/2021\/06\/Hospital-menor-E.-Aldaya-10-768x432.jpeg 768w, https:\/\/www.noticiasradioreflejos.com.ar\/2021\/wp-content\/uploads\/2021\/06\/Hospital-menor-E.-Aldaya-10-750x422.jpeg 750w, https:\/\/www.noticiasradioreflejos.com.ar\/2021\/wp-content\/uploads\/2021\/06\/Hospital-menor-E.-Aldaya-10-1140x642.jpeg 1140w\" sizes=\"auto, (max-width: 1160px) 100vw, 1160px\" \/><\/p>\n<p>\u00abSon n\u00fameros que, si bien nosotros manejamos cotidianamente, llaman mucho la atenci\u00f3n para aquellas personas que no est\u00e9n dentro del \u00e1rea. Esto es la realidad del \u00e1rea de salud\u00bb mencion\u00f3 Noelia haciendo referencia al presupuesto que comparti\u00f3 con el p\u00fablico en su entrevista televisiva del pasado Jueves.<\/p>\n<p>\u00abLa salud en el hospital est\u00e1 asegurada. Cualquier persona que ingresa al hospital es atendida, si es necesario se interna\u00bb asegur\u00f3. \u00abLo que ha generado un poco de confusi\u00f3n es esa famosa tasa por servicio sanitario que fue aprobada en el Concejo. Fue una tasa que est\u00e1 estipulada para consultas diferenciales con distintas especialidades. La idea de esa tasa es poder sostener el servicio\u00bb explic\u00f3 la subsecretaria de salud para todos los oyentes.<\/p>\n<p>Noelia coment\u00f3 que una de las demandas que recib\u00edan de los vecinos era que a las personas con mutual se les complicaba mucho poder acceder a un turno por diferentes razones. \u00abTomamos la decisi\u00f3n de, por ejemplo, la turnera de un especialista que tiene 12 turnos, guardar 4 o 5 para gente mutualizada\u00bb explic\u00f3 c\u00f3mo se atendi\u00f3 a la queja desde el \u00e1rea. Admiti\u00f3 que la idea fue planteada por los mismos vecinos hace unos 3 a\u00f1os atr\u00e1s. Se coloc\u00f3 una tasa para que quien quiera colaborar para sostener el servicio.<\/p>\n<p><a title=\"Hospital menor E. Aldaya (4)\" href=\"https:\/\/www.flickr.com\/photos\/182279889@N02\/51270562348\/in\/photolist-2m7AYSn-2m7B2WU-2m7DRkt-2m7A6uA-2m7B2XA-2m7B2UV-2m7B2Up-2m7A6qs-2m7DRmR-2m7FnWc-2m7whDo-2m7FnWC-2m7B2Vr-2m7AYSH-2m7A3qQ-2m7FjNy-2m7AYTe-2m7DNmY\/\" data-flickr-embed=\"true\"><img loading=\"lazy\" decoding=\"async\" src=\"https:\/\/live.staticflickr.com\/65535\/51270562348_5ed7c6c9a3_o.jpg\" alt=\"Hospital menor E. Aldaya (4)\" width=\"1280\" height=\"720\" \/><\/a><script async src=\"\/\/embedr.flickr.com\/assets\/client-code.js\" charset=\"utf-8\"><\/script><\/p>\n<p>Durante la nota, la subsecretaria coment\u00f3 cu\u00e1les fueron los crecimientos y las inversiones en el \u00e1rea de salud desde Enero del 2020 hasta el d\u00eda de la fecha. El 7 de Agosto se cumpli\u00f3 un a\u00f1o del primer paciente de Covid en el distrito. \u00abNadie sab\u00eda bien a lo que nos est\u00e1bamos enfrentando\u00bb coment\u00f3. Se hicieron inversiones en elementos de cuidado y prevenci\u00f3n (barbijos, cofias, delantales, botas, etc). Entre otros descartables, se triplic\u00f3 el consumo de guantes y alcohol en gel.<\/p>\n<p>De las primeras inversiones que se hicieron con respecto a infraestructura en el Hospital Municipal se encuentra la construcci\u00f3n en seco de un pasillo pegado a la guardia con un consultorio. \u00abEso lo hicimos para atenci\u00f3n de paciente Covid o sospechoso\u00bb. A partir de esa inversi\u00f3n, particulares y empresas han donado desde camillas y respiradores hasta botellas de lavandina.<\/p>\n<p>Con el personal de salud considerado paciente de riesgo, el Hospital redujo sus operativos a un 60 %. \u00abTuvimos que ver c\u00f3mo reforzar el personal, con horas extra o llamando a personal de otras secretar\u00edas\u00bb.<\/p>\n<p><img loading=\"lazy\" decoding=\"async\" class=\"aligncenter size-full wp-image-14301\" src=\"http:\/\/www.noticiasradioreflejos.com.ar\/2021\/wp-content\/uploads\/2017\/09\/Hospital-con-ambulancia.jpg\" alt=\"\" width=\"700\" height=\"467\" srcset=\"https:\/\/www.noticiasradioreflejos.com.ar\/2021\/wp-content\/uploads\/2017\/09\/Hospital-con-ambulancia.jpg 700w, https:\/\/www.noticiasradioreflejos.com.ar\/2021\/wp-content\/uploads\/2017\/09\/Hospital-con-ambulancia-300x200.jpg 300w\" sizes=\"auto, (max-width: 700px) 100vw, 700px\" \/><\/p>\n<p>Otras cosas que fueron sucediendo en cuanto al crecimiento del \u00e1rea fue el laboratorio, las dos plantas de ox\u00edgeno, los respiradores que se consiguieron, monitores multiparam\u00e9tricos, un nuevo ec\u00f3grafo, los tests r\u00e1pidos y la inauguraci\u00f3n de la terapia en Tornquist. Actualmente, se hizo una licitaci\u00f3n para adquirir una m\u00e1quina para gases en sangre y, adem\u00e1s, se est\u00e1n realizando reformas edilicias en el Hospital para colocar un tom\u00f3grafo. Noelia agreg\u00f3 que tambi\u00e9n se est\u00e1 proyectando poder brindar el tratamiento de di\u00e1lisis para pacientes internados en terapia.<\/p>\n<p>El presupuesto asignado para el a\u00f1o 2021 es de $344.000.000. \u00abEso equivale al 35 % del presupuesto total municipal. De ese presupuesto, un 76 % se van en sueldos\u00bb explic\u00f3 Noelia. Tambi\u00e9n agreg\u00f3 que la terapia se encontraba extra-presupuestalmente, es decir, que no se ten\u00eda proyectada para el corriente a\u00f1o. La misma decant\u00f3 en 3 meses, \u00abDaniel Barca (nuevo secretario de salud) es terapista con mucha experiencia y puso todo su esfuerzo a conseguir todo lo necesario y hablarlo con el intendente para que todos los recursos que se necesitaban estuvieran\u00bb.<\/p>\n<p>\u00abDestaco el apoyo del intendente, porque ni en los peores momentos se han dejado de brindar servicios. Siempre creciendo, teniendo algo m\u00e1s, un aporte m\u00e1s, nunca retrocedimos en materia de salud m\u00e1s all\u00e1 de todas las dificultades\u00bb resalt\u00f3 la predisposici\u00f3n del<\/p>\n<p>Finalmente, expres\u00f3: \u00abMe saco el sombrero por el personal del \u00e1rea de salud de todo el distrito. Cuando arranc\u00f3 la pandemia, el personal de riesgo deb\u00eda transcurrir en sus casas y los mayores de 60 lo hac\u00edan optativamente\u00bb a esto agreg\u00f3 los nombres de quienes eligieron continuar trabajando a pesar de los riesgos. \u00abHan hecho un esfuerzo sobre-humano\u00bb se refiri\u00f3 a todos los que trabajan en el \u00e1rea y en el Hospital Municipal, incluyendo m\u00e9dicos, enfermeros, especialistas, auxiliares y administrativos.<\/p>\n<p><em><strong>Nota Completa:<\/strong><\/em><\/p>\n<p><iframe loading=\"lazy\" src=\"https:\/\/w.soundcloud.com\/player\/?url=https%3A\/\/api.soundcloud.com\/tracks\/1102900108&amp;color=%23ff5500&amp;auto_play=false&amp;hide_related=false&amp;show_comments=true&amp;show_user=true&amp;show_reposts=false&amp;show_teaser=true\" width=\"100%\" height=\"166\" frameborder=\"no\" scrolling=\"no\"><\/iframe><\/p>\n<div style=\"font-size: 10px; color: #cccccc; line-break: anywhere; word-break: normal; overflow: hidden; white-space: nowrap; text-overflow: ellipsis; font-family: Interstate,Lucida Grande,Lucida Sans Unicode,Lucida Sans,Garuda,Verdana,Tahoma,sans-serif; font-weight: 100;\"><a style=\"color: #cccccc; text-decoration: none;\" title=\"fmreflejos 103.7\" href=\"https:\/\/soundcloud.com\/fmreflejos-103-7\" target=\"_blank\" rel=\"noopener\">fmreflejos 103.7<\/a> \u00b7 <a style=\"color: #cccccc; text-decoration: none;\" title=\"Nota Noelia Baier\" href=\"https:\/\/soundcloud.com\/fmreflejos-103-7\/nota-noelia-baier\" target=\"_blank\" rel=\"noopener\">Nota Noelia Baier<\/a><\/div>\n<div><\/div>\n<h4>Resumen de datos, estad\u00edsticas y n\u00fameros de la inversi\u00f3n en Salud<\/h4>\n<p style=\"margin: 12px auto 6px auto; font-family: Helvetica,Arial,Sans-serif; font-style: normal; font-variant: normal; font-weight: normal; font-size: 14px; line-height: normal; font-size-adjust: none; font-stretch: normal; -x-system-font: none; display: block;\"><a style=\"text-decoration: underline;\" title=\"View SECRETARIA DE SALUD TORNQUIST (Agosto 2021) on Scribd\" href=\"https:\/\/www.scribd.com\/document\/519583430\/SECRETARIA-DE-SALUD-TORNQUIST-Agosto-2021#from_embed\">SECRETARIA DE SALUD TORNQUIST (Agosto 2021)<\/a> by <a style=\"text-decoration: underline;\" title=\"View FM Reflejos Sierra de la Ventana's profile on Scribd\" href=\"https:\/\/www.scribd.com\/user\/128459674\/FM-Reflejos-Sierra-de-la-Ventana#from_embed\">FM Reflejos Sierra de la Ventana<\/a> on Scribd<\/p>\n<p><iframe loading=\"lazy\" id=\"doc_86136\" class=\"scribd_iframe_embed\" title=\"SECRETARIA DE SALUD TORNQUIST (Agosto 2021)\" src=\"https:\/\/es.scribd.com\/embeds\/519583430\/content?start_page=1&amp;view_mode=scroll&amp;access_key=key-K3C5yq9el4NwYdRFEmrS\" width=\"100%\" height=\"600\" frameborder=\"0\" scrolling=\"no\" data-auto-height=\"false\" data-aspect-ratio=\"0.7080062794348508\"><\/iframe><\/p>\n","protected":false},"excerpt":{"rendered":"<p>Noelia Baier, Subsecretaria de Salud de Tornquist Municipio, utiliz\u00f3 el espacio de la radio para ponernos al d\u00eda acerca de las inversiones, proyectos y trabajos del \u00e1rea de salud del distrito. En esta nota, Noelia comparte el presupuesto anual de Salud y explica todo el crecimiento que tuvo el \u00e1rea desde la llegada del primer [&hellip;]<\/p>\n","protected":false},"author":3,"featured_media":59305,"comment_status":"closed","ping_status":"closed","sticky":false,"template":"","format":"standard","meta":{"footnotes":""},"categories":[30],"tags":[48],"class_list":["post-61326","post","type-post","status-publish","format-standard","has-post-thumbnail","hentry","category-salud","tag-destacada"],"yoast_head":"<!-- This site is optimized with the Yoast SEO plugin v25.9 - https:\/\/yoast.com\/wordpress\/plugins\/seo\/ -->\n<title>&quot;La salud en el hospital est\u00e1 asegurada. Cualquier persona que ingresa al hospital es atendida, si es necesario se interna&quot; - Noticias Radio Reflejos<\/title>\n<meta name=\"robots\" content=\"index, follow, max-snippet:-1, max-image-preview:large, max-video-preview:-1\" \/>\n<link rel=\"canonical\" href=\"https:\/\/www.noticiasradioreflejos.com.ar\/2021\/la-salud-en-el-hospital-esta-asegurada-cualquier-persona-que-ingresa-al-hospital-es-atendida-si-es-necesario-se-interna\/\" \/>\n<meta property=\"og:locale\" content=\"es_ES\" \/>\n<meta property=\"og:type\" content=\"article\" \/>\n<meta property=\"og:title\" content=\"&quot;La salud en el hospital est\u00e1 asegurada. Cualquier persona que ingresa al hospital es atendida, si es necesario se interna&quot; - Noticias Radio Reflejos\" \/>\n<meta property=\"og:description\" content=\"Noelia Baier, Subsecretaria de Salud de Tornquist Municipio, utiliz\u00f3 el espacio de la radio para ponernos al d\u00eda acerca de las inversiones, proyectos y trabajos del \u00e1rea de salud del distrito. En esta nota, Noelia comparte el presupuesto anual de Salud y explica todo el crecimiento que tuvo el \u00e1rea desde la llegada del primer [&hellip;]\" \/>\n<meta property=\"og:url\" content=\"https:\/\/www.noticiasradioreflejos.com.ar\/2021\/la-salud-en-el-hospital-esta-asegurada-cualquier-persona-que-ingresa-al-hospital-es-atendida-si-es-necesario-se-interna\/\" \/>\n<meta property=\"og:site_name\" content=\"Noticias Radio Reflejos\" \/>\n<meta property=\"article:published_time\" content=\"2021-08-10T10:50:05+00:00\" \/>\n<meta property=\"article:modified_time\" content=\"2021-08-10T10:57:48+00:00\" \/>\n<meta property=\"og:image\" content=\"https:\/\/www.noticiasradioreflejos.com.ar\/2021\/wp-content\/uploads\/2021\/06\/Hospital-menor-E.-Aldaya-8.jpeg\" \/>\n\t<meta property=\"og:image:width\" content=\"1160\" \/>\n\t<meta property=\"og:image:height\" content=\"653\" \/>\n\t<meta property=\"og:image:type\" content=\"image\/jpeg\" \/>\n<meta name=\"author\" content=\"Arnaldo Botto\" \/>\n<meta name=\"twitter:card\" content=\"summary_large_image\" \/>\n<script type=\"application\/ld+json\" class=\"yoast-schema-graph\">{\"@context\":\"https:\/\/schema.org\",\"@graph\":[{\"@type\":\"WebPage\",\"@id\":\"https:\/\/www.noticiasradioreflejos.com.ar\/2021\/la-salud-en-el-hospital-esta-asegurada-cualquier-persona-que-ingresa-al-hospital-es-atendida-si-es-necesario-se-interna\/\",\"url\":\"https:\/\/www.noticiasradioreflejos.com.ar\/2021\/la-salud-en-el-hospital-esta-asegurada-cualquier-persona-que-ingresa-al-hospital-es-atendida-si-es-necesario-se-interna\/\",\"name\":\"\\\"La salud en el hospital est\u00e1 asegurada. Cualquier persona que ingresa al hospital es atendida, si es necesario se interna\\\" - Noticias Radio Reflejos\",\"isPartOf\":{\"@id\":\"https:\/\/www.noticiasradioreflejos.com.ar\/2021\/#website\"},\"primaryImageOfPage\":{\"@id\":\"https:\/\/www.noticiasradioreflejos.com.ar\/2021\/la-salud-en-el-hospital-esta-asegurada-cualquier-persona-que-ingresa-al-hospital-es-atendida-si-es-necesario-se-interna\/#primaryimage\"},\"image\":{\"@id\":\"https:\/\/www.noticiasradioreflejos.com.ar\/2021\/la-salud-en-el-hospital-esta-asegurada-cualquier-persona-que-ingresa-al-hospital-es-atendida-si-es-necesario-se-interna\/#primaryimage\"},\"thumbnailUrl\":\"https:\/\/www.noticiasradioreflejos.com.ar\/2021\/wp-content\/uploads\/2021\/06\/Hospital-menor-E.-Aldaya-8.jpeg\",\"datePublished\":\"2021-08-10T10:50:05+00:00\",\"dateModified\":\"2021-08-10T10:57:48+00:00\",\"author\":{\"@id\":\"https:\/\/www.noticiasradioreflejos.com.ar\/2021\/#\/schema\/person\/ad82545263dcc5ec0996818884fd5fb1\"},\"breadcrumb\":{\"@id\":\"https:\/\/www.noticiasradioreflejos.com.ar\/2021\/la-salud-en-el-hospital-esta-asegurada-cualquier-persona-que-ingresa-al-hospital-es-atendida-si-es-necesario-se-interna\/#breadcrumb\"},\"inLanguage\":\"es\",\"potentialAction\":[{\"@type\":\"ReadAction\",\"target\":[\"https:\/\/www.noticiasradioreflejos.com.ar\/2021\/la-salud-en-el-hospital-esta-asegurada-cualquier-persona-que-ingresa-al-hospital-es-atendida-si-es-necesario-se-interna\/\"]}]},{\"@type\":\"ImageObject\",\"inLanguage\":\"es\",\"@id\":\"https:\/\/www.noticiasradioreflejos.com.ar\/2021\/la-salud-en-el-hospital-esta-asegurada-cualquier-persona-que-ingresa-al-hospital-es-atendida-si-es-necesario-se-interna\/#primaryimage\",\"url\":\"https:\/\/www.noticiasradioreflejos.com.ar\/2021\/wp-content\/uploads\/2021\/06\/Hospital-menor-E.-Aldaya-8.jpeg\",\"contentUrl\":\"https:\/\/www.noticiasradioreflejos.com.ar\/2021\/wp-content\/uploads\/2021\/06\/Hospital-menor-E.-Aldaya-8.jpeg\",\"width\":1160,\"height\":653},{\"@type\":\"BreadcrumbList\",\"@id\":\"https:\/\/www.noticiasradioreflejos.com.ar\/2021\/la-salud-en-el-hospital-esta-asegurada-cualquier-persona-que-ingresa-al-hospital-es-atendida-si-es-necesario-se-interna\/#breadcrumb\",\"itemListElement\":[{\"@type\":\"ListItem\",\"position\":1,\"name\":\"Portada\",\"item\":\"https:\/\/www.noticiasradioreflejos.com.ar\/2021\/\"},{\"@type\":\"ListItem\",\"position\":2,\"name\":\"\u00abLa salud en el hospital est\u00e1 asegurada. Cualquier persona que ingresa al hospital es atendida, si es necesario se interna\u00bb\"}]},{\"@type\":\"WebSite\",\"@id\":\"https:\/\/www.noticiasradioreflejos.com.ar\/2021\/#website\",\"url\":\"https:\/\/www.noticiasradioreflejos.com.ar\/2021\/\",\"name\":\"Noticias Radio Reflejos\",\"description\":\"Las noticias de mi comarca\",\"potentialAction\":[{\"@type\":\"SearchAction\",\"target\":{\"@type\":\"EntryPoint\",\"urlTemplate\":\"https:\/\/www.noticiasradioreflejos.com.ar\/2021\/?s={search_term_string}\"},\"query-input\":{\"@type\":\"PropertyValueSpecification\",\"valueRequired\":true,\"valueName\":\"search_term_string\"}}],\"inLanguage\":\"es\"},{\"@type\":\"Person\",\"@id\":\"https:\/\/www.noticiasradioreflejos.com.ar\/2021\/#\/schema\/person\/ad82545263dcc5ec0996818884fd5fb1\",\"name\":\"Arnaldo Botto\",\"image\":{\"@type\":\"ImageObject\",\"inLanguage\":\"es\",\"@id\":\"https:\/\/www.noticiasradioreflejos.com.ar\/2021\/#\/schema\/person\/image\/\",\"url\":\"https:\/\/secure.gravatar.com\/avatar\/55cb5e37c1efa326397366e6974cb338056df65cb50e7d64d1cf314e87504837?s=96&d=mm&r=g\",\"contentUrl\":\"https:\/\/secure.gravatar.com\/avatar\/55cb5e37c1efa326397366e6974cb338056df65cb50e7d64d1cf314e87504837?s=96&d=mm&r=g\",\"caption\":\"Arnaldo Botto\"},\"url\":\"https:\/\/www.noticiasradioreflejos.com.ar\/2021\/author\/arnaldo\/\"}]}<\/script>\n<!-- \/ Yoast SEO plugin. -->","yoast_head_json":{"title":"\"La salud en el hospital est\u00e1 asegurada. Cualquier persona que ingresa al hospital es atendida, si es necesario se interna\" - Noticias Radio Reflejos","robots":{"index":"index","follow":"follow","max-snippet":"max-snippet:-1","max-image-preview":"max-image-preview:large","max-video-preview":"max-video-preview:-1"},"canonical":"https:\/\/www.noticiasradioreflejos.com.ar\/2021\/la-salud-en-el-hospital-esta-asegurada-cualquier-persona-que-ingresa-al-hospital-es-atendida-si-es-necesario-se-interna\/","og_locale":"es_ES","og_type":"article","og_title":"\"La salud en el hospital est\u00e1 asegurada. Cualquier persona que ingresa al hospital es atendida, si es necesario se interna\" - Noticias Radio Reflejos","og_description":"Noelia Baier, Subsecretaria de Salud de Tornquist Municipio, utiliz\u00f3 el espacio de la radio para ponernos al d\u00eda acerca de las inversiones, proyectos y trabajos del \u00e1rea de salud del distrito. En esta nota, Noelia comparte el presupuesto anual de Salud y explica todo el crecimiento que tuvo el \u00e1rea desde la llegada del primer [&hellip;]","og_url":"https:\/\/www.noticiasradioreflejos.com.ar\/2021\/la-salud-en-el-hospital-esta-asegurada-cualquier-persona-que-ingresa-al-hospital-es-atendida-si-es-necesario-se-interna\/","og_site_name":"Noticias Radio Reflejos","article_published_time":"2021-08-10T10:50:05+00:00","article_modified_time":"2021-08-10T10:57:48+00:00","og_image":[{"width":1160,"height":653,"url":"https:\/\/www.noticiasradioreflejos.com.ar\/2021\/wp-content\/uploads\/2021\/06\/Hospital-menor-E.-Aldaya-8.jpeg","type":"image\/jpeg"}],"author":"Arnaldo Botto","twitter_card":"summary_large_image","schema":{"@context":"https:\/\/schema.org","@graph":[{"@type":"WebPage","@id":"https:\/\/www.noticiasradioreflejos.com.ar\/2021\/la-salud-en-el-hospital-esta-asegurada-cualquier-persona-que-ingresa-al-hospital-es-atendida-si-es-necesario-se-interna\/","url":"https:\/\/www.noticiasradioreflejos.com.ar\/2021\/la-salud-en-el-hospital-esta-asegurada-cualquier-persona-que-ingresa-al-hospital-es-atendida-si-es-necesario-se-interna\/","name":"\"La salud en el hospital est\u00e1 asegurada. Cualquier persona que ingresa al hospital es atendida, si es necesario se interna\" - Noticias Radio Reflejos","isPartOf":{"@id":"https:\/\/www.noticiasradioreflejos.com.ar\/2021\/#website"},"primaryImageOfPage":{"@id":"https:\/\/www.noticiasradioreflejos.com.ar\/2021\/la-salud-en-el-hospital-esta-asegurada-cualquier-persona-que-ingresa-al-hospital-es-atendida-si-es-necesario-se-interna\/#primaryimage"},"image":{"@id":"https:\/\/www.noticiasradioreflejos.com.ar\/2021\/la-salud-en-el-hospital-esta-asegurada-cualquier-persona-que-ingresa-al-hospital-es-atendida-si-es-necesario-se-interna\/#primaryimage"},"thumbnailUrl":"https:\/\/www.noticiasradioreflejos.com.ar\/2021\/wp-content\/uploads\/2021\/06\/Hospital-menor-E.-Aldaya-8.jpeg","datePublished":"2021-08-10T10:50:05+00:00","dateModified":"2021-08-10T10:57:48+00:00","author":{"@id":"https:\/\/www.noticiasradioreflejos.com.ar\/2021\/#\/schema\/person\/ad82545263dcc5ec0996818884fd5fb1"},"breadcrumb":{"@id":"https:\/\/www.noticiasradioreflejos.com.ar\/2021\/la-salud-en-el-hospital-esta-asegurada-cualquier-persona-que-ingresa-al-hospital-es-atendida-si-es-necesario-se-interna\/#breadcrumb"},"inLanguage":"es","potentialAction":[{"@type":"ReadAction","target":["https:\/\/www.noticiasradioreflejos.com.ar\/2021\/la-salud-en-el-hospital-esta-asegurada-cualquier-persona-que-ingresa-al-hospital-es-atendida-si-es-necesario-se-interna\/"]}]},{"@type":"ImageObject","inLanguage":"es","@id":"https:\/\/www.noticiasradioreflejos.com.ar\/2021\/la-salud-en-el-hospital-esta-asegurada-cualquier-persona-que-ingresa-al-hospital-es-atendida-si-es-necesario-se-interna\/#primaryimage","url":"https:\/\/www.noticiasradioreflejos.com.ar\/2021\/wp-content\/uploads\/2021\/06\/Hospital-menor-E.-Aldaya-8.jpeg","contentUrl":"https:\/\/www.noticiasradioreflejos.com.ar\/2021\/wp-content\/uploads\/2021\/06\/Hospital-menor-E.-Aldaya-8.jpeg","width":1160,"height":653},{"@type":"BreadcrumbList","@id":"https:\/\/www.noticiasradioreflejos.com.ar\/2021\/la-salud-en-el-hospital-esta-asegurada-cualquier-persona-que-ingresa-al-hospital-es-atendida-si-es-necesario-se-interna\/#breadcrumb","itemListElement":[{"@type":"ListItem","position":1,"name":"Portada","item":"https:\/\/www.noticiasradioreflejos.com.ar\/2021\/"},{"@type":"ListItem","position":2,"name":"\u00abLa salud en el hospital est\u00e1 asegurada. Cualquier persona que ingresa al hospital es atendida, si es necesario se interna\u00bb"}]},{"@type":"WebSite","@id":"https:\/\/www.noticiasradioreflejos.com.ar\/2021\/#website","url":"https:\/\/www.noticiasradioreflejos.com.ar\/2021\/","name":"Noticias Radio Reflejos","description":"Las noticias de mi comarca","potentialAction":[{"@type":"SearchAction","target":{"@type":"EntryPoint","urlTemplate":"https:\/\/www.noticiasradioreflejos.com.ar\/2021\/?s={search_term_string}"},"query-input":{"@type":"PropertyValueSpecification","valueRequired":true,"valueName":"search_term_string"}}],"inLanguage":"es"},{"@type":"Person","@id":"https:\/\/www.noticiasradioreflejos.com.ar\/2021\/#\/schema\/person\/ad82545263dcc5ec0996818884fd5fb1","name":"Arnaldo Botto","image":{"@type":"ImageObject","inLanguage":"es","@id":"https:\/\/www.noticiasradioreflejos.com.ar\/2021\/#\/schema\/person\/image\/","url":"https:\/\/secure.gravatar.com\/avatar\/55cb5e37c1efa326397366e6974cb338056df65cb50e7d64d1cf314e87504837?s=96&d=mm&r=g","contentUrl":"https:\/\/secure.gravatar.com\/avatar\/55cb5e37c1efa326397366e6974cb338056df65cb50e7d64d1cf314e87504837?s=96&d=mm&r=g","caption":"Arnaldo Botto"},"url":"https:\/\/www.noticiasradioreflejos.com.ar\/2021\/author\/arnaldo\/"}]}},"_links":{"self":[{"href":"https:\/\/www.noticiasradioreflejos.com.ar\/2021\/wp-json\/wp\/v2\/posts\/61326","targetHints":{"allow":["GET"]}}],"collection":[{"href":"https:\/\/www.noticiasradioreflejos.com.ar\/2021\/wp-json\/wp\/v2\/posts"}],"about":[{"href":"https:\/\/www.noticiasradioreflejos.com.ar\/2021\/wp-json\/wp\/v2\/types\/post"}],"author":[{"embeddable":true,"href":"https:\/\/www.noticiasradioreflejos.com.ar\/2021\/wp-json\/wp\/v2\/users\/3"}],"replies":[{"embeddable":true,"href":"https:\/\/www.noticiasradioreflejos.com.ar\/2021\/wp-json\/wp\/v2\/comments?post=61326"}],"version-history":[{"count":4,"href":"https:\/\/www.noticiasradioreflejos.com.ar\/2021\/wp-json\/wp\/v2\/posts\/61326\/revisions"}],"predecessor-version":[{"id":61330,"href":"https:\/\/www.noticiasradioreflejos.com.ar\/2021\/wp-json\/wp\/v2\/posts\/61326\/revisions\/61330"}],"wp:featuredmedia":[{"embeddable":true,"href":"https:\/\/www.noticiasradioreflejos.com.ar\/2021\/wp-json\/wp\/v2\/media\/59305"}],"wp:attachment":[{"href":"https:\/\/www.noticiasradioreflejos.com.ar\/2021\/wp-json\/wp\/v2\/media?parent=61326"}],"wp:term":[{"taxonomy":"category","embeddable":true,"href":"https:\/\/www.noticiasradioreflejos.com.ar\/2021\/wp-json\/wp\/v2\/categories?post=61326"},{"taxonomy":"post_tag","embeddable":true,"href":"https:\/\/www.noticiasradioreflejos.com.ar\/2021\/wp-json\/wp\/v2\/tags?post=61326"}],"curies":[{"name":"wp","href":"https:\/\/api.w.org\/{rel}","templated":true}]}}