{"id":61317,"date":"2021-08-09T18:53:29","date_gmt":"2021-08-09T18:53:29","guid":{"rendered":"http:\/\/www.noticiasradioreflejos.com.ar\/2021\/?p=61317"},"modified":"2021-08-09T18:53:29","modified_gmt":"2021-08-09T18:53:29","slug":"el-acoso-de-las-gaviotas-a-las-ballenas-en-la-peninsula-valdes-tiene-graves-consecuencias","status":"publish","type":"post","link":"https:\/\/www.noticiasradioreflejos.com.ar\/2021\/el-acoso-de-las-gaviotas-a-las-ballenas-en-la-peninsula-valdes-tiene-graves-consecuencias\/","title":{"rendered":"El acoso de las gaviotas a las ballenas en la Pen\u00ednsula Vald\u00e9s tiene graves consecuencias"},"content":{"rendered":"<div class=\"section-2-col article-header\">\n<div class=\"col 2-col\">\n<p>La evidencia cient\u00edfica refuerza la hip\u00f3tesis de que los ataques de gaviotas conduce a una mayor tasa de mortalidad de las ballenas francas.<\/p>\n<\/div>\n<\/div>\n<p><!--more--><\/p>\n<div class=\"section-2-col article-main-image\">\n<div class=\"col 2-col\">\n<div class=\"article-main-media-image__container\">\n<div class=\"image-wrapper\">\n<figure>\n<figure class=\"object-fit-block--contain intrinsic-container intrinsic-container-3x2\"><img decoding=\"async\" class=\" lazyloaded\" src=\"https:\/\/images.pagina12.com.ar\/styles\/focal_3_2_960x640\/public\/2021-08\/184419-whatsapp-20image-202021-08-09-20at-201-08-19-20pm.jpeg?itok=vfB-tw79\" alt=\"Una gaviota cocinera ataca una cr\u00eda de ballena franca en Pen\u00ednsula Vald\u00e9s para alimentarse de su piel y grasa mientras el ballenato se asoma a la superficie. (Fuente: AFP)\" data-src=\"https:\/\/images.pagina12.com.ar\/styles\/focal_3_2_960x640\/public\/2021-08\/184419-whatsapp-20image-202021-08-09-20at-201-08-19-20pm.jpeg?itok=vfB-tw79\" \/><\/figure><figcaption>Una gaviota cocinera ataca una cr\u00eda de ballena franca en Pen\u00ednsula Vald\u00e9s para alimentarse de su piel y grasa mientras el ballenato se asoma a la superficie.. Imagen: AFP<\/figcaption><\/figure>\n<\/div>\n<\/div>\n<\/div>\n<\/div>\n<div class=\"section-2-col article-main-content\">\n<div class=\"col 1-col\"><\/div>\n<div class=\"col 2-col\">\n<div class=\"article-main-content article-text \">\n<p>Un equipo con investigadores internacionales estudia la posibilidad de que el\u00a0<b>acoso de las gaviotas en las ballenas<\/b>, para picotearles el lomo y as\u00ed alimentarse con grasa y piel,\u00a0<b>pueda provocar estr\u00e9s en los cet\u00e1ceos.\u00a0<\/b>El dato surge\u00a0<a href=\"https:\/\/www.int-res.com\/abstracts\/meps\/v668\/p133-148\/\" target=\"_blank\" rel=\"noopener\">de un estudio<\/a>\u00a0divulgado por<a href=\"https:\/\/ballenas.org.ar\/nueva-evidencia-cientifica-acerca-del-impacto-de-los-ataques-de-gaviotas-en-las-ballenas-francas-de-peninsula-valdes\/\" target=\"_blank\" rel=\"noopener\">\u00a0el Instituto de Conservaci\u00f3n de Ballenas (ICB<\/a>).<\/p>\n<p>Este\u00a0<b>h\u00e1bito de las aves fue definido como \u00abmicropredaci\u00f3n\u00bb<\/b>\u00a0y refuerza la hip\u00f3tesis de que los ataques\u00a0<b>pueden haber contribuido al crecimiento de la tasa de mortalidad de las ballenas<\/b>, registrado entre 2003 y el 2013.<\/p>\n<div id=\"talkFireEvent\"><\/div>\n<p>Se realiz\u00f3 un trabajo comparativo con colonias en otros lugares del mundo donde no existen ataques de gaviotas. \u00abEl estudio realizado en forma colaborativa con investigadores internacionales revela que las ballenas francas australes de<b>\u00a0Pen\u00ednsula Vald\u00e9s (Argentina),<\/b>\u00a0a diferencia de las de\u00a0<b>Head of Bight (Australia),<\/b>\u00a0muestran un cambio de comportamiento y un mayor gasto energ\u00e9tico debido a los ataques de gaviotas cocineras\u00bb, remarcan en la nota.<\/p>\n<div align=\"center\">\n<article class=\"embedded-entity\">\n<article class=\"media media--type-image media--view-mode-single-media-image-460\">\n<div class=\"field field--name-field-media-image field--type-image field--label-hidden field__item\"><img loading=\"lazy\" decoding=\"async\" class=\"image-style-width960\" src=\"https:\/\/images.pagina12.com.ar\/styles\/width960\/public\/2021-08\/184419-comparacion-australia-argentina-1x-0.jpg?itok=ISqeA975\" width=\"720\" height=\"389\" \/><\/div>\n<\/article>\n<\/article>\n<\/div>\n<p>Mariano Sironi, director Cient\u00edfico del Instituto de Conservaci\u00f3n de Ballenas y coautor del trabajo describe: \u201cSi bien hemos estudiado los ataques de gaviotas a las ballenas francas de Pen\u00ednsula Vald\u00e9s desde la d\u00e9cada del noventa,\u00a0<b>es la primera vez que estimamos la magnitud de los cambios de comportamiento<\/b>\u00a0causados por los ataques en base a videos, y compar\u00e1ndolos con una poblaci\u00f3n no perturbada como la de Australia\u00bb.<\/p>\n<h2>Comportamiento in\u00e9dito en ballenas de Pen\u00ednsula Vald\u00e9s<\/h2>\n<p>El\u00a0<b>acoso continuo desencadena una fuerte respuesta fisiol\u00f3gica al estr\u00e9s<\/b>. Se observ\u00f3 que, al ser atacadas por las gaviotas, las ballenas de Argentina\u00a0<b>reaccionan con movimientos inmediatos r\u00e1pidos y energ\u00e9ticamente costosos,\u00a0<\/b>como arquear el lomo, sumergirse, acelerar la nataci\u00f3n, o golpear el agua con la cola o las aletas.<\/p>\n<p>Se registr\u00f3 tambi\u00e9n\u00a0<b>una estrategia que desarrollaron las ballenas de Vald\u00e9s para reducir el ataque de las gaviotas<\/b>, se trata de un modo de respiraci\u00f3n conocido como \u00abrespiraci\u00f3n oblicua\u00bb. Las ballenas emergen del agua en posici\u00f3n inclinada sacando solo la cabeza y los espir\u00e1culos para respirar, pero manteniendo el lomo sumergido.<\/p>\n<p>La posici\u00f3n antinatural hace que luchen contra su flotabilidad natural, lo que puede tener un costo energ\u00e9tico mayor a la respiraci\u00f3n habitual.\u00a0<b>La respiraci\u00f3n oblicua s\u00f3lo se registra en Pen\u00ednsula Vald\u00e9s<\/b>\u00a0y no ha sido documentada en ninguna otra poblaci\u00f3n de ballenas del mundo, a\u00fan habiendo registros ocasionales de ataques de gaviotas en otros sitios.<\/p>\n<div align=\"center\">\n<article class=\"embedded-entity\">\n<article class=\"media media--type-image media--view-mode-single-media-image-460\">\n<div class=\"field field--name-field-media-image field--type-image field--label-hidden field__item\"><img loading=\"lazy\" decoding=\"async\" class=\"image-style-width960\" src=\"https:\/\/images.pagina12.com.ar\/styles\/width960\/public\/2021-08\/184419-estress-gaviota-0.jpg?itok=8hXbxJND\" width=\"700\" height=\"350\" \/><\/div>\n<\/article>\n<\/article>\n<\/div>\n<p>El gasto de energ\u00eda<b>\u00a0cobra importancia en tanto las ballenas ayunan mientras amamantan a sus cr\u00edas.<\/b>\u00a0Lo hacen con leche producida a partir de las reservas acumuladas en las \u00e1reas de alimentaci\u00f3n, adonde migran en primavera y verano. Por utilizar m\u00e1s \u00abcombustible\u00bb en las acciones evasivas puede conducir a la muerte por debilitamiento.<\/p>\n<p>\u00ab<b>Entre 2003 y 2013 se registraron eventos de alta mortalidad de cr\u00edas de ballena franca en Pen\u00ednsula Vald\u00e9s,\u00a0<\/b>y aunque no se han identificado las causas exactas, una hip\u00f3tesis sugiere que los ataques de gaviotas podr\u00edan haber contribuido a esa mortalidad\u00bb, se indica en las conclusiones.<\/p>\n<h2>Rifle sanitario contra las gaviotas<\/h2>\n<p>En 2012, Chubut implement\u00f3 un sistema de \u00abrifle sanitario\u00bb contra las gaviotas, que consist\u00eda en disparar a las aves cuando \u00e9stas se posaban sobre las ballenas. Si bien se promocion\u00f3 como \u00abun exitoso m\u00e9todo de eutanasia selectiva\u00bb, fue\u00a0<b>en t\u00e9rminos pr\u00e1cticos muy poco efectivo y por eso se abandon\u00f3<\/b>.<\/p>\n<p>\u00abEs imposible disparar desde una embarcaci\u00f3n que se mueve por las olas a una gaviota que est\u00e1 sobre el lomo de una ballena, con la intenci\u00f3n de matar al p\u00e1jaro sin herir a la especie que se quiere proteger\u00bb, explicaron los tiradores que en su momento realizaron el intento.<\/p>\n<p>Los especialistas coinciden en que\u00a0<b>la poblaci\u00f3n de gaviota cocinera creci\u00f3 de la mano de los basurales a cielo abierto<\/b>, donde se le ofrece a esa especie la \u00abcomida servida\u00bb en los alrededores de los golfos que forman la pen\u00ednsula.<\/p>\n<p>La decisi\u00f3n de matar a las gaviotas tambi\u00e9n provoc\u00f3 en su momento reacciones de entidades proteccionistas, que\u00a0<b>procuraba actuar en los basurales utilizando redes para atrapar<\/b>\u00a0a gaviotas que se identifiquen como atacantes y la destrucci\u00f3n de los huevos para evitar una mayor cantidad de nacimientos.<\/p>\n<\/div>\n<\/div>\n<\/div>\n","protected":false},"excerpt":{"rendered":"<p>La evidencia cient\u00edfica refuerza la hip\u00f3tesis de que los ataques de gaviotas conduce a una mayor tasa de mortalidad de las ballenas francas.<\/p>\n","protected":false},"author":3,"featured_media":0,"comment_status":"closed","ping_status":"closed","sticky":false,"template":"","format":"standard","meta":{"footnotes":""},"categories":[46],"tags":[],"class_list":["post-61317","post","type-post","status-publish","format-standard","hentry","category-ciencia-y-tecnologia"],"yoast_head":"<!-- This site is optimized with the Yoast SEO plugin v25.9 - https:\/\/yoast.com\/wordpress\/plugins\/seo\/ -->\n<title>El acoso de las gaviotas a las ballenas en la Pen\u00ednsula Vald\u00e9s tiene graves consecuencias - Noticias Radio Reflejos<\/title>\n<meta name=\"robots\" content=\"index, follow, max-snippet:-1, max-image-preview:large, max-video-preview:-1\" \/>\n<link rel=\"canonical\" href=\"https:\/\/www.noticiasradioreflejos.com.ar\/2021\/el-acoso-de-las-gaviotas-a-las-ballenas-en-la-peninsula-valdes-tiene-graves-consecuencias\/\" \/>\n<meta property=\"og:locale\" content=\"es_ES\" \/>\n<meta property=\"og:type\" content=\"article\" \/>\n<meta property=\"og:title\" content=\"El acoso de las gaviotas a las ballenas en la Pen\u00ednsula Vald\u00e9s tiene graves consecuencias - Noticias Radio Reflejos\" \/>\n<meta property=\"og:description\" content=\"La evidencia cient\u00edfica refuerza la hip\u00f3tesis de que los ataques de gaviotas conduce a una mayor tasa de mortalidad de las ballenas francas.\" \/>\n<meta property=\"og:url\" content=\"https:\/\/www.noticiasradioreflejos.com.ar\/2021\/el-acoso-de-las-gaviotas-a-las-ballenas-en-la-peninsula-valdes-tiene-graves-consecuencias\/\" \/>\n<meta property=\"og:site_name\" content=\"Noticias Radio Reflejos\" \/>\n<meta property=\"article:published_time\" content=\"2021-08-09T18:53:29+00:00\" \/>\n<meta property=\"og:image\" content=\"https:\/\/images.pagina12.com.ar\/styles\/focal_3_2_960x640\/public\/2021-08\/184419-whatsapp-20image-202021-08-09-20at-201-08-19-20pm.jpeg?itok=vfB-tw79\" \/>\n<meta name=\"author\" content=\"Arnaldo Botto\" \/>\n<meta name=\"twitter:card\" content=\"summary_large_image\" \/>\n<script type=\"application\/ld+json\" class=\"yoast-schema-graph\">{\"@context\":\"https:\/\/schema.org\",\"@graph\":[{\"@type\":\"WebPage\",\"@id\":\"https:\/\/www.noticiasradioreflejos.com.ar\/2021\/el-acoso-de-las-gaviotas-a-las-ballenas-en-la-peninsula-valdes-tiene-graves-consecuencias\/\",\"url\":\"https:\/\/www.noticiasradioreflejos.com.ar\/2021\/el-acoso-de-las-gaviotas-a-las-ballenas-en-la-peninsula-valdes-tiene-graves-consecuencias\/\",\"name\":\"El acoso de las gaviotas a las ballenas en la Pen\u00ednsula Vald\u00e9s tiene graves consecuencias - Noticias Radio Reflejos\",\"isPartOf\":{\"@id\":\"https:\/\/www.noticiasradioreflejos.com.ar\/2021\/#website\"},\"primaryImageOfPage\":{\"@id\":\"https:\/\/www.noticiasradioreflejos.com.ar\/2021\/el-acoso-de-las-gaviotas-a-las-ballenas-en-la-peninsula-valdes-tiene-graves-consecuencias\/#primaryimage\"},\"image\":{\"@id\":\"https:\/\/www.noticiasradioreflejos.com.ar\/2021\/el-acoso-de-las-gaviotas-a-las-ballenas-en-la-peninsula-valdes-tiene-graves-consecuencias\/#primaryimage\"},\"thumbnailUrl\":\"https:\/\/images.pagina12.com.ar\/styles\/focal_3_2_960x640\/public\/2021-08\/184419-whatsapp-20image-202021-08-09-20at-201-08-19-20pm.jpeg?itok=vfB-tw79\",\"datePublished\":\"2021-08-09T18:53:29+00:00\",\"author\":{\"@id\":\"https:\/\/www.noticiasradioreflejos.com.ar\/2021\/#\/schema\/person\/ad82545263dcc5ec0996818884fd5fb1\"},\"breadcrumb\":{\"@id\":\"https:\/\/www.noticiasradioreflejos.com.ar\/2021\/el-acoso-de-las-gaviotas-a-las-ballenas-en-la-peninsula-valdes-tiene-graves-consecuencias\/#breadcrumb\"},\"inLanguage\":\"es\",\"potentialAction\":[{\"@type\":\"ReadAction\",\"target\":[\"https:\/\/www.noticiasradioreflejos.com.ar\/2021\/el-acoso-de-las-gaviotas-a-las-ballenas-en-la-peninsula-valdes-tiene-graves-consecuencias\/\"]}]},{\"@type\":\"ImageObject\",\"inLanguage\":\"es\",\"@id\":\"https:\/\/www.noticiasradioreflejos.com.ar\/2021\/el-acoso-de-las-gaviotas-a-las-ballenas-en-la-peninsula-valdes-tiene-graves-consecuencias\/#primaryimage\",\"url\":\"https:\/\/images.pagina12.com.ar\/styles\/focal_3_2_960x640\/public\/2021-08\/184419-whatsapp-20image-202021-08-09-20at-201-08-19-20pm.jpeg?itok=vfB-tw79\",\"contentUrl\":\"https:\/\/images.pagina12.com.ar\/styles\/focal_3_2_960x640\/public\/2021-08\/184419-whatsapp-20image-202021-08-09-20at-201-08-19-20pm.jpeg?itok=vfB-tw79\"},{\"@type\":\"BreadcrumbList\",\"@id\":\"https:\/\/www.noticiasradioreflejos.com.ar\/2021\/el-acoso-de-las-gaviotas-a-las-ballenas-en-la-peninsula-valdes-tiene-graves-consecuencias\/#breadcrumb\",\"itemListElement\":[{\"@type\":\"ListItem\",\"position\":1,\"name\":\"Portada\",\"item\":\"https:\/\/www.noticiasradioreflejos.com.ar\/2021\/\"},{\"@type\":\"ListItem\",\"position\":2,\"name\":\"El acoso de las gaviotas a las ballenas en la Pen\u00ednsula Vald\u00e9s tiene graves consecuencias\"}]},{\"@type\":\"WebSite\",\"@id\":\"https:\/\/www.noticiasradioreflejos.com.ar\/2021\/#website\",\"url\":\"https:\/\/www.noticiasradioreflejos.com.ar\/2021\/\",\"name\":\"Noticias Radio Reflejos\",\"description\":\"Las noticias de mi comarca\",\"potentialAction\":[{\"@type\":\"SearchAction\",\"target\":{\"@type\":\"EntryPoint\",\"urlTemplate\":\"https:\/\/www.noticiasradioreflejos.com.ar\/2021\/?s={search_term_string}\"},\"query-input\":{\"@type\":\"PropertyValueSpecification\",\"valueRequired\":true,\"valueName\":\"search_term_string\"}}],\"inLanguage\":\"es\"},{\"@type\":\"Person\",\"@id\":\"https:\/\/www.noticiasradioreflejos.com.ar\/2021\/#\/schema\/person\/ad82545263dcc5ec0996818884fd5fb1\",\"name\":\"Arnaldo Botto\",\"image\":{\"@type\":\"ImageObject\",\"inLanguage\":\"es\",\"@id\":\"https:\/\/www.noticiasradioreflejos.com.ar\/2021\/#\/schema\/person\/image\/\",\"url\":\"https:\/\/secure.gravatar.com\/avatar\/55cb5e37c1efa326397366e6974cb338056df65cb50e7d64d1cf314e87504837?s=96&d=mm&r=g\",\"contentUrl\":\"https:\/\/secure.gravatar.com\/avatar\/55cb5e37c1efa326397366e6974cb338056df65cb50e7d64d1cf314e87504837?s=96&d=mm&r=g\",\"caption\":\"Arnaldo Botto\"},\"url\":\"https:\/\/www.noticiasradioreflejos.com.ar\/2021\/author\/arnaldo\/\"}]}<\/script>\n<!-- \/ Yoast SEO plugin. -->","yoast_head_json":{"title":"El acoso de las gaviotas a las ballenas en la Pen\u00ednsula Vald\u00e9s tiene graves consecuencias - Noticias Radio Reflejos","robots":{"index":"index","follow":"follow","max-snippet":"max-snippet:-1","max-image-preview":"max-image-preview:large","max-video-preview":"max-video-preview:-1"},"canonical":"https:\/\/www.noticiasradioreflejos.com.ar\/2021\/el-acoso-de-las-gaviotas-a-las-ballenas-en-la-peninsula-valdes-tiene-graves-consecuencias\/","og_locale":"es_ES","og_type":"article","og_title":"El acoso de las gaviotas a las ballenas en la Pen\u00ednsula Vald\u00e9s tiene graves consecuencias - Noticias Radio Reflejos","og_description":"La evidencia cient\u00edfica refuerza la hip\u00f3tesis de que los ataques de gaviotas conduce a una mayor tasa de mortalidad de las ballenas francas.","og_url":"https:\/\/www.noticiasradioreflejos.com.ar\/2021\/el-acoso-de-las-gaviotas-a-las-ballenas-en-la-peninsula-valdes-tiene-graves-consecuencias\/","og_site_name":"Noticias Radio Reflejos","article_published_time":"2021-08-09T18:53:29+00:00","og_image":[{"url":"https:\/\/images.pagina12.com.ar\/styles\/focal_3_2_960x640\/public\/2021-08\/184419-whatsapp-20image-202021-08-09-20at-201-08-19-20pm.jpeg?itok=vfB-tw79","type":"","width":"","height":""}],"author":"Arnaldo Botto","twitter_card":"summary_large_image","schema":{"@context":"https:\/\/schema.org","@graph":[{"@type":"WebPage","@id":"https:\/\/www.noticiasradioreflejos.com.ar\/2021\/el-acoso-de-las-gaviotas-a-las-ballenas-en-la-peninsula-valdes-tiene-graves-consecuencias\/","url":"https:\/\/www.noticiasradioreflejos.com.ar\/2021\/el-acoso-de-las-gaviotas-a-las-ballenas-en-la-peninsula-valdes-tiene-graves-consecuencias\/","name":"El acoso de las gaviotas a las ballenas en la Pen\u00ednsula Vald\u00e9s tiene graves consecuencias - Noticias Radio Reflejos","isPartOf":{"@id":"https:\/\/www.noticiasradioreflejos.com.ar\/2021\/#website"},"primaryImageOfPage":{"@id":"https:\/\/www.noticiasradioreflejos.com.ar\/2021\/el-acoso-de-las-gaviotas-a-las-ballenas-en-la-peninsula-valdes-tiene-graves-consecuencias\/#primaryimage"},"image":{"@id":"https:\/\/www.noticiasradioreflejos.com.ar\/2021\/el-acoso-de-las-gaviotas-a-las-ballenas-en-la-peninsula-valdes-tiene-graves-consecuencias\/#primaryimage"},"thumbnailUrl":"https:\/\/images.pagina12.com.ar\/styles\/focal_3_2_960x640\/public\/2021-08\/184419-whatsapp-20image-202021-08-09-20at-201-08-19-20pm.jpeg?itok=vfB-tw79","datePublished":"2021-08-09T18:53:29+00:00","author":{"@id":"https:\/\/www.noticiasradioreflejos.com.ar\/2021\/#\/schema\/person\/ad82545263dcc5ec0996818884fd5fb1"},"breadcrumb":{"@id":"https:\/\/www.noticiasradioreflejos.com.ar\/2021\/el-acoso-de-las-gaviotas-a-las-ballenas-en-la-peninsula-valdes-tiene-graves-consecuencias\/#breadcrumb"},"inLanguage":"es","potentialAction":[{"@type":"ReadAction","target":["https:\/\/www.noticiasradioreflejos.com.ar\/2021\/el-acoso-de-las-gaviotas-a-las-ballenas-en-la-peninsula-valdes-tiene-graves-consecuencias\/"]}]},{"@type":"ImageObject","inLanguage":"es","@id":"https:\/\/www.noticiasradioreflejos.com.ar\/2021\/el-acoso-de-las-gaviotas-a-las-ballenas-en-la-peninsula-valdes-tiene-graves-consecuencias\/#primaryimage","url":"https:\/\/images.pagina12.com.ar\/styles\/focal_3_2_960x640\/public\/2021-08\/184419-whatsapp-20image-202021-08-09-20at-201-08-19-20pm.jpeg?itok=vfB-tw79","contentUrl":"https:\/\/images.pagina12.com.ar\/styles\/focal_3_2_960x640\/public\/2021-08\/184419-whatsapp-20image-202021-08-09-20at-201-08-19-20pm.jpeg?itok=vfB-tw79"},{"@type":"BreadcrumbList","@id":"https:\/\/www.noticiasradioreflejos.com.ar\/2021\/el-acoso-de-las-gaviotas-a-las-ballenas-en-la-peninsula-valdes-tiene-graves-consecuencias\/#breadcrumb","itemListElement":[{"@type":"ListItem","position":1,"name":"Portada","item":"https:\/\/www.noticiasradioreflejos.com.ar\/2021\/"},{"@type":"ListItem","position":2,"name":"El acoso de las gaviotas a las ballenas en la Pen\u00ednsula Vald\u00e9s tiene graves consecuencias"}]},{"@type":"WebSite","@id":"https:\/\/www.noticiasradioreflejos.com.ar\/2021\/#website","url":"https:\/\/www.noticiasradioreflejos.com.ar\/2021\/","name":"Noticias Radio Reflejos","description":"Las noticias de mi comarca","potentialAction":[{"@type":"SearchAction","target":{"@type":"EntryPoint","urlTemplate":"https:\/\/www.noticiasradioreflejos.com.ar\/2021\/?s={search_term_string}"},"query-input":{"@type":"PropertyValueSpecification","valueRequired":true,"valueName":"search_term_string"}}],"inLanguage":"es"},{"@type":"Person","@id":"https:\/\/www.noticiasradioreflejos.com.ar\/2021\/#\/schema\/person\/ad82545263dcc5ec0996818884fd5fb1","name":"Arnaldo Botto","image":{"@type":"ImageObject","inLanguage":"es","@id":"https:\/\/www.noticiasradioreflejos.com.ar\/2021\/#\/schema\/person\/image\/","url":"https:\/\/secure.gravatar.com\/avatar\/55cb5e37c1efa326397366e6974cb338056df65cb50e7d64d1cf314e87504837?s=96&d=mm&r=g","contentUrl":"https:\/\/secure.gravatar.com\/avatar\/55cb5e37c1efa326397366e6974cb338056df65cb50e7d64d1cf314e87504837?s=96&d=mm&r=g","caption":"Arnaldo Botto"},"url":"https:\/\/www.noticiasradioreflejos.com.ar\/2021\/author\/arnaldo\/"}]}},"_links":{"self":[{"href":"https:\/\/www.noticiasradioreflejos.com.ar\/2021\/wp-json\/wp\/v2\/posts\/61317","targetHints":{"allow":["GET"]}}],"collection":[{"href":"https:\/\/www.noticiasradioreflejos.com.ar\/2021\/wp-json\/wp\/v2\/posts"}],"about":[{"href":"https:\/\/www.noticiasradioreflejos.com.ar\/2021\/wp-json\/wp\/v2\/types\/post"}],"author":[{"embeddable":true,"href":"https:\/\/www.noticiasradioreflejos.com.ar\/2021\/wp-json\/wp\/v2\/users\/3"}],"replies":[{"embeddable":true,"href":"https:\/\/www.noticiasradioreflejos.com.ar\/2021\/wp-json\/wp\/v2\/comments?post=61317"}],"version-history":[{"count":1,"href":"https:\/\/www.noticiasradioreflejos.com.ar\/2021\/wp-json\/wp\/v2\/posts\/61317\/revisions"}],"predecessor-version":[{"id":61319,"href":"https:\/\/www.noticiasradioreflejos.com.ar\/2021\/wp-json\/wp\/v2\/posts\/61317\/revisions\/61319"}],"wp:attachment":[{"href":"https:\/\/www.noticiasradioreflejos.com.ar\/2021\/wp-json\/wp\/v2\/media?parent=61317"}],"wp:term":[{"taxonomy":"category","embeddable":true,"href":"https:\/\/www.noticiasradioreflejos.com.ar\/2021\/wp-json\/wp\/v2\/categories?post=61317"},{"taxonomy":"post_tag","embeddable":true,"href":"https:\/\/www.noticiasradioreflejos.com.ar\/2021\/wp-json\/wp\/v2\/tags?post=61317"}],"curies":[{"name":"wp","href":"https:\/\/api.w.org\/{rel}","templated":true}]}}