{"id":61300,"date":"2021-08-09T17:59:44","date_gmt":"2021-08-09T17:59:44","guid":{"rendered":"http:\/\/www.noticiasradioreflejos.com.ar\/2021\/?p=61300"},"modified":"2021-08-10T13:54:27","modified_gmt":"2021-08-10T13:54:27","slug":"una-mujer-aprehendida-en-sierra-de-la-ventana-por-golpear-a-una-empleada-y-romper-vidrios-en-una-cerveceria","status":"publish","type":"post","link":"https:\/\/www.noticiasradioreflejos.com.ar\/2021\/una-mujer-aprehendida-en-sierra-de-la-ventana-por-golpear-a-una-empleada-y-romper-vidrios-en-una-cerveceria\/","title":{"rendered":"Una mujer aprehendida en Sierra de la Ventana por golpear a una empleada y romper vidrios en una cervecer\u00eda."},"content":{"rendered":"<p>Personal de la Polic\u00eda de Sierra de la Ventana detuvo en la noche de este domingo 8 de agosto a una mujer que agredi\u00f3 ferozmente a una empleada en una cervecer\u00eda de la localidad. La agresora golpe\u00f3 contra un vidrio a la trabajadora gastron\u00f3mica y posteriormente destruy\u00f3 las puertas del local. <!--more--><\/p>\n<p>&nbsp;<\/p>\n<p><a title=\"Butter\" href=\"https:\/\/www.flickr.com\/photos\/182279889@N02\/51367644496\/in\/dateposted-public\/\" data-flickr-embed=\"true\"><img loading=\"lazy\" decoding=\"async\" src=\"https:\/\/live.staticflickr.com\/65535\/51367644496_7f80956344_o.jpg\" alt=\"Butter\" width=\"455\" height=\"700\" \/><\/a><script async src=\"\/\/embedr.flickr.com\/assets\/client-code.js\" charset=\"utf-8\"><\/script><\/p>\n<p>Con fecha 08 del corriente personal de la Subestaci\u00f3n de Polic\u00eda Comunal Sierra de la Ventana procedi\u00f3 a la <strong>APREHENSI\u00d3N<\/strong> de la ciudadana <strong>WASINGER LUDMILA ANDREA<\/strong>, mayor de edad, por el delito caratulado <strong>\u201cDA\u00d1O, LESIONES Y AMENAZAS\u201d<\/strong> quien ocasionara mediante golpe de pu\u00f1o roturas en los \u00a0cristales de puerta acceso principal del local comercial denominado CERVECERIA BUTTERFLEY, sita en calle Avenida San Martin nro. 397, asimismo la agresora posteriormente agrede y amenaza a una empleada del local, tom\u00e1ndola y golpe\u00e1ndola contra un vidrio, produci\u00e9ndole en consecuencia lesiones visibles sobre la v\u00edctima, interviniendo en este hecho tambi\u00e9n la UFIJ nro. 15 del dpto. Judicial de Bah\u00eda Blanca.-<\/p>\n","protected":false},"excerpt":{"rendered":"<p>Personal de la Polic\u00eda de Sierra de la Ventana detuvo en la noche de este domingo 8 de agosto a una mujer que agredi\u00f3 ferozmente a una empleada en una cervecer\u00eda de la localidad. La agresora golpe\u00f3 contra un vidrio a la trabajadora gastron\u00f3mica y posteriormente destruy\u00f3 las puertas del local.<\/p>\n","protected":false},"author":3,"featured_media":0,"comment_status":"closed","ping_status":"closed","sticky":false,"template":"","format":"standard","meta":{"footnotes":""},"categories":[29],"tags":[48],"class_list":["post-61300","post","type-post","status-publish","format-standard","hentry","category-policiales","tag-destacada"],"yoast_head":"<!-- This site is optimized with the Yoast SEO plugin v25.9 - https:\/\/yoast.com\/wordpress\/plugins\/seo\/ -->\n<title>Una mujer aprehendida en Sierra de la Ventana por golpear a una empleada y romper vidrios en una cervecer\u00eda. - Noticias Radio Reflejos<\/title>\n<meta name=\"robots\" content=\"index, follow, max-snippet:-1, max-image-preview:large, max-video-preview:-1\" \/>\n<link rel=\"canonical\" href=\"https:\/\/www.noticiasradioreflejos.com.ar\/2021\/una-mujer-aprehendida-en-sierra-de-la-ventana-por-golpear-a-una-empleada-y-romper-vidrios-en-una-cerveceria\/\" \/>\n<meta property=\"og:locale\" content=\"es_ES\" \/>\n<meta property=\"og:type\" content=\"article\" \/>\n<meta property=\"og:title\" content=\"Una mujer aprehendida en Sierra de la Ventana por golpear a una empleada y romper vidrios en una cervecer\u00eda. - Noticias Radio Reflejos\" \/>\n<meta property=\"og:description\" content=\"Personal de la Polic\u00eda de Sierra de la Ventana detuvo en la noche de este domingo 8 de agosto a una mujer que agredi\u00f3 ferozmente a una empleada en una cervecer\u00eda de la localidad. La agresora golpe\u00f3 contra un vidrio a la trabajadora gastron\u00f3mica y posteriormente destruy\u00f3 las puertas del local.\" \/>\n<meta property=\"og:url\" content=\"https:\/\/www.noticiasradioreflejos.com.ar\/2021\/una-mujer-aprehendida-en-sierra-de-la-ventana-por-golpear-a-una-empleada-y-romper-vidrios-en-una-cerveceria\/\" \/>\n<meta property=\"og:site_name\" content=\"Noticias Radio Reflejos\" \/>\n<meta property=\"article:published_time\" content=\"2021-08-09T17:59:44+00:00\" \/>\n<meta property=\"article:modified_time\" content=\"2021-08-10T13:54:27+00:00\" \/>\n<meta property=\"og:image\" content=\"https:\/\/live.staticflickr.com\/65535\/51367644496_7f80956344_o.jpg\" \/>\n<meta name=\"author\" content=\"Arnaldo Botto\" \/>\n<meta name=\"twitter:card\" content=\"summary_large_image\" \/>\n<script type=\"application\/ld+json\" class=\"yoast-schema-graph\">{\"@context\":\"https:\/\/schema.org\",\"@graph\":[{\"@type\":\"WebPage\",\"@id\":\"https:\/\/www.noticiasradioreflejos.com.ar\/2021\/una-mujer-aprehendida-en-sierra-de-la-ventana-por-golpear-a-una-empleada-y-romper-vidrios-en-una-cerveceria\/\",\"url\":\"https:\/\/www.noticiasradioreflejos.com.ar\/2021\/una-mujer-aprehendida-en-sierra-de-la-ventana-por-golpear-a-una-empleada-y-romper-vidrios-en-una-cerveceria\/\",\"name\":\"Una mujer aprehendida en Sierra de la Ventana por golpear a una empleada y romper vidrios en una cervecer\u00eda. - Noticias Radio Reflejos\",\"isPartOf\":{\"@id\":\"https:\/\/www.noticiasradioreflejos.com.ar\/2021\/#website\"},\"primaryImageOfPage\":{\"@id\":\"https:\/\/www.noticiasradioreflejos.com.ar\/2021\/una-mujer-aprehendida-en-sierra-de-la-ventana-por-golpear-a-una-empleada-y-romper-vidrios-en-una-cerveceria\/#primaryimage\"},\"image\":{\"@id\":\"https:\/\/www.noticiasradioreflejos.com.ar\/2021\/una-mujer-aprehendida-en-sierra-de-la-ventana-por-golpear-a-una-empleada-y-romper-vidrios-en-una-cerveceria\/#primaryimage\"},\"thumbnailUrl\":\"https:\/\/live.staticflickr.com\/65535\/51367644496_7f80956344_o.jpg\",\"datePublished\":\"2021-08-09T17:59:44+00:00\",\"dateModified\":\"2021-08-10T13:54:27+00:00\",\"author\":{\"@id\":\"https:\/\/www.noticiasradioreflejos.com.ar\/2021\/#\/schema\/person\/ad82545263dcc5ec0996818884fd5fb1\"},\"breadcrumb\":{\"@id\":\"https:\/\/www.noticiasradioreflejos.com.ar\/2021\/una-mujer-aprehendida-en-sierra-de-la-ventana-por-golpear-a-una-empleada-y-romper-vidrios-en-una-cerveceria\/#breadcrumb\"},\"inLanguage\":\"es\",\"potentialAction\":[{\"@type\":\"ReadAction\",\"target\":[\"https:\/\/www.noticiasradioreflejos.com.ar\/2021\/una-mujer-aprehendida-en-sierra-de-la-ventana-por-golpear-a-una-empleada-y-romper-vidrios-en-una-cerveceria\/\"]}]},{\"@type\":\"ImageObject\",\"inLanguage\":\"es\",\"@id\":\"https:\/\/www.noticiasradioreflejos.com.ar\/2021\/una-mujer-aprehendida-en-sierra-de-la-ventana-por-golpear-a-una-empleada-y-romper-vidrios-en-una-cerveceria\/#primaryimage\",\"url\":\"https:\/\/live.staticflickr.com\/65535\/51367644496_7f80956344_o.jpg\",\"contentUrl\":\"https:\/\/live.staticflickr.com\/65535\/51367644496_7f80956344_o.jpg\"},{\"@type\":\"BreadcrumbList\",\"@id\":\"https:\/\/www.noticiasradioreflejos.com.ar\/2021\/una-mujer-aprehendida-en-sierra-de-la-ventana-por-golpear-a-una-empleada-y-romper-vidrios-en-una-cerveceria\/#breadcrumb\",\"itemListElement\":[{\"@type\":\"ListItem\",\"position\":1,\"name\":\"Portada\",\"item\":\"https:\/\/www.noticiasradioreflejos.com.ar\/2021\/\"},{\"@type\":\"ListItem\",\"position\":2,\"name\":\"Una mujer aprehendida en Sierra de la Ventana por golpear a una empleada y romper vidrios en una cervecer\u00eda.\"}]},{\"@type\":\"WebSite\",\"@id\":\"https:\/\/www.noticiasradioreflejos.com.ar\/2021\/#website\",\"url\":\"https:\/\/www.noticiasradioreflejos.com.ar\/2021\/\",\"name\":\"Noticias Radio Reflejos\",\"description\":\"Las noticias de mi comarca\",\"potentialAction\":[{\"@type\":\"SearchAction\",\"target\":{\"@type\":\"EntryPoint\",\"urlTemplate\":\"https:\/\/www.noticiasradioreflejos.com.ar\/2021\/?s={search_term_string}\"},\"query-input\":{\"@type\":\"PropertyValueSpecification\",\"valueRequired\":true,\"valueName\":\"search_term_string\"}}],\"inLanguage\":\"es\"},{\"@type\":\"Person\",\"@id\":\"https:\/\/www.noticiasradioreflejos.com.ar\/2021\/#\/schema\/person\/ad82545263dcc5ec0996818884fd5fb1\",\"name\":\"Arnaldo Botto\",\"image\":{\"@type\":\"ImageObject\",\"inLanguage\":\"es\",\"@id\":\"https:\/\/www.noticiasradioreflejos.com.ar\/2021\/#\/schema\/person\/image\/\",\"url\":\"https:\/\/secure.gravatar.com\/avatar\/55cb5e37c1efa326397366e6974cb338056df65cb50e7d64d1cf314e87504837?s=96&d=mm&r=g\",\"contentUrl\":\"https:\/\/secure.gravatar.com\/avatar\/55cb5e37c1efa326397366e6974cb338056df65cb50e7d64d1cf314e87504837?s=96&d=mm&r=g\",\"caption\":\"Arnaldo Botto\"},\"url\":\"https:\/\/www.noticiasradioreflejos.com.ar\/2021\/author\/arnaldo\/\"}]}<\/script>\n<!-- \/ Yoast SEO plugin. -->","yoast_head_json":{"title":"Una mujer aprehendida en Sierra de la Ventana por golpear a una empleada y romper vidrios en una cervecer\u00eda. - Noticias Radio Reflejos","robots":{"index":"index","follow":"follow","max-snippet":"max-snippet:-1","max-image-preview":"max-image-preview:large","max-video-preview":"max-video-preview:-1"},"canonical":"https:\/\/www.noticiasradioreflejos.com.ar\/2021\/una-mujer-aprehendida-en-sierra-de-la-ventana-por-golpear-a-una-empleada-y-romper-vidrios-en-una-cerveceria\/","og_locale":"es_ES","og_type":"article","og_title":"Una mujer aprehendida en Sierra de la Ventana por golpear a una empleada y romper vidrios en una cervecer\u00eda. - Noticias Radio Reflejos","og_description":"Personal de la Polic\u00eda de Sierra de la Ventana detuvo en la noche de este domingo 8 de agosto a una mujer que agredi\u00f3 ferozmente a una empleada en una cervecer\u00eda de la localidad. La agresora golpe\u00f3 contra un vidrio a la trabajadora gastron\u00f3mica y posteriormente destruy\u00f3 las puertas del local.","og_url":"https:\/\/www.noticiasradioreflejos.com.ar\/2021\/una-mujer-aprehendida-en-sierra-de-la-ventana-por-golpear-a-una-empleada-y-romper-vidrios-en-una-cerveceria\/","og_site_name":"Noticias Radio Reflejos","article_published_time":"2021-08-09T17:59:44+00:00","article_modified_time":"2021-08-10T13:54:27+00:00","og_image":[{"url":"https:\/\/live.staticflickr.com\/65535\/51367644496_7f80956344_o.jpg","type":"","width":"","height":""}],"author":"Arnaldo Botto","twitter_card":"summary_large_image","schema":{"@context":"https:\/\/schema.org","@graph":[{"@type":"WebPage","@id":"https:\/\/www.noticiasradioreflejos.com.ar\/2021\/una-mujer-aprehendida-en-sierra-de-la-ventana-por-golpear-a-una-empleada-y-romper-vidrios-en-una-cerveceria\/","url":"https:\/\/www.noticiasradioreflejos.com.ar\/2021\/una-mujer-aprehendida-en-sierra-de-la-ventana-por-golpear-a-una-empleada-y-romper-vidrios-en-una-cerveceria\/","name":"Una mujer aprehendida en Sierra de la Ventana por golpear a una empleada y romper vidrios en una cervecer\u00eda. - Noticias Radio Reflejos","isPartOf":{"@id":"https:\/\/www.noticiasradioreflejos.com.ar\/2021\/#website"},"primaryImageOfPage":{"@id":"https:\/\/www.noticiasradioreflejos.com.ar\/2021\/una-mujer-aprehendida-en-sierra-de-la-ventana-por-golpear-a-una-empleada-y-romper-vidrios-en-una-cerveceria\/#primaryimage"},"image":{"@id":"https:\/\/www.noticiasradioreflejos.com.ar\/2021\/una-mujer-aprehendida-en-sierra-de-la-ventana-por-golpear-a-una-empleada-y-romper-vidrios-en-una-cerveceria\/#primaryimage"},"thumbnailUrl":"https:\/\/live.staticflickr.com\/65535\/51367644496_7f80956344_o.jpg","datePublished":"2021-08-09T17:59:44+00:00","dateModified":"2021-08-10T13:54:27+00:00","author":{"@id":"https:\/\/www.noticiasradioreflejos.com.ar\/2021\/#\/schema\/person\/ad82545263dcc5ec0996818884fd5fb1"},"breadcrumb":{"@id":"https:\/\/www.noticiasradioreflejos.com.ar\/2021\/una-mujer-aprehendida-en-sierra-de-la-ventana-por-golpear-a-una-empleada-y-romper-vidrios-en-una-cerveceria\/#breadcrumb"},"inLanguage":"es","potentialAction":[{"@type":"ReadAction","target":["https:\/\/www.noticiasradioreflejos.com.ar\/2021\/una-mujer-aprehendida-en-sierra-de-la-ventana-por-golpear-a-una-empleada-y-romper-vidrios-en-una-cerveceria\/"]}]},{"@type":"ImageObject","inLanguage":"es","@id":"https:\/\/www.noticiasradioreflejos.com.ar\/2021\/una-mujer-aprehendida-en-sierra-de-la-ventana-por-golpear-a-una-empleada-y-romper-vidrios-en-una-cerveceria\/#primaryimage","url":"https:\/\/live.staticflickr.com\/65535\/51367644496_7f80956344_o.jpg","contentUrl":"https:\/\/live.staticflickr.com\/65535\/51367644496_7f80956344_o.jpg"},{"@type":"BreadcrumbList","@id":"https:\/\/www.noticiasradioreflejos.com.ar\/2021\/una-mujer-aprehendida-en-sierra-de-la-ventana-por-golpear-a-una-empleada-y-romper-vidrios-en-una-cerveceria\/#breadcrumb","itemListElement":[{"@type":"ListItem","position":1,"name":"Portada","item":"https:\/\/www.noticiasradioreflejos.com.ar\/2021\/"},{"@type":"ListItem","position":2,"name":"Una mujer aprehendida en Sierra de la Ventana por golpear a una empleada y romper vidrios en una cervecer\u00eda."}]},{"@type":"WebSite","@id":"https:\/\/www.noticiasradioreflejos.com.ar\/2021\/#website","url":"https:\/\/www.noticiasradioreflejos.com.ar\/2021\/","name":"Noticias Radio Reflejos","description":"Las noticias de mi comarca","potentialAction":[{"@type":"SearchAction","target":{"@type":"EntryPoint","urlTemplate":"https:\/\/www.noticiasradioreflejos.com.ar\/2021\/?s={search_term_string}"},"query-input":{"@type":"PropertyValueSpecification","valueRequired":true,"valueName":"search_term_string"}}],"inLanguage":"es"},{"@type":"Person","@id":"https:\/\/www.noticiasradioreflejos.com.ar\/2021\/#\/schema\/person\/ad82545263dcc5ec0996818884fd5fb1","name":"Arnaldo Botto","image":{"@type":"ImageObject","inLanguage":"es","@id":"https:\/\/www.noticiasradioreflejos.com.ar\/2021\/#\/schema\/person\/image\/","url":"https:\/\/secure.gravatar.com\/avatar\/55cb5e37c1efa326397366e6974cb338056df65cb50e7d64d1cf314e87504837?s=96&d=mm&r=g","contentUrl":"https:\/\/secure.gravatar.com\/avatar\/55cb5e37c1efa326397366e6974cb338056df65cb50e7d64d1cf314e87504837?s=96&d=mm&r=g","caption":"Arnaldo Botto"},"url":"https:\/\/www.noticiasradioreflejos.com.ar\/2021\/author\/arnaldo\/"}]}},"_links":{"self":[{"href":"https:\/\/www.noticiasradioreflejos.com.ar\/2021\/wp-json\/wp\/v2\/posts\/61300","targetHints":{"allow":["GET"]}}],"collection":[{"href":"https:\/\/www.noticiasradioreflejos.com.ar\/2021\/wp-json\/wp\/v2\/posts"}],"about":[{"href":"https:\/\/www.noticiasradioreflejos.com.ar\/2021\/wp-json\/wp\/v2\/types\/post"}],"author":[{"embeddable":true,"href":"https:\/\/www.noticiasradioreflejos.com.ar\/2021\/wp-json\/wp\/v2\/users\/3"}],"replies":[{"embeddable":true,"href":"https:\/\/www.noticiasradioreflejos.com.ar\/2021\/wp-json\/wp\/v2\/comments?post=61300"}],"version-history":[{"count":4,"href":"https:\/\/www.noticiasradioreflejos.com.ar\/2021\/wp-json\/wp\/v2\/posts\/61300\/revisions"}],"predecessor-version":[{"id":61342,"href":"https:\/\/www.noticiasradioreflejos.com.ar\/2021\/wp-json\/wp\/v2\/posts\/61300\/revisions\/61342"}],"wp:attachment":[{"href":"https:\/\/www.noticiasradioreflejos.com.ar\/2021\/wp-json\/wp\/v2\/media?parent=61300"}],"wp:term":[{"taxonomy":"category","embeddable":true,"href":"https:\/\/www.noticiasradioreflejos.com.ar\/2021\/wp-json\/wp\/v2\/categories?post=61300"},{"taxonomy":"post_tag","embeddable":true,"href":"https:\/\/www.noticiasradioreflejos.com.ar\/2021\/wp-json\/wp\/v2\/tags?post=61300"}],"curies":[{"name":"wp","href":"https:\/\/api.w.org\/{rel}","templated":true}]}}