{"id":6130,"date":"2017-01-20T08:37:20","date_gmt":"2017-01-20T11:37:20","guid":{"rendered":"http:\/\/noticiasradioreflejos.com.ar\/noticias\/?p=6130"},"modified":"2017-01-20T08:37:20","modified_gmt":"2017-01-20T11:37:20","slug":"mucha-tormenta-y-poca-lluvia-en-sierra-de-la-ventana","status":"publish","type":"post","link":"https:\/\/www.noticiasradioreflejos.com.ar\/2021\/mucha-tormenta-y-poca-lluvia-en-sierra-de-la-ventana\/","title":{"rendered":"Mucha tormenta y poca lluvia en Sierra de la Ventana"},"content":{"rendered":"<p>Tormenta el\u00e9ctrica con variados registros de precipitaciones lleg\u00f3 en la noche de este jueves.<br \/>\nCon una jornada muy calurosa, donde la m\u00e1xima lleg\u00f3 a los 37\u00b0 y la sensaci\u00f3n t\u00e9rmica a 41\u00b0, desde la tarde el cielo serrano fue presentando gran nubosidad anticipando la posible llegada de una tormenta y lluvias.<br \/>\nSin embargo en Sierra de la Ventana las precipitaciones fueron muy escasas, podr\u00edamos decir \u00abCuatro gotas\u00bb,<!--more--> sin alcanzar a medir mil\u00edmetros. Acompa\u00f1ada por un verdadero festival de luces que produc\u00edan los rel\u00e1mpagos que envolv\u00edan toda la zona serrana, la tormenta caus\u00f3 la salida de servicio de la l\u00ednea de alta tensi\u00f3n que llega desde Tornquist a la subestaci\u00f3n de Saldungaray, produciendo un corte de energ\u00eda el\u00e9ctrica que dej\u00f3 a Saldungaray y Sierra de la Ventana por unos 20 minutos en total oscuridad.<br \/>\nEn otras localidades de la regi\u00f3n las precipitaciones fueron buenas y en especial en el Parque Provincial Ernesto Tornquist, donde la administraci\u00f3n inform\u00f3 esta ma\u00f1ana a nuestro medio que en la base del Cerro Ventana llovieron 30 mil\u00edmetros.<br \/>\n<strong>Registros en la zona:<\/strong><br \/>\n15 mm en Calqu\u00edn<br \/>\n10 mm en Villa Ventana<br \/>\n22,2 mm base Cerro Bah\u00eda Blanca<br \/>\n30 mm en Base Cerro Ventana<br \/>\n13,5\u00a0mm en Tornquist<br \/>\n2,3 mm en el Pantanoso<br \/>\n7 mm. en Pig\u00fc\u00e9<br \/>\n20 mm. en Huanguel\u00e9n<br \/>\n8 mm. en Coronel Su\u00e1rez<br \/>\n&nbsp;<br \/>\n<strong>Foto de Franco Scialpi<\/strong><\/p>\n","protected":false},"excerpt":{"rendered":"<p>Tormenta el\u00e9ctrica con variados registros de precipitaciones lleg\u00f3 en la noche de este jueves. Con una jornada muy calurosa, donde la m\u00e1xima lleg\u00f3 a los 37\u00b0 y la sensaci\u00f3n t\u00e9rmica a 41\u00b0, desde la tarde el cielo serrano fue presentando gran nubosidad anticipando la posible llegada de una tormenta y lluvias. Sin embargo en Sierra [&hellip;]<\/p>\n","protected":false},"author":3,"featured_media":0,"comment_status":"closed","ping_status":"open","sticky":false,"template":"","format":"standard","meta":{"footnotes":""},"categories":[26],"tags":[],"class_list":["post-6130","post","type-post","status-publish","format-standard","hentry","category-sociedad"],"yoast_head":"<!-- This site is optimized with the Yoast SEO plugin v25.9 - https:\/\/yoast.com\/wordpress\/plugins\/seo\/ -->\n<title>Mucha tormenta y poca lluvia en Sierra de la Ventana - Noticias Radio Reflejos<\/title>\n<meta name=\"robots\" content=\"index, follow, max-snippet:-1, max-image-preview:large, max-video-preview:-1\" \/>\n<link rel=\"canonical\" href=\"https:\/\/www.noticiasradioreflejos.com.ar\/2021\/mucha-tormenta-y-poca-lluvia-en-sierra-de-la-ventana\/\" \/>\n<meta property=\"og:locale\" content=\"es_ES\" \/>\n<meta property=\"og:type\" content=\"article\" \/>\n<meta property=\"og:title\" content=\"Mucha tormenta y poca lluvia en Sierra de la Ventana - Noticias Radio Reflejos\" \/>\n<meta property=\"og:description\" content=\"Tormenta el\u00e9ctrica con variados registros de precipitaciones lleg\u00f3 en la noche de este jueves. Con una jornada muy calurosa, donde la m\u00e1xima lleg\u00f3 a los 37\u00b0 y la sensaci\u00f3n t\u00e9rmica a 41\u00b0, desde la tarde el cielo serrano fue presentando gran nubosidad anticipando la posible llegada de una tormenta y lluvias. Sin embargo en Sierra [&hellip;]\" \/>\n<meta property=\"og:url\" content=\"https:\/\/www.noticiasradioreflejos.com.ar\/2021\/mucha-tormenta-y-poca-lluvia-en-sierra-de-la-ventana\/\" \/>\n<meta property=\"og:site_name\" content=\"Noticias Radio Reflejos\" \/>\n<meta property=\"article:published_time\" content=\"2017-01-20T11:37:20+00:00\" \/>\n<meta property=\"og:image\" content=\"https:\/\/www.noticiasradioreflejos.com.ar\/2021\/wp-content\/uploads\/2021\/07\/logosol300x200.png\" \/>\n\t<meta property=\"og:image:width\" content=\"300\" \/>\n\t<meta property=\"og:image:height\" content=\"200\" \/>\n\t<meta property=\"og:image:type\" content=\"image\/png\" \/>\n<meta name=\"author\" content=\"Arnaldo Botto\" \/>\n<meta name=\"twitter:card\" content=\"summary_large_image\" \/>\n<script type=\"application\/ld+json\" class=\"yoast-schema-graph\">{\"@context\":\"https:\/\/schema.org\",\"@graph\":[{\"@type\":\"WebPage\",\"@id\":\"https:\/\/www.noticiasradioreflejos.com.ar\/2021\/mucha-tormenta-y-poca-lluvia-en-sierra-de-la-ventana\/\",\"url\":\"https:\/\/www.noticiasradioreflejos.com.ar\/2021\/mucha-tormenta-y-poca-lluvia-en-sierra-de-la-ventana\/\",\"name\":\"Mucha tormenta y poca lluvia en Sierra de la Ventana - Noticias Radio Reflejos\",\"isPartOf\":{\"@id\":\"https:\/\/www.noticiasradioreflejos.com.ar\/2021\/#website\"},\"datePublished\":\"2017-01-20T11:37:20+00:00\",\"author\":{\"@id\":\"https:\/\/www.noticiasradioreflejos.com.ar\/2021\/#\/schema\/person\/ad82545263dcc5ec0996818884fd5fb1\"},\"breadcrumb\":{\"@id\":\"https:\/\/www.noticiasradioreflejos.com.ar\/2021\/mucha-tormenta-y-poca-lluvia-en-sierra-de-la-ventana\/#breadcrumb\"},\"inLanguage\":\"es\",\"potentialAction\":[{\"@type\":\"ReadAction\",\"target\":[\"https:\/\/www.noticiasradioreflejos.com.ar\/2021\/mucha-tormenta-y-poca-lluvia-en-sierra-de-la-ventana\/\"]}]},{\"@type\":\"BreadcrumbList\",\"@id\":\"https:\/\/www.noticiasradioreflejos.com.ar\/2021\/mucha-tormenta-y-poca-lluvia-en-sierra-de-la-ventana\/#breadcrumb\",\"itemListElement\":[{\"@type\":\"ListItem\",\"position\":1,\"name\":\"Portada\",\"item\":\"https:\/\/www.noticiasradioreflejos.com.ar\/2021\/\"},{\"@type\":\"ListItem\",\"position\":2,\"name\":\"Mucha tormenta y poca lluvia en Sierra de la Ventana\"}]},{\"@type\":\"WebSite\",\"@id\":\"https:\/\/www.noticiasradioreflejos.com.ar\/2021\/#website\",\"url\":\"https:\/\/www.noticiasradioreflejos.com.ar\/2021\/\",\"name\":\"Noticias Radio Reflejos\",\"description\":\"Las noticias de mi comarca\",\"potentialAction\":[{\"@type\":\"SearchAction\",\"target\":{\"@type\":\"EntryPoint\",\"urlTemplate\":\"https:\/\/www.noticiasradioreflejos.com.ar\/2021\/?s={search_term_string}\"},\"query-input\":{\"@type\":\"PropertyValueSpecification\",\"valueRequired\":true,\"valueName\":\"search_term_string\"}}],\"inLanguage\":\"es\"},{\"@type\":\"Person\",\"@id\":\"https:\/\/www.noticiasradioreflejos.com.ar\/2021\/#\/schema\/person\/ad82545263dcc5ec0996818884fd5fb1\",\"name\":\"Arnaldo Botto\",\"image\":{\"@type\":\"ImageObject\",\"inLanguage\":\"es\",\"@id\":\"https:\/\/www.noticiasradioreflejos.com.ar\/2021\/#\/schema\/person\/image\/\",\"url\":\"https:\/\/secure.gravatar.com\/avatar\/55cb5e37c1efa326397366e6974cb338056df65cb50e7d64d1cf314e87504837?s=96&d=mm&r=g\",\"contentUrl\":\"https:\/\/secure.gravatar.com\/avatar\/55cb5e37c1efa326397366e6974cb338056df65cb50e7d64d1cf314e87504837?s=96&d=mm&r=g\",\"caption\":\"Arnaldo Botto\"},\"url\":\"https:\/\/www.noticiasradioreflejos.com.ar\/2021\/author\/arnaldo\/\"}]}<\/script>\n<!-- \/ Yoast SEO plugin. -->","yoast_head_json":{"title":"Mucha tormenta y poca lluvia en Sierra de la Ventana - Noticias Radio Reflejos","robots":{"index":"index","follow":"follow","max-snippet":"max-snippet:-1","max-image-preview":"max-image-preview:large","max-video-preview":"max-video-preview:-1"},"canonical":"https:\/\/www.noticiasradioreflejos.com.ar\/2021\/mucha-tormenta-y-poca-lluvia-en-sierra-de-la-ventana\/","og_locale":"es_ES","og_type":"article","og_title":"Mucha tormenta y poca lluvia en Sierra de la Ventana - Noticias Radio Reflejos","og_description":"Tormenta el\u00e9ctrica con variados registros de precipitaciones lleg\u00f3 en la noche de este jueves. Con una jornada muy calurosa, donde la m\u00e1xima lleg\u00f3 a los 37\u00b0 y la sensaci\u00f3n t\u00e9rmica a 41\u00b0, desde la tarde el cielo serrano fue presentando gran nubosidad anticipando la posible llegada de una tormenta y lluvias. Sin embargo en Sierra [&hellip;]","og_url":"https:\/\/www.noticiasradioreflejos.com.ar\/2021\/mucha-tormenta-y-poca-lluvia-en-sierra-de-la-ventana\/","og_site_name":"Noticias Radio Reflejos","article_published_time":"2017-01-20T11:37:20+00:00","og_image":[{"width":300,"height":200,"url":"https:\/\/www.noticiasradioreflejos.com.ar\/2021\/wp-content\/uploads\/2021\/07\/logosol300x200.png","type":"image\/png"}],"author":"Arnaldo Botto","twitter_card":"summary_large_image","schema":{"@context":"https:\/\/schema.org","@graph":[{"@type":"WebPage","@id":"https:\/\/www.noticiasradioreflejos.com.ar\/2021\/mucha-tormenta-y-poca-lluvia-en-sierra-de-la-ventana\/","url":"https:\/\/www.noticiasradioreflejos.com.ar\/2021\/mucha-tormenta-y-poca-lluvia-en-sierra-de-la-ventana\/","name":"Mucha tormenta y poca lluvia en Sierra de la Ventana - Noticias Radio Reflejos","isPartOf":{"@id":"https:\/\/www.noticiasradioreflejos.com.ar\/2021\/#website"},"datePublished":"2017-01-20T11:37:20+00:00","author":{"@id":"https:\/\/www.noticiasradioreflejos.com.ar\/2021\/#\/schema\/person\/ad82545263dcc5ec0996818884fd5fb1"},"breadcrumb":{"@id":"https:\/\/www.noticiasradioreflejos.com.ar\/2021\/mucha-tormenta-y-poca-lluvia-en-sierra-de-la-ventana\/#breadcrumb"},"inLanguage":"es","potentialAction":[{"@type":"ReadAction","target":["https:\/\/www.noticiasradioreflejos.com.ar\/2021\/mucha-tormenta-y-poca-lluvia-en-sierra-de-la-ventana\/"]}]},{"@type":"BreadcrumbList","@id":"https:\/\/www.noticiasradioreflejos.com.ar\/2021\/mucha-tormenta-y-poca-lluvia-en-sierra-de-la-ventana\/#breadcrumb","itemListElement":[{"@type":"ListItem","position":1,"name":"Portada","item":"https:\/\/www.noticiasradioreflejos.com.ar\/2021\/"},{"@type":"ListItem","position":2,"name":"Mucha tormenta y poca lluvia en Sierra de la Ventana"}]},{"@type":"WebSite","@id":"https:\/\/www.noticiasradioreflejos.com.ar\/2021\/#website","url":"https:\/\/www.noticiasradioreflejos.com.ar\/2021\/","name":"Noticias Radio Reflejos","description":"Las noticias de mi comarca","potentialAction":[{"@type":"SearchAction","target":{"@type":"EntryPoint","urlTemplate":"https:\/\/www.noticiasradioreflejos.com.ar\/2021\/?s={search_term_string}"},"query-input":{"@type":"PropertyValueSpecification","valueRequired":true,"valueName":"search_term_string"}}],"inLanguage":"es"},{"@type":"Person","@id":"https:\/\/www.noticiasradioreflejos.com.ar\/2021\/#\/schema\/person\/ad82545263dcc5ec0996818884fd5fb1","name":"Arnaldo Botto","image":{"@type":"ImageObject","inLanguage":"es","@id":"https:\/\/www.noticiasradioreflejos.com.ar\/2021\/#\/schema\/person\/image\/","url":"https:\/\/secure.gravatar.com\/avatar\/55cb5e37c1efa326397366e6974cb338056df65cb50e7d64d1cf314e87504837?s=96&d=mm&r=g","contentUrl":"https:\/\/secure.gravatar.com\/avatar\/55cb5e37c1efa326397366e6974cb338056df65cb50e7d64d1cf314e87504837?s=96&d=mm&r=g","caption":"Arnaldo Botto"},"url":"https:\/\/www.noticiasradioreflejos.com.ar\/2021\/author\/arnaldo\/"}]}},"_links":{"self":[{"href":"https:\/\/www.noticiasradioreflejos.com.ar\/2021\/wp-json\/wp\/v2\/posts\/6130","targetHints":{"allow":["GET"]}}],"collection":[{"href":"https:\/\/www.noticiasradioreflejos.com.ar\/2021\/wp-json\/wp\/v2\/posts"}],"about":[{"href":"https:\/\/www.noticiasradioreflejos.com.ar\/2021\/wp-json\/wp\/v2\/types\/post"}],"author":[{"embeddable":true,"href":"https:\/\/www.noticiasradioreflejos.com.ar\/2021\/wp-json\/wp\/v2\/users\/3"}],"replies":[{"embeddable":true,"href":"https:\/\/www.noticiasradioreflejos.com.ar\/2021\/wp-json\/wp\/v2\/comments?post=6130"}],"version-history":[{"count":0,"href":"https:\/\/www.noticiasradioreflejos.com.ar\/2021\/wp-json\/wp\/v2\/posts\/6130\/revisions"}],"wp:attachment":[{"href":"https:\/\/www.noticiasradioreflejos.com.ar\/2021\/wp-json\/wp\/v2\/media?parent=6130"}],"wp:term":[{"taxonomy":"category","embeddable":true,"href":"https:\/\/www.noticiasradioreflejos.com.ar\/2021\/wp-json\/wp\/v2\/categories?post=6130"},{"taxonomy":"post_tag","embeddable":true,"href":"https:\/\/www.noticiasradioreflejos.com.ar\/2021\/wp-json\/wp\/v2\/tags?post=6130"}],"curies":[{"name":"wp","href":"https:\/\/api.w.org\/{rel}","templated":true}]}}