{"id":61280,"date":"2021-08-09T11:55:12","date_gmt":"2021-08-09T11:55:12","guid":{"rendered":"http:\/\/www.noticiasradioreflejos.com.ar\/2021\/?p=61280"},"modified":"2021-08-09T11:55:12","modified_gmt":"2021-08-09T11:55:12","slug":"dos-camiones-chocaron-este-domingo-por-la-noche-en-la-ruta-51","status":"publish","type":"post","link":"https:\/\/www.noticiasradioreflejos.com.ar\/2021\/dos-camiones-chocaron-este-domingo-por-la-noche-en-la-ruta-51\/","title":{"rendered":"Dos Camiones chocaron este domingo por la noche en la ruta 51"},"content":{"rendered":"<div><span style=\"font-family: Verdana;\">Ayer, a las 22.30 hs se escuch\u00f3 la sirena de Bomberos Voluntarios en la ciudad de Cnel Pringles. <\/span><\/div>\n<div><span style=\"font-family: Verdana;\">El llamado de emergencia obedeci\u00f3 a un accidente que se registr\u00f3 sobre la Ruta 51 a la altura del Despe\u00f1adero. En ese punto, colisionaron dos camiones.\u00a0<\/span><\/div>\n<p><!--more--><\/p>\n<p><iframe loading=\"lazy\" title=\"YouTube video player\" src=\"https:\/\/www.youtube.com\/embed\/kSIYHR5Vwpg\" width=\"641\" height=\"352\" frameborder=\"0\" allowfullscreen=\"allowfullscreen\"><\/iframe><\/p>\n<div><span style=\"font-family: Verdana;\">Producto del accidente, un camionero result\u00f3 con heridas leves y por precauci\u00f3n debi\u00f3 ser trasladado al Hospital Municipal.<\/span><\/div>\n<div><span style=\"font-family: Verdana;\">Trabajaron en el lugar, tres dotaciones de efectivos bomberiles a cargo de Pablo Schwerdt. Tambi\u00e9n se cont\u00f3 con la presencia de personal policial.\u00a0<\/span><\/div>\n<div><span style=\"font-family: Verdana;\">Tras lo ocurrido la ruta 51 qued\u00f3 cortada al tr\u00e1nsito vehicular por un lapso indeterminado.\u00a0<\/span><\/div>\n<div><span style=\"font-family: Verdana;\">\u00abMultimedio Pringles\u00bb dialog\u00f3 con Pablo Schwerdt, quien detall\u00f3 el trabajo que realizaron para poder rescatar al camionero, labor que les demand\u00f3 alrededor de 40 minutos. \u00abNos llamaron por un accidente entre dos camiones y al llegar al lugar, nos encontramos con un chofer apretado. Estuvimos trabajando con las dos tijeras y con los expansores, para poder abrir y sacar al chofer. Gracias a Dios est\u00e1 bien, est\u00e1 l\u00facido y eso nos ayud\u00f3 mucho a trabajar\u00bb, subray\u00f3.\u00a0<\/span><\/div>\n<div><span style=\"font-family: Verdana;\">Y mencion\u00f3 que el camionero \u00abhab\u00eda quedado atrapado entre los pedales y el volante, la caja est\u00e1 desplazada por lo menos 50 cm hacia atr\u00e1s\u00bb.\u00a0<\/span><\/div>\n<div><span style=\"font-family: Verdana;\">Schwerdt indic\u00f3 tambi\u00e9n que el hombre, que ser\u00eda oriundo de Buenos Aires, \u00abaparentemente no tiene lesiones, porque estaba muy l\u00facido, mov\u00eda los pies, a nosotros nos ayud\u00f3 mucho que estuviese consciente\u00bb dijo y coment\u00f3 que el camionero s\u00f3lo sent\u00eda que \u00able faltaba el aire, no sabemos si porque ven\u00eda descompuesto o porque estuvo mucho tiempo apretado en la parte del est\u00f3mago con el volante\u00bb.\u00a0<\/span><\/div>\n<div><\/div>\n<div><strong>Fuente: El Diario de Pringles<\/strong><\/div>\n<div><\/div>\n","protected":false},"excerpt":{"rendered":"<p>Producto del accidente, un camionero result\u00f3 con heridas leves y por precauci\u00f3n debi\u00f3 ser trasladado al Hospital Municipal.<br \/>\nTrabajaron en el lugar, tres dotaciones de efectivos bomberiles a cargo de Pablo Schwerdt. Tambi\u00e9n se cont\u00f3 con la presencia de personal policial.\u00a0<\/p>\n","protected":false},"author":3,"featured_media":0,"comment_status":"closed","ping_status":"closed","sticky":false,"template":"","format":"standard","meta":{"footnotes":""},"categories":[29],"tags":[48],"class_list":["post-61280","post","type-post","status-publish","format-standard","hentry","category-policiales","tag-destacada"],"yoast_head":"<!-- This site is optimized with the Yoast SEO plugin v25.9 - https:\/\/yoast.com\/wordpress\/plugins\/seo\/ -->\n<title>Dos Camiones chocaron este domingo por la noche en la ruta 51 - Noticias Radio Reflejos<\/title>\n<meta name=\"robots\" content=\"index, follow, max-snippet:-1, max-image-preview:large, max-video-preview:-1\" \/>\n<link rel=\"canonical\" href=\"https:\/\/www.noticiasradioreflejos.com.ar\/2021\/dos-camiones-chocaron-este-domingo-por-la-noche-en-la-ruta-51\/\" \/>\n<meta property=\"og:locale\" content=\"es_ES\" \/>\n<meta property=\"og:type\" content=\"article\" \/>\n<meta property=\"og:title\" content=\"Dos Camiones chocaron este domingo por la noche en la ruta 51 - Noticias Radio Reflejos\" \/>\n<meta property=\"og:description\" content=\"Producto del accidente, un camionero result\u00f3 con heridas leves y por precauci\u00f3n debi\u00f3 ser trasladado al Hospital Municipal. Trabajaron en el lugar, tres dotaciones de efectivos bomberiles a cargo de Pablo Schwerdt. Tambi\u00e9n se cont\u00f3 con la presencia de personal policial.\u00a0\" \/>\n<meta property=\"og:url\" content=\"https:\/\/www.noticiasradioreflejos.com.ar\/2021\/dos-camiones-chocaron-este-domingo-por-la-noche-en-la-ruta-51\/\" \/>\n<meta property=\"og:site_name\" content=\"Noticias Radio Reflejos\" \/>\n<meta property=\"article:published_time\" content=\"2021-08-09T11:55:12+00:00\" \/>\n<meta property=\"og:image\" content=\"https:\/\/www.noticiasradioreflejos.com.ar\/2021\/wp-content\/uploads\/2021\/07\/logosol300x200.png\" \/>\n\t<meta property=\"og:image:width\" content=\"300\" \/>\n\t<meta property=\"og:image:height\" content=\"200\" \/>\n\t<meta property=\"og:image:type\" content=\"image\/png\" \/>\n<meta name=\"author\" content=\"Arnaldo Botto\" \/>\n<meta name=\"twitter:card\" content=\"summary_large_image\" \/>\n<script type=\"application\/ld+json\" class=\"yoast-schema-graph\">{\"@context\":\"https:\/\/schema.org\",\"@graph\":[{\"@type\":\"WebPage\",\"@id\":\"https:\/\/www.noticiasradioreflejos.com.ar\/2021\/dos-camiones-chocaron-este-domingo-por-la-noche-en-la-ruta-51\/\",\"url\":\"https:\/\/www.noticiasradioreflejos.com.ar\/2021\/dos-camiones-chocaron-este-domingo-por-la-noche-en-la-ruta-51\/\",\"name\":\"Dos Camiones chocaron este domingo por la noche en la ruta 51 - Noticias Radio Reflejos\",\"isPartOf\":{\"@id\":\"https:\/\/www.noticiasradioreflejos.com.ar\/2021\/#website\"},\"datePublished\":\"2021-08-09T11:55:12+00:00\",\"author\":{\"@id\":\"https:\/\/www.noticiasradioreflejos.com.ar\/2021\/#\/schema\/person\/ad82545263dcc5ec0996818884fd5fb1\"},\"breadcrumb\":{\"@id\":\"https:\/\/www.noticiasradioreflejos.com.ar\/2021\/dos-camiones-chocaron-este-domingo-por-la-noche-en-la-ruta-51\/#breadcrumb\"},\"inLanguage\":\"es\",\"potentialAction\":[{\"@type\":\"ReadAction\",\"target\":[\"https:\/\/www.noticiasradioreflejos.com.ar\/2021\/dos-camiones-chocaron-este-domingo-por-la-noche-en-la-ruta-51\/\"]}]},{\"@type\":\"BreadcrumbList\",\"@id\":\"https:\/\/www.noticiasradioreflejos.com.ar\/2021\/dos-camiones-chocaron-este-domingo-por-la-noche-en-la-ruta-51\/#breadcrumb\",\"itemListElement\":[{\"@type\":\"ListItem\",\"position\":1,\"name\":\"Portada\",\"item\":\"https:\/\/www.noticiasradioreflejos.com.ar\/2021\/\"},{\"@type\":\"ListItem\",\"position\":2,\"name\":\"Dos Camiones chocaron este domingo por la noche en la ruta 51\"}]},{\"@type\":\"WebSite\",\"@id\":\"https:\/\/www.noticiasradioreflejos.com.ar\/2021\/#website\",\"url\":\"https:\/\/www.noticiasradioreflejos.com.ar\/2021\/\",\"name\":\"Noticias Radio Reflejos\",\"description\":\"Las noticias de mi comarca\",\"potentialAction\":[{\"@type\":\"SearchAction\",\"target\":{\"@type\":\"EntryPoint\",\"urlTemplate\":\"https:\/\/www.noticiasradioreflejos.com.ar\/2021\/?s={search_term_string}\"},\"query-input\":{\"@type\":\"PropertyValueSpecification\",\"valueRequired\":true,\"valueName\":\"search_term_string\"}}],\"inLanguage\":\"es\"},{\"@type\":\"Person\",\"@id\":\"https:\/\/www.noticiasradioreflejos.com.ar\/2021\/#\/schema\/person\/ad82545263dcc5ec0996818884fd5fb1\",\"name\":\"Arnaldo Botto\",\"image\":{\"@type\":\"ImageObject\",\"inLanguage\":\"es\",\"@id\":\"https:\/\/www.noticiasradioreflejos.com.ar\/2021\/#\/schema\/person\/image\/\",\"url\":\"https:\/\/secure.gravatar.com\/avatar\/55cb5e37c1efa326397366e6974cb338056df65cb50e7d64d1cf314e87504837?s=96&d=mm&r=g\",\"contentUrl\":\"https:\/\/secure.gravatar.com\/avatar\/55cb5e37c1efa326397366e6974cb338056df65cb50e7d64d1cf314e87504837?s=96&d=mm&r=g\",\"caption\":\"Arnaldo Botto\"},\"url\":\"https:\/\/www.noticiasradioreflejos.com.ar\/2021\/author\/arnaldo\/\"}]}<\/script>\n<!-- \/ Yoast SEO plugin. -->","yoast_head_json":{"title":"Dos Camiones chocaron este domingo por la noche en la ruta 51 - Noticias Radio Reflejos","robots":{"index":"index","follow":"follow","max-snippet":"max-snippet:-1","max-image-preview":"max-image-preview:large","max-video-preview":"max-video-preview:-1"},"canonical":"https:\/\/www.noticiasradioreflejos.com.ar\/2021\/dos-camiones-chocaron-este-domingo-por-la-noche-en-la-ruta-51\/","og_locale":"es_ES","og_type":"article","og_title":"Dos Camiones chocaron este domingo por la noche en la ruta 51 - Noticias Radio Reflejos","og_description":"Producto del accidente, un camionero result\u00f3 con heridas leves y por precauci\u00f3n debi\u00f3 ser trasladado al Hospital Municipal. Trabajaron en el lugar, tres dotaciones de efectivos bomberiles a cargo de Pablo Schwerdt. Tambi\u00e9n se cont\u00f3 con la presencia de personal policial.\u00a0","og_url":"https:\/\/www.noticiasradioreflejos.com.ar\/2021\/dos-camiones-chocaron-este-domingo-por-la-noche-en-la-ruta-51\/","og_site_name":"Noticias Radio Reflejos","article_published_time":"2021-08-09T11:55:12+00:00","og_image":[{"width":300,"height":200,"url":"https:\/\/www.noticiasradioreflejos.com.ar\/2021\/wp-content\/uploads\/2021\/07\/logosol300x200.png","type":"image\/png"}],"author":"Arnaldo Botto","twitter_card":"summary_large_image","schema":{"@context":"https:\/\/schema.org","@graph":[{"@type":"WebPage","@id":"https:\/\/www.noticiasradioreflejos.com.ar\/2021\/dos-camiones-chocaron-este-domingo-por-la-noche-en-la-ruta-51\/","url":"https:\/\/www.noticiasradioreflejos.com.ar\/2021\/dos-camiones-chocaron-este-domingo-por-la-noche-en-la-ruta-51\/","name":"Dos Camiones chocaron este domingo por la noche en la ruta 51 - Noticias Radio Reflejos","isPartOf":{"@id":"https:\/\/www.noticiasradioreflejos.com.ar\/2021\/#website"},"datePublished":"2021-08-09T11:55:12+00:00","author":{"@id":"https:\/\/www.noticiasradioreflejos.com.ar\/2021\/#\/schema\/person\/ad82545263dcc5ec0996818884fd5fb1"},"breadcrumb":{"@id":"https:\/\/www.noticiasradioreflejos.com.ar\/2021\/dos-camiones-chocaron-este-domingo-por-la-noche-en-la-ruta-51\/#breadcrumb"},"inLanguage":"es","potentialAction":[{"@type":"ReadAction","target":["https:\/\/www.noticiasradioreflejos.com.ar\/2021\/dos-camiones-chocaron-este-domingo-por-la-noche-en-la-ruta-51\/"]}]},{"@type":"BreadcrumbList","@id":"https:\/\/www.noticiasradioreflejos.com.ar\/2021\/dos-camiones-chocaron-este-domingo-por-la-noche-en-la-ruta-51\/#breadcrumb","itemListElement":[{"@type":"ListItem","position":1,"name":"Portada","item":"https:\/\/www.noticiasradioreflejos.com.ar\/2021\/"},{"@type":"ListItem","position":2,"name":"Dos Camiones chocaron este domingo por la noche en la ruta 51"}]},{"@type":"WebSite","@id":"https:\/\/www.noticiasradioreflejos.com.ar\/2021\/#website","url":"https:\/\/www.noticiasradioreflejos.com.ar\/2021\/","name":"Noticias Radio Reflejos","description":"Las noticias de mi comarca","potentialAction":[{"@type":"SearchAction","target":{"@type":"EntryPoint","urlTemplate":"https:\/\/www.noticiasradioreflejos.com.ar\/2021\/?s={search_term_string}"},"query-input":{"@type":"PropertyValueSpecification","valueRequired":true,"valueName":"search_term_string"}}],"inLanguage":"es"},{"@type":"Person","@id":"https:\/\/www.noticiasradioreflejos.com.ar\/2021\/#\/schema\/person\/ad82545263dcc5ec0996818884fd5fb1","name":"Arnaldo Botto","image":{"@type":"ImageObject","inLanguage":"es","@id":"https:\/\/www.noticiasradioreflejos.com.ar\/2021\/#\/schema\/person\/image\/","url":"https:\/\/secure.gravatar.com\/avatar\/55cb5e37c1efa326397366e6974cb338056df65cb50e7d64d1cf314e87504837?s=96&d=mm&r=g","contentUrl":"https:\/\/secure.gravatar.com\/avatar\/55cb5e37c1efa326397366e6974cb338056df65cb50e7d64d1cf314e87504837?s=96&d=mm&r=g","caption":"Arnaldo Botto"},"url":"https:\/\/www.noticiasradioreflejos.com.ar\/2021\/author\/arnaldo\/"}]}},"_links":{"self":[{"href":"https:\/\/www.noticiasradioreflejos.com.ar\/2021\/wp-json\/wp\/v2\/posts\/61280","targetHints":{"allow":["GET"]}}],"collection":[{"href":"https:\/\/www.noticiasradioreflejos.com.ar\/2021\/wp-json\/wp\/v2\/posts"}],"about":[{"href":"https:\/\/www.noticiasradioreflejos.com.ar\/2021\/wp-json\/wp\/v2\/types\/post"}],"author":[{"embeddable":true,"href":"https:\/\/www.noticiasradioreflejos.com.ar\/2021\/wp-json\/wp\/v2\/users\/3"}],"replies":[{"embeddable":true,"href":"https:\/\/www.noticiasradioreflejos.com.ar\/2021\/wp-json\/wp\/v2\/comments?post=61280"}],"version-history":[{"count":1,"href":"https:\/\/www.noticiasradioreflejos.com.ar\/2021\/wp-json\/wp\/v2\/posts\/61280\/revisions"}],"predecessor-version":[{"id":61283,"href":"https:\/\/www.noticiasradioreflejos.com.ar\/2021\/wp-json\/wp\/v2\/posts\/61280\/revisions\/61283"}],"wp:attachment":[{"href":"https:\/\/www.noticiasradioreflejos.com.ar\/2021\/wp-json\/wp\/v2\/media?parent=61280"}],"wp:term":[{"taxonomy":"category","embeddable":true,"href":"https:\/\/www.noticiasradioreflejos.com.ar\/2021\/wp-json\/wp\/v2\/categories?post=61280"},{"taxonomy":"post_tag","embeddable":true,"href":"https:\/\/www.noticiasradioreflejos.com.ar\/2021\/wp-json\/wp\/v2\/tags?post=61280"}],"curies":[{"name":"wp","href":"https:\/\/api.w.org\/{rel}","templated":true}]}}