{"id":61277,"date":"2021-08-09T11:59:51","date_gmt":"2021-08-09T11:59:51","guid":{"rendered":"http:\/\/www.noticiasradioreflejos.com.ar\/2021\/?p=61277"},"modified":"2021-08-09T17:49:51","modified_gmt":"2021-08-09T17:49:51","slug":"villa-ventana-un-vecino-llego-y-se-encontro-con-un-ladron-dentro-de-su-casa-se-trenzaron-en-lucha-y-logro-reducirlo","status":"publish","type":"post","link":"https:\/\/www.noticiasradioreflejos.com.ar\/2021\/villa-ventana-un-vecino-llego-y-se-encontro-con-un-ladron-dentro-de-su-casa-se-trenzaron-en-lucha-y-logro-reducirlo\/","title":{"rendered":"Villa Ventana: Un vecino lleg\u00f3 y se encontr\u00f3 con un ladr\u00f3n dentro de su casa, se trenzaron en lucha y logr\u00f3 reducirlo"},"content":{"rendered":"<p>El hecho tuvo lugar en una vivienda particular de un hombre que se desempe\u00f1a como empelado municipal y Bombero Voluntario.<!--more--><\/p>\n<p>Un hecho delictivo conmueve a toda la Comarca.\u00a0 Tuvo lugar en Villa Ventana durante la madrugada de este domingo 8 de agosto, cuando cerca de la 1:30 hs. el vecino regresa a su casa y se encuentra en el interior con un individuo que estaba parado frente a la puerta del ba\u00f1o de la vivienda.<\/p>\n<p>Al encontrarse sorprendido en su actitud, el delincuente comienza a proferir todo tipo de amenazas, entre las que inclu\u00eda<strong> \u00abTengo un fierro y te hago boleta\u00bb<\/strong>. El bombero, pensando que <strong>\u00abestaba jugado\u00bb<\/strong>, se le abalanz\u00f3 y comenz\u00f3 una lucha cuerpo a cuerpo con el maleante. En medio de la pelea, el vecino logra llamar a la polic\u00eda y,\u00a0 en segundos, lleg\u00f3 el patrullero con dos efectivos para lograr reducir definitivamente al intruso, quien result\u00f3 ser <strong>Nahuel Ortega de 26 a\u00f1os<\/strong>, de profesi\u00f3n alba\u00f1il, oriundo de Bah\u00eda Blanca, el cual estaba trabajando en una obra en construcci\u00f3n, frente al domicilio del damnificado.<\/p>\n<p><a title=\"ortega\" href=\"https:\/\/www.flickr.com\/photos\/182279889@N02\/51367644531\/in\/dateposted-public\/\" data-flickr-embed=\"true\"><img loading=\"lazy\" decoding=\"async\" src=\"https:\/\/live.staticflickr.com\/65535\/51367644531_d42a834f1a_o.jpg\" alt=\"ortega\" width=\"491\" height=\"583\" \/><\/a><script async src=\"\/\/embedr.flickr.com\/assets\/client-code.js\" charset=\"utf-8\"><\/script><\/p>\n<p>El Vecino serrano termin\u00f3 con una herida leve en una mano y se recupera del tremendo momento que debi\u00f3 padecer.<\/p>\n<p><strong>Ortega<\/strong> qued\u00f3 detenido y fue trasladado a la <strong>Comisar\u00eda 1ra. de Tornquist<\/strong> donde espera la citaci\u00f3n del fiscal interviniente.<\/p>\n<p>&nbsp;<\/p>\n<p><strong>Parte de prensa policial:<\/strong><\/p>\n<p>La Secretaria de Seguridad de la Municipalidad de Tornquist lleva a conocimiento de la comunidad que con fecha 08 del corriente mes y a\u00f1o personal policial dependiente del Puesto de Vigilancia Villa Ventana es alertado por un vecino de dicha localidad, dando cuenta que circunstancia llega a su domicilio hab\u00eda sorprendido in fraganti a un sujeto sexo masculino en el interior de la morada, alertando de lo sucedido al personal policial, haci\u00e9ndose presente uniformados dependientes del mencionado puesto de vigilancia,\u00a0 quienes constatan en el interior del domicilio hall\u00e1base el due\u00f1o de la vivienda reduciendo en la ocasi\u00f3n a una persona sobre el piso, identificada el malviviente como Ortega Nahuel mayor de edad procedi\u00e9ndose a la inmediata <strong>APREHENSI\u00d3N<\/strong> del mentado, por resultar prima facie penalmente responsable del \u00a0delito caratulado <strong>\u201cTENTATIVA DE ROBO\u201d<\/strong>, con intervenci\u00f3n de la Unidad Funcional de Instrucci\u00f3n y Juicio nro. 15 (flagrancia delito) de la ciudad de Bah\u00eda Blanca, la cual resolver\u00e1 la situaci\u00f3n procesal del mismo.<\/p>\n<p>&nbsp;<\/p>\n","protected":false},"excerpt":{"rendered":"<p>El hecho tuvo lugar en una vivienda particular de un hombre que se desempe\u00f1a como empelado municipal y Bombero Voluntario.<\/p>\n","protected":false},"author":3,"featured_media":6465,"comment_status":"closed","ping_status":"closed","sticky":false,"template":"","format":"standard","meta":{"footnotes":""},"categories":[29],"tags":[48],"class_list":["post-61277","post","type-post","status-publish","format-standard","has-post-thumbnail","hentry","category-policiales","tag-destacada"],"yoast_head":"<!-- This site is optimized with the Yoast SEO plugin v25.9 - https:\/\/yoast.com\/wordpress\/plugins\/seo\/ -->\n<title>Villa Ventana: Un vecino lleg\u00f3 y se encontr\u00f3 con un ladr\u00f3n dentro de su casa, se trenzaron en lucha y logr\u00f3 reducirlo - Noticias Radio Reflejos<\/title>\n<meta name=\"robots\" content=\"index, follow, max-snippet:-1, max-image-preview:large, max-video-preview:-1\" \/>\n<link rel=\"canonical\" href=\"https:\/\/www.noticiasradioreflejos.com.ar\/2021\/villa-ventana-un-vecino-llego-y-se-encontro-con-un-ladron-dentro-de-su-casa-se-trenzaron-en-lucha-y-logro-reducirlo\/\" \/>\n<meta property=\"og:locale\" content=\"es_ES\" \/>\n<meta property=\"og:type\" content=\"article\" \/>\n<meta property=\"og:title\" content=\"Villa Ventana: Un vecino lleg\u00f3 y se encontr\u00f3 con un ladr\u00f3n dentro de su casa, se trenzaron en lucha y logr\u00f3 reducirlo - Noticias Radio Reflejos\" \/>\n<meta property=\"og:description\" content=\"El hecho tuvo lugar en una vivienda particular de un hombre que se desempe\u00f1a como empelado municipal y Bombero Voluntario.\" \/>\n<meta property=\"og:url\" content=\"https:\/\/www.noticiasradioreflejos.com.ar\/2021\/villa-ventana-un-vecino-llego-y-se-encontro-con-un-ladron-dentro-de-su-casa-se-trenzaron-en-lucha-y-logro-reducirlo\/\" \/>\n<meta property=\"og:site_name\" content=\"Noticias Radio Reflejos\" \/>\n<meta property=\"article:published_time\" content=\"2021-08-09T11:59:51+00:00\" \/>\n<meta property=\"article:modified_time\" content=\"2021-08-09T17:49:51+00:00\" \/>\n<meta property=\"og:image\" content=\"https:\/\/www.noticiasradioreflejos.com.ar\/2021\/wp-content\/uploads\/2017\/01\/2a-Cablagata-Esc.-Agraria-Villa-Ventana-2.jpg\" \/>\n\t<meta property=\"og:image:width\" content=\"2304\" \/>\n\t<meta property=\"og:image:height\" content=\"1296\" \/>\n\t<meta property=\"og:image:type\" content=\"image\/jpeg\" \/>\n<meta name=\"author\" content=\"Arnaldo Botto\" \/>\n<meta name=\"twitter:card\" content=\"summary_large_image\" \/>\n<script type=\"application\/ld+json\" class=\"yoast-schema-graph\">{\"@context\":\"https:\/\/schema.org\",\"@graph\":[{\"@type\":\"WebPage\",\"@id\":\"https:\/\/www.noticiasradioreflejos.com.ar\/2021\/villa-ventana-un-vecino-llego-y-se-encontro-con-un-ladron-dentro-de-su-casa-se-trenzaron-en-lucha-y-logro-reducirlo\/\",\"url\":\"https:\/\/www.noticiasradioreflejos.com.ar\/2021\/villa-ventana-un-vecino-llego-y-se-encontro-con-un-ladron-dentro-de-su-casa-se-trenzaron-en-lucha-y-logro-reducirlo\/\",\"name\":\"Villa Ventana: Un vecino lleg\u00f3 y se encontr\u00f3 con un ladr\u00f3n dentro de su casa, se trenzaron en lucha y logr\u00f3 reducirlo - Noticias Radio Reflejos\",\"isPartOf\":{\"@id\":\"https:\/\/www.noticiasradioreflejos.com.ar\/2021\/#website\"},\"primaryImageOfPage\":{\"@id\":\"https:\/\/www.noticiasradioreflejos.com.ar\/2021\/villa-ventana-un-vecino-llego-y-se-encontro-con-un-ladron-dentro-de-su-casa-se-trenzaron-en-lucha-y-logro-reducirlo\/#primaryimage\"},\"image\":{\"@id\":\"https:\/\/www.noticiasradioreflejos.com.ar\/2021\/villa-ventana-un-vecino-llego-y-se-encontro-con-un-ladron-dentro-de-su-casa-se-trenzaron-en-lucha-y-logro-reducirlo\/#primaryimage\"},\"thumbnailUrl\":\"https:\/\/www.noticiasradioreflejos.com.ar\/2021\/wp-content\/uploads\/2017\/01\/2a-Cablagata-Esc.-Agraria-Villa-Ventana-2.jpg\",\"datePublished\":\"2021-08-09T11:59:51+00:00\",\"dateModified\":\"2021-08-09T17:49:51+00:00\",\"author\":{\"@id\":\"https:\/\/www.noticiasradioreflejos.com.ar\/2021\/#\/schema\/person\/ad82545263dcc5ec0996818884fd5fb1\"},\"breadcrumb\":{\"@id\":\"https:\/\/www.noticiasradioreflejos.com.ar\/2021\/villa-ventana-un-vecino-llego-y-se-encontro-con-un-ladron-dentro-de-su-casa-se-trenzaron-en-lucha-y-logro-reducirlo\/#breadcrumb\"},\"inLanguage\":\"es\",\"potentialAction\":[{\"@type\":\"ReadAction\",\"target\":[\"https:\/\/www.noticiasradioreflejos.com.ar\/2021\/villa-ventana-un-vecino-llego-y-se-encontro-con-un-ladron-dentro-de-su-casa-se-trenzaron-en-lucha-y-logro-reducirlo\/\"]}]},{\"@type\":\"ImageObject\",\"inLanguage\":\"es\",\"@id\":\"https:\/\/www.noticiasradioreflejos.com.ar\/2021\/villa-ventana-un-vecino-llego-y-se-encontro-con-un-ladron-dentro-de-su-casa-se-trenzaron-en-lucha-y-logro-reducirlo\/#primaryimage\",\"url\":\"https:\/\/www.noticiasradioreflejos.com.ar\/2021\/wp-content\/uploads\/2017\/01\/2a-Cablagata-Esc.-Agraria-Villa-Ventana-2.jpg\",\"contentUrl\":\"https:\/\/www.noticiasradioreflejos.com.ar\/2021\/wp-content\/uploads\/2017\/01\/2a-Cablagata-Esc.-Agraria-Villa-Ventana-2.jpg\",\"width\":2304,\"height\":1296},{\"@type\":\"BreadcrumbList\",\"@id\":\"https:\/\/www.noticiasradioreflejos.com.ar\/2021\/villa-ventana-un-vecino-llego-y-se-encontro-con-un-ladron-dentro-de-su-casa-se-trenzaron-en-lucha-y-logro-reducirlo\/#breadcrumb\",\"itemListElement\":[{\"@type\":\"ListItem\",\"position\":1,\"name\":\"Portada\",\"item\":\"https:\/\/www.noticiasradioreflejos.com.ar\/2021\/\"},{\"@type\":\"ListItem\",\"position\":2,\"name\":\"Villa Ventana: Un vecino lleg\u00f3 y se encontr\u00f3 con un ladr\u00f3n dentro de su casa, se trenzaron en lucha y logr\u00f3 reducirlo\"}]},{\"@type\":\"WebSite\",\"@id\":\"https:\/\/www.noticiasradioreflejos.com.ar\/2021\/#website\",\"url\":\"https:\/\/www.noticiasradioreflejos.com.ar\/2021\/\",\"name\":\"Noticias Radio Reflejos\",\"description\":\"Las noticias de mi comarca\",\"potentialAction\":[{\"@type\":\"SearchAction\",\"target\":{\"@type\":\"EntryPoint\",\"urlTemplate\":\"https:\/\/www.noticiasradioreflejos.com.ar\/2021\/?s={search_term_string}\"},\"query-input\":{\"@type\":\"PropertyValueSpecification\",\"valueRequired\":true,\"valueName\":\"search_term_string\"}}],\"inLanguage\":\"es\"},{\"@type\":\"Person\",\"@id\":\"https:\/\/www.noticiasradioreflejos.com.ar\/2021\/#\/schema\/person\/ad82545263dcc5ec0996818884fd5fb1\",\"name\":\"Arnaldo Botto\",\"image\":{\"@type\":\"ImageObject\",\"inLanguage\":\"es\",\"@id\":\"https:\/\/www.noticiasradioreflejos.com.ar\/2021\/#\/schema\/person\/image\/\",\"url\":\"https:\/\/secure.gravatar.com\/avatar\/55cb5e37c1efa326397366e6974cb338056df65cb50e7d64d1cf314e87504837?s=96&d=mm&r=g\",\"contentUrl\":\"https:\/\/secure.gravatar.com\/avatar\/55cb5e37c1efa326397366e6974cb338056df65cb50e7d64d1cf314e87504837?s=96&d=mm&r=g\",\"caption\":\"Arnaldo Botto\"},\"url\":\"https:\/\/www.noticiasradioreflejos.com.ar\/2021\/author\/arnaldo\/\"}]}<\/script>\n<!-- \/ Yoast SEO plugin. -->","yoast_head_json":{"title":"Villa Ventana: Un vecino lleg\u00f3 y se encontr\u00f3 con un ladr\u00f3n dentro de su casa, se trenzaron en lucha y logr\u00f3 reducirlo - Noticias Radio Reflejos","robots":{"index":"index","follow":"follow","max-snippet":"max-snippet:-1","max-image-preview":"max-image-preview:large","max-video-preview":"max-video-preview:-1"},"canonical":"https:\/\/www.noticiasradioreflejos.com.ar\/2021\/villa-ventana-un-vecino-llego-y-se-encontro-con-un-ladron-dentro-de-su-casa-se-trenzaron-en-lucha-y-logro-reducirlo\/","og_locale":"es_ES","og_type":"article","og_title":"Villa Ventana: Un vecino lleg\u00f3 y se encontr\u00f3 con un ladr\u00f3n dentro de su casa, se trenzaron en lucha y logr\u00f3 reducirlo - Noticias Radio Reflejos","og_description":"El hecho tuvo lugar en una vivienda particular de un hombre que se desempe\u00f1a como empelado municipal y Bombero Voluntario.","og_url":"https:\/\/www.noticiasradioreflejos.com.ar\/2021\/villa-ventana-un-vecino-llego-y-se-encontro-con-un-ladron-dentro-de-su-casa-se-trenzaron-en-lucha-y-logro-reducirlo\/","og_site_name":"Noticias Radio Reflejos","article_published_time":"2021-08-09T11:59:51+00:00","article_modified_time":"2021-08-09T17:49:51+00:00","og_image":[{"width":2304,"height":1296,"url":"https:\/\/www.noticiasradioreflejos.com.ar\/2021\/wp-content\/uploads\/2017\/01\/2a-Cablagata-Esc.-Agraria-Villa-Ventana-2.jpg","type":"image\/jpeg"}],"author":"Arnaldo Botto","twitter_card":"summary_large_image","schema":{"@context":"https:\/\/schema.org","@graph":[{"@type":"WebPage","@id":"https:\/\/www.noticiasradioreflejos.com.ar\/2021\/villa-ventana-un-vecino-llego-y-se-encontro-con-un-ladron-dentro-de-su-casa-se-trenzaron-en-lucha-y-logro-reducirlo\/","url":"https:\/\/www.noticiasradioreflejos.com.ar\/2021\/villa-ventana-un-vecino-llego-y-se-encontro-con-un-ladron-dentro-de-su-casa-se-trenzaron-en-lucha-y-logro-reducirlo\/","name":"Villa Ventana: Un vecino lleg\u00f3 y se encontr\u00f3 con un ladr\u00f3n dentro de su casa, se trenzaron en lucha y logr\u00f3 reducirlo - Noticias Radio Reflejos","isPartOf":{"@id":"https:\/\/www.noticiasradioreflejos.com.ar\/2021\/#website"},"primaryImageOfPage":{"@id":"https:\/\/www.noticiasradioreflejos.com.ar\/2021\/villa-ventana-un-vecino-llego-y-se-encontro-con-un-ladron-dentro-de-su-casa-se-trenzaron-en-lucha-y-logro-reducirlo\/#primaryimage"},"image":{"@id":"https:\/\/www.noticiasradioreflejos.com.ar\/2021\/villa-ventana-un-vecino-llego-y-se-encontro-con-un-ladron-dentro-de-su-casa-se-trenzaron-en-lucha-y-logro-reducirlo\/#primaryimage"},"thumbnailUrl":"https:\/\/www.noticiasradioreflejos.com.ar\/2021\/wp-content\/uploads\/2017\/01\/2a-Cablagata-Esc.-Agraria-Villa-Ventana-2.jpg","datePublished":"2021-08-09T11:59:51+00:00","dateModified":"2021-08-09T17:49:51+00:00","author":{"@id":"https:\/\/www.noticiasradioreflejos.com.ar\/2021\/#\/schema\/person\/ad82545263dcc5ec0996818884fd5fb1"},"breadcrumb":{"@id":"https:\/\/www.noticiasradioreflejos.com.ar\/2021\/villa-ventana-un-vecino-llego-y-se-encontro-con-un-ladron-dentro-de-su-casa-se-trenzaron-en-lucha-y-logro-reducirlo\/#breadcrumb"},"inLanguage":"es","potentialAction":[{"@type":"ReadAction","target":["https:\/\/www.noticiasradioreflejos.com.ar\/2021\/villa-ventana-un-vecino-llego-y-se-encontro-con-un-ladron-dentro-de-su-casa-se-trenzaron-en-lucha-y-logro-reducirlo\/"]}]},{"@type":"ImageObject","inLanguage":"es","@id":"https:\/\/www.noticiasradioreflejos.com.ar\/2021\/villa-ventana-un-vecino-llego-y-se-encontro-con-un-ladron-dentro-de-su-casa-se-trenzaron-en-lucha-y-logro-reducirlo\/#primaryimage","url":"https:\/\/www.noticiasradioreflejos.com.ar\/2021\/wp-content\/uploads\/2017\/01\/2a-Cablagata-Esc.-Agraria-Villa-Ventana-2.jpg","contentUrl":"https:\/\/www.noticiasradioreflejos.com.ar\/2021\/wp-content\/uploads\/2017\/01\/2a-Cablagata-Esc.-Agraria-Villa-Ventana-2.jpg","width":2304,"height":1296},{"@type":"BreadcrumbList","@id":"https:\/\/www.noticiasradioreflejos.com.ar\/2021\/villa-ventana-un-vecino-llego-y-se-encontro-con-un-ladron-dentro-de-su-casa-se-trenzaron-en-lucha-y-logro-reducirlo\/#breadcrumb","itemListElement":[{"@type":"ListItem","position":1,"name":"Portada","item":"https:\/\/www.noticiasradioreflejos.com.ar\/2021\/"},{"@type":"ListItem","position":2,"name":"Villa Ventana: Un vecino lleg\u00f3 y se encontr\u00f3 con un ladr\u00f3n dentro de su casa, se trenzaron en lucha y logr\u00f3 reducirlo"}]},{"@type":"WebSite","@id":"https:\/\/www.noticiasradioreflejos.com.ar\/2021\/#website","url":"https:\/\/www.noticiasradioreflejos.com.ar\/2021\/","name":"Noticias Radio Reflejos","description":"Las noticias de mi comarca","potentialAction":[{"@type":"SearchAction","target":{"@type":"EntryPoint","urlTemplate":"https:\/\/www.noticiasradioreflejos.com.ar\/2021\/?s={search_term_string}"},"query-input":{"@type":"PropertyValueSpecification","valueRequired":true,"valueName":"search_term_string"}}],"inLanguage":"es"},{"@type":"Person","@id":"https:\/\/www.noticiasradioreflejos.com.ar\/2021\/#\/schema\/person\/ad82545263dcc5ec0996818884fd5fb1","name":"Arnaldo Botto","image":{"@type":"ImageObject","inLanguage":"es","@id":"https:\/\/www.noticiasradioreflejos.com.ar\/2021\/#\/schema\/person\/image\/","url":"https:\/\/secure.gravatar.com\/avatar\/55cb5e37c1efa326397366e6974cb338056df65cb50e7d64d1cf314e87504837?s=96&d=mm&r=g","contentUrl":"https:\/\/secure.gravatar.com\/avatar\/55cb5e37c1efa326397366e6974cb338056df65cb50e7d64d1cf314e87504837?s=96&d=mm&r=g","caption":"Arnaldo Botto"},"url":"https:\/\/www.noticiasradioreflejos.com.ar\/2021\/author\/arnaldo\/"}]}},"_links":{"self":[{"href":"https:\/\/www.noticiasradioreflejos.com.ar\/2021\/wp-json\/wp\/v2\/posts\/61277","targetHints":{"allow":["GET"]}}],"collection":[{"href":"https:\/\/www.noticiasradioreflejos.com.ar\/2021\/wp-json\/wp\/v2\/posts"}],"about":[{"href":"https:\/\/www.noticiasradioreflejos.com.ar\/2021\/wp-json\/wp\/v2\/types\/post"}],"author":[{"embeddable":true,"href":"https:\/\/www.noticiasradioreflejos.com.ar\/2021\/wp-json\/wp\/v2\/users\/3"}],"replies":[{"embeddable":true,"href":"https:\/\/www.noticiasradioreflejos.com.ar\/2021\/wp-json\/wp\/v2\/comments?post=61277"}],"version-history":[{"count":6,"href":"https:\/\/www.noticiasradioreflejos.com.ar\/2021\/wp-json\/wp\/v2\/posts\/61277\/revisions"}],"predecessor-version":[{"id":61299,"href":"https:\/\/www.noticiasradioreflejos.com.ar\/2021\/wp-json\/wp\/v2\/posts\/61277\/revisions\/61299"}],"wp:featuredmedia":[{"embeddable":true,"href":"https:\/\/www.noticiasradioreflejos.com.ar\/2021\/wp-json\/wp\/v2\/media\/6465"}],"wp:attachment":[{"href":"https:\/\/www.noticiasradioreflejos.com.ar\/2021\/wp-json\/wp\/v2\/media?parent=61277"}],"wp:term":[{"taxonomy":"category","embeddable":true,"href":"https:\/\/www.noticiasradioreflejos.com.ar\/2021\/wp-json\/wp\/v2\/categories?post=61277"},{"taxonomy":"post_tag","embeddable":true,"href":"https:\/\/www.noticiasradioreflejos.com.ar\/2021\/wp-json\/wp\/v2\/tags?post=61277"}],"curies":[{"name":"wp","href":"https:\/\/api.w.org\/{rel}","templated":true}]}}