{"id":61274,"date":"2021-08-09T11:09:02","date_gmt":"2021-08-09T11:09:02","guid":{"rendered":"http:\/\/www.noticiasradioreflejos.com.ar\/2021\/?p=61274"},"modified":"2021-08-09T11:09:02","modified_gmt":"2021-08-09T11:09:02","slug":"capacitacion-para-programar-una-computadora-e-internet-gratis-los-ejes-de-argentina-programa","status":"publish","type":"post","link":"https:\/\/www.noticiasradioreflejos.com.ar\/2021\/capacitacion-para-programar-una-computadora-e-internet-gratis-los-ejes-de-argentina-programa\/","title":{"rendered":"Capacitaci\u00f3n para programar, una computadora e internet gratis, los ejes de \u00abArgentina Programa\u00bb"},"content":{"rendered":"<div class=\"head-content\">\n<p>Al lanzamiento de la segunda etapa del plan, encabezada por el Presidente, capacitar\u00e1 a 60 mil j\u00f3venes y comprende subsidios de 100 mil pesos para adquirir computadoras y tarjetas de conexi\u00f3n gratuita a Internet.<\/p>\n<\/div>\n<p><!--more--><\/p>\n<div class=\"main-content-block\">\n<div class=\"main-box clearfix\">\n<div class=\"wrapper-main-section clearfix\">\n<div class=\"wrapper-editable-content\">\n<div class=\"editable-content clearfix\">\n<div id=\"image\" class=\"image\"><img decoding=\"async\" title=\"&quot;Argentina Programa&quot;, el plan mediante el que se capacitar\u00e1 a 60 mil j\u00f3venes y comprende subsidios de 100 mil pesos para adquirir computadoras y tarjetas de conexi\u00f3n gratuita a Internet.\" src=\"https:\/\/www.telam.com.ar\/advf\/imagenes\/2019\/06\/5cfe8e862c4d6_1004x565.jpg\" alt=\"&quot;Argentina Programa&quot;, el plan mediante el que se capacitar\u00e1 a 60 mil j\u00f3venes y comprende subsidios de 100 mil pesos para adquirir computadoras y tarjetas de conexi\u00f3n gratuita a Internet.\" \/><\/p>\n<div class=\"epigrafe\">\u00abArgentina Programa\u00bb, el plan mediante el que se capacitar\u00e1 a 60 mil j\u00f3venes y comprende subsidios de 100 mil pesos para adquirir computadoras y tarjetas de conexi\u00f3n gratuita a Internet.<\/div>\n<\/div>\n<p>El presidente Alberto Fern\u00e1ndez encabeza el lanzamiento de la segunda etapa de \u00abArgentina Programa\u00bb, plan mediante el que se capacitar\u00e1 a 60 mil j\u00f3venes y comprende subsidios de 100 mil pesos para adquirir computadoras y tarjetas de conexi\u00f3n gratuita a Internet.<\/p>\n<p>El evento ser\u00e1 ante unos 20.000 j\u00f3venes de todo el pa\u00eds durante la apertura de la Semana de las Juventudes.<\/p>\n<p><strong>\u00abArgentina Programa\u00bb es un plan de formaci\u00f3n de programadores<\/strong>\u00a0que ofrece oportunidades para que accedan de manera igualitaria a los empleos del futuro que hoy son demandados por el sector del software, inform\u00f3 el Gobierno nacional.<\/p>\n<p>En esta segunda etapa se capacitar\u00e1n a 60 mil j\u00f3venes desde su actual lanzamiento hasta fin de a\u00f1o.<\/p>\n<p>La iniciativa lanzada por los ministerios de Trabajo y de Desarrollo Productivo\u00a0<strong>consiste en una capacitaci\u00f3n en dos etapas:<\/strong>\u00a0una en un curso asincr\u00f3nico de dos meses sobre introducci\u00f3n a la programaci\u00f3n, y otra que implica una cursada en modalidad mixta durante seis meses con contenidos espec\u00edficos relativos a los perfiles demandados por el sector.<\/p>\n<div id=\"image\" class=\"image\"><img decoding=\"async\" title=\"El evento ser\u00e1 ante unos 20.000 j\u00f3venes de todo el pa\u00eds durante la apertura de la Semana de las Juventudes.\" src=\"https:\/\/www.telam.com.ar\/advf\/imagenes\/2020\/02\/5e4bbc15c0af4_1004x565.jpg\" alt=\"El evento ser\u00e1 ante unos 20.000 j\u00f3venes de todo el pa\u00eds durante la apertura de la Semana de las Juventudes.\" \/><\/p>\n<div class=\"epigrafe\">El evento ser\u00e1 ante unos 20.000 j\u00f3venes de todo el pa\u00eds durante la apertura de la Semana de las Juventudes.<\/div>\n<\/div>\n<p>\u00abArgentina Programa\u00bb permite que cada joven que cumpla con requisitos de avances en el curso<strong>\u00a0pueda acceder a una tarjeta del Banco Naci\u00f3n con 100 mil pesos de subsidio<\/strong>\u00a0para adquirir computadoras y un est\u00edmulo del Enacom (Ente Nacional de Comunicaciones) que otorgar\u00e1 tarjetas para conexi\u00f3n gratuita a Internet.<\/p>\n<p>La Semana de las Juventudes, que se desarrollar\u00e1 entre este lunes y el viernes 13 de agosto en Tecn\u00f3polis, organiza el primer Hackaton de \u00abArgentina Programa\u00bb y tendr\u00e1 actividades que involucrar\u00e1n a miles de j\u00f3venes que podr\u00e1n participar en actividades educativas, culturales, sociales, deportivas y art\u00edsticas.<\/p>\n<div class=\"auth\">Otra iniciativa<\/div>\n<p>Adem\u00e1s del anterior, se pondr\u00e1 en marcha para j\u00f3venes el programa \u00abTe Sumo\u00bb,\u00a0<strong>que promueve que las peque\u00f1as y medianas empresas<\/strong>\u00a0que contraten personas de 18 a 24 a\u00f1os se vean beneficiadas con una reducci\u00f3n en aportes patronales y reciban un apoyo econ\u00f3mico del Estado.<\/p>\n<p><strong>Ese programa ya inscribi\u00f3 a 7.500 j\u00f3venes y unas 150 peque\u00f1as y medianas empresas.<\/strong><\/p>\n<p>Adem\u00e1s, m\u00e1s de 20.000 personas ingresaron a la plataforma del Ministerio de Trabajo que apunta a conectar trabajadores y trabajadoras en b\u00fasqueda activa de empleo con ofertas de trabajo y posibilidades de formaci\u00f3n profesional, se inform\u00f3 recientemente.<\/p>\n<div id=\"image\" class=\"image\"><img decoding=\"async\" title=\" La parte empleadora brinda la posibilidad de publicar ofertas laborales y realizar b\u00fasquedas de personal; seleccionar perfiles de postulantes registrados en la plataforma.\" src=\"https:\/\/www.telam.com.ar\/advf\/imagenes\/2017\/07\/596c937ea4310_1004x565.jpg\" alt=\" La parte empleadora brinda la posibilidad de publicar ofertas laborales y realizar b\u00fasquedas de personal; seleccionar perfiles de postulantes registrados en la plataforma.\" \/><\/p>\n<div class=\"epigrafe\">La parte empleadora brinda la posibilidad de publicar ofertas laborales y realizar b\u00fasquedas de personal; seleccionar perfiles de postulantes registrados en la plataforma.<\/div>\n<\/div>\n<div class=\"auth\">La plataforma<\/div>\n<p>El Portal de Empleo del Ministerio de Trabajo, Empleo y Seguridad Social de la Naci\u00f3n contaba hasta las \u00faltimas semanas con 381 empresas inscriptas y 20.882 personas ingresadas, provenientes de todas las regiones del pa\u00eds,\u00a0<strong>de las cuales 5.972 ya cargaron su curr\u00edculum vitae.<\/strong><\/p>\n<p>La plataforma permite, en el caso de la parte trabajadora, generar un CV para imprimir o enviar por correo electr\u00f3nico en forma gratuita; acceder a videos informativos, motivacionales y actividades interactivas vinculadas al mundo del empleo y la formaci\u00f3n profesional; postularse a ofertas de empleo; y visualizar una amplia gama de ofertas de formaci\u00f3n a distancia, presenciales o semipresenciales, entre otras opciones.<\/p>\n<p><strong>Por la parte empleadora,<\/strong>\u00a0brinda la posibilidad de publicar ofertas laborales y realizar b\u00fasquedas de personal; seleccionar perfiles de postulantes registrados en la plataforma; y solicitar a la Oficina de Empleo asistencia para la b\u00fasqueda y selecci\u00f3n de postulantes y\/o asesoramiento sobre programas de promoci\u00f3n del empleo y formaci\u00f3n profesional.<\/p>\n<p>Seg\u00fan los \u00faltimos datos del Ministerio de Desarrollo Productivo, que conduce Mat\u00edas Kulfas, en 2019 la Industria de la Econom\u00eda del Conocimiento en Argentina gener\u00f3 6.037 millones de d\u00f3lares en exportaciones, lo que la convierte en el tercer polo exportador, despu\u00e9s de los complejos sojero y automotriz, adem\u00e1s de emplear a 450 mil personas en forma directa o indirecta.<\/p><\/div>\n<\/div>\n<\/div>\n<\/div>\n<\/div>\n","protected":false},"excerpt":{"rendered":"<p>Al lanzamiento de la segunda etapa del plan, encabezada por el Presidente, capacitar\u00e1 a 60 mil j\u00f3venes y comprende subsidios de 100 mil pesos para adquirir computadoras y tarjetas de conexi\u00f3n gratuita a Internet.<\/p>\n","protected":false},"author":3,"featured_media":0,"comment_status":"closed","ping_status":"closed","sticky":false,"template":"","format":"standard","meta":{"footnotes":""},"categories":[34],"tags":[],"class_list":["post-61274","post","type-post","status-publish","format-standard","hentry","category-educacion"],"yoast_head":"<!-- This site is optimized with the Yoast SEO plugin v25.9 - https:\/\/yoast.com\/wordpress\/plugins\/seo\/ -->\n<title>Capacitaci\u00f3n para programar, una computadora e internet gratis, los ejes de &quot;Argentina Programa&quot; - Noticias Radio Reflejos<\/title>\n<meta name=\"robots\" content=\"index, follow, max-snippet:-1, max-image-preview:large, max-video-preview:-1\" \/>\n<link rel=\"canonical\" href=\"https:\/\/www.noticiasradioreflejos.com.ar\/2021\/capacitacion-para-programar-una-computadora-e-internet-gratis-los-ejes-de-argentina-programa\/\" \/>\n<meta property=\"og:locale\" content=\"es_ES\" \/>\n<meta property=\"og:type\" content=\"article\" \/>\n<meta property=\"og:title\" content=\"Capacitaci\u00f3n para programar, una computadora e internet gratis, los ejes de &quot;Argentina Programa&quot; - Noticias Radio Reflejos\" \/>\n<meta property=\"og:description\" content=\"Al lanzamiento de la segunda etapa del plan, encabezada por el Presidente, capacitar\u00e1 a 60 mil j\u00f3venes y comprende subsidios de 100 mil pesos para adquirir computadoras y tarjetas de conexi\u00f3n gratuita a Internet.\" \/>\n<meta property=\"og:url\" content=\"https:\/\/www.noticiasradioreflejos.com.ar\/2021\/capacitacion-para-programar-una-computadora-e-internet-gratis-los-ejes-de-argentina-programa\/\" \/>\n<meta property=\"og:site_name\" content=\"Noticias Radio Reflejos\" \/>\n<meta property=\"article:published_time\" content=\"2021-08-09T11:09:02+00:00\" \/>\n<meta property=\"og:image\" content=\"https:\/\/www.telam.com.ar\/advf\/imagenes\/2019\/06\/5cfe8e862c4d6_1004x565.jpg\" \/>\n<meta name=\"author\" content=\"Arnaldo Botto\" \/>\n<meta name=\"twitter:card\" content=\"summary_large_image\" \/>\n<script type=\"application\/ld+json\" class=\"yoast-schema-graph\">{\"@context\":\"https:\/\/schema.org\",\"@graph\":[{\"@type\":\"WebPage\",\"@id\":\"https:\/\/www.noticiasradioreflejos.com.ar\/2021\/capacitacion-para-programar-una-computadora-e-internet-gratis-los-ejes-de-argentina-programa\/\",\"url\":\"https:\/\/www.noticiasradioreflejos.com.ar\/2021\/capacitacion-para-programar-una-computadora-e-internet-gratis-los-ejes-de-argentina-programa\/\",\"name\":\"Capacitaci\u00f3n para programar, una computadora e internet gratis, los ejes de \\\"Argentina Programa\\\" - Noticias Radio Reflejos\",\"isPartOf\":{\"@id\":\"https:\/\/www.noticiasradioreflejos.com.ar\/2021\/#website\"},\"primaryImageOfPage\":{\"@id\":\"https:\/\/www.noticiasradioreflejos.com.ar\/2021\/capacitacion-para-programar-una-computadora-e-internet-gratis-los-ejes-de-argentina-programa\/#primaryimage\"},\"image\":{\"@id\":\"https:\/\/www.noticiasradioreflejos.com.ar\/2021\/capacitacion-para-programar-una-computadora-e-internet-gratis-los-ejes-de-argentina-programa\/#primaryimage\"},\"thumbnailUrl\":\"https:\/\/www.telam.com.ar\/advf\/imagenes\/2019\/06\/5cfe8e862c4d6_1004x565.jpg\",\"datePublished\":\"2021-08-09T11:09:02+00:00\",\"author\":{\"@id\":\"https:\/\/www.noticiasradioreflejos.com.ar\/2021\/#\/schema\/person\/ad82545263dcc5ec0996818884fd5fb1\"},\"breadcrumb\":{\"@id\":\"https:\/\/www.noticiasradioreflejos.com.ar\/2021\/capacitacion-para-programar-una-computadora-e-internet-gratis-los-ejes-de-argentina-programa\/#breadcrumb\"},\"inLanguage\":\"es\",\"potentialAction\":[{\"@type\":\"ReadAction\",\"target\":[\"https:\/\/www.noticiasradioreflejos.com.ar\/2021\/capacitacion-para-programar-una-computadora-e-internet-gratis-los-ejes-de-argentina-programa\/\"]}]},{\"@type\":\"ImageObject\",\"inLanguage\":\"es\",\"@id\":\"https:\/\/www.noticiasradioreflejos.com.ar\/2021\/capacitacion-para-programar-una-computadora-e-internet-gratis-los-ejes-de-argentina-programa\/#primaryimage\",\"url\":\"https:\/\/www.telam.com.ar\/advf\/imagenes\/2019\/06\/5cfe8e862c4d6_1004x565.jpg\",\"contentUrl\":\"https:\/\/www.telam.com.ar\/advf\/imagenes\/2019\/06\/5cfe8e862c4d6_1004x565.jpg\"},{\"@type\":\"BreadcrumbList\",\"@id\":\"https:\/\/www.noticiasradioreflejos.com.ar\/2021\/capacitacion-para-programar-una-computadora-e-internet-gratis-los-ejes-de-argentina-programa\/#breadcrumb\",\"itemListElement\":[{\"@type\":\"ListItem\",\"position\":1,\"name\":\"Portada\",\"item\":\"https:\/\/www.noticiasradioreflejos.com.ar\/2021\/\"},{\"@type\":\"ListItem\",\"position\":2,\"name\":\"Capacitaci\u00f3n para programar, una computadora e internet gratis, los ejes de \u00abArgentina Programa\u00bb\"}]},{\"@type\":\"WebSite\",\"@id\":\"https:\/\/www.noticiasradioreflejos.com.ar\/2021\/#website\",\"url\":\"https:\/\/www.noticiasradioreflejos.com.ar\/2021\/\",\"name\":\"Noticias Radio Reflejos\",\"description\":\"Las noticias de mi comarca\",\"potentialAction\":[{\"@type\":\"SearchAction\",\"target\":{\"@type\":\"EntryPoint\",\"urlTemplate\":\"https:\/\/www.noticiasradioreflejos.com.ar\/2021\/?s={search_term_string}\"},\"query-input\":{\"@type\":\"PropertyValueSpecification\",\"valueRequired\":true,\"valueName\":\"search_term_string\"}}],\"inLanguage\":\"es\"},{\"@type\":\"Person\",\"@id\":\"https:\/\/www.noticiasradioreflejos.com.ar\/2021\/#\/schema\/person\/ad82545263dcc5ec0996818884fd5fb1\",\"name\":\"Arnaldo Botto\",\"image\":{\"@type\":\"ImageObject\",\"inLanguage\":\"es\",\"@id\":\"https:\/\/www.noticiasradioreflejos.com.ar\/2021\/#\/schema\/person\/image\/\",\"url\":\"https:\/\/secure.gravatar.com\/avatar\/55cb5e37c1efa326397366e6974cb338056df65cb50e7d64d1cf314e87504837?s=96&d=mm&r=g\",\"contentUrl\":\"https:\/\/secure.gravatar.com\/avatar\/55cb5e37c1efa326397366e6974cb338056df65cb50e7d64d1cf314e87504837?s=96&d=mm&r=g\",\"caption\":\"Arnaldo Botto\"},\"url\":\"https:\/\/www.noticiasradioreflejos.com.ar\/2021\/author\/arnaldo\/\"}]}<\/script>\n<!-- \/ Yoast SEO plugin. -->","yoast_head_json":{"title":"Capacitaci\u00f3n para programar, una computadora e internet gratis, los ejes de \"Argentina Programa\" - Noticias Radio Reflejos","robots":{"index":"index","follow":"follow","max-snippet":"max-snippet:-1","max-image-preview":"max-image-preview:large","max-video-preview":"max-video-preview:-1"},"canonical":"https:\/\/www.noticiasradioreflejos.com.ar\/2021\/capacitacion-para-programar-una-computadora-e-internet-gratis-los-ejes-de-argentina-programa\/","og_locale":"es_ES","og_type":"article","og_title":"Capacitaci\u00f3n para programar, una computadora e internet gratis, los ejes de \"Argentina Programa\" - Noticias Radio Reflejos","og_description":"Al lanzamiento de la segunda etapa del plan, encabezada por el Presidente, capacitar\u00e1 a 60 mil j\u00f3venes y comprende subsidios de 100 mil pesos para adquirir computadoras y tarjetas de conexi\u00f3n gratuita a Internet.","og_url":"https:\/\/www.noticiasradioreflejos.com.ar\/2021\/capacitacion-para-programar-una-computadora-e-internet-gratis-los-ejes-de-argentina-programa\/","og_site_name":"Noticias Radio Reflejos","article_published_time":"2021-08-09T11:09:02+00:00","og_image":[{"url":"https:\/\/www.telam.com.ar\/advf\/imagenes\/2019\/06\/5cfe8e862c4d6_1004x565.jpg","type":"","width":"","height":""}],"author":"Arnaldo Botto","twitter_card":"summary_large_image","schema":{"@context":"https:\/\/schema.org","@graph":[{"@type":"WebPage","@id":"https:\/\/www.noticiasradioreflejos.com.ar\/2021\/capacitacion-para-programar-una-computadora-e-internet-gratis-los-ejes-de-argentina-programa\/","url":"https:\/\/www.noticiasradioreflejos.com.ar\/2021\/capacitacion-para-programar-una-computadora-e-internet-gratis-los-ejes-de-argentina-programa\/","name":"Capacitaci\u00f3n para programar, una computadora e internet gratis, los ejes de \"Argentina Programa\" - Noticias Radio Reflejos","isPartOf":{"@id":"https:\/\/www.noticiasradioreflejos.com.ar\/2021\/#website"},"primaryImageOfPage":{"@id":"https:\/\/www.noticiasradioreflejos.com.ar\/2021\/capacitacion-para-programar-una-computadora-e-internet-gratis-los-ejes-de-argentina-programa\/#primaryimage"},"image":{"@id":"https:\/\/www.noticiasradioreflejos.com.ar\/2021\/capacitacion-para-programar-una-computadora-e-internet-gratis-los-ejes-de-argentina-programa\/#primaryimage"},"thumbnailUrl":"https:\/\/www.telam.com.ar\/advf\/imagenes\/2019\/06\/5cfe8e862c4d6_1004x565.jpg","datePublished":"2021-08-09T11:09:02+00:00","author":{"@id":"https:\/\/www.noticiasradioreflejos.com.ar\/2021\/#\/schema\/person\/ad82545263dcc5ec0996818884fd5fb1"},"breadcrumb":{"@id":"https:\/\/www.noticiasradioreflejos.com.ar\/2021\/capacitacion-para-programar-una-computadora-e-internet-gratis-los-ejes-de-argentina-programa\/#breadcrumb"},"inLanguage":"es","potentialAction":[{"@type":"ReadAction","target":["https:\/\/www.noticiasradioreflejos.com.ar\/2021\/capacitacion-para-programar-una-computadora-e-internet-gratis-los-ejes-de-argentina-programa\/"]}]},{"@type":"ImageObject","inLanguage":"es","@id":"https:\/\/www.noticiasradioreflejos.com.ar\/2021\/capacitacion-para-programar-una-computadora-e-internet-gratis-los-ejes-de-argentina-programa\/#primaryimage","url":"https:\/\/www.telam.com.ar\/advf\/imagenes\/2019\/06\/5cfe8e862c4d6_1004x565.jpg","contentUrl":"https:\/\/www.telam.com.ar\/advf\/imagenes\/2019\/06\/5cfe8e862c4d6_1004x565.jpg"},{"@type":"BreadcrumbList","@id":"https:\/\/www.noticiasradioreflejos.com.ar\/2021\/capacitacion-para-programar-una-computadora-e-internet-gratis-los-ejes-de-argentina-programa\/#breadcrumb","itemListElement":[{"@type":"ListItem","position":1,"name":"Portada","item":"https:\/\/www.noticiasradioreflejos.com.ar\/2021\/"},{"@type":"ListItem","position":2,"name":"Capacitaci\u00f3n para programar, una computadora e internet gratis, los ejes de \u00abArgentina Programa\u00bb"}]},{"@type":"WebSite","@id":"https:\/\/www.noticiasradioreflejos.com.ar\/2021\/#website","url":"https:\/\/www.noticiasradioreflejos.com.ar\/2021\/","name":"Noticias Radio Reflejos","description":"Las noticias de mi comarca","potentialAction":[{"@type":"SearchAction","target":{"@type":"EntryPoint","urlTemplate":"https:\/\/www.noticiasradioreflejos.com.ar\/2021\/?s={search_term_string}"},"query-input":{"@type":"PropertyValueSpecification","valueRequired":true,"valueName":"search_term_string"}}],"inLanguage":"es"},{"@type":"Person","@id":"https:\/\/www.noticiasradioreflejos.com.ar\/2021\/#\/schema\/person\/ad82545263dcc5ec0996818884fd5fb1","name":"Arnaldo Botto","image":{"@type":"ImageObject","inLanguage":"es","@id":"https:\/\/www.noticiasradioreflejos.com.ar\/2021\/#\/schema\/person\/image\/","url":"https:\/\/secure.gravatar.com\/avatar\/55cb5e37c1efa326397366e6974cb338056df65cb50e7d64d1cf314e87504837?s=96&d=mm&r=g","contentUrl":"https:\/\/secure.gravatar.com\/avatar\/55cb5e37c1efa326397366e6974cb338056df65cb50e7d64d1cf314e87504837?s=96&d=mm&r=g","caption":"Arnaldo Botto"},"url":"https:\/\/www.noticiasradioreflejos.com.ar\/2021\/author\/arnaldo\/"}]}},"_links":{"self":[{"href":"https:\/\/www.noticiasradioreflejos.com.ar\/2021\/wp-json\/wp\/v2\/posts\/61274","targetHints":{"allow":["GET"]}}],"collection":[{"href":"https:\/\/www.noticiasradioreflejos.com.ar\/2021\/wp-json\/wp\/v2\/posts"}],"about":[{"href":"https:\/\/www.noticiasradioreflejos.com.ar\/2021\/wp-json\/wp\/v2\/types\/post"}],"author":[{"embeddable":true,"href":"https:\/\/www.noticiasradioreflejos.com.ar\/2021\/wp-json\/wp\/v2\/users\/3"}],"replies":[{"embeddable":true,"href":"https:\/\/www.noticiasradioreflejos.com.ar\/2021\/wp-json\/wp\/v2\/comments?post=61274"}],"version-history":[{"count":1,"href":"https:\/\/www.noticiasradioreflejos.com.ar\/2021\/wp-json\/wp\/v2\/posts\/61274\/revisions"}],"predecessor-version":[{"id":61276,"href":"https:\/\/www.noticiasradioreflejos.com.ar\/2021\/wp-json\/wp\/v2\/posts\/61274\/revisions\/61276"}],"wp:attachment":[{"href":"https:\/\/www.noticiasradioreflejos.com.ar\/2021\/wp-json\/wp\/v2\/media?parent=61274"}],"wp:term":[{"taxonomy":"category","embeddable":true,"href":"https:\/\/www.noticiasradioreflejos.com.ar\/2021\/wp-json\/wp\/v2\/categories?post=61274"},{"taxonomy":"post_tag","embeddable":true,"href":"https:\/\/www.noticiasradioreflejos.com.ar\/2021\/wp-json\/wp\/v2\/tags?post=61274"}],"curies":[{"name":"wp","href":"https:\/\/api.w.org\/{rel}","templated":true}]}}