{"id":61247,"date":"2021-08-08T14:07:20","date_gmt":"2021-08-08T14:07:20","guid":{"rendered":"http:\/\/www.noticiasradioreflejos.com.ar\/2021\/?p=61247"},"modified":"2021-08-08T14:07:20","modified_gmt":"2021-08-08T14:07:20","slug":"haran-un-experimento-en-la-estacion-espacial-internacional-y-en-4-500-escuelas-francesas","status":"publish","type":"post","link":"https:\/\/www.noticiasradioreflejos.com.ar\/2021\/haran-un-experimento-en-la-estacion-espacial-internacional-y-en-4-500-escuelas-francesas\/","title":{"rendered":"Har\u00e1n un experimento en la Estaci\u00f3n Espacial Internacional y en 4.500 escuelas francesas"},"content":{"rendered":"<div class=\"head-content\">\n<p>El astronauta Thomas Pesquet comenzar\u00e1 a experientar con \u00abblob\u00bb, un organismo unicelular que no es ni un animal ni una planta ni un hongo. Miles de espec\u00edmenes ser\u00e1 repartidos en establecimientos educativos.<\/p>\n<\/div>\n<p><!--more--><\/p>\n<div class=\"main-content-block\">\n<div class=\"main-box clearfix\">\n<div class=\"wrapper-main-section clearfix\">\n<div class=\"wrapper-editable-content\">\n<div class=\"editable-content clearfix\">\n<div id=\"image\" class=\"image\"><img decoding=\"async\" title=\"El experimento es encabezado por el astronauta franc\u00e9s Thomas Pesquet. Se realizar\u00e1 al mismo tiempo en 4.500 escuelas de Francia.\" src=\"https:\/\/www.telam.com.ar\/advf\/imagenes\/2021\/08\/610fdb91e6d11_1004x565.jpg\" alt=\"El experimento es encabezado por el astronauta franc\u00e9s Thomas Pesquet. Se realizar\u00e1 al mismo tiempo en 4.500 escuelas de Francia.\" \/><\/p>\n<div class=\"epigrafe\">El experimento es encabezado por el astronauta franc\u00e9s Thomas Pesquet. Se realizar\u00e1 al mismo tiempo en 4.500 escuelas de Francia.<\/div>\n<\/div>\n<p>La\u00a0<strong>Estaci\u00f3n Espacial Internacional<\/strong>\u00a0se prepara para recibir a \u00ab<strong>blob<\/strong>\u00ab, un organismo unicelular que fascina a los bi\u00f3logos, que el martes entrar\u00e1 en \u00f3rbita para ser usado en un experimento encabezado por el astronauta franc\u00e9s\u00a0<strong>Thomas Pesquet<\/strong>\u00a0y que se realizar\u00e1 al mismo tiempo en\u00a0<strong>4.500 escuelas<\/strong>\u00a0de Francia.<\/p>\n<p>Desde la Tierra, varios centenares de estudiantes de entre 8 y 17 a\u00f1os reproducir\u00e1n el experimento a partir del pr\u00f3ximo oto\u00f1o boreal con ese ser vivo, que no es ni un animal ni una planta ni un hongo.<\/p>\n<p>Los alumnos estar\u00e1n guiados por el\u00a0<strong>Centro Nacional de Estudios Espaciales<\/strong>\u00a0(CNES) en colaboraci\u00f3n con el\u00a0<strong>Centro Nacional de Investigaciones Cient\u00edficas<\/strong>\u00a0(CNRS).<\/p>\n<p>El \u00abblob\u00bb, llamado \u00abPhysarum polycephalum\u00bb, est\u00e1 compuesto por una sola c\u00e9lula y varios n\u00facleos. Parece una masa esponjosa de color amarillo, no tiene ni boca ni patas ni cerebro, pero come, crece, se desplaza muy lentamente y posee unas sorprendentes capacidades de aprendizaje.<\/p>\n<p>Sus n\u00facleos pueden dividirse a voluntad y el organismo puede ponerse en periodo de latencia (sin morir) deshidrat\u00e1ndose.<\/p>\n<p>Es en ese estado, llamado \u00abesclerocio\u00bb, varios trozos de \u00abblob\u00bb entrar\u00e1n en el espacio, a bordo de una nave de carga de abastecimiento de la Estaci\u00f3n Espacial Internacional.<\/p>\n<p>Cuando el astronauta los rehidrate, en septiembre, cuatro esclerocios de unos 0,5 cm se despertar\u00e1n a 400 km de la Tierra, en unas placas de Petri, y cumplir\u00e1n con dos protocolos: uno probar\u00e1 la actitud de los \u00abblobs\u00bb al ser privados de alimento y el otro aportar\u00e1 alimento, copos de avena, a los m\u00e1s afortunados.<br \/>\n<strong>El objetivo de este experimento es observar los efectos de la ingravidez en ese organismo.<\/strong><\/p>\n<p>\u00abHoy nadie sabe qu\u00e9 comportamiento tendr\u00e1 en [situaci\u00f3n de] microgravedad: en qu\u00e9 sentido se desplazar\u00e1, si tomar\u00e1 la tercera dimensi\u00f3n yendo hacia arriba o en sentido oblicuo&#8230;\u00bb, se pregunt\u00f3\u00a0<strong>Pierre Ferrand<\/strong>, profesor de Ciencias de la Vida y de la Tierra en el CNES, uno de los art\u00edfices del proyecto.<\/p>\n<p>\u00abTengo curiosidad por ver si se desarrolla formando pilares\u00bb, apunt\u00f3 la especialista en \u00abblobs\u00bb\u00a0<strong>Audrey Dussutour<\/strong>, directora de investigaci\u00f3n en el Centro de Investigaci\u00f3n sobre la Cognici\u00f3n Animal del CNRS, en Toulouse, en el sur de Francia, citada por la agencia AFP.<\/p>\n<div class=\"auth\">Experimento en las aulas<\/div>\n<p>En tierra, miles de espec\u00edmenes de \u00abblob\u00bb cortados de la misma cepa (LU352) de la de sus cong\u00e9neres espaciales, ser\u00e1n repartidos entre 4.500 escuelas, centros de secundaria y liceos de Francia.<\/p>\n<p>\u00abM\u00e1s de\u00a0<strong>350.000 alumnos<\/strong>\u00a0&#8216;tocar\u00e1n&#8217; al &#8216;blob'\u00bb, coment\u00f3\u00a0<strong>Christine Correcher<\/strong>, responsable de proyectos educativos de la agencia espacial.<\/p>\n<p>Entre finales de agosto y principios de septiembre, los profesores recibir\u00e1n un kit con entre 3 y 5 esclerocios y un tutorial para llevar a cabo el experimento.<\/p>\n<p>Cuando Thomas Pesquet humedezca sus \u00abblobs\u00bb, en el espacio, los alumnos har\u00e1n lo mismo en clase.<\/p>\n<p>A partir de entonces, se llevar\u00e1n a cabo varias sesiones de observaci\u00f3n para comparar el comportamiento de los espec\u00edmenes de la Tierra con el de los enviados al espacio.<\/p>\n<div class=\"auth\">Teor\u00edas cient\u00edficas en entredicho<\/div>\n<p>El \u00abblob\u00bb pone en entredicho algunas teor\u00edas cient\u00edficas como la \u00abcelular, una de las m\u00e1s antiguas, que dice que toda c\u00e9lula se divide en dos c\u00e9lulas. Con el &#8216;blob&#8217;, esto no funciona, porque es una c\u00e9lula \u00fanica que crece sin dividirse nunca\u00bb, se\u00f1ala Pierre Ferrand.<\/p>\n<p>Adem\u00e1s, \u00abmientras que la mayor\u00eda de los organismos utilizan dos tipos sexuales, \u00a1<strong>el &#8216;blob&#8217; tiene m\u00e1s de 720<\/strong>! Es un organismo &#8216;con cajones&#8217; que nos dice que la vida est\u00e1 hecha de multitud de originalidades\u00bb, agrega el profesor.<\/p>\n<p>El \u00abblob\u00bb apareci\u00f3 en la Tierra hace m\u00e1s de 500 millones de a\u00f1os,\u00a0<strong>antes que los animales<\/strong>.<\/p>\n<p>Durante mucho tiempo se lo consider\u00f3 un hongo, pero luego fue apartado de ese reino y desde los a\u00f1os 1990 forma parte de la subclase de los\u00a0<strong>amebozoos<\/strong>, al que pertenecen las amebas.<\/div>\n<\/div>\n<\/div>\n<\/div>\n<\/div>\n","protected":false},"excerpt":{"rendered":"<p>El astronauta Thomas Pesquet comenzar\u00e1 a experientar con \u00abblob\u00bb, un organismo unicelular que no es ni un animal ni una planta ni un hongo. Miles de espec\u00edmenes ser\u00e1 repartidos en establecimientos educativos.<\/p>\n","protected":false},"author":3,"featured_media":0,"comment_status":"closed","ping_status":"closed","sticky":false,"template":"","format":"standard","meta":{"footnotes":""},"categories":[46],"tags":[],"class_list":["post-61247","post","type-post","status-publish","format-standard","hentry","category-ciencia-y-tecnologia"],"yoast_head":"<!-- This site is optimized with the Yoast SEO plugin v25.9 - https:\/\/yoast.com\/wordpress\/plugins\/seo\/ -->\n<title>Har\u00e1n un experimento en la Estaci\u00f3n Espacial Internacional y en 4.500 escuelas francesas - Noticias Radio Reflejos<\/title>\n<meta name=\"robots\" content=\"index, follow, max-snippet:-1, max-image-preview:large, max-video-preview:-1\" \/>\n<link rel=\"canonical\" href=\"https:\/\/www.noticiasradioreflejos.com.ar\/2021\/haran-un-experimento-en-la-estacion-espacial-internacional-y-en-4-500-escuelas-francesas\/\" \/>\n<meta property=\"og:locale\" content=\"es_ES\" \/>\n<meta property=\"og:type\" content=\"article\" \/>\n<meta property=\"og:title\" content=\"Har\u00e1n un experimento en la Estaci\u00f3n Espacial Internacional y en 4.500 escuelas francesas - Noticias Radio Reflejos\" \/>\n<meta property=\"og:description\" content=\"El astronauta Thomas Pesquet comenzar\u00e1 a experientar con \u00abblob\u00bb, un organismo unicelular que no es ni un animal ni una planta ni un hongo. Miles de espec\u00edmenes ser\u00e1 repartidos en establecimientos educativos.\" \/>\n<meta property=\"og:url\" content=\"https:\/\/www.noticiasradioreflejos.com.ar\/2021\/haran-un-experimento-en-la-estacion-espacial-internacional-y-en-4-500-escuelas-francesas\/\" \/>\n<meta property=\"og:site_name\" content=\"Noticias Radio Reflejos\" \/>\n<meta property=\"article:published_time\" content=\"2021-08-08T14:07:20+00:00\" \/>\n<meta property=\"og:image\" content=\"https:\/\/www.telam.com.ar\/advf\/imagenes\/2021\/08\/610fdb91e6d11_1004x565.jpg\" \/>\n<meta name=\"author\" content=\"Arnaldo Botto\" \/>\n<meta name=\"twitter:card\" content=\"summary_large_image\" \/>\n<script type=\"application\/ld+json\" class=\"yoast-schema-graph\">{\"@context\":\"https:\/\/schema.org\",\"@graph\":[{\"@type\":\"WebPage\",\"@id\":\"https:\/\/www.noticiasradioreflejos.com.ar\/2021\/haran-un-experimento-en-la-estacion-espacial-internacional-y-en-4-500-escuelas-francesas\/\",\"url\":\"https:\/\/www.noticiasradioreflejos.com.ar\/2021\/haran-un-experimento-en-la-estacion-espacial-internacional-y-en-4-500-escuelas-francesas\/\",\"name\":\"Har\u00e1n un experimento en la Estaci\u00f3n Espacial Internacional y en 4.500 escuelas francesas - Noticias Radio Reflejos\",\"isPartOf\":{\"@id\":\"https:\/\/www.noticiasradioreflejos.com.ar\/2021\/#website\"},\"primaryImageOfPage\":{\"@id\":\"https:\/\/www.noticiasradioreflejos.com.ar\/2021\/haran-un-experimento-en-la-estacion-espacial-internacional-y-en-4-500-escuelas-francesas\/#primaryimage\"},\"image\":{\"@id\":\"https:\/\/www.noticiasradioreflejos.com.ar\/2021\/haran-un-experimento-en-la-estacion-espacial-internacional-y-en-4-500-escuelas-francesas\/#primaryimage\"},\"thumbnailUrl\":\"https:\/\/www.telam.com.ar\/advf\/imagenes\/2021\/08\/610fdb91e6d11_1004x565.jpg\",\"datePublished\":\"2021-08-08T14:07:20+00:00\",\"author\":{\"@id\":\"https:\/\/www.noticiasradioreflejos.com.ar\/2021\/#\/schema\/person\/ad82545263dcc5ec0996818884fd5fb1\"},\"breadcrumb\":{\"@id\":\"https:\/\/www.noticiasradioreflejos.com.ar\/2021\/haran-un-experimento-en-la-estacion-espacial-internacional-y-en-4-500-escuelas-francesas\/#breadcrumb\"},\"inLanguage\":\"es\",\"potentialAction\":[{\"@type\":\"ReadAction\",\"target\":[\"https:\/\/www.noticiasradioreflejos.com.ar\/2021\/haran-un-experimento-en-la-estacion-espacial-internacional-y-en-4-500-escuelas-francesas\/\"]}]},{\"@type\":\"ImageObject\",\"inLanguage\":\"es\",\"@id\":\"https:\/\/www.noticiasradioreflejos.com.ar\/2021\/haran-un-experimento-en-la-estacion-espacial-internacional-y-en-4-500-escuelas-francesas\/#primaryimage\",\"url\":\"https:\/\/www.telam.com.ar\/advf\/imagenes\/2021\/08\/610fdb91e6d11_1004x565.jpg\",\"contentUrl\":\"https:\/\/www.telam.com.ar\/advf\/imagenes\/2021\/08\/610fdb91e6d11_1004x565.jpg\"},{\"@type\":\"BreadcrumbList\",\"@id\":\"https:\/\/www.noticiasradioreflejos.com.ar\/2021\/haran-un-experimento-en-la-estacion-espacial-internacional-y-en-4-500-escuelas-francesas\/#breadcrumb\",\"itemListElement\":[{\"@type\":\"ListItem\",\"position\":1,\"name\":\"Portada\",\"item\":\"https:\/\/www.noticiasradioreflejos.com.ar\/2021\/\"},{\"@type\":\"ListItem\",\"position\":2,\"name\":\"Har\u00e1n un experimento en la Estaci\u00f3n Espacial Internacional y en 4.500 escuelas francesas\"}]},{\"@type\":\"WebSite\",\"@id\":\"https:\/\/www.noticiasradioreflejos.com.ar\/2021\/#website\",\"url\":\"https:\/\/www.noticiasradioreflejos.com.ar\/2021\/\",\"name\":\"Noticias Radio Reflejos\",\"description\":\"Las noticias de mi comarca\",\"potentialAction\":[{\"@type\":\"SearchAction\",\"target\":{\"@type\":\"EntryPoint\",\"urlTemplate\":\"https:\/\/www.noticiasradioreflejos.com.ar\/2021\/?s={search_term_string}\"},\"query-input\":{\"@type\":\"PropertyValueSpecification\",\"valueRequired\":true,\"valueName\":\"search_term_string\"}}],\"inLanguage\":\"es\"},{\"@type\":\"Person\",\"@id\":\"https:\/\/www.noticiasradioreflejos.com.ar\/2021\/#\/schema\/person\/ad82545263dcc5ec0996818884fd5fb1\",\"name\":\"Arnaldo Botto\",\"image\":{\"@type\":\"ImageObject\",\"inLanguage\":\"es\",\"@id\":\"https:\/\/www.noticiasradioreflejos.com.ar\/2021\/#\/schema\/person\/image\/\",\"url\":\"https:\/\/secure.gravatar.com\/avatar\/55cb5e37c1efa326397366e6974cb338056df65cb50e7d64d1cf314e87504837?s=96&d=mm&r=g\",\"contentUrl\":\"https:\/\/secure.gravatar.com\/avatar\/55cb5e37c1efa326397366e6974cb338056df65cb50e7d64d1cf314e87504837?s=96&d=mm&r=g\",\"caption\":\"Arnaldo Botto\"},\"url\":\"https:\/\/www.noticiasradioreflejos.com.ar\/2021\/author\/arnaldo\/\"}]}<\/script>\n<!-- \/ Yoast SEO plugin. -->","yoast_head_json":{"title":"Har\u00e1n un experimento en la Estaci\u00f3n Espacial Internacional y en 4.500 escuelas francesas - Noticias Radio Reflejos","robots":{"index":"index","follow":"follow","max-snippet":"max-snippet:-1","max-image-preview":"max-image-preview:large","max-video-preview":"max-video-preview:-1"},"canonical":"https:\/\/www.noticiasradioreflejos.com.ar\/2021\/haran-un-experimento-en-la-estacion-espacial-internacional-y-en-4-500-escuelas-francesas\/","og_locale":"es_ES","og_type":"article","og_title":"Har\u00e1n un experimento en la Estaci\u00f3n Espacial Internacional y en 4.500 escuelas francesas - Noticias Radio Reflejos","og_description":"El astronauta Thomas Pesquet comenzar\u00e1 a experientar con \u00abblob\u00bb, un organismo unicelular que no es ni un animal ni una planta ni un hongo. Miles de espec\u00edmenes ser\u00e1 repartidos en establecimientos educativos.","og_url":"https:\/\/www.noticiasradioreflejos.com.ar\/2021\/haran-un-experimento-en-la-estacion-espacial-internacional-y-en-4-500-escuelas-francesas\/","og_site_name":"Noticias Radio Reflejos","article_published_time":"2021-08-08T14:07:20+00:00","og_image":[{"url":"https:\/\/www.telam.com.ar\/advf\/imagenes\/2021\/08\/610fdb91e6d11_1004x565.jpg","type":"","width":"","height":""}],"author":"Arnaldo Botto","twitter_card":"summary_large_image","schema":{"@context":"https:\/\/schema.org","@graph":[{"@type":"WebPage","@id":"https:\/\/www.noticiasradioreflejos.com.ar\/2021\/haran-un-experimento-en-la-estacion-espacial-internacional-y-en-4-500-escuelas-francesas\/","url":"https:\/\/www.noticiasradioreflejos.com.ar\/2021\/haran-un-experimento-en-la-estacion-espacial-internacional-y-en-4-500-escuelas-francesas\/","name":"Har\u00e1n un experimento en la Estaci\u00f3n Espacial Internacional y en 4.500 escuelas francesas - Noticias Radio Reflejos","isPartOf":{"@id":"https:\/\/www.noticiasradioreflejos.com.ar\/2021\/#website"},"primaryImageOfPage":{"@id":"https:\/\/www.noticiasradioreflejos.com.ar\/2021\/haran-un-experimento-en-la-estacion-espacial-internacional-y-en-4-500-escuelas-francesas\/#primaryimage"},"image":{"@id":"https:\/\/www.noticiasradioreflejos.com.ar\/2021\/haran-un-experimento-en-la-estacion-espacial-internacional-y-en-4-500-escuelas-francesas\/#primaryimage"},"thumbnailUrl":"https:\/\/www.telam.com.ar\/advf\/imagenes\/2021\/08\/610fdb91e6d11_1004x565.jpg","datePublished":"2021-08-08T14:07:20+00:00","author":{"@id":"https:\/\/www.noticiasradioreflejos.com.ar\/2021\/#\/schema\/person\/ad82545263dcc5ec0996818884fd5fb1"},"breadcrumb":{"@id":"https:\/\/www.noticiasradioreflejos.com.ar\/2021\/haran-un-experimento-en-la-estacion-espacial-internacional-y-en-4-500-escuelas-francesas\/#breadcrumb"},"inLanguage":"es","potentialAction":[{"@type":"ReadAction","target":["https:\/\/www.noticiasradioreflejos.com.ar\/2021\/haran-un-experimento-en-la-estacion-espacial-internacional-y-en-4-500-escuelas-francesas\/"]}]},{"@type":"ImageObject","inLanguage":"es","@id":"https:\/\/www.noticiasradioreflejos.com.ar\/2021\/haran-un-experimento-en-la-estacion-espacial-internacional-y-en-4-500-escuelas-francesas\/#primaryimage","url":"https:\/\/www.telam.com.ar\/advf\/imagenes\/2021\/08\/610fdb91e6d11_1004x565.jpg","contentUrl":"https:\/\/www.telam.com.ar\/advf\/imagenes\/2021\/08\/610fdb91e6d11_1004x565.jpg"},{"@type":"BreadcrumbList","@id":"https:\/\/www.noticiasradioreflejos.com.ar\/2021\/haran-un-experimento-en-la-estacion-espacial-internacional-y-en-4-500-escuelas-francesas\/#breadcrumb","itemListElement":[{"@type":"ListItem","position":1,"name":"Portada","item":"https:\/\/www.noticiasradioreflejos.com.ar\/2021\/"},{"@type":"ListItem","position":2,"name":"Har\u00e1n un experimento en la Estaci\u00f3n Espacial Internacional y en 4.500 escuelas francesas"}]},{"@type":"WebSite","@id":"https:\/\/www.noticiasradioreflejos.com.ar\/2021\/#website","url":"https:\/\/www.noticiasradioreflejos.com.ar\/2021\/","name":"Noticias Radio Reflejos","description":"Las noticias de mi comarca","potentialAction":[{"@type":"SearchAction","target":{"@type":"EntryPoint","urlTemplate":"https:\/\/www.noticiasradioreflejos.com.ar\/2021\/?s={search_term_string}"},"query-input":{"@type":"PropertyValueSpecification","valueRequired":true,"valueName":"search_term_string"}}],"inLanguage":"es"},{"@type":"Person","@id":"https:\/\/www.noticiasradioreflejos.com.ar\/2021\/#\/schema\/person\/ad82545263dcc5ec0996818884fd5fb1","name":"Arnaldo Botto","image":{"@type":"ImageObject","inLanguage":"es","@id":"https:\/\/www.noticiasradioreflejos.com.ar\/2021\/#\/schema\/person\/image\/","url":"https:\/\/secure.gravatar.com\/avatar\/55cb5e37c1efa326397366e6974cb338056df65cb50e7d64d1cf314e87504837?s=96&d=mm&r=g","contentUrl":"https:\/\/secure.gravatar.com\/avatar\/55cb5e37c1efa326397366e6974cb338056df65cb50e7d64d1cf314e87504837?s=96&d=mm&r=g","caption":"Arnaldo Botto"},"url":"https:\/\/www.noticiasradioreflejos.com.ar\/2021\/author\/arnaldo\/"}]}},"_links":{"self":[{"href":"https:\/\/www.noticiasradioreflejos.com.ar\/2021\/wp-json\/wp\/v2\/posts\/61247","targetHints":{"allow":["GET"]}}],"collection":[{"href":"https:\/\/www.noticiasradioreflejos.com.ar\/2021\/wp-json\/wp\/v2\/posts"}],"about":[{"href":"https:\/\/www.noticiasradioreflejos.com.ar\/2021\/wp-json\/wp\/v2\/types\/post"}],"author":[{"embeddable":true,"href":"https:\/\/www.noticiasradioreflejos.com.ar\/2021\/wp-json\/wp\/v2\/users\/3"}],"replies":[{"embeddable":true,"href":"https:\/\/www.noticiasradioreflejos.com.ar\/2021\/wp-json\/wp\/v2\/comments?post=61247"}],"version-history":[{"count":1,"href":"https:\/\/www.noticiasradioreflejos.com.ar\/2021\/wp-json\/wp\/v2\/posts\/61247\/revisions"}],"predecessor-version":[{"id":61248,"href":"https:\/\/www.noticiasradioreflejos.com.ar\/2021\/wp-json\/wp\/v2\/posts\/61247\/revisions\/61248"}],"wp:attachment":[{"href":"https:\/\/www.noticiasradioreflejos.com.ar\/2021\/wp-json\/wp\/v2\/media?parent=61247"}],"wp:term":[{"taxonomy":"category","embeddable":true,"href":"https:\/\/www.noticiasradioreflejos.com.ar\/2021\/wp-json\/wp\/v2\/categories?post=61247"},{"taxonomy":"post_tag","embeddable":true,"href":"https:\/\/www.noticiasradioreflejos.com.ar\/2021\/wp-json\/wp\/v2\/tags?post=61247"}],"curies":[{"name":"wp","href":"https:\/\/api.w.org\/{rel}","templated":true}]}}