{"id":61242,"date":"2021-08-08T12:51:33","date_gmt":"2021-08-08T12:51:33","guid":{"rendered":"http:\/\/www.noticiasradioreflejos.com.ar\/2021\/?p=61242"},"modified":"2021-08-08T12:51:33","modified_gmt":"2021-08-08T12:51:33","slug":"preocupa-la-creciente-violencia-de-genero-en-entornos-digitales","status":"publish","type":"post","link":"https:\/\/www.noticiasradioreflejos.com.ar\/2021\/preocupa-la-creciente-violencia-de-genero-en-entornos-digitales\/","title":{"rendered":"Preocupa la creciente violencia de g\u00e9nero en entornos digitales"},"content":{"rendered":"<div class=\"head-content\">\n<p>Distintos estudios de organismos internacionales coinciden en que afecta sobre todo a mujeres periodistas, perjudica su salud mental y emocional, provoca abandono de la profesi\u00f3n, silencia voces a trav\u00e9s del maltrato y afecta al sistema democr\u00e1tico.<\/p>\n<\/div>\n<p><!--more--><\/p>\n<div class=\"main-content-block\">\n<div class=\"main-box clearfix\">\n<div class=\"wrapper-main-section clearfix\">\n<div class=\"wrapper-editable-content\">\n<div class=\"editable-content clearfix\">\n<div id=\"image\" class=\"image\"><img decoding=\"async\" title=\"\" src=\"https:\/\/www.telam.com.ar\/advf\/imagenes\/2021\/08\/610ed280dd726_1004x1657.jpg\" alt=\"\" \/><\/div>\n<\/div>\n<div>\n<h4>Por Silvina Molina, editora de G\u00e9nero y Diversidades<\/h4>\n<\/div>\n<div class=\"editable-content clearfix\">La violencia de g\u00e9nero ejercida a trav\u00e9s de las redes sociales afecta especialmente a las periodistas y a mujeres que expresan sus ideas pol\u00edticas en esos espacios, provocando da\u00f1o f\u00edsico, emocional, autocensura, abandono de la profesi\u00f3n, silenciando voces a trav\u00e9s del maltrato y afectando al sistema democr\u00e1tico, seg\u00fan advierten organismos internacionales.<\/p>\n<p>As\u00ed lo demuestran distintos estudios sobre violencia en l\u00ednea a mujeres periodistas o que trabajan en medios de comunicaci\u00f3n realizados en el \u00faltimo a\u00f1o por la Organizaci\u00f3n de las Naciones Unidas para la Educaci\u00f3n, la Ciencia y la Cultura (Unesco) junto al Centro Internacional para Periodistas (ICFJ, sus siglas en ingl\u00e9s), tambi\u00e9n por la Federaci\u00f3n Internacional de Periodistas, Reporteros sin Fronteras, la International Women&#8217;s Media Foundation, y la Relatora Especial sobre violencia hacia las mujeres de ONU, Dubravka Simonovic .<\/p>\n<div class=\"js-code\">\n<div class=\"twitter-tweet twitter-tweet-rendered\"><iframe id=\"twitter-widget-0\" class=\"\" title=\"Twitter Tweet\" src=\"https:\/\/platform.twitter.com\/embed\/Tweet.html?creatorScreenName=agenciatelam&amp;dnt=false&amp;embedId=twitter-widget-0&amp;features=eyJ0ZndfZXhwZXJpbWVudHNfY29va2llX2V4cGlyYXRpb24iOnsiYnVja2V0IjoxMjA5NjAwLCJ2ZXJzaW9uIjpudWxsfSwidGZ3X2hvcml6b25fdHdlZXRfZW1iZWRfOTU1NSI6eyJidWNrZXQiOiJodGUiLCJ2ZXJzaW9uIjpudWxsfSwidGZ3X3NwYWNlX2NhcmQiOnsiYnVja2V0Ijoib2ZmIiwidmVyc2lvbiI6bnVsbH19&amp;frame=false&amp;hideCard=false&amp;hideThread=false&amp;id=1422249315125321741&amp;lang=en&amp;origin=https%3A%2F%2Fwww.telam.com.ar%2Fnotas%2F202108%2F564252-violencia-de-genero-redes-sociales-periodistas-politicas.html&amp;sessionId=c992233025ce01d9b5a919628fbd45ffacd6e85e&amp;siteScreenName=agenciatelam&amp;theme=light&amp;widgetsVersion=1890d59c%3A1627936082797&amp;width=550px\" frameborder=\"0\" scrolling=\"no\" allowfullscreen=\"allowfullscreen\" data-tweet-id=\"1422249315125321741\" data-mce-fragment=\"1\"><\/iframe><\/div>\n<\/div>\n<p>Todos los informes coinciden en que la violencia de g\u00e9nero online afecta sobre todo a mujeres periodistas, que perjudica su salud mental y emocional, provocando que algunas se autocensuren y que otras usen seud\u00f3nimos para seguir trabajando.<\/p>\n<p><strong>Hay profesionales que deciden suspender, desactivar o suprimir sus cuentas en redes sociales.<\/strong>\u00a0Es lo que hizo con su perfil en Twitter Ofelia Fern\u00e1ndez, la legisladora (FdT) m\u00e1s joven de Latinoam\u00e9rica, luego de m\u00faltiples ataques.<\/p>\n<p>Otra dato que aportan las investigaciones es que muchas periodistas abandonan la profesi\u00f3n.<\/p>\n<p>\u00abLa violencia en l\u00ednea contra las periodistas no s\u00f3lo viola el derecho de la mujer a llevar una vida libre de violencia y a participar en l\u00ednea, sino que tambi\u00e9n socava el ejercicio democr\u00e1tico y la buena gobernanza y, por lo tanto, crea un d\u00e9ficit democr\u00e1tico\u00bb, dice la relatora Simonovic.<\/p>\n<p>Esta violencia\u00a0<strong>se relaciona con la desinformaci\u00f3n y la misoginia, responde a motivos pol\u00edticos, y los ataques violentos son sistem\u00e1ticos y organizados<\/strong>, son conclusiones comunes de estos estudios.<\/p>\n<p>Y hay coincidencia en que las plataformas de redes sociales no responden a\u00fan de manera efectiva.<\/p>\n<blockquote><p>\u00abLos abusos en l\u00ednea contra las mujeres periodistas y las mujeres en los medios de comunicaci\u00f3n son un ataque directo a la visibilidad de las mujeres y su participaci\u00f3n plena en la vida p\u00fablica\u00bb<\/p>\n<div class=\"sign\">DUBRAVKA SIMONOVIC<\/div>\n<\/blockquote>\n<div id=\"image\" class=\"image\"><img decoding=\"async\" title=\"Es urgente no seguir tolerando y fomentando la violencia en redes sociales.\" src=\"https:\/\/www.telam.com.ar\/advf\/imagenes\/2018\/04\/5ada13a6e2a9c_1004x565.jpg\" alt=\"Es urgente no seguir tolerando y fomentando la violencia en redes sociales.\" \/><\/p>\n<div class=\"epigrafe\">Es urgente no seguir tolerando y fomentando la violencia en redes sociales.<\/div>\n<\/div>\n<p>El estudio\u00a0<em>&#8216;The Chilling: Global trends in online violence against women journalists&#8217;<\/em>\u00a0de Unesco e ICFJ, es el mas reciente y completo, ya que para hacerlo se entrevist\u00f3 a 901 periodistas de 125 pa\u00edses, entre ellos Argentina.<\/p>\n<p>All\u00ed se lee que \u00ablos principales perpetradores de la violencia online son trolls an\u00f3nimos y actores pol\u00edticos\u00bb.<\/p>\n<p>Y sigue: \u00abLos actores pol\u00edticos fueron las segundas fuentes m\u00e1s se\u00f1aladas (37%) de ataques y abusos despu\u00e9s de los atacantes an\u00f3nimos o desconocidos (57%)\u00bb, destaca Unesco.<\/p>\n<p>Adem\u00e1s concluye que los ataques \u00abno son aislados, son sistem\u00e1ticos y orquestados\u00bb.<\/p>\n<div class=\"js-code\">\n<div class=\"twitter-tweet twitter-tweet-rendered\"><iframe id=\"twitter-widget-1\" class=\"\" title=\"Twitter Tweet\" src=\"https:\/\/platform.twitter.com\/embed\/Tweet.html?creatorScreenName=agenciatelam&amp;dnt=false&amp;embedId=twitter-widget-1&amp;features=eyJ0ZndfZXhwZXJpbWVudHNfY29va2llX2V4cGlyYXRpb24iOnsiYnVja2V0IjoxMjA5NjAwLCJ2ZXJzaW9uIjpudWxsfSwidGZ3X2hvcml6b25fdHdlZXRfZW1iZWRfOTU1NSI6eyJidWNrZXQiOiJodGUiLCJ2ZXJzaW9uIjpudWxsfSwidGZ3X3NwYWNlX2NhcmQiOnsiYnVja2V0Ijoib2ZmIiwidmVyc2lvbiI6bnVsbH19&amp;frame=false&amp;hideCard=false&amp;hideThread=false&amp;id=1423833855161733120&amp;lang=en&amp;origin=https%3A%2F%2Fwww.telam.com.ar%2Fnotas%2F202108%2F564252-violencia-de-genero-redes-sociales-periodistas-politicas.html&amp;sessionId=c992233025ce01d9b5a919628fbd45ffacd6e85e&amp;siteScreenName=agenciatelam&amp;theme=light&amp;widgetsVersion=1890d59c%3A1627936082797&amp;width=550px\" frameborder=\"0\" scrolling=\"no\" allowfullscreen=\"allowfullscreen\" data-tweet-id=\"1423833855161733120\" data-mce-fragment=\"1\"><\/iframe><\/div>\n<\/div>\n<p>Esta semana en Argentina, la palabra<em>\u00a0&#8216;petera&#8217;\u00a0<\/em>fue tendencia en Twitter, relacionada con la actriz y conductora Florencia Pe\u00f1a, en el marco de sospechas instaladas por el diputado nacional Fernando Iglesias (Juntos por el Cambio), que defini\u00f3 como \u00abencuentro sexual\u00bb una reuni\u00f3n de la actriz con el presidente de la Naci\u00f3n, Alberto Fern\u00e1ndez, para hablar de la situaci\u00f3n laboral de personas del espect\u00e1culo en contexto de pandemia.<\/p>\n<p>Tambi\u00e9n tuvieron reuniones varios actores, como Luis Brandoni, y empresarios del sector como Adri\u00e1n Suar, entre otros. Pero no fueron considerados &#8216;peteros&#8217; ni se hablo de encuentros sexuales.<\/p>\n<p>Adem\u00e1s, en este contexto, se sumo la tendencia\u00a0<em>\u00abconchita\u00bb<\/em>\u00a0en Twitter.<\/p>\n<p>As\u00ed dec\u00eda ser llamado uno de los femicidas m\u00faltiples de Argentina, Ricardo Barreda.<\/p>\n<p>En un pa\u00eds con reales y alarmantes \u00edndices de femicidios, se elige una palabra que remite a un femicida para seguir violentando a una mujer.<\/p>\n<p>Una violencia que \u00abcausa un da\u00f1o psicol\u00f3gico significativo, especialmente cuando es prol\u00edfica y sostenida\u00bb, se\u00f1ala The Chilling.<\/p>\n<div class=\"js-code\">\n<div class=\"twitter-tweet twitter-tweet-rendered\"><iframe id=\"twitter-widget-2\" class=\"\" title=\"Twitter Tweet\" src=\"https:\/\/platform.twitter.com\/embed\/Tweet.html?creatorScreenName=agenciatelam&amp;dnt=false&amp;embedId=twitter-widget-2&amp;features=eyJ0ZndfZXhwZXJpbWVudHNfY29va2llX2V4cGlyYXRpb24iOnsiYnVja2V0IjoxMjA5NjAwLCJ2ZXJzaW9uIjpudWxsfSwidGZ3X2hvcml6b25fdHdlZXRfZW1iZWRfOTU1NSI6eyJidWNrZXQiOiJodGUiLCJ2ZXJzaW9uIjpudWxsfSwidGZ3X3NwYWNlX2NhcmQiOnsiYnVja2V0Ijoib2ZmIiwidmVyc2lvbiI6bnVsbH19&amp;frame=false&amp;hideCard=false&amp;hideThread=false&amp;id=1409812377558790145&amp;lang=en&amp;origin=https%3A%2F%2Fwww.telam.com.ar%2Fnotas%2F202108%2F564252-violencia-de-genero-redes-sociales-periodistas-politicas.html&amp;sessionId=c992233025ce01d9b5a919628fbd45ffacd6e85e&amp;siteScreenName=agenciatelam&amp;theme=light&amp;widgetsVersion=1890d59c%3A1627936082797&amp;width=550px\" frameborder=\"0\" scrolling=\"no\" allowfullscreen=\"allowfullscreen\" data-tweet-id=\"1409812377558790145\" data-mce-fragment=\"1\"><\/iframe><\/div>\n<\/div>\n<p>La Relatora de ONU revela en su informe que las agresiones a periodistas \u00absuelen ir acompa\u00f1adas de mensajes machistas, denigrantes y humillantes\u00bb, algo que no pasa cuando se ataca a hombres.<\/p>\n<p>Otro aporte es una indagaci\u00f3n que hizo The Guardian, que encarg\u00f3 una investigaci\u00f3n sobre los 70 millones de comentarios que se hab\u00edan dejado en su sitio web desde 2006 y descubri\u00f3 que, de los 10 colaboradores m\u00e1s atacados, 8 eran mujeres, de las cuales 2 eran lesbianas.<\/p>\n<p>En tanto un trabajo sobre el tema de la International Women&#8217;s Media Foundation y Troll-Busters determina que \u00abson las periodistas las que reciben en promedio tres veces m\u00e1s comentarios inapropiados o insultantes que sus colegas hombres en redes sociales y que esa violencia tiene efectos disuasorios, ya que genera autocensura y verg\u00fcenza\u00bb.<\/p>\n<blockquote><p>\u00abSon las periodistas las que reciben en promedio tres veces m\u00e1s comentarios inapropiados o insultantes que sus colegas hombres en redes sociales\u00bb<\/p>\n<div class=\"sign\">INTERNATIONAL WOMEN&#8217;S MEDIA FOUNDATION<\/div>\n<\/blockquote>\n<p><strong>No hay una \u00fanica acci\u00f3n para prevenir la violencia de g\u00e9nero en entornos digitales, deben ser variadas y coordinadas entre Estado, responsables de las plataformas digitales y medios de comunicaci\u00f3n.<\/strong><\/p>\n<p>En todos los informes se encuentran propuestas al respecto.<\/p>\n<p>Pero nada sirve si seguimos tolerando y fomentando la violencia en redes sociales.<\/p>\n<p>\u00abLos abusos en l\u00ednea contra las mujeres periodistas y las mujeres en los medios de comunicaci\u00f3n son un ataque directo a la visibilidad de las mujeres y su participaci\u00f3n plena en la vida p\u00fablica\u00bb, afirma Dubravka Simonovic.<\/p><\/div>\n<\/div>\n<\/div>\n<\/div>\n<\/div>\n","protected":false},"excerpt":{"rendered":"<p>Distintos estudios de organismos internacionales coinciden en que afecta sobre todo a mujeres periodistas, perjudica su salud mental y emocional, provoca abandono de la profesi\u00f3n, silencia voces a trav\u00e9s del maltrato y afecta al sistema democr\u00e1tico.<\/p>\n","protected":false},"author":3,"featured_media":61243,"comment_status":"closed","ping_status":"closed","sticky":false,"template":"","format":"standard","meta":{"footnotes":""},"categories":[24,30,26],"tags":[],"class_list":["post-61242","post","type-post","status-publish","format-standard","has-post-thumbnail","hentry","category-politica","category-salud","category-sociedad"],"yoast_head":"<!-- This site is optimized with the Yoast SEO plugin v25.9 - https:\/\/yoast.com\/wordpress\/plugins\/seo\/ -->\n<title>Preocupa la creciente violencia de g\u00e9nero en entornos digitales - Noticias Radio Reflejos<\/title>\n<meta name=\"robots\" content=\"index, follow, max-snippet:-1, max-image-preview:large, max-video-preview:-1\" \/>\n<link rel=\"canonical\" href=\"https:\/\/www.noticiasradioreflejos.com.ar\/2021\/preocupa-la-creciente-violencia-de-genero-en-entornos-digitales\/\" \/>\n<meta property=\"og:locale\" content=\"es_ES\" \/>\n<meta property=\"og:type\" content=\"article\" \/>\n<meta property=\"og:title\" content=\"Preocupa la creciente violencia de g\u00e9nero en entornos digitales - Noticias Radio Reflejos\" \/>\n<meta property=\"og:description\" content=\"Distintos estudios de organismos internacionales coinciden en que afecta sobre todo a mujeres periodistas, perjudica su salud mental y emocional, provoca abandono de la profesi\u00f3n, silencia voces a trav\u00e9s del maltrato y afecta al sistema democr\u00e1tico.\" \/>\n<meta property=\"og:url\" content=\"https:\/\/www.noticiasradioreflejos.com.ar\/2021\/preocupa-la-creciente-violencia-de-genero-en-entornos-digitales\/\" \/>\n<meta property=\"og:site_name\" content=\"Noticias Radio Reflejos\" \/>\n<meta property=\"article:published_time\" content=\"2021-08-08T12:51:33+00:00\" \/>\n<meta property=\"og:image\" content=\"https:\/\/www.noticiasradioreflejos.com.ar\/2021\/wp-content\/uploads\/2021\/08\/5ada13a6e2a9c_1004x565.jpg\" \/>\n\t<meta property=\"og:image:width\" content=\"1004\" \/>\n\t<meta property=\"og:image:height\" content=\"565\" \/>\n\t<meta property=\"og:image:type\" content=\"image\/jpeg\" \/>\n<meta name=\"author\" content=\"Arnaldo Botto\" \/>\n<meta name=\"twitter:card\" content=\"summary_large_image\" \/>\n<script type=\"application\/ld+json\" class=\"yoast-schema-graph\">{\"@context\":\"https:\/\/schema.org\",\"@graph\":[{\"@type\":\"WebPage\",\"@id\":\"https:\/\/www.noticiasradioreflejos.com.ar\/2021\/preocupa-la-creciente-violencia-de-genero-en-entornos-digitales\/\",\"url\":\"https:\/\/www.noticiasradioreflejos.com.ar\/2021\/preocupa-la-creciente-violencia-de-genero-en-entornos-digitales\/\",\"name\":\"Preocupa la creciente violencia de g\u00e9nero en entornos digitales - Noticias Radio Reflejos\",\"isPartOf\":{\"@id\":\"https:\/\/www.noticiasradioreflejos.com.ar\/2021\/#website\"},\"primaryImageOfPage\":{\"@id\":\"https:\/\/www.noticiasradioreflejos.com.ar\/2021\/preocupa-la-creciente-violencia-de-genero-en-entornos-digitales\/#primaryimage\"},\"image\":{\"@id\":\"https:\/\/www.noticiasradioreflejos.com.ar\/2021\/preocupa-la-creciente-violencia-de-genero-en-entornos-digitales\/#primaryimage\"},\"thumbnailUrl\":\"https:\/\/www.noticiasradioreflejos.com.ar\/2021\/wp-content\/uploads\/2021\/08\/5ada13a6e2a9c_1004x565.jpg\",\"datePublished\":\"2021-08-08T12:51:33+00:00\",\"author\":{\"@id\":\"https:\/\/www.noticiasradioreflejos.com.ar\/2021\/#\/schema\/person\/ad82545263dcc5ec0996818884fd5fb1\"},\"breadcrumb\":{\"@id\":\"https:\/\/www.noticiasradioreflejos.com.ar\/2021\/preocupa-la-creciente-violencia-de-genero-en-entornos-digitales\/#breadcrumb\"},\"inLanguage\":\"es\",\"potentialAction\":[{\"@type\":\"ReadAction\",\"target\":[\"https:\/\/www.noticiasradioreflejos.com.ar\/2021\/preocupa-la-creciente-violencia-de-genero-en-entornos-digitales\/\"]}]},{\"@type\":\"ImageObject\",\"inLanguage\":\"es\",\"@id\":\"https:\/\/www.noticiasradioreflejos.com.ar\/2021\/preocupa-la-creciente-violencia-de-genero-en-entornos-digitales\/#primaryimage\",\"url\":\"https:\/\/www.noticiasradioreflejos.com.ar\/2021\/wp-content\/uploads\/2021\/08\/5ada13a6e2a9c_1004x565.jpg\",\"contentUrl\":\"https:\/\/www.noticiasradioreflejos.com.ar\/2021\/wp-content\/uploads\/2021\/08\/5ada13a6e2a9c_1004x565.jpg\",\"width\":1004,\"height\":565},{\"@type\":\"BreadcrumbList\",\"@id\":\"https:\/\/www.noticiasradioreflejos.com.ar\/2021\/preocupa-la-creciente-violencia-de-genero-en-entornos-digitales\/#breadcrumb\",\"itemListElement\":[{\"@type\":\"ListItem\",\"position\":1,\"name\":\"Portada\",\"item\":\"https:\/\/www.noticiasradioreflejos.com.ar\/2021\/\"},{\"@type\":\"ListItem\",\"position\":2,\"name\":\"Preocupa la creciente violencia de g\u00e9nero en entornos digitales\"}]},{\"@type\":\"WebSite\",\"@id\":\"https:\/\/www.noticiasradioreflejos.com.ar\/2021\/#website\",\"url\":\"https:\/\/www.noticiasradioreflejos.com.ar\/2021\/\",\"name\":\"Noticias Radio Reflejos\",\"description\":\"Las noticias de mi comarca\",\"potentialAction\":[{\"@type\":\"SearchAction\",\"target\":{\"@type\":\"EntryPoint\",\"urlTemplate\":\"https:\/\/www.noticiasradioreflejos.com.ar\/2021\/?s={search_term_string}\"},\"query-input\":{\"@type\":\"PropertyValueSpecification\",\"valueRequired\":true,\"valueName\":\"search_term_string\"}}],\"inLanguage\":\"es\"},{\"@type\":\"Person\",\"@id\":\"https:\/\/www.noticiasradioreflejos.com.ar\/2021\/#\/schema\/person\/ad82545263dcc5ec0996818884fd5fb1\",\"name\":\"Arnaldo Botto\",\"image\":{\"@type\":\"ImageObject\",\"inLanguage\":\"es\",\"@id\":\"https:\/\/www.noticiasradioreflejos.com.ar\/2021\/#\/schema\/person\/image\/\",\"url\":\"https:\/\/secure.gravatar.com\/avatar\/55cb5e37c1efa326397366e6974cb338056df65cb50e7d64d1cf314e87504837?s=96&d=mm&r=g\",\"contentUrl\":\"https:\/\/secure.gravatar.com\/avatar\/55cb5e37c1efa326397366e6974cb338056df65cb50e7d64d1cf314e87504837?s=96&d=mm&r=g\",\"caption\":\"Arnaldo Botto\"},\"url\":\"https:\/\/www.noticiasradioreflejos.com.ar\/2021\/author\/arnaldo\/\"}]}<\/script>\n<!-- \/ Yoast SEO plugin. -->","yoast_head_json":{"title":"Preocupa la creciente violencia de g\u00e9nero en entornos digitales - Noticias Radio Reflejos","robots":{"index":"index","follow":"follow","max-snippet":"max-snippet:-1","max-image-preview":"max-image-preview:large","max-video-preview":"max-video-preview:-1"},"canonical":"https:\/\/www.noticiasradioreflejos.com.ar\/2021\/preocupa-la-creciente-violencia-de-genero-en-entornos-digitales\/","og_locale":"es_ES","og_type":"article","og_title":"Preocupa la creciente violencia de g\u00e9nero en entornos digitales - Noticias Radio Reflejos","og_description":"Distintos estudios de organismos internacionales coinciden en que afecta sobre todo a mujeres periodistas, perjudica su salud mental y emocional, provoca abandono de la profesi\u00f3n, silencia voces a trav\u00e9s del maltrato y afecta al sistema democr\u00e1tico.","og_url":"https:\/\/www.noticiasradioreflejos.com.ar\/2021\/preocupa-la-creciente-violencia-de-genero-en-entornos-digitales\/","og_site_name":"Noticias Radio Reflejos","article_published_time":"2021-08-08T12:51:33+00:00","og_image":[{"width":1004,"height":565,"url":"https:\/\/www.noticiasradioreflejos.com.ar\/2021\/wp-content\/uploads\/2021\/08\/5ada13a6e2a9c_1004x565.jpg","type":"image\/jpeg"}],"author":"Arnaldo Botto","twitter_card":"summary_large_image","schema":{"@context":"https:\/\/schema.org","@graph":[{"@type":"WebPage","@id":"https:\/\/www.noticiasradioreflejos.com.ar\/2021\/preocupa-la-creciente-violencia-de-genero-en-entornos-digitales\/","url":"https:\/\/www.noticiasradioreflejos.com.ar\/2021\/preocupa-la-creciente-violencia-de-genero-en-entornos-digitales\/","name":"Preocupa la creciente violencia de g\u00e9nero en entornos digitales - Noticias Radio Reflejos","isPartOf":{"@id":"https:\/\/www.noticiasradioreflejos.com.ar\/2021\/#website"},"primaryImageOfPage":{"@id":"https:\/\/www.noticiasradioreflejos.com.ar\/2021\/preocupa-la-creciente-violencia-de-genero-en-entornos-digitales\/#primaryimage"},"image":{"@id":"https:\/\/www.noticiasradioreflejos.com.ar\/2021\/preocupa-la-creciente-violencia-de-genero-en-entornos-digitales\/#primaryimage"},"thumbnailUrl":"https:\/\/www.noticiasradioreflejos.com.ar\/2021\/wp-content\/uploads\/2021\/08\/5ada13a6e2a9c_1004x565.jpg","datePublished":"2021-08-08T12:51:33+00:00","author":{"@id":"https:\/\/www.noticiasradioreflejos.com.ar\/2021\/#\/schema\/person\/ad82545263dcc5ec0996818884fd5fb1"},"breadcrumb":{"@id":"https:\/\/www.noticiasradioreflejos.com.ar\/2021\/preocupa-la-creciente-violencia-de-genero-en-entornos-digitales\/#breadcrumb"},"inLanguage":"es","potentialAction":[{"@type":"ReadAction","target":["https:\/\/www.noticiasradioreflejos.com.ar\/2021\/preocupa-la-creciente-violencia-de-genero-en-entornos-digitales\/"]}]},{"@type":"ImageObject","inLanguage":"es","@id":"https:\/\/www.noticiasradioreflejos.com.ar\/2021\/preocupa-la-creciente-violencia-de-genero-en-entornos-digitales\/#primaryimage","url":"https:\/\/www.noticiasradioreflejos.com.ar\/2021\/wp-content\/uploads\/2021\/08\/5ada13a6e2a9c_1004x565.jpg","contentUrl":"https:\/\/www.noticiasradioreflejos.com.ar\/2021\/wp-content\/uploads\/2021\/08\/5ada13a6e2a9c_1004x565.jpg","width":1004,"height":565},{"@type":"BreadcrumbList","@id":"https:\/\/www.noticiasradioreflejos.com.ar\/2021\/preocupa-la-creciente-violencia-de-genero-en-entornos-digitales\/#breadcrumb","itemListElement":[{"@type":"ListItem","position":1,"name":"Portada","item":"https:\/\/www.noticiasradioreflejos.com.ar\/2021\/"},{"@type":"ListItem","position":2,"name":"Preocupa la creciente violencia de g\u00e9nero en entornos digitales"}]},{"@type":"WebSite","@id":"https:\/\/www.noticiasradioreflejos.com.ar\/2021\/#website","url":"https:\/\/www.noticiasradioreflejos.com.ar\/2021\/","name":"Noticias Radio Reflejos","description":"Las noticias de mi comarca","potentialAction":[{"@type":"SearchAction","target":{"@type":"EntryPoint","urlTemplate":"https:\/\/www.noticiasradioreflejos.com.ar\/2021\/?s={search_term_string}"},"query-input":{"@type":"PropertyValueSpecification","valueRequired":true,"valueName":"search_term_string"}}],"inLanguage":"es"},{"@type":"Person","@id":"https:\/\/www.noticiasradioreflejos.com.ar\/2021\/#\/schema\/person\/ad82545263dcc5ec0996818884fd5fb1","name":"Arnaldo Botto","image":{"@type":"ImageObject","inLanguage":"es","@id":"https:\/\/www.noticiasradioreflejos.com.ar\/2021\/#\/schema\/person\/image\/","url":"https:\/\/secure.gravatar.com\/avatar\/55cb5e37c1efa326397366e6974cb338056df65cb50e7d64d1cf314e87504837?s=96&d=mm&r=g","contentUrl":"https:\/\/secure.gravatar.com\/avatar\/55cb5e37c1efa326397366e6974cb338056df65cb50e7d64d1cf314e87504837?s=96&d=mm&r=g","caption":"Arnaldo Botto"},"url":"https:\/\/www.noticiasradioreflejos.com.ar\/2021\/author\/arnaldo\/"}]}},"_links":{"self":[{"href":"https:\/\/www.noticiasradioreflejos.com.ar\/2021\/wp-json\/wp\/v2\/posts\/61242","targetHints":{"allow":["GET"]}}],"collection":[{"href":"https:\/\/www.noticiasradioreflejos.com.ar\/2021\/wp-json\/wp\/v2\/posts"}],"about":[{"href":"https:\/\/www.noticiasradioreflejos.com.ar\/2021\/wp-json\/wp\/v2\/types\/post"}],"author":[{"embeddable":true,"href":"https:\/\/www.noticiasradioreflejos.com.ar\/2021\/wp-json\/wp\/v2\/users\/3"}],"replies":[{"embeddable":true,"href":"https:\/\/www.noticiasradioreflejos.com.ar\/2021\/wp-json\/wp\/v2\/comments?post=61242"}],"version-history":[{"count":1,"href":"https:\/\/www.noticiasradioreflejos.com.ar\/2021\/wp-json\/wp\/v2\/posts\/61242\/revisions"}],"predecessor-version":[{"id":61244,"href":"https:\/\/www.noticiasradioreflejos.com.ar\/2021\/wp-json\/wp\/v2\/posts\/61242\/revisions\/61244"}],"wp:featuredmedia":[{"embeddable":true,"href":"https:\/\/www.noticiasradioreflejos.com.ar\/2021\/wp-json\/wp\/v2\/media\/61243"}],"wp:attachment":[{"href":"https:\/\/www.noticiasradioreflejos.com.ar\/2021\/wp-json\/wp\/v2\/media?parent=61242"}],"wp:term":[{"taxonomy":"category","embeddable":true,"href":"https:\/\/www.noticiasradioreflejos.com.ar\/2021\/wp-json\/wp\/v2\/categories?post=61242"},{"taxonomy":"post_tag","embeddable":true,"href":"https:\/\/www.noticiasradioreflejos.com.ar\/2021\/wp-json\/wp\/v2\/tags?post=61242"}],"curies":[{"name":"wp","href":"https:\/\/api.w.org\/{rel}","templated":true}]}}