{"id":61229,"date":"2021-08-08T12:25:48","date_gmt":"2021-08-08T12:25:48","guid":{"rendered":"http:\/\/www.noticiasradioreflejos.com.ar\/2021\/?p=61229"},"modified":"2021-08-08T12:33:13","modified_gmt":"2021-08-08T12:33:13","slug":"vuelco-en-la-ruta-51","status":"publish","type":"post","link":"https:\/\/www.noticiasradioreflejos.com.ar\/2021\/vuelco-en-la-ruta-51\/","title":{"rendered":"Vuelco en la ruta 51"},"content":{"rendered":"<header id=\"mvp-post-head\" class=\"left relative\">\n<div class=\"code-block code-block-2\">\n<div class=\"at-above-post\" data-url=\"https:\/\/www.labrujula24.com\/notas\/2021\/08\/08\/dos-mujeres-y-dos-bebes-protagonizaron-un-vuelco-en-la-ruta-51-n149057\/\" data-title=\"Dos mujeres y dos beb\u00e9s protagonizaron un vuelco en la Ruta 51\" data-description=\"Dos mujeres y dos beb\u00e9s tuvieron que ser trasladados a un hospital luego de protagonizar anoche un vuelco en la Ruta 51, a la altura de los Siete Puentes. El hecho ocurri\u00f3 minutos antes de las 20, por causas que a\u00fan se desconocen. En el veh\u00edculo adem\u00e1s viajaba un adolescente. Como consecuencia del accidente, una [\u2026]\">\n<div id=\"atstbx\" class=\"at-resp-share-element at-style-responsive addthis-smartlayers addthis-animated at4-show\" role=\"region\" aria-labelledby=\"at-3697d4c0-6134-4992-8b1b-b30bfa10055b\">\n<div class=\"at-share-btn-elements\">Dos mujeres y dos beb\u00e9s tuvieron que ser trasladados a un hospital luego de protagonizar anoche un vuelco en la Ruta 51, a la altura de los Siete Puentes.<\/div>\n<\/div>\n<\/div>\n<\/div>\n<\/header>\n<p><!--more--><\/p>\n<div class=\"mvp-post-main-out left relative\">\n<div class=\"mvp-post-main-in\">\n<div id=\"mvp-post-content\" class=\"left relative\">\n<div id=\"mvp-post-feat-img\" class=\"left relative mvp-post-feat-img-wide2\"><img loading=\"lazy\" decoding=\"async\" class=\"attachment- size- wp-post-image\" src=\"https:\/\/www.labrujula24.com\/wp-content\/uploads\/2021\/08\/accidente-1.jpg\" sizes=\"auto, (max-width: 1200px) 100vw, 1200px\" srcset=\"https:\/\/www.labrujula24.com\/wp-content\/uploads\/2021\/08\/accidente-1.jpg 1200w, https:\/\/www.labrujula24.com\/wp-content\/uploads\/2021\/08\/accidente-1-768x461.jpg 768w, https:\/\/www.labrujula24.com\/wp-content\/uploads\/2021\/08\/accidente-1-1000x600.jpg 1000w, https:\/\/www.labrujula24.com\/wp-content\/uploads\/2021\/08\/accidente-1-590x354.jpg 590w, https:\/\/www.labrujula24.com\/wp-content\/uploads\/2021\/08\/accidente-1-400x240.jpg 400w\" alt=\"\" width=\"1200\" height=\"720\" \/><\/div>\n<div id=\"mvp-content-wrap\" class=\"left relative\">\n<div class=\"mvp-post-soc-out right relative\">\n<div class=\"mvp-post-soc-in\">\n<div id=\"mvp-content-body\" class=\"left relative\">\n<div id=\"mvp-content-body-top\" class=\"left relative\">\n<div id=\"mvp-content-main\" class=\"left relative\">\n<div id=\"textbody\">\n<div class=\"code-block code-block-2\">\n<div class=\"at-above-post\" data-url=\"https:\/\/www.labrujula24.com\/notas\/2021\/08\/08\/dos-mujeres-y-dos-bebes-protagonizaron-un-vuelco-en-la-ruta-51-n149057\/\" data-title=\"Dos mujeres y dos beb\u00e9s protagonizaron un vuelco en la Ruta 51\" data-description=\"Dos mujeres y dos beb\u00e9s tuvieron que ser trasladados a un hospital luego de protagonizar anoche un vuelco en la Ruta 51, a la altura de los Siete Puentes. El hecho ocurri\u00f3 minutos antes de las 20, por causas que a\u00fan se desconocen. En el veh\u00edculo adem\u00e1s viajaba un adolescente. Como consecuencia del accidente, una [\u2026]\">\n<div id=\"atstbx\" class=\"at-resp-share-element at-style-responsive addthis-smartlayers addthis-animated at4-show\" role=\"region\" aria-labelledby=\"at-3697d4c0-6134-4992-8b1b-b30bfa10055b\"><\/div>\n<\/div>\n<\/div>\n<p>&nbsp;<\/p>\n<p>El hecho ocurri\u00f3 minutos antes de las 20, por causas que a\u00fan se desconocen. En el veh\u00edculo adem\u00e1s viajaba un adolescente.<\/p>\n<p>Como consecuencia del accidente, una de las mujeres result\u00f3 con un traumatismo en un hombro y, la otra ocupante, con uno en la zona intercostal.<\/p>\n<p>Ambas fueron atendidas por una ambulancia del Servicio de Emergencias Siempre y trasladadas a un nosocomio. A los dos menores, en tanto, se los deriv\u00f3 preventivamente ya que, en primera instancia, habr\u00edan resultado ilesos.<\/p>\n<p>Trabajaron en el lugar Polic\u00eda Vial, Bomberos de Saldungaray, Pringles, Cabildo, y Defensa Civil.<\/p>\n<p><em>Fotos de Bomberos Voluntarios de Saldungaray<\/em><\/p>\n<p><a title=\"vuelco en la ruta 51 (1)\" href=\"https:\/\/www.flickr.com\/photos\/182279889@N02\/51363916757\/in\/dateposted-public\/\" data-flickr-embed=\"true\"><img loading=\"lazy\" decoding=\"async\" src=\"https:\/\/live.staticflickr.com\/65535\/51363916757_fbe4f3f7af_c.jpg\" alt=\"vuelco en la ruta 51 (1)\" width=\"701\" height=\"800\" \/><\/a><script async src=\"\/\/embedr.flickr.com\/assets\/client-code.js\" charset=\"utf-8\"><\/script><\/p>\n<\/div>\n<\/div>\n<\/div>\n<\/div>\n<\/div>\n<\/div>\n<\/div>\n<\/div>\n<\/div>\n<\/div>\n","protected":false},"excerpt":{"rendered":"<p>Dos mujeres y dos beb\u00e9s tuvieron que ser trasladados a un hospital luego de protagonizar anoche un vuelco en la Ruta 51, a la altura de los Siete Puentes.<\/p>\n","protected":false},"author":3,"featured_media":0,"comment_status":"closed","ping_status":"closed","sticky":false,"template":"","format":"standard","meta":{"footnotes":""},"categories":[29],"tags":[48],"class_list":["post-61229","post","type-post","status-publish","format-standard","hentry","category-policiales","tag-destacada"],"yoast_head":"<!-- This site is optimized with the Yoast SEO plugin v25.9 - https:\/\/yoast.com\/wordpress\/plugins\/seo\/ -->\n<title>Vuelco en la ruta 51 - Noticias Radio Reflejos<\/title>\n<meta name=\"robots\" content=\"index, follow, max-snippet:-1, max-image-preview:large, max-video-preview:-1\" \/>\n<link rel=\"canonical\" href=\"https:\/\/www.noticiasradioreflejos.com.ar\/2021\/vuelco-en-la-ruta-51\/\" \/>\n<meta property=\"og:locale\" content=\"es_ES\" \/>\n<meta property=\"og:type\" content=\"article\" \/>\n<meta property=\"og:title\" content=\"Vuelco en la ruta 51 - Noticias Radio Reflejos\" \/>\n<meta property=\"og:description\" content=\"Dos mujeres y dos beb\u00e9s tuvieron que ser trasladados a un hospital luego de protagonizar anoche un vuelco en la Ruta 51, a la altura de los Siete Puentes.\" \/>\n<meta property=\"og:url\" content=\"https:\/\/www.noticiasradioreflejos.com.ar\/2021\/vuelco-en-la-ruta-51\/\" \/>\n<meta property=\"og:site_name\" content=\"Noticias Radio Reflejos\" \/>\n<meta property=\"article:published_time\" content=\"2021-08-08T12:25:48+00:00\" \/>\n<meta property=\"article:modified_time\" content=\"2021-08-08T12:33:13+00:00\" \/>\n<meta property=\"og:image\" content=\"https:\/\/www.labrujula24.com\/wp-content\/uploads\/2021\/08\/accidente-1.jpg\" \/>\n<meta name=\"author\" content=\"Arnaldo Botto\" \/>\n<meta name=\"twitter:card\" content=\"summary_large_image\" \/>\n<script type=\"application\/ld+json\" class=\"yoast-schema-graph\">{\"@context\":\"https:\/\/schema.org\",\"@graph\":[{\"@type\":\"WebPage\",\"@id\":\"https:\/\/www.noticiasradioreflejos.com.ar\/2021\/vuelco-en-la-ruta-51\/\",\"url\":\"https:\/\/www.noticiasradioreflejos.com.ar\/2021\/vuelco-en-la-ruta-51\/\",\"name\":\"Vuelco en la ruta 51 - Noticias Radio Reflejos\",\"isPartOf\":{\"@id\":\"https:\/\/www.noticiasradioreflejos.com.ar\/2021\/#website\"},\"primaryImageOfPage\":{\"@id\":\"https:\/\/www.noticiasradioreflejos.com.ar\/2021\/vuelco-en-la-ruta-51\/#primaryimage\"},\"image\":{\"@id\":\"https:\/\/www.noticiasradioreflejos.com.ar\/2021\/vuelco-en-la-ruta-51\/#primaryimage\"},\"thumbnailUrl\":\"https:\/\/www.labrujula24.com\/wp-content\/uploads\/2021\/08\/accidente-1.jpg\",\"datePublished\":\"2021-08-08T12:25:48+00:00\",\"dateModified\":\"2021-08-08T12:33:13+00:00\",\"author\":{\"@id\":\"https:\/\/www.noticiasradioreflejos.com.ar\/2021\/#\/schema\/person\/ad82545263dcc5ec0996818884fd5fb1\"},\"breadcrumb\":{\"@id\":\"https:\/\/www.noticiasradioreflejos.com.ar\/2021\/vuelco-en-la-ruta-51\/#breadcrumb\"},\"inLanguage\":\"es\",\"potentialAction\":[{\"@type\":\"ReadAction\",\"target\":[\"https:\/\/www.noticiasradioreflejos.com.ar\/2021\/vuelco-en-la-ruta-51\/\"]}]},{\"@type\":\"ImageObject\",\"inLanguage\":\"es\",\"@id\":\"https:\/\/www.noticiasradioreflejos.com.ar\/2021\/vuelco-en-la-ruta-51\/#primaryimage\",\"url\":\"https:\/\/www.labrujula24.com\/wp-content\/uploads\/2021\/08\/accidente-1.jpg\",\"contentUrl\":\"https:\/\/www.labrujula24.com\/wp-content\/uploads\/2021\/08\/accidente-1.jpg\"},{\"@type\":\"BreadcrumbList\",\"@id\":\"https:\/\/www.noticiasradioreflejos.com.ar\/2021\/vuelco-en-la-ruta-51\/#breadcrumb\",\"itemListElement\":[{\"@type\":\"ListItem\",\"position\":1,\"name\":\"Portada\",\"item\":\"https:\/\/www.noticiasradioreflejos.com.ar\/2021\/\"},{\"@type\":\"ListItem\",\"position\":2,\"name\":\"Vuelco en la ruta 51\"}]},{\"@type\":\"WebSite\",\"@id\":\"https:\/\/www.noticiasradioreflejos.com.ar\/2021\/#website\",\"url\":\"https:\/\/www.noticiasradioreflejos.com.ar\/2021\/\",\"name\":\"Noticias Radio Reflejos\",\"description\":\"Las noticias de mi comarca\",\"potentialAction\":[{\"@type\":\"SearchAction\",\"target\":{\"@type\":\"EntryPoint\",\"urlTemplate\":\"https:\/\/www.noticiasradioreflejos.com.ar\/2021\/?s={search_term_string}\"},\"query-input\":{\"@type\":\"PropertyValueSpecification\",\"valueRequired\":true,\"valueName\":\"search_term_string\"}}],\"inLanguage\":\"es\"},{\"@type\":\"Person\",\"@id\":\"https:\/\/www.noticiasradioreflejos.com.ar\/2021\/#\/schema\/person\/ad82545263dcc5ec0996818884fd5fb1\",\"name\":\"Arnaldo Botto\",\"image\":{\"@type\":\"ImageObject\",\"inLanguage\":\"es\",\"@id\":\"https:\/\/www.noticiasradioreflejos.com.ar\/2021\/#\/schema\/person\/image\/\",\"url\":\"https:\/\/secure.gravatar.com\/avatar\/55cb5e37c1efa326397366e6974cb338056df65cb50e7d64d1cf314e87504837?s=96&d=mm&r=g\",\"contentUrl\":\"https:\/\/secure.gravatar.com\/avatar\/55cb5e37c1efa326397366e6974cb338056df65cb50e7d64d1cf314e87504837?s=96&d=mm&r=g\",\"caption\":\"Arnaldo Botto\"},\"url\":\"https:\/\/www.noticiasradioreflejos.com.ar\/2021\/author\/arnaldo\/\"}]}<\/script>\n<!-- \/ Yoast SEO plugin. -->","yoast_head_json":{"title":"Vuelco en la ruta 51 - Noticias Radio Reflejos","robots":{"index":"index","follow":"follow","max-snippet":"max-snippet:-1","max-image-preview":"max-image-preview:large","max-video-preview":"max-video-preview:-1"},"canonical":"https:\/\/www.noticiasradioreflejos.com.ar\/2021\/vuelco-en-la-ruta-51\/","og_locale":"es_ES","og_type":"article","og_title":"Vuelco en la ruta 51 - Noticias Radio Reflejos","og_description":"Dos mujeres y dos beb\u00e9s tuvieron que ser trasladados a un hospital luego de protagonizar anoche un vuelco en la Ruta 51, a la altura de los Siete Puentes.","og_url":"https:\/\/www.noticiasradioreflejos.com.ar\/2021\/vuelco-en-la-ruta-51\/","og_site_name":"Noticias Radio Reflejos","article_published_time":"2021-08-08T12:25:48+00:00","article_modified_time":"2021-08-08T12:33:13+00:00","og_image":[{"url":"https:\/\/www.labrujula24.com\/wp-content\/uploads\/2021\/08\/accidente-1.jpg","type":"","width":"","height":""}],"author":"Arnaldo Botto","twitter_card":"summary_large_image","schema":{"@context":"https:\/\/schema.org","@graph":[{"@type":"WebPage","@id":"https:\/\/www.noticiasradioreflejos.com.ar\/2021\/vuelco-en-la-ruta-51\/","url":"https:\/\/www.noticiasradioreflejos.com.ar\/2021\/vuelco-en-la-ruta-51\/","name":"Vuelco en la ruta 51 - Noticias Radio Reflejos","isPartOf":{"@id":"https:\/\/www.noticiasradioreflejos.com.ar\/2021\/#website"},"primaryImageOfPage":{"@id":"https:\/\/www.noticiasradioreflejos.com.ar\/2021\/vuelco-en-la-ruta-51\/#primaryimage"},"image":{"@id":"https:\/\/www.noticiasradioreflejos.com.ar\/2021\/vuelco-en-la-ruta-51\/#primaryimage"},"thumbnailUrl":"https:\/\/www.labrujula24.com\/wp-content\/uploads\/2021\/08\/accidente-1.jpg","datePublished":"2021-08-08T12:25:48+00:00","dateModified":"2021-08-08T12:33:13+00:00","author":{"@id":"https:\/\/www.noticiasradioreflejos.com.ar\/2021\/#\/schema\/person\/ad82545263dcc5ec0996818884fd5fb1"},"breadcrumb":{"@id":"https:\/\/www.noticiasradioreflejos.com.ar\/2021\/vuelco-en-la-ruta-51\/#breadcrumb"},"inLanguage":"es","potentialAction":[{"@type":"ReadAction","target":["https:\/\/www.noticiasradioreflejos.com.ar\/2021\/vuelco-en-la-ruta-51\/"]}]},{"@type":"ImageObject","inLanguage":"es","@id":"https:\/\/www.noticiasradioreflejos.com.ar\/2021\/vuelco-en-la-ruta-51\/#primaryimage","url":"https:\/\/www.labrujula24.com\/wp-content\/uploads\/2021\/08\/accidente-1.jpg","contentUrl":"https:\/\/www.labrujula24.com\/wp-content\/uploads\/2021\/08\/accidente-1.jpg"},{"@type":"BreadcrumbList","@id":"https:\/\/www.noticiasradioreflejos.com.ar\/2021\/vuelco-en-la-ruta-51\/#breadcrumb","itemListElement":[{"@type":"ListItem","position":1,"name":"Portada","item":"https:\/\/www.noticiasradioreflejos.com.ar\/2021\/"},{"@type":"ListItem","position":2,"name":"Vuelco en la ruta 51"}]},{"@type":"WebSite","@id":"https:\/\/www.noticiasradioreflejos.com.ar\/2021\/#website","url":"https:\/\/www.noticiasradioreflejos.com.ar\/2021\/","name":"Noticias Radio Reflejos","description":"Las noticias de mi comarca","potentialAction":[{"@type":"SearchAction","target":{"@type":"EntryPoint","urlTemplate":"https:\/\/www.noticiasradioreflejos.com.ar\/2021\/?s={search_term_string}"},"query-input":{"@type":"PropertyValueSpecification","valueRequired":true,"valueName":"search_term_string"}}],"inLanguage":"es"},{"@type":"Person","@id":"https:\/\/www.noticiasradioreflejos.com.ar\/2021\/#\/schema\/person\/ad82545263dcc5ec0996818884fd5fb1","name":"Arnaldo Botto","image":{"@type":"ImageObject","inLanguage":"es","@id":"https:\/\/www.noticiasradioreflejos.com.ar\/2021\/#\/schema\/person\/image\/","url":"https:\/\/secure.gravatar.com\/avatar\/55cb5e37c1efa326397366e6974cb338056df65cb50e7d64d1cf314e87504837?s=96&d=mm&r=g","contentUrl":"https:\/\/secure.gravatar.com\/avatar\/55cb5e37c1efa326397366e6974cb338056df65cb50e7d64d1cf314e87504837?s=96&d=mm&r=g","caption":"Arnaldo Botto"},"url":"https:\/\/www.noticiasradioreflejos.com.ar\/2021\/author\/arnaldo\/"}]}},"_links":{"self":[{"href":"https:\/\/www.noticiasradioreflejos.com.ar\/2021\/wp-json\/wp\/v2\/posts\/61229","targetHints":{"allow":["GET"]}}],"collection":[{"href":"https:\/\/www.noticiasradioreflejos.com.ar\/2021\/wp-json\/wp\/v2\/posts"}],"about":[{"href":"https:\/\/www.noticiasradioreflejos.com.ar\/2021\/wp-json\/wp\/v2\/types\/post"}],"author":[{"embeddable":true,"href":"https:\/\/www.noticiasradioreflejos.com.ar\/2021\/wp-json\/wp\/v2\/users\/3"}],"replies":[{"embeddable":true,"href":"https:\/\/www.noticiasradioreflejos.com.ar\/2021\/wp-json\/wp\/v2\/comments?post=61229"}],"version-history":[{"count":2,"href":"https:\/\/www.noticiasradioreflejos.com.ar\/2021\/wp-json\/wp\/v2\/posts\/61229\/revisions"}],"predecessor-version":[{"id":61232,"href":"https:\/\/www.noticiasradioreflejos.com.ar\/2021\/wp-json\/wp\/v2\/posts\/61229\/revisions\/61232"}],"wp:attachment":[{"href":"https:\/\/www.noticiasradioreflejos.com.ar\/2021\/wp-json\/wp\/v2\/media?parent=61229"}],"wp:term":[{"taxonomy":"category","embeddable":true,"href":"https:\/\/www.noticiasradioreflejos.com.ar\/2021\/wp-json\/wp\/v2\/categories?post=61229"},{"taxonomy":"post_tag","embeddable":true,"href":"https:\/\/www.noticiasradioreflejos.com.ar\/2021\/wp-json\/wp\/v2\/tags?post=61229"}],"curies":[{"name":"wp","href":"https:\/\/api.w.org\/{rel}","templated":true}]}}