{"id":61223,"date":"2021-08-07T14:32:38","date_gmt":"2021-08-07T14:32:38","guid":{"rendered":"http:\/\/www.noticiasradioreflejos.com.ar\/2021\/?p=61223"},"modified":"2021-08-07T14:32:38","modified_gmt":"2021-08-07T14:32:38","slug":"durante-agosto-se-aplicaran-7-millones-de-segundas-dosis-de-vacunas-contra-el-coronavirus","status":"publish","type":"post","link":"https:\/\/www.noticiasradioreflejos.com.ar\/2021\/durante-agosto-se-aplicaran-7-millones-de-segundas-dosis-de-vacunas-contra-el-coronavirus\/","title":{"rendered":"Durante agosto se aplicar\u00e1n 7 millones de segundas dosis de vacunas contra el coronavirus"},"content":{"rendered":"<div class=\"head-content\">\n<p>El Presidente anunci\u00f3 este viernes un plan de \u00abaperturas sostenidas y progresivas\u00bb que se articular\u00e1n en paralelo con la aceleraci\u00f3n en la aplicaci\u00f3n de segundas dosis.<\/p>\n<div class=\"addthis_custom_sharing\" data-url=\"https:\/\/www.telam.com.ar\/notas\/202108\/564155-durante-agosto-aplicaran-7-millones-segundas-dosis-vacunas-contra-coronavirus.html\" data-title=\"Durante agosto se aplicar\u00e1n 7 millones de segundas dosis de vacunas contra el coronavirus\" data-description=\"El Presidente anunci\u00f3 este viernes un plan de &quot;aperturas sostenidas y progresivas&quot; que se articular\u00e1n en paralelo con la aceleraci\u00f3n en la aplicaci\u00f3n de segundas dosis. \">\n<div id=\"atstbx\" class=\"at-resp-share-element at-style-responsive addthis-smartlayers addthis-animated at4-show\" role=\"region\" aria-labelledby=\"at-dc18f905-5b0a-4f16-aac1-8ef7e1cdd5c6\"><\/div>\n<\/div>\n<\/div>\n<p><!--more--><\/p>\n<div class=\"main-content-block\">\n<div class=\"main-box clearfix\">\n<div class=\"wrapper-main-section clearfix\">\n<div class=\"wrapper-editable-content\">\n<div class=\"editable-content clearfix\">\n<div id=\"image\" class=\"image\"><img decoding=\"async\" title=\"Desde el inicio de la campa\u00f1a, la Argentina recibi\u00f3 un total de 42.801.930 vacunas.\" src=\"https:\/\/www.telam.com.ar\/advf\/imagenes\/2021\/08\/610bf098776a7_1004x565.jpg\" alt=\"Desde el inicio de la campa\u00f1a, la Argentina recibi\u00f3 un total de 42.801.930 vacunas.\" \/><\/div>\n<p>Un total de 7 millones de segundas dosis de vacunas contra el coronavirus se aplicar\u00e1n durante agosto, para completar los esquemas de inoculaci\u00f3n, seg\u00fan anunci\u00f3 este viernes el presidente Alberto Fern\u00e1ndez, en tanto que\u00a0<a href=\"https:\/\/www.telam.com.ar\/notas\/202108\/564107-cansino-biologics-vacunas-coronavirus.html\" target=\"_blank\" rel=\"noopener\"><strong>un cargamento de 200.000 dosis de la vacuna Convidecia, desarrollada por el laboratorio chino Cansino Biologics INC., arrib\u00f3 en la madrugada al pa\u00eds.<\/strong><\/a><\/p>\n<p>\u00abEn agosto vamos a aplicar m\u00e1s de 7 millones de segundas dosis. Adem\u00e1s, seguiremos aplicando las primeras dosis a los y las adolescentes entre 12 y 17 a\u00f1os que hayan sido priorizados\u00bb, indic\u00f3\u00a0<strong><a href=\"https:\/\/www.telam.com.ar\/notas\/202108\/564118-plan-recuperacion-actividades.html\" target=\"_blank\" rel=\"noopener\">Alberto Fern\u00e1ndez al anunciar un plan de \u00abaperturas sostenidas y progresivas\u00bb<\/a><\/strong>\u00a0para ir recuperando las actividades \u00abde manera responsable y con cuidado\u00bb.<\/p>\n<p>En ese marco, el Presidente afirm\u00f3 que el objetivo para\u00a0<strong>este mes \u00abes aumentar el porcentaje de segundas dosis, priorizando a las personas mayores de 50 a\u00f1os<\/strong>, en especial quienes tienen m\u00e1s tiempo desde la primera dosis\u00bb.<\/p>\n<div id=\"image\" class=\"image\">\n<p><img decoding=\"async\" title=\"La vacuna de Cansino requiere una sola dosis para la inmunizaci\u00f3n completa. \" src=\"https:\/\/www.telam.com.ar\/advf\/imagenes\/2021\/02\/602184de61f01_1004x565.jpg\" alt=\"La vacuna de Cansino requiere una sola dosis para la inmunizaci\u00f3n completa. \" \/><\/p>\n<div class=\"epigrafe\">La vacuna de Cansino requiere una sola dosis para la inmunizaci\u00f3n completa.<\/div>\n<\/div>\n<p>\u00abCuanto m\u00e1s vacunemos y nos cuidemos m\u00e1s podremos sostener estos logros y m\u00e1s podremos avanzar en aperturas sostenidas y progresivas\u00bb, apunt\u00f3 Fern\u00e1ndez en un mensaje desde la Casa Rosada.<\/p>\n<p>Asimismo, anticip\u00f3 que\u00a0<strong>este mes \u00abnuevamente llegar\u00e1n millones de vacunas al pa\u00eds\u00bb<\/strong>\u00a0y record\u00f3 que \u00abse inicia tambi\u00e9n la combinaci\u00f3n que facilitar\u00e1 avanzar en las segundas dosis\u00bb.<\/p>\n<p>\u00abEstamos ingresando en una nueva etapa; cada vez falta menos. Vamos a volver a vivir responsablemente la vida que queremos\u00bb, asever\u00f3 el mandatario.<\/p>\n<p>Por su parte la ministra de Salud, Carla Vizzotti anticip\u00f3 que, tras la llegada de 200 mil dosis de la vacuna de Cansino este viernes, hay \u201cperspectivas para el mes de agosto de 200 mil m\u00e1s\u201d y explic\u00f3 que \u201ctrabajan para que tambi\u00e9n se pueda incorporar inmediatamente al protocolo de combinaci\u00f3n de esquemas, as\u00ed como sucedi\u00f3 con Moderna, para agilizar lo m\u00e1s r\u00e1pido posible la segunda dosis\u201d.<\/p>\n<div id=\"image\" class=\"image\">\n<p><img decoding=\"async\" title=\"Carla Vizzotti anticip\u00f3 que, tras la llegada de 200 mil dosis de la vacuna de Cansino este viernes, hay \u201cperspectivas para el mes de agosto de 200 mil m\u00e1s\u201d \" src=\"https:\/\/www.telam.com.ar\/advf\/imagenes\/2021\/08\/610d28dea527e_1004x565.jpg\" alt=\"Carla Vizzotti anticip\u00f3 que, tras la llegada de 200 mil dosis de la vacuna de Cansino este viernes, hay \u201cperspectivas para el mes de agosto de 200 mil m\u00e1s\u201d \" \/><\/p>\n<div class=\"epigrafe\">Carla Vizzotti anticip\u00f3 que, tras la llegada de 200 mil dosis de la vacuna de Cansino este viernes, hay \u201cperspectivas para el mes de agosto de 200 mil m\u00e1s\u201d<\/div>\n<\/div>\n<p>Detall\u00f3 que \u201cotro rol que puede tener la vacuna de Cansino, es que es una sola dosis para tener una vacunaci\u00f3n completa\u00bb y en eso se est\u00e1 \u00abtrabajando con las \u00e1reas t\u00e9cnicas de las jurisdicciones, para que, en aquellas poblaciones que tengan dif\u00edcil acceso y dificultades, se pueda completar el esquema de vacunaci\u00f3n\u201d.<\/p>\n<p>\u201cEstamos trabajando much\u00edsimo desde que se gener\u00f3 el desaf\u00edo de que\u00a0<strong>Argentina pueda producir la vacuna Sputnik V,<\/strong>\u00a0en todo lo que son controles, transferencia de tecnolog\u00eda, formulaci\u00f3n y controles de calidad y\u00a0<strong>estamos en la \u00faltima etapa de los pasos administrativos para que al tener el Ok final de Gamaleya y Anmat<\/strong>, podamos entre lunes y martes recibir, no solo las dosis de componente 2, sino los lotes de componente 1 que ya est\u00e1n\u201d, remarc\u00f3.<\/p>\n<p>Afirm\u00f3, adem\u00e1s, que \u201cla expectativa es poder concretar el contrato con el laboratorio Pfizer y poder empezar a recibir a fines de septiembre o principios de octubre las primeras dosis para adem\u00e1s de completar ahora la vacunaci\u00f3n de adolescentes priorizados, ya pensar en vacunar a los de entre 12 y 17 a\u00f1os\u201d.<\/p>\n<div id=\"image\" class=\"image\">\n<p><img decoding=\"async\" title=\"El objetivo para este mes &quot;es aumentar el porcentaje de segundas dosis, priorizando a las personas mayores de 50 a\u00f1os, en especial quienes tienen m\u00e1s tiempo desde la primera dosis&quot; inform\u00f3 el Presidente.\" src=\"https:\/\/www.telam.com.ar\/advf\/imagenes\/2021\/07\/60f723ec8c49d_1004x564.jpg\" alt=\"El objetivo para este mes &quot;es aumentar el porcentaje de segundas dosis, priorizando a las personas mayores de 50 a\u00f1os, en especial quienes tienen m\u00e1s tiempo desde la primera dosis&quot; inform\u00f3 el Presidente.\" \/><\/p>\n<div class=\"epigrafe\">El objetivo para este mes \u00abes aumentar el porcentaje de segundas dosis, priorizando a las personas mayores de 50 a\u00f1os, en especial quienes tienen m\u00e1s tiempo desde la primera dosis\u00bb inform\u00f3 el Presidente.<\/div>\n<\/div>\n<p>En tanto, un cargamento de 200.000 dosis de la vacuna Convidecia, desarrollada por el laboratorio chino Cansino Biologics INC., arrib\u00f3 en la madrugada de este viernes al aeropuerto de Ezeiza, en un vuelo de la l\u00ednea a\u00e9rea Qatar Airways, en el marco del Plan Estrat\u00e9gico de Vacunaci\u00f3n del Gobierno nacional contra el coronavirus.<\/p>\n<p>El cargamento con las 200.000 dosis de este suero de aplicaci\u00f3n \u00fanica, lleg\u00f3 a las 2.20 de este viernes a Ezeiza, en el vuelo QR8157 de Qatar, se inform\u00f3 oficialmente.<\/p>\n<p>Seg\u00fan se explic\u00f3,\u00a0<strong>se trata de la \u00abprimera partida de un contrato que contempla el env\u00edo de 5,4 millones\u00a0<\/strong>de dosis en el transcurso de este a\u00f1o\u00bb, tal como anticip\u00f3 d\u00edas atr\u00e1s en una conferencia de prensa la ministra Vizzotti.<\/p>\n<p>Desde el inicio de la campa\u00f1a, la Argentina recibi\u00f3 un total de 42.801.930 vacunas, de las cuales 14.768.000 corresponden a Sinopharm; 11.868.830 a Sputnik V (9.375.670 del componente 1 y 2.493.160 del componente 2); 9.941.100 a las de AstraZeneca y Oxford cuyo principio activo se produjo en la Argentina; 3.500.000 a Moderna; 1.944.000 a AstraZeneca por el mecanismo COVAX de la OMS y 580.000 a AstraZeneca-Covishield, y ahora 200.000 de Cansino.<\/p>\n<div id=\"image\" class=\"image\">\n<p><img decoding=\"async\" title=\"Alberto Fern\u00e1ndez se\u00f1al\u00f3 que se seguir\u00e1n aplicando las primeras dosis a los y las adolescentes entre 12 y 17 a\u00f1os que hayan sido priorizados\" src=\"https:\/\/www.telam.com.ar\/advf\/imagenes\/2021\/07\/60f5a355bbaf0.07.2021%20565_1004x565.jpg\" alt=\"Alberto Fern\u00e1ndez se\u00f1al\u00f3 que se seguir\u00e1n aplicando las primeras dosis a los y las adolescentes entre 12 y 17 a\u00f1os que hayan sido priorizados\" \/><\/p>\n<div class=\"epigrafe\">Alberto Fern\u00e1ndez se\u00f1al\u00f3 que se seguir\u00e1n aplicando las primeras dosis a los y las adolescentes entre 12 y 17 a\u00f1os que hayan sido priorizados<\/div>\n<\/div>\n<p>De acuerdo con los datos del Monitor P\u00fablico de Vacunaci\u00f3n,\u00a0<strong>hasta este viernes se hab\u00edan distribuido 38.572.954 de dosis de vacunas en todo el territorio nacional, al tiempo que se aplicaron 33.825.576.<\/strong><\/p>\n<p>De ese total, 25.840.629 personas fueron inoculadas con la primera dosis y 7.984.947 cuentan con el esquema completo de vacunaci\u00f3n.<\/p>\n<p><strong>La vacuna Convidecia, de la cual lleg\u00f3 este viernes una primera tanda de 200 mil dosis al pa\u00eds, es un inmunizante desarrollado por el laboratorio chino Cansino Biologics Inc que se aplica en una sola dosis<\/strong>\u00a0y que, despu\u00e9s de los 28 d\u00edas, tuvo una eficacia superior al 65% contra Covid-19 sintom\u00e1tico y m\u00e1s del 90% contra la enfermedad grave.<\/p>\n<div id=\"image\" class=\"image\">\n<p><img decoding=\"async\" title=\"La vacuna Cansino necesita de una temperatura de 2 a 8 grados cent\u00edgrados para su conservaci\u00f3n, lo que implica una ventaja para la log\u00edstica.\" src=\"https:\/\/www.telam.com.ar\/advf\/imagenes\/2021\/07\/60e461e237c47_1004x565.jpg\" alt=\"La vacuna Cansino necesita de una temperatura de 2 a 8 grados cent\u00edgrados para su conservaci\u00f3n, lo que implica una ventaja para la log\u00edstica.\" \/><\/p>\n<div class=\"epigrafe\">La vacuna Cansino necesita de una temperatura de 2 a 8 grados cent\u00edgrados para su conservaci\u00f3n, lo que implica una ventaja para la log\u00edstica.<\/div>\n<\/div>\n<p>Seg\u00fan informaci\u00f3n de sus desarrolladores, a los 14 d\u00edas de la aplicaci\u00f3n Convidecia tuvo una eficacia del 68,83% en la prevenci\u00f3n de todas las enfermedades Covid-19 sintom\u00e1ticas y un 95,47% de eficacia en la prevenci\u00f3n de la enfermedad grave.<\/p>\n<p>En tanto, pasados los 28 d\u00edas, present\u00f3 una eficacia del 65,28% contra todas las enfermedades sintom\u00e1ticas y 90,07% de eficacia en la prevenci\u00f3n de la enfermedad grave.<\/p>\n<p>El ensayo cl\u00ednico de fase III de Ad5-nCoV ha vacunado a m\u00e1s de 40.000 voluntarios en 78 centros de ensayos cl\u00ednicos en cinco pa\u00edses de tres continentes.<\/p>\n<blockquote class=\"twitter-tweet\" data-width=\"500\" data-dnt=\"true\">\n<p lang=\"es\" dir=\"ltr\">\ud83c\udf99&quot;Nuestra prioridad para el mes de agosto es aumentar el porcentaje de segundas dosis, priorizando a las personas mayores de 50 a\u00f1os, en especial a quienes llevan m\u00e1s tiempo desde la primera dosis&quot;. El presidente <a href=\"https:\/\/twitter.com\/alferdez?ref_src=twsrc%5Etfw\">@alferdez<\/a> en el anuncio desde Casa Rosada. <a href=\"https:\/\/t.co\/SG045QmJSi\">pic.twitter.com\/SG045QmJSi<\/a><\/p>\n<p>&mdash; Alberto Fern\u00e1ndez Prensa (@alferdezprensa) <a href=\"https:\/\/twitter.com\/alferdezprensa\/status\/1423662892361076744?ref_src=twsrc%5Etfw\">August 6, 2021<\/a><\/p><\/blockquote>\n<p><script async src=\"https:\/\/platform.twitter.com\/widgets.js\" charset=\"utf-8\"><\/script><\/p>\n<p>Se trata de una vacuna que utiliza el adenovirus humano 5 (que causa resfr\u00edo com\u00fan) como vector viral no replicativo para transportar la prote\u00edna Spike del coronavirus.<\/p>\n<p>Cuando la vacuna ingresa al organismo, el adenovirus 5 no se replica por lo que no causa enfermedad y una vez que ingres\u00f3 en las c\u00e9lulas, el gen se transcribe para expresar la prote\u00edna S, que act\u00faa como un ant\u00edgeno que desencadena la respuesta inmunitaria del hu\u00e9sped.<\/p>\n<p>La vacuna necesita de una temperatura de 2 a 8 grados cent\u00edgrados para su conservaci\u00f3n, lo que implica una ventaja para la log\u00edstica.<\/p>\n<p>Chile fue el primer pa\u00eds sudamericano en aprobar el uso de esa vacuna, luego de M\u00e9xico, Pakist\u00e1n, China y Hungr\u00eda.<\/p>\n<\/div>\n<\/div>\n<\/div>\n<\/div>\n<\/div>\n","protected":false},"excerpt":{"rendered":"<p>Un total de 7 millones de segundas dosis de vacunas contra el coronavirus se aplicar\u00e1n durante agosto, para completar los esquemas de inoculaci\u00f3n, seg\u00fan anunci\u00f3 este viernes el presidente Alberto Fern\u00e1ndez, en tanto que\u00a0un cargamento de 200.000 dosis de la vacuna Convidecia, desarrollada por el laboratorio chino Cansino Biologics INC., arrib\u00f3 en la madrugada al pa\u00eds.<\/p>\n","protected":false},"author":3,"featured_media":0,"comment_status":"closed","ping_status":"closed","sticky":false,"template":"","format":"standard","meta":{"footnotes":""},"categories":[24,30],"tags":[],"class_list":["post-61223","post","type-post","status-publish","format-standard","hentry","category-politica","category-salud"],"yoast_head":"<!-- This site is optimized with the Yoast SEO plugin v25.9 - https:\/\/yoast.com\/wordpress\/plugins\/seo\/ -->\n<title>Durante agosto se aplicar\u00e1n 7 millones de segundas dosis de vacunas contra el coronavirus - Noticias Radio Reflejos<\/title>\n<meta name=\"robots\" content=\"index, follow, max-snippet:-1, max-image-preview:large, max-video-preview:-1\" \/>\n<link rel=\"canonical\" href=\"https:\/\/www.noticiasradioreflejos.com.ar\/2021\/durante-agosto-se-aplicaran-7-millones-de-segundas-dosis-de-vacunas-contra-el-coronavirus\/\" \/>\n<meta property=\"og:locale\" content=\"es_ES\" \/>\n<meta property=\"og:type\" content=\"article\" \/>\n<meta property=\"og:title\" content=\"Durante agosto se aplicar\u00e1n 7 millones de segundas dosis de vacunas contra el coronavirus - Noticias Radio Reflejos\" \/>\n<meta property=\"og:description\" content=\"Un total de 7 millones de segundas dosis de vacunas contra el coronavirus se aplicar\u00e1n durante agosto, para completar los esquemas de inoculaci\u00f3n, seg\u00fan anunci\u00f3 este viernes el presidente Alberto Fern\u00e1ndez, en tanto que\u00a0un cargamento de 200.000 dosis de la vacuna Convidecia, desarrollada por el laboratorio chino Cansino Biologics INC., arrib\u00f3 en la madrugada al pa\u00eds.\" \/>\n<meta property=\"og:url\" content=\"https:\/\/www.noticiasradioreflejos.com.ar\/2021\/durante-agosto-se-aplicaran-7-millones-de-segundas-dosis-de-vacunas-contra-el-coronavirus\/\" \/>\n<meta property=\"og:site_name\" content=\"Noticias Radio Reflejos\" \/>\n<meta property=\"article:published_time\" content=\"2021-08-07T14:32:38+00:00\" \/>\n<meta property=\"og:image\" content=\"https:\/\/www.telam.com.ar\/advf\/imagenes\/2021\/08\/610bf098776a7_1004x565.jpg\" \/>\n<meta name=\"author\" content=\"Arnaldo Botto\" \/>\n<meta name=\"twitter:card\" content=\"summary_large_image\" \/>\n<script type=\"application\/ld+json\" class=\"yoast-schema-graph\">{\"@context\":\"https:\/\/schema.org\",\"@graph\":[{\"@type\":\"WebPage\",\"@id\":\"https:\/\/www.noticiasradioreflejos.com.ar\/2021\/durante-agosto-se-aplicaran-7-millones-de-segundas-dosis-de-vacunas-contra-el-coronavirus\/\",\"url\":\"https:\/\/www.noticiasradioreflejos.com.ar\/2021\/durante-agosto-se-aplicaran-7-millones-de-segundas-dosis-de-vacunas-contra-el-coronavirus\/\",\"name\":\"Durante agosto se aplicar\u00e1n 7 millones de segundas dosis de vacunas contra el coronavirus - Noticias Radio Reflejos\",\"isPartOf\":{\"@id\":\"https:\/\/www.noticiasradioreflejos.com.ar\/2021\/#website\"},\"primaryImageOfPage\":{\"@id\":\"https:\/\/www.noticiasradioreflejos.com.ar\/2021\/durante-agosto-se-aplicaran-7-millones-de-segundas-dosis-de-vacunas-contra-el-coronavirus\/#primaryimage\"},\"image\":{\"@id\":\"https:\/\/www.noticiasradioreflejos.com.ar\/2021\/durante-agosto-se-aplicaran-7-millones-de-segundas-dosis-de-vacunas-contra-el-coronavirus\/#primaryimage\"},\"thumbnailUrl\":\"https:\/\/www.telam.com.ar\/advf\/imagenes\/2021\/08\/610bf098776a7_1004x565.jpg\",\"datePublished\":\"2021-08-07T14:32:38+00:00\",\"author\":{\"@id\":\"https:\/\/www.noticiasradioreflejos.com.ar\/2021\/#\/schema\/person\/ad82545263dcc5ec0996818884fd5fb1\"},\"breadcrumb\":{\"@id\":\"https:\/\/www.noticiasradioreflejos.com.ar\/2021\/durante-agosto-se-aplicaran-7-millones-de-segundas-dosis-de-vacunas-contra-el-coronavirus\/#breadcrumb\"},\"inLanguage\":\"es\",\"potentialAction\":[{\"@type\":\"ReadAction\",\"target\":[\"https:\/\/www.noticiasradioreflejos.com.ar\/2021\/durante-agosto-se-aplicaran-7-millones-de-segundas-dosis-de-vacunas-contra-el-coronavirus\/\"]}]},{\"@type\":\"ImageObject\",\"inLanguage\":\"es\",\"@id\":\"https:\/\/www.noticiasradioreflejos.com.ar\/2021\/durante-agosto-se-aplicaran-7-millones-de-segundas-dosis-de-vacunas-contra-el-coronavirus\/#primaryimage\",\"url\":\"https:\/\/www.telam.com.ar\/advf\/imagenes\/2021\/08\/610bf098776a7_1004x565.jpg\",\"contentUrl\":\"https:\/\/www.telam.com.ar\/advf\/imagenes\/2021\/08\/610bf098776a7_1004x565.jpg\"},{\"@type\":\"BreadcrumbList\",\"@id\":\"https:\/\/www.noticiasradioreflejos.com.ar\/2021\/durante-agosto-se-aplicaran-7-millones-de-segundas-dosis-de-vacunas-contra-el-coronavirus\/#breadcrumb\",\"itemListElement\":[{\"@type\":\"ListItem\",\"position\":1,\"name\":\"Portada\",\"item\":\"https:\/\/www.noticiasradioreflejos.com.ar\/2021\/\"},{\"@type\":\"ListItem\",\"position\":2,\"name\":\"Durante agosto se aplicar\u00e1n 7 millones de segundas dosis de vacunas contra el coronavirus\"}]},{\"@type\":\"WebSite\",\"@id\":\"https:\/\/www.noticiasradioreflejos.com.ar\/2021\/#website\",\"url\":\"https:\/\/www.noticiasradioreflejos.com.ar\/2021\/\",\"name\":\"Noticias Radio Reflejos\",\"description\":\"Las noticias de mi comarca\",\"potentialAction\":[{\"@type\":\"SearchAction\",\"target\":{\"@type\":\"EntryPoint\",\"urlTemplate\":\"https:\/\/www.noticiasradioreflejos.com.ar\/2021\/?s={search_term_string}\"},\"query-input\":{\"@type\":\"PropertyValueSpecification\",\"valueRequired\":true,\"valueName\":\"search_term_string\"}}],\"inLanguage\":\"es\"},{\"@type\":\"Person\",\"@id\":\"https:\/\/www.noticiasradioreflejos.com.ar\/2021\/#\/schema\/person\/ad82545263dcc5ec0996818884fd5fb1\",\"name\":\"Arnaldo Botto\",\"image\":{\"@type\":\"ImageObject\",\"inLanguage\":\"es\",\"@id\":\"https:\/\/www.noticiasradioreflejos.com.ar\/2021\/#\/schema\/person\/image\/\",\"url\":\"https:\/\/secure.gravatar.com\/avatar\/55cb5e37c1efa326397366e6974cb338056df65cb50e7d64d1cf314e87504837?s=96&d=mm&r=g\",\"contentUrl\":\"https:\/\/secure.gravatar.com\/avatar\/55cb5e37c1efa326397366e6974cb338056df65cb50e7d64d1cf314e87504837?s=96&d=mm&r=g\",\"caption\":\"Arnaldo Botto\"},\"url\":\"https:\/\/www.noticiasradioreflejos.com.ar\/2021\/author\/arnaldo\/\"}]}<\/script>\n<!-- \/ Yoast SEO plugin. -->","yoast_head_json":{"title":"Durante agosto se aplicar\u00e1n 7 millones de segundas dosis de vacunas contra el coronavirus - Noticias Radio Reflejos","robots":{"index":"index","follow":"follow","max-snippet":"max-snippet:-1","max-image-preview":"max-image-preview:large","max-video-preview":"max-video-preview:-1"},"canonical":"https:\/\/www.noticiasradioreflejos.com.ar\/2021\/durante-agosto-se-aplicaran-7-millones-de-segundas-dosis-de-vacunas-contra-el-coronavirus\/","og_locale":"es_ES","og_type":"article","og_title":"Durante agosto se aplicar\u00e1n 7 millones de segundas dosis de vacunas contra el coronavirus - Noticias Radio Reflejos","og_description":"Un total de 7 millones de segundas dosis de vacunas contra el coronavirus se aplicar\u00e1n durante agosto, para completar los esquemas de inoculaci\u00f3n, seg\u00fan anunci\u00f3 este viernes el presidente Alberto Fern\u00e1ndez, en tanto que\u00a0un cargamento de 200.000 dosis de la vacuna Convidecia, desarrollada por el laboratorio chino Cansino Biologics INC., arrib\u00f3 en la madrugada al pa\u00eds.","og_url":"https:\/\/www.noticiasradioreflejos.com.ar\/2021\/durante-agosto-se-aplicaran-7-millones-de-segundas-dosis-de-vacunas-contra-el-coronavirus\/","og_site_name":"Noticias Radio Reflejos","article_published_time":"2021-08-07T14:32:38+00:00","og_image":[{"url":"https:\/\/www.telam.com.ar\/advf\/imagenes\/2021\/08\/610bf098776a7_1004x565.jpg","type":"","width":"","height":""}],"author":"Arnaldo Botto","twitter_card":"summary_large_image","schema":{"@context":"https:\/\/schema.org","@graph":[{"@type":"WebPage","@id":"https:\/\/www.noticiasradioreflejos.com.ar\/2021\/durante-agosto-se-aplicaran-7-millones-de-segundas-dosis-de-vacunas-contra-el-coronavirus\/","url":"https:\/\/www.noticiasradioreflejos.com.ar\/2021\/durante-agosto-se-aplicaran-7-millones-de-segundas-dosis-de-vacunas-contra-el-coronavirus\/","name":"Durante agosto se aplicar\u00e1n 7 millones de segundas dosis de vacunas contra el coronavirus - Noticias Radio Reflejos","isPartOf":{"@id":"https:\/\/www.noticiasradioreflejos.com.ar\/2021\/#website"},"primaryImageOfPage":{"@id":"https:\/\/www.noticiasradioreflejos.com.ar\/2021\/durante-agosto-se-aplicaran-7-millones-de-segundas-dosis-de-vacunas-contra-el-coronavirus\/#primaryimage"},"image":{"@id":"https:\/\/www.noticiasradioreflejos.com.ar\/2021\/durante-agosto-se-aplicaran-7-millones-de-segundas-dosis-de-vacunas-contra-el-coronavirus\/#primaryimage"},"thumbnailUrl":"https:\/\/www.telam.com.ar\/advf\/imagenes\/2021\/08\/610bf098776a7_1004x565.jpg","datePublished":"2021-08-07T14:32:38+00:00","author":{"@id":"https:\/\/www.noticiasradioreflejos.com.ar\/2021\/#\/schema\/person\/ad82545263dcc5ec0996818884fd5fb1"},"breadcrumb":{"@id":"https:\/\/www.noticiasradioreflejos.com.ar\/2021\/durante-agosto-se-aplicaran-7-millones-de-segundas-dosis-de-vacunas-contra-el-coronavirus\/#breadcrumb"},"inLanguage":"es","potentialAction":[{"@type":"ReadAction","target":["https:\/\/www.noticiasradioreflejos.com.ar\/2021\/durante-agosto-se-aplicaran-7-millones-de-segundas-dosis-de-vacunas-contra-el-coronavirus\/"]}]},{"@type":"ImageObject","inLanguage":"es","@id":"https:\/\/www.noticiasradioreflejos.com.ar\/2021\/durante-agosto-se-aplicaran-7-millones-de-segundas-dosis-de-vacunas-contra-el-coronavirus\/#primaryimage","url":"https:\/\/www.telam.com.ar\/advf\/imagenes\/2021\/08\/610bf098776a7_1004x565.jpg","contentUrl":"https:\/\/www.telam.com.ar\/advf\/imagenes\/2021\/08\/610bf098776a7_1004x565.jpg"},{"@type":"BreadcrumbList","@id":"https:\/\/www.noticiasradioreflejos.com.ar\/2021\/durante-agosto-se-aplicaran-7-millones-de-segundas-dosis-de-vacunas-contra-el-coronavirus\/#breadcrumb","itemListElement":[{"@type":"ListItem","position":1,"name":"Portada","item":"https:\/\/www.noticiasradioreflejos.com.ar\/2021\/"},{"@type":"ListItem","position":2,"name":"Durante agosto se aplicar\u00e1n 7 millones de segundas dosis de vacunas contra el coronavirus"}]},{"@type":"WebSite","@id":"https:\/\/www.noticiasradioreflejos.com.ar\/2021\/#website","url":"https:\/\/www.noticiasradioreflejos.com.ar\/2021\/","name":"Noticias Radio Reflejos","description":"Las noticias de mi comarca","potentialAction":[{"@type":"SearchAction","target":{"@type":"EntryPoint","urlTemplate":"https:\/\/www.noticiasradioreflejos.com.ar\/2021\/?s={search_term_string}"},"query-input":{"@type":"PropertyValueSpecification","valueRequired":true,"valueName":"search_term_string"}}],"inLanguage":"es"},{"@type":"Person","@id":"https:\/\/www.noticiasradioreflejos.com.ar\/2021\/#\/schema\/person\/ad82545263dcc5ec0996818884fd5fb1","name":"Arnaldo Botto","image":{"@type":"ImageObject","inLanguage":"es","@id":"https:\/\/www.noticiasradioreflejos.com.ar\/2021\/#\/schema\/person\/image\/","url":"https:\/\/secure.gravatar.com\/avatar\/55cb5e37c1efa326397366e6974cb338056df65cb50e7d64d1cf314e87504837?s=96&d=mm&r=g","contentUrl":"https:\/\/secure.gravatar.com\/avatar\/55cb5e37c1efa326397366e6974cb338056df65cb50e7d64d1cf314e87504837?s=96&d=mm&r=g","caption":"Arnaldo Botto"},"url":"https:\/\/www.noticiasradioreflejos.com.ar\/2021\/author\/arnaldo\/"}]}},"_links":{"self":[{"href":"https:\/\/www.noticiasradioreflejos.com.ar\/2021\/wp-json\/wp\/v2\/posts\/61223","targetHints":{"allow":["GET"]}}],"collection":[{"href":"https:\/\/www.noticiasradioreflejos.com.ar\/2021\/wp-json\/wp\/v2\/posts"}],"about":[{"href":"https:\/\/www.noticiasradioreflejos.com.ar\/2021\/wp-json\/wp\/v2\/types\/post"}],"author":[{"embeddable":true,"href":"https:\/\/www.noticiasradioreflejos.com.ar\/2021\/wp-json\/wp\/v2\/users\/3"}],"replies":[{"embeddable":true,"href":"https:\/\/www.noticiasradioreflejos.com.ar\/2021\/wp-json\/wp\/v2\/comments?post=61223"}],"version-history":[{"count":1,"href":"https:\/\/www.noticiasradioreflejos.com.ar\/2021\/wp-json\/wp\/v2\/posts\/61223\/revisions"}],"predecessor-version":[{"id":61224,"href":"https:\/\/www.noticiasradioreflejos.com.ar\/2021\/wp-json\/wp\/v2\/posts\/61223\/revisions\/61224"}],"wp:attachment":[{"href":"https:\/\/www.noticiasradioreflejos.com.ar\/2021\/wp-json\/wp\/v2\/media?parent=61223"}],"wp:term":[{"taxonomy":"category","embeddable":true,"href":"https:\/\/www.noticiasradioreflejos.com.ar\/2021\/wp-json\/wp\/v2\/categories?post=61223"},{"taxonomy":"post_tag","embeddable":true,"href":"https:\/\/www.noticiasradioreflejos.com.ar\/2021\/wp-json\/wp\/v2\/tags?post=61223"}],"curies":[{"name":"wp","href":"https:\/\/api.w.org\/{rel}","templated":true}]}}