{"id":61217,"date":"2021-08-07T14:07:54","date_gmt":"2021-08-07T14:07:54","guid":{"rendered":"http:\/\/www.noticiasradioreflejos.com.ar\/2021\/?p=61217"},"modified":"2021-08-07T14:07:54","modified_gmt":"2021-08-07T14:07:54","slug":"una-por-una-las-nuevas-medidas-hasta-el-1-de-octubre","status":"publish","type":"post","link":"https:\/\/www.noticiasradioreflejos.com.ar\/2021\/una-por-una-las-nuevas-medidas-hasta-el-1-de-octubre\/","title":{"rendered":"Una por una, las nuevas medidas hasta el 1 de octubre"},"content":{"rendered":"<div class=\"head-content\">\n<p>El Gobierno nacional oficializ\u00f3 este s\u00e1bado las nuevas medidas que regir\u00e1n hasta el 1 de octubre, por la pandemia de coronavirus, que incluyen la flexibilizaci\u00f3n de actividades recreativas y encuentros sociales, as\u00ed como el aumento del ingreso de pasajeros diarios, en el marco del plan de aperturas progresivas anunciado el viernes por el presidente Alberto Fern\u00e1ndez.<\/p>\n<\/div>\n<p><!--more--><\/p>\n<div class=\"main-content-block\">\n<div class=\"main-box clearfix\">\n<div class=\"wrapper-main-section clearfix\">\n<div class=\"wrapper-editable-content\">\n<div class=\"editable-content clearfix\">\nLas medidas sanitarias quedaron oficializadas a trav\u00e9s del\u00a0<strong>DNU 494\/2021 publicado este s\u00e1bado en el Bolet\u00edn Oficial<\/strong>, con la firma del presidente Alberto Fern\u00e1ndez; el jefe de Gabinete, Santiago Cafiero; y la totalidad de los ministros del gabinete.<\/p>\n<p>El viernes,\u00a0<a href=\"https:\/\/www.telam.com.ar\/notas\/202108\/564118-plan-recuperacion-actividades.html\" target=\"_blank\" rel=\"noopener\">el Presidente anunci\u00f3 un plan de \u00abaperturas sostenidas y progresivas\u00bb<\/a>\u00a0para ir recuperando las actividades \u00abde manera responsable y con cuidado\u00bb en el marco de la pandemia de coronavirus y anticip\u00f3 que a partir de este s\u00e1bado habr\u00e1 una \u00abampliaci\u00f3n paulatina de la cantidad de personas que puedan reunirse\u00bb y tambi\u00e9n un avance en la presencialidad escolar.<\/p>\n<div class=\"title-big clearfix\">Actividades recreativas y encuentros sociales&nbsp;<\/p>\n<\/div>\n<p>En el decreto se establece que est\u00e1 permitida en todo el territorio nacional la pr\u00e1ctica de \u00abdeportes, eventos sociales, culturales, recreativos y religiosos en espacios cerrados\u00bb; como as\u00ed tambi\u00e9n los \u00abcines, teatros, clubes, locales gastron\u00f3micos, centros culturales, gimnasios, casinos y bingos, con un aforo del 70 por ciento\u00bb.<\/p>\n<div id=\"image\" class=\"image\"><img decoding=\"async\" title=\"En espacios abiertos se autoriz\u00f3 la &quot;realizaci\u00f3n de excursiones y actividades tur\u00edsticas de acuerdo con los protocolos y normativa vigentes&quot;.\" src=\"https:\/\/www.telam.com.ar\/advf\/imagenes\/editadas\/61000279a0e61_1004x564.jpg\" alt=\"En espacios abiertos se autoriz\u00f3 la &quot;realizaci\u00f3n de excursiones y actividades tur\u00edsticas de acuerdo con los protocolos y normativa vigentes&quot;.\" \/><\/p>\n<div class=\"epigrafe\">En espacios abiertos se autoriz\u00f3 la \u00abrealizaci\u00f3n de excursiones y actividades tur\u00edsticas de acuerdo con los protocolos y normativa vigentes\u00bb.<\/div>\n<\/div>\n<div class=\"title-big clearfix\">Centros de d\u00eda y clubes de adultos mayores&nbsp;<\/p>\n<\/div>\n<p>Tambi\u00e9n se habilit\u00f3 la asistencia a centros de d\u00eda y clubes de adultos mayores con el mismo l\u00edmite de aforo, siempre y cuando \u00abtodos los asistentes cuenten con el esquema completo de vacunaci\u00f3n contra la Covid-19, y hayan transcurrido 14 d\u00edas desde entonces\u00bb.<\/p>\n<div class=\"title-big clearfix\">Reuniones en domicilios particulares&nbsp;<\/p>\n<\/div>\n<p>Adem\u00e1s, las reuniones sociales en domicilios particulares ahora pueden ser de \u00abhasta 10 personas si se hacen en espacios interiores, y de hasta 20 si se realizan al aire libre\u00bb.<\/p>\n<div class=\"title-big clearfix\">Espacios abiertos&nbsp;<\/p>\n<\/div>\n<p>En tanto, en espacios abiertos, se autoriz\u00f3 la \u00abrealizaci\u00f3n de excursiones y actividades tur\u00edsticas de acuerdo con los protocolos y normativa vigentes\u00bb, en transportes que permitan mantener \u00abventilaci\u00f3n exterior adecuada de manera constante y cruzada\u00bb.<\/p>\n<div id=\"image\" class=\"image\"><img decoding=\"async\" title=\"Las reuniones y actividades en espacios p\u00fablicos pueden ser de hasta 100 personas.\" src=\"https:\/\/www.telam.com.ar\/advf\/imagenes\/2020\/07\/5f14e63d58bcd_1004x565.jpg\" alt=\"Las reuniones y actividades en espacios p\u00fablicos pueden ser de hasta 100 personas.\" \/><\/p>\n<div class=\"epigrafe\">Las reuniones y actividades en espacios p\u00fablicos pueden ser de hasta 100 personas.<\/div>\n<\/div>\n<div class=\"title-big clearfix\">Reuniones y actividades en espacios p\u00fablicos&nbsp;<\/p>\n<\/div>\n<p>Adem\u00e1s, las reuniones y actividades en espacios p\u00fablicos pueden ser de hasta 100 personas, aunque \u00abla autoridad jurisdiccional podr\u00e1 disminuir el aforo\u00bb establecido \u00abseg\u00fan los par\u00e1metros epidemiol\u00f3gicos y sanitarios\u00bb.<\/p>\n<div class=\"title-big clearfix\">Viajes en grupos&nbsp;<\/p>\n<\/div>\n<p>La norma indica que los gobiernos provinciales y municipales podr\u00e1n permitir la realizaci\u00f3n de viajes en grupos \u00abde hasta 10 personas para salidas recreativas, sociales y comerciales\u00bb, en tanto tengan como origen y destino aglomerados que \u00abno sean considerados en Situaci\u00f3n de Alarma Epidemiol\u00f3gica y Sanitaria; que se realicen bajo los protocolos; que no incluyan pasajeros que hayan estado en el exterior durante los \u00faltimos 14 d\u00edas o sean convivientes de quien revista tal condici\u00f3n; no hayan sido contacto estrecho de un caso confirmado de Covid-19 durante los 14 d\u00edas previos al viaje, ni hayan tenido un diagn\u00f3stico positivo en el mismo per\u00edodo\u00bb.<\/p>\n<div class=\"title-big clearfix\">Clases presenciales&nbsp;<\/p>\n<\/div>\n<p>En lo que respecta a las clases presenciales, se mantendr\u00e1n \u00abdando efectivo cumplimiento a los par\u00e1metros de evaluaci\u00f3n, estratificaci\u00f3n y determinaci\u00f3n del nivel de riesgo epidemiol\u00f3gico y condiciones establecidas en las resoluciones del Consejo Federal de Educaci\u00f3n\u00bb, dice el DNU.<\/p>\n<div class=\"title-big clearfix\">Eventos masivos suspendidos&nbsp;<\/p>\n<\/div>\n<p>En tanto, permanecen suspendidos en todo el pa\u00eds los eventos masivos, entendidos como todo acto, reuni\u00f3n o acontecimiento de car\u00e1cter eventual, cuyo objeto sea art\u00edstico, musical, festivo o deportivo, capaz de producir una concentraci\u00f3n mayor a 1.000 asistentes.<\/p>\n<div class=\"title-big clearfix\">Viajes grupales prohibidos&nbsp;<\/p>\n<\/div>\n<p>Siguen prohibidos los viajes grupales de egresados, jubilados y jubiladas y de estudiantes o similares as\u00ed como las actividades y reuniones sociales en espacios p\u00fablicos al aire libre de m\u00e1s de 100 personas.<\/p>\n<p>Lo mismo sucede en discotecas, salones de fiestas, bailes, o actividades similares.<\/p>\n<div id=\"image\" class=\"image\"><img decoding=\"async\" title=\"Clases presenciales en cumplimiento a los par\u00e1metros de evaluaci\u00f3n, estratificaci\u00f3n y determinaci\u00f3n del nivel de riesgo epidemiol\u00f3gico. (Foto: Eva Cabrera)\" src=\"https:\/\/www.telam.com.ar\/advf\/imagenes\/2021\/08\/610816b2ba61f_1004x565.jpg\" alt=\"Clases presenciales en cumplimiento a los par\u00e1metros de evaluaci\u00f3n, estratificaci\u00f3n y determinaci\u00f3n del nivel de riesgo epidemiol\u00f3gico. (Foto: Eva Cabrera)\" \/><\/p>\n<div class=\"epigrafe\">Clases presenciales en cumplimiento a los par\u00e1metros de evaluaci\u00f3n, estratificaci\u00f3n y determinaci\u00f3n del nivel de riesgo epidemiol\u00f3gico. (Foto: Eva Cabrera)<\/div>\n<\/div>\n<div class=\"title-big clearfix\">Aglomerados urbanos en alarma epidemiol\u00f3gica&nbsp;<\/p>\n<\/div>\n<p>En tanto, las actividades que se suspenden en aglomerados urbanos en situaci\u00f3n de alarma epidemiol\u00f3gica y sanitaria por el t\u00e9rmino de nueve d\u00edas son la circulaci\u00f3n nocturna de las personas, entre las 20 y hasta las 6 del d\u00eda siguiente.<\/p>\n<p>En esas zonas quedar\u00e1n exceptuadas las personas afectadas a las situaciones, actividades y servicios esenciales; y actividades industriales que se encuentren trabajando en horario nocturno, y las que deban retornar a su domicilio habitual desde su lugar de trabajo o concurrir al mismo.<\/p>\n<p>En lugares con situaci\u00f3n de alarma siguen suspendidos los eventos masivos (art\u00edsticos, musicales, festivos o deportivos), las actividades econ\u00f3micas, industriales, comerciales y de servicios en lugares cerrados con 50 por ciento de aforo.<\/p>\n<p>Tambi\u00e9n las actividades recreativas, culturales, religiosas y deportivas con 30 por ciento de aforo.<\/p>\n<p>All\u00ed no podr\u00e1n realizarse reuniones sociales en los domicilios particulares de m\u00e1s 10 personas y no podr\u00e1n realizarse actividades y reuniones sociales en espacios p\u00fablicos al aire libre de m\u00e1s de 20 personas.<\/p>\n<p>El transporte p\u00fablico de pasajeros solo podr\u00e1 ser utilizado por las personas afectadas a las actividades, servicios y situaciones esenciales o en aquellos supuestos en los cuales expresamente se hubiera autorizado su uso.<\/p>\n<p>Finalizado el plazo de nueve d\u00edas, y si luego de transcurridos 28 d\u00edas el aglomerado, departamento o partido contin\u00faa en situaci\u00f3n de Alarma Epidemiol\u00f3gica y Sanitaria, estas restricciones se volver\u00e1n a aplicar por otras nueve jornadas.<\/p>\n<div class=\"js-code\">\n<p><a title=\"View Decreto 494\/2021 on Scribd\" href=\"https:\/\/www.scribd.com\/document\/519210188\/Decreto-494-2021#from_embed\">Decreto 494\/2021<\/a>\u00a0by\u00a0<a title=\"View T\u00e9lam's profile on Scribd\" href=\"https:\/\/www.scribd.com\/user\/276843644\/Telam#from_embed\">T\u00e9lam<\/a>\u00a0on Scribd<\/p>\n<p><iframe loading=\"lazy\" id=\"doc_10289\" class=\"scribd_iframe_embed\" title=\"Decreto 494\/2021\" src=\"https:\/\/es.scribd.com\/embeds\/519210188\/content?start_page=1&amp;view_mode=scroll&amp;access_key=key-VU2tUAOfoONaW3Pwyv0F\" width=\"100%\" height=\"600\" frameborder=\"0\" scrolling=\"no\" data-auto-height=\"false\" data-aspect-ratio=\"0.7080062794348508\" data-mce-fragment=\"1\"><\/iframe><\/div>\n<div class=\"video\">\n<div class=\"fluid-width-video-wrapper\"><iframe src=\"https:\/\/www.youtube.com\/embed\/kh0orb2mguc?wmode=transparent&amp;showinfo=0&amp;autohide=1&amp;rel=0\" name=\"fitvid0\" frameborder=\"0\" allowfullscreen=\"allowfullscreen\" data-mce-fragment=\"1\"><\/iframe><\/div>\n<\/div>\n<div class=\"epigrafe\">El Presidente anunci\u00f3 un plan de recuperaci\u00f3n de actividades de manera \u201cresponsable\u201d<\/div>\n<\/div>\n<\/div>\n<\/div>\n<\/div>\n<\/div>\n","protected":false},"excerpt":{"rendered":"<p>El Gobierno nacional oficializ\u00f3 este s\u00e1bado las nuevas medidas que regir\u00e1n hasta el 1 de octubre, por la pandemia de coronavirus, que incluyen la flexibilizaci\u00f3n de actividades recreativas y encuentros sociales, as\u00ed como el aumento del ingreso de pasajeros diarios, en el marco del plan de aperturas progresivas anunciado el viernes por el presidente Alberto [&hellip;]<\/p>\n","protected":false},"author":3,"featured_media":0,"comment_status":"closed","ping_status":"closed","sticky":false,"template":"","format":"standard","meta":{"footnotes":""},"categories":[24,30,26],"tags":[],"class_list":["post-61217","post","type-post","status-publish","format-standard","hentry","category-politica","category-salud","category-sociedad"],"yoast_head":"<!-- This site is optimized with the Yoast SEO plugin v25.9 - https:\/\/yoast.com\/wordpress\/plugins\/seo\/ -->\n<title>Una por una, las nuevas medidas hasta el 1 de octubre - Noticias Radio Reflejos<\/title>\n<meta name=\"robots\" content=\"index, follow, max-snippet:-1, max-image-preview:large, max-video-preview:-1\" \/>\n<link rel=\"canonical\" href=\"https:\/\/www.noticiasradioreflejos.com.ar\/2021\/una-por-una-las-nuevas-medidas-hasta-el-1-de-octubre\/\" \/>\n<meta property=\"og:locale\" content=\"es_ES\" \/>\n<meta property=\"og:type\" content=\"article\" \/>\n<meta property=\"og:title\" content=\"Una por una, las nuevas medidas hasta el 1 de octubre - Noticias Radio Reflejos\" \/>\n<meta property=\"og:description\" content=\"El Gobierno nacional oficializ\u00f3 este s\u00e1bado las nuevas medidas que regir\u00e1n hasta el 1 de octubre, por la pandemia de coronavirus, que incluyen la flexibilizaci\u00f3n de actividades recreativas y encuentros sociales, as\u00ed como el aumento del ingreso de pasajeros diarios, en el marco del plan de aperturas progresivas anunciado el viernes por el presidente Alberto [&hellip;]\" \/>\n<meta property=\"og:url\" content=\"https:\/\/www.noticiasradioreflejos.com.ar\/2021\/una-por-una-las-nuevas-medidas-hasta-el-1-de-octubre\/\" \/>\n<meta property=\"og:site_name\" content=\"Noticias Radio Reflejos\" \/>\n<meta property=\"article:published_time\" content=\"2021-08-07T14:07:54+00:00\" \/>\n<meta property=\"og:image\" content=\"https:\/\/www.telam.com.ar\/advf\/imagenes\/editadas\/61000279a0e61_1004x564.jpg\" \/>\n<meta name=\"author\" content=\"Arnaldo Botto\" \/>\n<meta name=\"twitter:card\" content=\"summary_large_image\" \/>\n<script type=\"application\/ld+json\" class=\"yoast-schema-graph\">{\"@context\":\"https:\/\/schema.org\",\"@graph\":[{\"@type\":\"WebPage\",\"@id\":\"https:\/\/www.noticiasradioreflejos.com.ar\/2021\/una-por-una-las-nuevas-medidas-hasta-el-1-de-octubre\/\",\"url\":\"https:\/\/www.noticiasradioreflejos.com.ar\/2021\/una-por-una-las-nuevas-medidas-hasta-el-1-de-octubre\/\",\"name\":\"Una por una, las nuevas medidas hasta el 1 de octubre - Noticias Radio Reflejos\",\"isPartOf\":{\"@id\":\"https:\/\/www.noticiasradioreflejos.com.ar\/2021\/#website\"},\"primaryImageOfPage\":{\"@id\":\"https:\/\/www.noticiasradioreflejos.com.ar\/2021\/una-por-una-las-nuevas-medidas-hasta-el-1-de-octubre\/#primaryimage\"},\"image\":{\"@id\":\"https:\/\/www.noticiasradioreflejos.com.ar\/2021\/una-por-una-las-nuevas-medidas-hasta-el-1-de-octubre\/#primaryimage\"},\"thumbnailUrl\":\"https:\/\/www.telam.com.ar\/advf\/imagenes\/editadas\/61000279a0e61_1004x564.jpg\",\"datePublished\":\"2021-08-07T14:07:54+00:00\",\"author\":{\"@id\":\"https:\/\/www.noticiasradioreflejos.com.ar\/2021\/#\/schema\/person\/ad82545263dcc5ec0996818884fd5fb1\"},\"breadcrumb\":{\"@id\":\"https:\/\/www.noticiasradioreflejos.com.ar\/2021\/una-por-una-las-nuevas-medidas-hasta-el-1-de-octubre\/#breadcrumb\"},\"inLanguage\":\"es\",\"potentialAction\":[{\"@type\":\"ReadAction\",\"target\":[\"https:\/\/www.noticiasradioreflejos.com.ar\/2021\/una-por-una-las-nuevas-medidas-hasta-el-1-de-octubre\/\"]}]},{\"@type\":\"ImageObject\",\"inLanguage\":\"es\",\"@id\":\"https:\/\/www.noticiasradioreflejos.com.ar\/2021\/una-por-una-las-nuevas-medidas-hasta-el-1-de-octubre\/#primaryimage\",\"url\":\"https:\/\/www.telam.com.ar\/advf\/imagenes\/editadas\/61000279a0e61_1004x564.jpg\",\"contentUrl\":\"https:\/\/www.telam.com.ar\/advf\/imagenes\/editadas\/61000279a0e61_1004x564.jpg\"},{\"@type\":\"BreadcrumbList\",\"@id\":\"https:\/\/www.noticiasradioreflejos.com.ar\/2021\/una-por-una-las-nuevas-medidas-hasta-el-1-de-octubre\/#breadcrumb\",\"itemListElement\":[{\"@type\":\"ListItem\",\"position\":1,\"name\":\"Portada\",\"item\":\"https:\/\/www.noticiasradioreflejos.com.ar\/2021\/\"},{\"@type\":\"ListItem\",\"position\":2,\"name\":\"Una por una, las nuevas medidas hasta el 1 de octubre\"}]},{\"@type\":\"WebSite\",\"@id\":\"https:\/\/www.noticiasradioreflejos.com.ar\/2021\/#website\",\"url\":\"https:\/\/www.noticiasradioreflejos.com.ar\/2021\/\",\"name\":\"Noticias Radio Reflejos\",\"description\":\"Las noticias de mi comarca\",\"potentialAction\":[{\"@type\":\"SearchAction\",\"target\":{\"@type\":\"EntryPoint\",\"urlTemplate\":\"https:\/\/www.noticiasradioreflejos.com.ar\/2021\/?s={search_term_string}\"},\"query-input\":{\"@type\":\"PropertyValueSpecification\",\"valueRequired\":true,\"valueName\":\"search_term_string\"}}],\"inLanguage\":\"es\"},{\"@type\":\"Person\",\"@id\":\"https:\/\/www.noticiasradioreflejos.com.ar\/2021\/#\/schema\/person\/ad82545263dcc5ec0996818884fd5fb1\",\"name\":\"Arnaldo Botto\",\"image\":{\"@type\":\"ImageObject\",\"inLanguage\":\"es\",\"@id\":\"https:\/\/www.noticiasradioreflejos.com.ar\/2021\/#\/schema\/person\/image\/\",\"url\":\"https:\/\/secure.gravatar.com\/avatar\/55cb5e37c1efa326397366e6974cb338056df65cb50e7d64d1cf314e87504837?s=96&d=mm&r=g\",\"contentUrl\":\"https:\/\/secure.gravatar.com\/avatar\/55cb5e37c1efa326397366e6974cb338056df65cb50e7d64d1cf314e87504837?s=96&d=mm&r=g\",\"caption\":\"Arnaldo Botto\"},\"url\":\"https:\/\/www.noticiasradioreflejos.com.ar\/2021\/author\/arnaldo\/\"}]}<\/script>\n<!-- \/ Yoast SEO plugin. -->","yoast_head_json":{"title":"Una por una, las nuevas medidas hasta el 1 de octubre - Noticias Radio Reflejos","robots":{"index":"index","follow":"follow","max-snippet":"max-snippet:-1","max-image-preview":"max-image-preview:large","max-video-preview":"max-video-preview:-1"},"canonical":"https:\/\/www.noticiasradioreflejos.com.ar\/2021\/una-por-una-las-nuevas-medidas-hasta-el-1-de-octubre\/","og_locale":"es_ES","og_type":"article","og_title":"Una por una, las nuevas medidas hasta el 1 de octubre - Noticias Radio Reflejos","og_description":"El Gobierno nacional oficializ\u00f3 este s\u00e1bado las nuevas medidas que regir\u00e1n hasta el 1 de octubre, por la pandemia de coronavirus, que incluyen la flexibilizaci\u00f3n de actividades recreativas y encuentros sociales, as\u00ed como el aumento del ingreso de pasajeros diarios, en el marco del plan de aperturas progresivas anunciado el viernes por el presidente Alberto [&hellip;]","og_url":"https:\/\/www.noticiasradioreflejos.com.ar\/2021\/una-por-una-las-nuevas-medidas-hasta-el-1-de-octubre\/","og_site_name":"Noticias Radio Reflejos","article_published_time":"2021-08-07T14:07:54+00:00","og_image":[{"url":"https:\/\/www.telam.com.ar\/advf\/imagenes\/editadas\/61000279a0e61_1004x564.jpg","type":"","width":"","height":""}],"author":"Arnaldo Botto","twitter_card":"summary_large_image","schema":{"@context":"https:\/\/schema.org","@graph":[{"@type":"WebPage","@id":"https:\/\/www.noticiasradioreflejos.com.ar\/2021\/una-por-una-las-nuevas-medidas-hasta-el-1-de-octubre\/","url":"https:\/\/www.noticiasradioreflejos.com.ar\/2021\/una-por-una-las-nuevas-medidas-hasta-el-1-de-octubre\/","name":"Una por una, las nuevas medidas hasta el 1 de octubre - Noticias Radio Reflejos","isPartOf":{"@id":"https:\/\/www.noticiasradioreflejos.com.ar\/2021\/#website"},"primaryImageOfPage":{"@id":"https:\/\/www.noticiasradioreflejos.com.ar\/2021\/una-por-una-las-nuevas-medidas-hasta-el-1-de-octubre\/#primaryimage"},"image":{"@id":"https:\/\/www.noticiasradioreflejos.com.ar\/2021\/una-por-una-las-nuevas-medidas-hasta-el-1-de-octubre\/#primaryimage"},"thumbnailUrl":"https:\/\/www.telam.com.ar\/advf\/imagenes\/editadas\/61000279a0e61_1004x564.jpg","datePublished":"2021-08-07T14:07:54+00:00","author":{"@id":"https:\/\/www.noticiasradioreflejos.com.ar\/2021\/#\/schema\/person\/ad82545263dcc5ec0996818884fd5fb1"},"breadcrumb":{"@id":"https:\/\/www.noticiasradioreflejos.com.ar\/2021\/una-por-una-las-nuevas-medidas-hasta-el-1-de-octubre\/#breadcrumb"},"inLanguage":"es","potentialAction":[{"@type":"ReadAction","target":["https:\/\/www.noticiasradioreflejos.com.ar\/2021\/una-por-una-las-nuevas-medidas-hasta-el-1-de-octubre\/"]}]},{"@type":"ImageObject","inLanguage":"es","@id":"https:\/\/www.noticiasradioreflejos.com.ar\/2021\/una-por-una-las-nuevas-medidas-hasta-el-1-de-octubre\/#primaryimage","url":"https:\/\/www.telam.com.ar\/advf\/imagenes\/editadas\/61000279a0e61_1004x564.jpg","contentUrl":"https:\/\/www.telam.com.ar\/advf\/imagenes\/editadas\/61000279a0e61_1004x564.jpg"},{"@type":"BreadcrumbList","@id":"https:\/\/www.noticiasradioreflejos.com.ar\/2021\/una-por-una-las-nuevas-medidas-hasta-el-1-de-octubre\/#breadcrumb","itemListElement":[{"@type":"ListItem","position":1,"name":"Portada","item":"https:\/\/www.noticiasradioreflejos.com.ar\/2021\/"},{"@type":"ListItem","position":2,"name":"Una por una, las nuevas medidas hasta el 1 de octubre"}]},{"@type":"WebSite","@id":"https:\/\/www.noticiasradioreflejos.com.ar\/2021\/#website","url":"https:\/\/www.noticiasradioreflejos.com.ar\/2021\/","name":"Noticias Radio Reflejos","description":"Las noticias de mi comarca","potentialAction":[{"@type":"SearchAction","target":{"@type":"EntryPoint","urlTemplate":"https:\/\/www.noticiasradioreflejos.com.ar\/2021\/?s={search_term_string}"},"query-input":{"@type":"PropertyValueSpecification","valueRequired":true,"valueName":"search_term_string"}}],"inLanguage":"es"},{"@type":"Person","@id":"https:\/\/www.noticiasradioreflejos.com.ar\/2021\/#\/schema\/person\/ad82545263dcc5ec0996818884fd5fb1","name":"Arnaldo Botto","image":{"@type":"ImageObject","inLanguage":"es","@id":"https:\/\/www.noticiasradioreflejos.com.ar\/2021\/#\/schema\/person\/image\/","url":"https:\/\/secure.gravatar.com\/avatar\/55cb5e37c1efa326397366e6974cb338056df65cb50e7d64d1cf314e87504837?s=96&d=mm&r=g","contentUrl":"https:\/\/secure.gravatar.com\/avatar\/55cb5e37c1efa326397366e6974cb338056df65cb50e7d64d1cf314e87504837?s=96&d=mm&r=g","caption":"Arnaldo Botto"},"url":"https:\/\/www.noticiasradioreflejos.com.ar\/2021\/author\/arnaldo\/"}]}},"_links":{"self":[{"href":"https:\/\/www.noticiasradioreflejos.com.ar\/2021\/wp-json\/wp\/v2\/posts\/61217","targetHints":{"allow":["GET"]}}],"collection":[{"href":"https:\/\/www.noticiasradioreflejos.com.ar\/2021\/wp-json\/wp\/v2\/posts"}],"about":[{"href":"https:\/\/www.noticiasradioreflejos.com.ar\/2021\/wp-json\/wp\/v2\/types\/post"}],"author":[{"embeddable":true,"href":"https:\/\/www.noticiasradioreflejos.com.ar\/2021\/wp-json\/wp\/v2\/users\/3"}],"replies":[{"embeddable":true,"href":"https:\/\/www.noticiasradioreflejos.com.ar\/2021\/wp-json\/wp\/v2\/comments?post=61217"}],"version-history":[{"count":1,"href":"https:\/\/www.noticiasradioreflejos.com.ar\/2021\/wp-json\/wp\/v2\/posts\/61217\/revisions"}],"predecessor-version":[{"id":61219,"href":"https:\/\/www.noticiasradioreflejos.com.ar\/2021\/wp-json\/wp\/v2\/posts\/61217\/revisions\/61219"}],"wp:attachment":[{"href":"https:\/\/www.noticiasradioreflejos.com.ar\/2021\/wp-json\/wp\/v2\/media?parent=61217"}],"wp:term":[{"taxonomy":"category","embeddable":true,"href":"https:\/\/www.noticiasradioreflejos.com.ar\/2021\/wp-json\/wp\/v2\/categories?post=61217"},{"taxonomy":"post_tag","embeddable":true,"href":"https:\/\/www.noticiasradioreflejos.com.ar\/2021\/wp-json\/wp\/v2\/tags?post=61217"}],"curies":[{"name":"wp","href":"https:\/\/api.w.org\/{rel}","templated":true}]}}