{"id":61209,"date":"2021-08-07T13:55:36","date_gmt":"2021-08-07T13:55:36","guid":{"rendered":"http:\/\/www.noticiasradioreflejos.com.ar\/2021\/?p=61209"},"modified":"2021-08-07T13:55:36","modified_gmt":"2021-08-07T13:55:36","slug":"dos-aprehendidos-en-sierra-de-la-ventana-por-tenencia-de-estupefacientes","status":"publish","type":"post","link":"https:\/\/www.noticiasradioreflejos.com.ar\/2021\/dos-aprehendidos-en-sierra-de-la-ventana-por-tenencia-de-estupefacientes\/","title":{"rendered":"Dos aprehendidos en Sierra de la Ventana por tenencia de estupefacientes."},"content":{"rendered":"<p>En el marco del Operativo Invierno 2021 dispuesto por la superioridad policial, personal de la Sub Estaci\u00f3n de Polic\u00eda Comunal de Sierra de la Ventana, conjuntamente con efectivos del Destacamento Vial Tornquist, el d\u00eda S\u00e1bado 31 de Julio, en horas de la ma\u00f1ana,<!--more--><\/p>\n<p>procedi\u00f3 a interceptar un veh\u00edculo marca Fiat modelo Punto dominio LAZ 094, en Ruta Provincial Nro. 72 Km. 273, en donde se le incauto al conductor, una persona de sexo masculino la cual se encontraba de paso por este medio, un frasco de vidrio conteniendo cogollos de marihuana, procedi\u00e9ndose a la aprehensi\u00f3n del sujeto por infracci\u00f3n a la Ley 23.737. Asimismo el d\u00eda Domingo 01 de Agosto, en horas de la tarde, se aprehendi\u00f3 a un ciudadano de sexo masculino por infracci\u00f3n a la Ley 23.737, el cual circulaba a bordo de un autom\u00f3vil marca Ford modelo Fiesta dominio APO 672, fue en el operativo dispuesto en Ruta Provincial Nro. 72 Km. 273, donde se le secuestro 1 frasco de vidrio el cual conten\u00eda flores de marihuana. \u00a0Se deja constancia que se reserva la identidad de los aprehendidos con el objeto de no entorpecer la futura labor de la justicia. Ambos sujetos fueron puestos a disposici\u00f3n de la Unidad Funcional de Instrucci\u00f3n y Juicio Nro. 19 del\u00a0 Departamento Judicial de Bah\u00eda Blanca.<\/p>\n<p>&nbsp;<\/p>\n<p>SECRETARIA DE SEGURIDAD DE TORNQUIST<\/p>\n<p>&nbsp;<\/p>\n","protected":false},"excerpt":{"rendered":"<p>En el marco del Operativo Invierno 2021 dispuesto por la superioridad policial, personal de la Sub Estaci\u00f3n de Polic\u00eda Comunal de Sierra de la Ventana, conjuntamente con efectivos del Destacamento Vial Tornquist, el d\u00eda S\u00e1bado 31 de Julio, en horas de la ma\u00f1ana,<\/p>\n","protected":false},"author":3,"featured_media":0,"comment_status":"closed","ping_status":"closed","sticky":false,"template":"","format":"standard","meta":{"footnotes":""},"categories":[29],"tags":[],"class_list":["post-61209","post","type-post","status-publish","format-standard","hentry","category-policiales"],"yoast_head":"<!-- This site is optimized with the Yoast SEO plugin v25.9 - https:\/\/yoast.com\/wordpress\/plugins\/seo\/ -->\n<title>Dos aprehendidos en Sierra de la Ventana por tenencia de estupefacientes. - Noticias Radio Reflejos<\/title>\n<meta name=\"robots\" content=\"index, follow, max-snippet:-1, max-image-preview:large, max-video-preview:-1\" \/>\n<link rel=\"canonical\" href=\"https:\/\/www.noticiasradioreflejos.com.ar\/2021\/dos-aprehendidos-en-sierra-de-la-ventana-por-tenencia-de-estupefacientes\/\" \/>\n<meta property=\"og:locale\" content=\"es_ES\" \/>\n<meta property=\"og:type\" content=\"article\" \/>\n<meta property=\"og:title\" content=\"Dos aprehendidos en Sierra de la Ventana por tenencia de estupefacientes. - Noticias Radio Reflejos\" \/>\n<meta property=\"og:description\" content=\"En el marco del Operativo Invierno 2021 dispuesto por la superioridad policial, personal de la Sub Estaci\u00f3n de Polic\u00eda Comunal de Sierra de la Ventana, conjuntamente con efectivos del Destacamento Vial Tornquist, el d\u00eda S\u00e1bado 31 de Julio, en horas de la ma\u00f1ana,\" \/>\n<meta property=\"og:url\" content=\"https:\/\/www.noticiasradioreflejos.com.ar\/2021\/dos-aprehendidos-en-sierra-de-la-ventana-por-tenencia-de-estupefacientes\/\" \/>\n<meta property=\"og:site_name\" content=\"Noticias Radio Reflejos\" \/>\n<meta property=\"article:published_time\" content=\"2021-08-07T13:55:36+00:00\" \/>\n<meta property=\"og:image\" content=\"https:\/\/www.noticiasradioreflejos.com.ar\/2021\/wp-content\/uploads\/2021\/07\/logosol300x200.png\" \/>\n\t<meta property=\"og:image:width\" content=\"300\" \/>\n\t<meta property=\"og:image:height\" content=\"200\" \/>\n\t<meta property=\"og:image:type\" content=\"image\/png\" \/>\n<meta name=\"author\" content=\"Arnaldo Botto\" \/>\n<meta name=\"twitter:card\" content=\"summary_large_image\" \/>\n<script type=\"application\/ld+json\" class=\"yoast-schema-graph\">{\"@context\":\"https:\/\/schema.org\",\"@graph\":[{\"@type\":\"WebPage\",\"@id\":\"https:\/\/www.noticiasradioreflejos.com.ar\/2021\/dos-aprehendidos-en-sierra-de-la-ventana-por-tenencia-de-estupefacientes\/\",\"url\":\"https:\/\/www.noticiasradioreflejos.com.ar\/2021\/dos-aprehendidos-en-sierra-de-la-ventana-por-tenencia-de-estupefacientes\/\",\"name\":\"Dos aprehendidos en Sierra de la Ventana por tenencia de estupefacientes. - Noticias Radio Reflejos\",\"isPartOf\":{\"@id\":\"https:\/\/www.noticiasradioreflejos.com.ar\/2021\/#website\"},\"datePublished\":\"2021-08-07T13:55:36+00:00\",\"author\":{\"@id\":\"https:\/\/www.noticiasradioreflejos.com.ar\/2021\/#\/schema\/person\/ad82545263dcc5ec0996818884fd5fb1\"},\"breadcrumb\":{\"@id\":\"https:\/\/www.noticiasradioreflejos.com.ar\/2021\/dos-aprehendidos-en-sierra-de-la-ventana-por-tenencia-de-estupefacientes\/#breadcrumb\"},\"inLanguage\":\"es\",\"potentialAction\":[{\"@type\":\"ReadAction\",\"target\":[\"https:\/\/www.noticiasradioreflejos.com.ar\/2021\/dos-aprehendidos-en-sierra-de-la-ventana-por-tenencia-de-estupefacientes\/\"]}]},{\"@type\":\"BreadcrumbList\",\"@id\":\"https:\/\/www.noticiasradioreflejos.com.ar\/2021\/dos-aprehendidos-en-sierra-de-la-ventana-por-tenencia-de-estupefacientes\/#breadcrumb\",\"itemListElement\":[{\"@type\":\"ListItem\",\"position\":1,\"name\":\"Portada\",\"item\":\"https:\/\/www.noticiasradioreflejos.com.ar\/2021\/\"},{\"@type\":\"ListItem\",\"position\":2,\"name\":\"Dos aprehendidos en Sierra de la Ventana por tenencia de estupefacientes.\"}]},{\"@type\":\"WebSite\",\"@id\":\"https:\/\/www.noticiasradioreflejos.com.ar\/2021\/#website\",\"url\":\"https:\/\/www.noticiasradioreflejos.com.ar\/2021\/\",\"name\":\"Noticias Radio Reflejos\",\"description\":\"Las noticias de mi comarca\",\"potentialAction\":[{\"@type\":\"SearchAction\",\"target\":{\"@type\":\"EntryPoint\",\"urlTemplate\":\"https:\/\/www.noticiasradioreflejos.com.ar\/2021\/?s={search_term_string}\"},\"query-input\":{\"@type\":\"PropertyValueSpecification\",\"valueRequired\":true,\"valueName\":\"search_term_string\"}}],\"inLanguage\":\"es\"},{\"@type\":\"Person\",\"@id\":\"https:\/\/www.noticiasradioreflejos.com.ar\/2021\/#\/schema\/person\/ad82545263dcc5ec0996818884fd5fb1\",\"name\":\"Arnaldo Botto\",\"image\":{\"@type\":\"ImageObject\",\"inLanguage\":\"es\",\"@id\":\"https:\/\/www.noticiasradioreflejos.com.ar\/2021\/#\/schema\/person\/image\/\",\"url\":\"https:\/\/secure.gravatar.com\/avatar\/55cb5e37c1efa326397366e6974cb338056df65cb50e7d64d1cf314e87504837?s=96&d=mm&r=g\",\"contentUrl\":\"https:\/\/secure.gravatar.com\/avatar\/55cb5e37c1efa326397366e6974cb338056df65cb50e7d64d1cf314e87504837?s=96&d=mm&r=g\",\"caption\":\"Arnaldo Botto\"},\"url\":\"https:\/\/www.noticiasradioreflejos.com.ar\/2021\/author\/arnaldo\/\"}]}<\/script>\n<!-- \/ Yoast SEO plugin. -->","yoast_head_json":{"title":"Dos aprehendidos en Sierra de la Ventana por tenencia de estupefacientes. - Noticias Radio Reflejos","robots":{"index":"index","follow":"follow","max-snippet":"max-snippet:-1","max-image-preview":"max-image-preview:large","max-video-preview":"max-video-preview:-1"},"canonical":"https:\/\/www.noticiasradioreflejos.com.ar\/2021\/dos-aprehendidos-en-sierra-de-la-ventana-por-tenencia-de-estupefacientes\/","og_locale":"es_ES","og_type":"article","og_title":"Dos aprehendidos en Sierra de la Ventana por tenencia de estupefacientes. - Noticias Radio Reflejos","og_description":"En el marco del Operativo Invierno 2021 dispuesto por la superioridad policial, personal de la Sub Estaci\u00f3n de Polic\u00eda Comunal de Sierra de la Ventana, conjuntamente con efectivos del Destacamento Vial Tornquist, el d\u00eda S\u00e1bado 31 de Julio, en horas de la ma\u00f1ana,","og_url":"https:\/\/www.noticiasradioreflejos.com.ar\/2021\/dos-aprehendidos-en-sierra-de-la-ventana-por-tenencia-de-estupefacientes\/","og_site_name":"Noticias Radio Reflejos","article_published_time":"2021-08-07T13:55:36+00:00","og_image":[{"width":300,"height":200,"url":"https:\/\/www.noticiasradioreflejos.com.ar\/2021\/wp-content\/uploads\/2021\/07\/logosol300x200.png","type":"image\/png"}],"author":"Arnaldo Botto","twitter_card":"summary_large_image","schema":{"@context":"https:\/\/schema.org","@graph":[{"@type":"WebPage","@id":"https:\/\/www.noticiasradioreflejos.com.ar\/2021\/dos-aprehendidos-en-sierra-de-la-ventana-por-tenencia-de-estupefacientes\/","url":"https:\/\/www.noticiasradioreflejos.com.ar\/2021\/dos-aprehendidos-en-sierra-de-la-ventana-por-tenencia-de-estupefacientes\/","name":"Dos aprehendidos en Sierra de la Ventana por tenencia de estupefacientes. - Noticias Radio Reflejos","isPartOf":{"@id":"https:\/\/www.noticiasradioreflejos.com.ar\/2021\/#website"},"datePublished":"2021-08-07T13:55:36+00:00","author":{"@id":"https:\/\/www.noticiasradioreflejos.com.ar\/2021\/#\/schema\/person\/ad82545263dcc5ec0996818884fd5fb1"},"breadcrumb":{"@id":"https:\/\/www.noticiasradioreflejos.com.ar\/2021\/dos-aprehendidos-en-sierra-de-la-ventana-por-tenencia-de-estupefacientes\/#breadcrumb"},"inLanguage":"es","potentialAction":[{"@type":"ReadAction","target":["https:\/\/www.noticiasradioreflejos.com.ar\/2021\/dos-aprehendidos-en-sierra-de-la-ventana-por-tenencia-de-estupefacientes\/"]}]},{"@type":"BreadcrumbList","@id":"https:\/\/www.noticiasradioreflejos.com.ar\/2021\/dos-aprehendidos-en-sierra-de-la-ventana-por-tenencia-de-estupefacientes\/#breadcrumb","itemListElement":[{"@type":"ListItem","position":1,"name":"Portada","item":"https:\/\/www.noticiasradioreflejos.com.ar\/2021\/"},{"@type":"ListItem","position":2,"name":"Dos aprehendidos en Sierra de la Ventana por tenencia de estupefacientes."}]},{"@type":"WebSite","@id":"https:\/\/www.noticiasradioreflejos.com.ar\/2021\/#website","url":"https:\/\/www.noticiasradioreflejos.com.ar\/2021\/","name":"Noticias Radio Reflejos","description":"Las noticias de mi comarca","potentialAction":[{"@type":"SearchAction","target":{"@type":"EntryPoint","urlTemplate":"https:\/\/www.noticiasradioreflejos.com.ar\/2021\/?s={search_term_string}"},"query-input":{"@type":"PropertyValueSpecification","valueRequired":true,"valueName":"search_term_string"}}],"inLanguage":"es"},{"@type":"Person","@id":"https:\/\/www.noticiasradioreflejos.com.ar\/2021\/#\/schema\/person\/ad82545263dcc5ec0996818884fd5fb1","name":"Arnaldo Botto","image":{"@type":"ImageObject","inLanguage":"es","@id":"https:\/\/www.noticiasradioreflejos.com.ar\/2021\/#\/schema\/person\/image\/","url":"https:\/\/secure.gravatar.com\/avatar\/55cb5e37c1efa326397366e6974cb338056df65cb50e7d64d1cf314e87504837?s=96&d=mm&r=g","contentUrl":"https:\/\/secure.gravatar.com\/avatar\/55cb5e37c1efa326397366e6974cb338056df65cb50e7d64d1cf314e87504837?s=96&d=mm&r=g","caption":"Arnaldo Botto"},"url":"https:\/\/www.noticiasradioreflejos.com.ar\/2021\/author\/arnaldo\/"}]}},"_links":{"self":[{"href":"https:\/\/www.noticiasradioreflejos.com.ar\/2021\/wp-json\/wp\/v2\/posts\/61209","targetHints":{"allow":["GET"]}}],"collection":[{"href":"https:\/\/www.noticiasradioreflejos.com.ar\/2021\/wp-json\/wp\/v2\/posts"}],"about":[{"href":"https:\/\/www.noticiasradioreflejos.com.ar\/2021\/wp-json\/wp\/v2\/types\/post"}],"author":[{"embeddable":true,"href":"https:\/\/www.noticiasradioreflejos.com.ar\/2021\/wp-json\/wp\/v2\/users\/3"}],"replies":[{"embeddable":true,"href":"https:\/\/www.noticiasradioreflejos.com.ar\/2021\/wp-json\/wp\/v2\/comments?post=61209"}],"version-history":[{"count":1,"href":"https:\/\/www.noticiasradioreflejos.com.ar\/2021\/wp-json\/wp\/v2\/posts\/61209\/revisions"}],"predecessor-version":[{"id":61211,"href":"https:\/\/www.noticiasradioreflejos.com.ar\/2021\/wp-json\/wp\/v2\/posts\/61209\/revisions\/61211"}],"wp:attachment":[{"href":"https:\/\/www.noticiasradioreflejos.com.ar\/2021\/wp-json\/wp\/v2\/media?parent=61209"}],"wp:term":[{"taxonomy":"category","embeddable":true,"href":"https:\/\/www.noticiasradioreflejos.com.ar\/2021\/wp-json\/wp\/v2\/categories?post=61209"},{"taxonomy":"post_tag","embeddable":true,"href":"https:\/\/www.noticiasradioreflejos.com.ar\/2021\/wp-json\/wp\/v2\/tags?post=61209"}],"curies":[{"name":"wp","href":"https:\/\/api.w.org\/{rel}","templated":true}]}}