{"id":61201,"date":"2021-08-06T18:32:35","date_gmt":"2021-08-06T18:32:35","guid":{"rendered":"http:\/\/www.noticiasradioreflejos.com.ar\/2021\/?p=61201"},"modified":"2021-08-06T18:32:35","modified_gmt":"2021-08-06T18:32:35","slug":"de-los-mas-de-3-mil-millones-de-vacunas-habilitadas-en-el-mundo-se-han-administrado-en-paises-desarrollados-y-solamente-un-1-de-las-dos-dosis-se-han-administrado-en-paises-subdesarrollados","status":"publish","type":"post","link":"https:\/\/www.noticiasradioreflejos.com.ar\/2021\/de-los-mas-de-3-mil-millones-de-vacunas-habilitadas-en-el-mundo-se-han-administrado-en-paises-desarrollados-y-solamente-un-1-de-las-dos-dosis-se-han-administrado-en-paises-subdesarrollados\/","title":{"rendered":"\u201cDe los m\u00e1s de 3 mil millones de vacunas habilitadas en el mundo, se han administrado en pa\u00edses desarrollados y solamente un 1 % de las dos dosis se han administrado en pa\u00edses subdesarrollados\u201d"},"content":{"rendered":"<p>Completamos la entrevista realizada la semana pasada a la reconocida pat\u00f3loga, investigadora especializada en muerte s\u00fabita en infantes que reside en Inglaterra, durante el micro \u201cTiempo Educativo\u201d.<!--more--><\/p>\n<p>Marta sostiene que hay una desigualdad en t\u00e9rminos de vacunaci\u00f3n entre pa\u00edses desarrollados y pa\u00edses subdesarrollados. \u201cDe los m\u00e1s de 3 mil millones de vacunas habilitadas en el mundo, se han administrado en pa\u00edses desarrollados y solamente un 1 % de las dos dosis se han administrado en pa\u00edses subdesarrollados\u201d comparti\u00f3 las estad\u00edsticas de las dosis aplicadas. A esto le agreg\u00f3 que, lo mencionado anteriormente es la causa de que continentes como \u00c1frica solo cuenten con un 10 % de su poblaci\u00f3n vacunada con las dos dosis. \u201cLamentablemente, el nacionalismo de la vacuna se da en todos los pa\u00edses\u201d.<\/p>\n<p>Marta fue nombrada Ciudadana Ilustre de su localidad. Esto, es un reconocimiento que, seg\u00fan ella, le llev\u00f3 mucho esfuerzo y atravesar muchas dificultades. Aunque admite que naci\u00f3 en una familia con una posici\u00f3n econ\u00f3mica c\u00f3moda, las trabas que tuvo que superar tuvieron que ver con ser mujer, madre y portar un apellido jud\u00edo. \u201cPara entrar en una carrera qued\u00e9 en el puesto 96 y lo que me preguntaron fue: \u00bfqui\u00e9n va a cuidar de tu hijo cuando vos vengas al curso?\u201d ejemplific\u00f3.<\/p>\n<p>Sobre el final de la nota, Marta resalta la importancia de los testeos de Covid-19 en nuestro pa\u00eds. \u201cPorque si uno no sabe d\u00f3nde est\u00e1n los casos asintom\u00e1ticos, no los va a poder identificar. Si no identificamos a los asintom\u00e1ticos, no se testean y siguen contagiando. Otra cosa que hay que hacer much\u00edsimo es el an\u00e1lisis de genoma para ver qu\u00e9 variantes est\u00e1n circulando\u201d.<\/p>\n<p><iframe loading=\"lazy\" width=\"100%\" height=\"166\" scrolling=\"no\" frameborder=\"no\" allow=\"autoplay\" src=\"https:\/\/w.soundcloud.com\/player\/?url=https%3A\/\/api.soundcloud.com\/tracks\/1101320824&#038;color=%23ff5500&#038;auto_play=false&#038;hide_related=false&#038;show_comments=true&#038;show_user=true&#038;show_reposts=false&#038;show_teaser=true\"><\/iframe><\/p>\n<div style=\"font-size: 10px; color: #cccccc;line-break: anywhere;word-break: normal;overflow: hidden;white-space: nowrap;text-overflow: ellipsis; font-family: Interstate,Lucida Grande,Lucida Sans Unicode,Lucida Sans,Garuda,Verdana,Tahoma,sans-serif;font-weight: 100;\"><a href=\"https:\/\/soundcloud.com\/fmreflejos-103-7\" title=\"fmreflejos 103.7\" target=\"_blank\" style=\"color: #cccccc; text-decoration: none;\" rel=\"noopener\">fmreflejos 103.7<\/a> \u00b7 <a href=\"https:\/\/soundcloud.com\/fmreflejos-103-7\/mp3-nota-marta-cohen-segunda-parte\" title=\"NOTA MARTA COHEN SEGUNDA PARTE\" target=\"_blank\" style=\"color: #cccccc; text-decoration: none;\" rel=\"noopener\">NOTA MARTA COHEN SEGUNDA PARTE<\/a><\/div>\n","protected":false},"excerpt":{"rendered":"<p>Completamos la entrevista realizada la semana pasada a la reconocida pat\u00f3loga, investigadora especializada en muerte s\u00fabita en infantes que reside en Inglaterra, durante el micro \u201cTiempo Educativo\u201d.<\/p>\n","protected":false},"author":3,"featured_media":0,"comment_status":"closed","ping_status":"closed","sticky":false,"template":"","format":"standard","meta":{"footnotes":""},"categories":[35,30],"tags":[48],"class_list":["post-61201","post","type-post","status-publish","format-standard","hentry","category-cultura","category-salud","tag-destacada"],"yoast_head":"<!-- This site is optimized with the Yoast SEO plugin v25.9 - https:\/\/yoast.com\/wordpress\/plugins\/seo\/ -->\n<title>\u201cDe los m\u00e1s de 3 mil millones de vacunas habilitadas en el mundo, se han administrado en pa\u00edses desarrollados y solamente un 1 % de las dos dosis se han administrado en pa\u00edses subdesarrollados\u201d - Noticias Radio Reflejos<\/title>\n<meta name=\"robots\" content=\"index, follow, max-snippet:-1, max-image-preview:large, max-video-preview:-1\" \/>\n<link rel=\"canonical\" href=\"https:\/\/www.noticiasradioreflejos.com.ar\/2021\/de-los-mas-de-3-mil-millones-de-vacunas-habilitadas-en-el-mundo-se-han-administrado-en-paises-desarrollados-y-solamente-un-1-de-las-dos-dosis-se-han-administrado-en-paises-subdesarrollados\/\" \/>\n<meta property=\"og:locale\" content=\"es_ES\" \/>\n<meta property=\"og:type\" content=\"article\" \/>\n<meta property=\"og:title\" content=\"\u201cDe los m\u00e1s de 3 mil millones de vacunas habilitadas en el mundo, se han administrado en pa\u00edses desarrollados y solamente un 1 % de las dos dosis se han administrado en pa\u00edses subdesarrollados\u201d - Noticias Radio Reflejos\" \/>\n<meta property=\"og:description\" content=\"Completamos la entrevista realizada la semana pasada a la reconocida pat\u00f3loga, investigadora especializada en muerte s\u00fabita en infantes que reside en Inglaterra, durante el micro \u201cTiempo Educativo\u201d.\" \/>\n<meta property=\"og:url\" content=\"https:\/\/www.noticiasradioreflejos.com.ar\/2021\/de-los-mas-de-3-mil-millones-de-vacunas-habilitadas-en-el-mundo-se-han-administrado-en-paises-desarrollados-y-solamente-un-1-de-las-dos-dosis-se-han-administrado-en-paises-subdesarrollados\/\" \/>\n<meta property=\"og:site_name\" content=\"Noticias Radio Reflejos\" \/>\n<meta property=\"article:published_time\" content=\"2021-08-06T18:32:35+00:00\" \/>\n<meta property=\"og:image\" content=\"https:\/\/www.noticiasradioreflejos.com.ar\/2021\/wp-content\/uploads\/2021\/07\/logosol300x200.png\" \/>\n\t<meta property=\"og:image:width\" content=\"300\" \/>\n\t<meta property=\"og:image:height\" content=\"200\" \/>\n\t<meta property=\"og:image:type\" content=\"image\/png\" \/>\n<meta name=\"author\" content=\"Arnaldo Botto\" \/>\n<meta name=\"twitter:card\" content=\"summary_large_image\" \/>\n<script type=\"application\/ld+json\" class=\"yoast-schema-graph\">{\"@context\":\"https:\/\/schema.org\",\"@graph\":[{\"@type\":\"WebPage\",\"@id\":\"https:\/\/www.noticiasradioreflejos.com.ar\/2021\/de-los-mas-de-3-mil-millones-de-vacunas-habilitadas-en-el-mundo-se-han-administrado-en-paises-desarrollados-y-solamente-un-1-de-las-dos-dosis-se-han-administrado-en-paises-subdesarrollados\/\",\"url\":\"https:\/\/www.noticiasradioreflejos.com.ar\/2021\/de-los-mas-de-3-mil-millones-de-vacunas-habilitadas-en-el-mundo-se-han-administrado-en-paises-desarrollados-y-solamente-un-1-de-las-dos-dosis-se-han-administrado-en-paises-subdesarrollados\/\",\"name\":\"\u201cDe los m\u00e1s de 3 mil millones de vacunas habilitadas en el mundo, se han administrado en pa\u00edses desarrollados y solamente un 1 % de las dos dosis se han administrado en pa\u00edses subdesarrollados\u201d - Noticias Radio Reflejos\",\"isPartOf\":{\"@id\":\"https:\/\/www.noticiasradioreflejos.com.ar\/2021\/#website\"},\"datePublished\":\"2021-08-06T18:32:35+00:00\",\"author\":{\"@id\":\"https:\/\/www.noticiasradioreflejos.com.ar\/2021\/#\/schema\/person\/ad82545263dcc5ec0996818884fd5fb1\"},\"breadcrumb\":{\"@id\":\"https:\/\/www.noticiasradioreflejos.com.ar\/2021\/de-los-mas-de-3-mil-millones-de-vacunas-habilitadas-en-el-mundo-se-han-administrado-en-paises-desarrollados-y-solamente-un-1-de-las-dos-dosis-se-han-administrado-en-paises-subdesarrollados\/#breadcrumb\"},\"inLanguage\":\"es\",\"potentialAction\":[{\"@type\":\"ReadAction\",\"target\":[\"https:\/\/www.noticiasradioreflejos.com.ar\/2021\/de-los-mas-de-3-mil-millones-de-vacunas-habilitadas-en-el-mundo-se-han-administrado-en-paises-desarrollados-y-solamente-un-1-de-las-dos-dosis-se-han-administrado-en-paises-subdesarrollados\/\"]}]},{\"@type\":\"BreadcrumbList\",\"@id\":\"https:\/\/www.noticiasradioreflejos.com.ar\/2021\/de-los-mas-de-3-mil-millones-de-vacunas-habilitadas-en-el-mundo-se-han-administrado-en-paises-desarrollados-y-solamente-un-1-de-las-dos-dosis-se-han-administrado-en-paises-subdesarrollados\/#breadcrumb\",\"itemListElement\":[{\"@type\":\"ListItem\",\"position\":1,\"name\":\"Portada\",\"item\":\"https:\/\/www.noticiasradioreflejos.com.ar\/2021\/\"},{\"@type\":\"ListItem\",\"position\":2,\"name\":\"\u201cDe los m\u00e1s de 3 mil millones de vacunas habilitadas en el mundo, se han administrado en pa\u00edses desarrollados y solamente un 1 % de las dos dosis se han administrado en pa\u00edses subdesarrollados\u201d\"}]},{\"@type\":\"WebSite\",\"@id\":\"https:\/\/www.noticiasradioreflejos.com.ar\/2021\/#website\",\"url\":\"https:\/\/www.noticiasradioreflejos.com.ar\/2021\/\",\"name\":\"Noticias Radio Reflejos\",\"description\":\"Las noticias de mi comarca\",\"potentialAction\":[{\"@type\":\"SearchAction\",\"target\":{\"@type\":\"EntryPoint\",\"urlTemplate\":\"https:\/\/www.noticiasradioreflejos.com.ar\/2021\/?s={search_term_string}\"},\"query-input\":{\"@type\":\"PropertyValueSpecification\",\"valueRequired\":true,\"valueName\":\"search_term_string\"}}],\"inLanguage\":\"es\"},{\"@type\":\"Person\",\"@id\":\"https:\/\/www.noticiasradioreflejos.com.ar\/2021\/#\/schema\/person\/ad82545263dcc5ec0996818884fd5fb1\",\"name\":\"Arnaldo Botto\",\"image\":{\"@type\":\"ImageObject\",\"inLanguage\":\"es\",\"@id\":\"https:\/\/www.noticiasradioreflejos.com.ar\/2021\/#\/schema\/person\/image\/\",\"url\":\"https:\/\/secure.gravatar.com\/avatar\/55cb5e37c1efa326397366e6974cb338056df65cb50e7d64d1cf314e87504837?s=96&d=mm&r=g\",\"contentUrl\":\"https:\/\/secure.gravatar.com\/avatar\/55cb5e37c1efa326397366e6974cb338056df65cb50e7d64d1cf314e87504837?s=96&d=mm&r=g\",\"caption\":\"Arnaldo Botto\"},\"url\":\"https:\/\/www.noticiasradioreflejos.com.ar\/2021\/author\/arnaldo\/\"}]}<\/script>\n<!-- \/ Yoast SEO plugin. -->","yoast_head_json":{"title":"\u201cDe los m\u00e1s de 3 mil millones de vacunas habilitadas en el mundo, se han administrado en pa\u00edses desarrollados y solamente un 1 % de las dos dosis se han administrado en pa\u00edses subdesarrollados\u201d - Noticias Radio Reflejos","robots":{"index":"index","follow":"follow","max-snippet":"max-snippet:-1","max-image-preview":"max-image-preview:large","max-video-preview":"max-video-preview:-1"},"canonical":"https:\/\/www.noticiasradioreflejos.com.ar\/2021\/de-los-mas-de-3-mil-millones-de-vacunas-habilitadas-en-el-mundo-se-han-administrado-en-paises-desarrollados-y-solamente-un-1-de-las-dos-dosis-se-han-administrado-en-paises-subdesarrollados\/","og_locale":"es_ES","og_type":"article","og_title":"\u201cDe los m\u00e1s de 3 mil millones de vacunas habilitadas en el mundo, se han administrado en pa\u00edses desarrollados y solamente un 1 % de las dos dosis se han administrado en pa\u00edses subdesarrollados\u201d - Noticias Radio Reflejos","og_description":"Completamos la entrevista realizada la semana pasada a la reconocida pat\u00f3loga, investigadora especializada en muerte s\u00fabita en infantes que reside en Inglaterra, durante el micro \u201cTiempo Educativo\u201d.","og_url":"https:\/\/www.noticiasradioreflejos.com.ar\/2021\/de-los-mas-de-3-mil-millones-de-vacunas-habilitadas-en-el-mundo-se-han-administrado-en-paises-desarrollados-y-solamente-un-1-de-las-dos-dosis-se-han-administrado-en-paises-subdesarrollados\/","og_site_name":"Noticias Radio Reflejos","article_published_time":"2021-08-06T18:32:35+00:00","og_image":[{"width":300,"height":200,"url":"https:\/\/www.noticiasradioreflejos.com.ar\/2021\/wp-content\/uploads\/2021\/07\/logosol300x200.png","type":"image\/png"}],"author":"Arnaldo Botto","twitter_card":"summary_large_image","schema":{"@context":"https:\/\/schema.org","@graph":[{"@type":"WebPage","@id":"https:\/\/www.noticiasradioreflejos.com.ar\/2021\/de-los-mas-de-3-mil-millones-de-vacunas-habilitadas-en-el-mundo-se-han-administrado-en-paises-desarrollados-y-solamente-un-1-de-las-dos-dosis-se-han-administrado-en-paises-subdesarrollados\/","url":"https:\/\/www.noticiasradioreflejos.com.ar\/2021\/de-los-mas-de-3-mil-millones-de-vacunas-habilitadas-en-el-mundo-se-han-administrado-en-paises-desarrollados-y-solamente-un-1-de-las-dos-dosis-se-han-administrado-en-paises-subdesarrollados\/","name":"\u201cDe los m\u00e1s de 3 mil millones de vacunas habilitadas en el mundo, se han administrado en pa\u00edses desarrollados y solamente un 1 % de las dos dosis se han administrado en pa\u00edses subdesarrollados\u201d - Noticias Radio Reflejos","isPartOf":{"@id":"https:\/\/www.noticiasradioreflejos.com.ar\/2021\/#website"},"datePublished":"2021-08-06T18:32:35+00:00","author":{"@id":"https:\/\/www.noticiasradioreflejos.com.ar\/2021\/#\/schema\/person\/ad82545263dcc5ec0996818884fd5fb1"},"breadcrumb":{"@id":"https:\/\/www.noticiasradioreflejos.com.ar\/2021\/de-los-mas-de-3-mil-millones-de-vacunas-habilitadas-en-el-mundo-se-han-administrado-en-paises-desarrollados-y-solamente-un-1-de-las-dos-dosis-se-han-administrado-en-paises-subdesarrollados\/#breadcrumb"},"inLanguage":"es","potentialAction":[{"@type":"ReadAction","target":["https:\/\/www.noticiasradioreflejos.com.ar\/2021\/de-los-mas-de-3-mil-millones-de-vacunas-habilitadas-en-el-mundo-se-han-administrado-en-paises-desarrollados-y-solamente-un-1-de-las-dos-dosis-se-han-administrado-en-paises-subdesarrollados\/"]}]},{"@type":"BreadcrumbList","@id":"https:\/\/www.noticiasradioreflejos.com.ar\/2021\/de-los-mas-de-3-mil-millones-de-vacunas-habilitadas-en-el-mundo-se-han-administrado-en-paises-desarrollados-y-solamente-un-1-de-las-dos-dosis-se-han-administrado-en-paises-subdesarrollados\/#breadcrumb","itemListElement":[{"@type":"ListItem","position":1,"name":"Portada","item":"https:\/\/www.noticiasradioreflejos.com.ar\/2021\/"},{"@type":"ListItem","position":2,"name":"\u201cDe los m\u00e1s de 3 mil millones de vacunas habilitadas en el mundo, se han administrado en pa\u00edses desarrollados y solamente un 1 % de las dos dosis se han administrado en pa\u00edses subdesarrollados\u201d"}]},{"@type":"WebSite","@id":"https:\/\/www.noticiasradioreflejos.com.ar\/2021\/#website","url":"https:\/\/www.noticiasradioreflejos.com.ar\/2021\/","name":"Noticias Radio Reflejos","description":"Las noticias de mi comarca","potentialAction":[{"@type":"SearchAction","target":{"@type":"EntryPoint","urlTemplate":"https:\/\/www.noticiasradioreflejos.com.ar\/2021\/?s={search_term_string}"},"query-input":{"@type":"PropertyValueSpecification","valueRequired":true,"valueName":"search_term_string"}}],"inLanguage":"es"},{"@type":"Person","@id":"https:\/\/www.noticiasradioreflejos.com.ar\/2021\/#\/schema\/person\/ad82545263dcc5ec0996818884fd5fb1","name":"Arnaldo Botto","image":{"@type":"ImageObject","inLanguage":"es","@id":"https:\/\/www.noticiasradioreflejos.com.ar\/2021\/#\/schema\/person\/image\/","url":"https:\/\/secure.gravatar.com\/avatar\/55cb5e37c1efa326397366e6974cb338056df65cb50e7d64d1cf314e87504837?s=96&d=mm&r=g","contentUrl":"https:\/\/secure.gravatar.com\/avatar\/55cb5e37c1efa326397366e6974cb338056df65cb50e7d64d1cf314e87504837?s=96&d=mm&r=g","caption":"Arnaldo Botto"},"url":"https:\/\/www.noticiasradioreflejos.com.ar\/2021\/author\/arnaldo\/"}]}},"_links":{"self":[{"href":"https:\/\/www.noticiasradioreflejos.com.ar\/2021\/wp-json\/wp\/v2\/posts\/61201","targetHints":{"allow":["GET"]}}],"collection":[{"href":"https:\/\/www.noticiasradioreflejos.com.ar\/2021\/wp-json\/wp\/v2\/posts"}],"about":[{"href":"https:\/\/www.noticiasradioreflejos.com.ar\/2021\/wp-json\/wp\/v2\/types\/post"}],"author":[{"embeddable":true,"href":"https:\/\/www.noticiasradioreflejos.com.ar\/2021\/wp-json\/wp\/v2\/users\/3"}],"replies":[{"embeddable":true,"href":"https:\/\/www.noticiasradioreflejos.com.ar\/2021\/wp-json\/wp\/v2\/comments?post=61201"}],"version-history":[{"count":1,"href":"https:\/\/www.noticiasradioreflejos.com.ar\/2021\/wp-json\/wp\/v2\/posts\/61201\/revisions"}],"predecessor-version":[{"id":61203,"href":"https:\/\/www.noticiasradioreflejos.com.ar\/2021\/wp-json\/wp\/v2\/posts\/61201\/revisions\/61203"}],"wp:attachment":[{"href":"https:\/\/www.noticiasradioreflejos.com.ar\/2021\/wp-json\/wp\/v2\/media?parent=61201"}],"wp:term":[{"taxonomy":"category","embeddable":true,"href":"https:\/\/www.noticiasradioreflejos.com.ar\/2021\/wp-json\/wp\/v2\/categories?post=61201"},{"taxonomy":"post_tag","embeddable":true,"href":"https:\/\/www.noticiasradioreflejos.com.ar\/2021\/wp-json\/wp\/v2\/tags?post=61201"}],"curies":[{"name":"wp","href":"https:\/\/api.w.org\/{rel}","templated":true}]}}