{"id":61197,"date":"2021-08-06T18:23:03","date_gmt":"2021-08-06T18:23:03","guid":{"rendered":"http:\/\/www.noticiasradioreflejos.com.ar\/2021\/?p=61197"},"modified":"2021-08-06T18:23:54","modified_gmt":"2021-08-06T18:23:54","slug":"saldungaray-secuestran-tres-caballos-en-estado-desnutricion","status":"publish","type":"post","link":"https:\/\/www.noticiasradioreflejos.com.ar\/2021\/saldungaray-secuestran-tres-caballos-en-estado-desnutricion\/","title":{"rendered":"Saldungaray: Secuestran tres caballos en estado desnutrici\u00f3n"},"content":{"rendered":"<p>A pedido del<strong> Dr. Pablo Florez<\/strong>, titular de la Ayudant\u00eda Fiscal de Tornquist dependiente de la UFIJ N.\u00ba 12, el Juez de Paz de esa localidad Dr. Francisco Frizza otorg\u00f3 una orden de allanamiento y secuestro de tres caballos en estado de delgadez y aparente desnutrici\u00f3n.<!--more--><\/p>\n<p>El personal de la Subestaci\u00f3n de Polic\u00eda de Seguridad comunal de Saldungaray realiz\u00f3 el procedimiento en un predio ubicado en la secci\u00f3n quintas de esa localidad.<\/p>\n<p>La denuncia fue realizada el 19 de julio del corriente a\u00f1o por el ex propietario del lugar, quien habr\u00eda dejado como responsable de los animales a su ex pareja.<\/p>\n<p>En ese contexto, la hija de ambos le habr\u00eda informado que los animales se encontraban en una mala situaci\u00f3n sanitaria y el denunciante decidi\u00f3 enviar a un veterinario, quien corrobor\u00f3 los hechos.<\/p>\n<p>Luego del allanamiento los caballos fueron trasladados al predio del Fort\u00edn Pav\u00f3n ubicado en calle Sauce y Pav\u00f3n Norte para su resguardo, control, alimentaci\u00f3n e hidrataci\u00f3n.<\/p>\n<p>La investigaci\u00f3n se encuentra en tr\u00e1mite con la intenci\u00f3n de determinar la responsabilidad de la due\u00f1a del lugar con respecto a una posible infracci\u00f3n a la Ley 14.346 de maltrato animal.<\/p>\n<div>\n<p><img decoding=\"async\" src=\"https:\/\/www.noticiastornquist.com.ar\/imagen.php?imagen=\/caballo11.jpg\" \/><\/p>\n<div><\/div>\n<hr \/>\n<p><img decoding=\"async\" src=\"https:\/\/www.noticiastornquist.com.ar\/imagen.php?imagen=\/caballos.jpg\" \/><\/p>\n<div><\/div>\n<hr \/>\n<\/div>\n<p>&nbsp;<\/p>\n<p>&nbsp;<\/p>\n","protected":false},"excerpt":{"rendered":"<p>A pedido del Dr. Pablo Florez, titular de la Ayudant\u00eda Fiscal de Tornquist dependiente de la UFIJ N.\u00ba 12, el Juez de Paz de esa localidad Dr. Francisco Frizza otorg\u00f3 una orden de allanamiento y secuestro de tres caballos en estado de delgadez y aparente desnutrici\u00f3n.<\/p>\n","protected":false},"author":3,"featured_media":0,"comment_status":"closed","ping_status":"closed","sticky":false,"template":"","format":"standard","meta":{"footnotes":""},"categories":[29],"tags":[48],"class_list":["post-61197","post","type-post","status-publish","format-standard","hentry","category-policiales","tag-destacada"],"yoast_head":"<!-- This site is optimized with the Yoast SEO plugin v25.9 - https:\/\/yoast.com\/wordpress\/plugins\/seo\/ -->\n<title>Saldungaray: Secuestran tres caballos en estado desnutrici\u00f3n - Noticias Radio Reflejos<\/title>\n<meta name=\"robots\" content=\"index, follow, max-snippet:-1, max-image-preview:large, max-video-preview:-1\" \/>\n<link rel=\"canonical\" href=\"https:\/\/www.noticiasradioreflejos.com.ar\/2021\/saldungaray-secuestran-tres-caballos-en-estado-desnutricion\/\" \/>\n<meta property=\"og:locale\" content=\"es_ES\" \/>\n<meta property=\"og:type\" content=\"article\" \/>\n<meta property=\"og:title\" content=\"Saldungaray: Secuestran tres caballos en estado desnutrici\u00f3n - Noticias Radio Reflejos\" \/>\n<meta property=\"og:description\" content=\"A pedido del Dr. Pablo Florez, titular de la Ayudant\u00eda Fiscal de Tornquist dependiente de la UFIJ N.\u00ba 12, el Juez de Paz de esa localidad Dr. Francisco Frizza otorg\u00f3 una orden de allanamiento y secuestro de tres caballos en estado de delgadez y aparente desnutrici\u00f3n.\" \/>\n<meta property=\"og:url\" content=\"https:\/\/www.noticiasradioreflejos.com.ar\/2021\/saldungaray-secuestran-tres-caballos-en-estado-desnutricion\/\" \/>\n<meta property=\"og:site_name\" content=\"Noticias Radio Reflejos\" \/>\n<meta property=\"article:published_time\" content=\"2021-08-06T18:23:03+00:00\" \/>\n<meta property=\"article:modified_time\" content=\"2021-08-06T18:23:54+00:00\" \/>\n<meta property=\"og:image\" content=\"https:\/\/www.noticiastornquist.com.ar\/imagen.php?imagen=\/caballo11.jpg\" \/>\n<meta name=\"author\" content=\"Arnaldo Botto\" \/>\n<meta name=\"twitter:card\" content=\"summary_large_image\" \/>\n<script type=\"application\/ld+json\" class=\"yoast-schema-graph\">{\"@context\":\"https:\/\/schema.org\",\"@graph\":[{\"@type\":\"WebPage\",\"@id\":\"https:\/\/www.noticiasradioreflejos.com.ar\/2021\/saldungaray-secuestran-tres-caballos-en-estado-desnutricion\/\",\"url\":\"https:\/\/www.noticiasradioreflejos.com.ar\/2021\/saldungaray-secuestran-tres-caballos-en-estado-desnutricion\/\",\"name\":\"Saldungaray: Secuestran tres caballos en estado desnutrici\u00f3n - Noticias Radio Reflejos\",\"isPartOf\":{\"@id\":\"https:\/\/www.noticiasradioreflejos.com.ar\/2021\/#website\"},\"primaryImageOfPage\":{\"@id\":\"https:\/\/www.noticiasradioreflejos.com.ar\/2021\/saldungaray-secuestran-tres-caballos-en-estado-desnutricion\/#primaryimage\"},\"image\":{\"@id\":\"https:\/\/www.noticiasradioreflejos.com.ar\/2021\/saldungaray-secuestran-tres-caballos-en-estado-desnutricion\/#primaryimage\"},\"thumbnailUrl\":\"https:\/\/www.noticiastornquist.com.ar\/imagen.php?imagen=\/caballo11.jpg\",\"datePublished\":\"2021-08-06T18:23:03+00:00\",\"dateModified\":\"2021-08-06T18:23:54+00:00\",\"author\":{\"@id\":\"https:\/\/www.noticiasradioreflejos.com.ar\/2021\/#\/schema\/person\/ad82545263dcc5ec0996818884fd5fb1\"},\"breadcrumb\":{\"@id\":\"https:\/\/www.noticiasradioreflejos.com.ar\/2021\/saldungaray-secuestran-tres-caballos-en-estado-desnutricion\/#breadcrumb\"},\"inLanguage\":\"es\",\"potentialAction\":[{\"@type\":\"ReadAction\",\"target\":[\"https:\/\/www.noticiasradioreflejos.com.ar\/2021\/saldungaray-secuestran-tres-caballos-en-estado-desnutricion\/\"]}]},{\"@type\":\"ImageObject\",\"inLanguage\":\"es\",\"@id\":\"https:\/\/www.noticiasradioreflejos.com.ar\/2021\/saldungaray-secuestran-tres-caballos-en-estado-desnutricion\/#primaryimage\",\"url\":\"https:\/\/www.noticiastornquist.com.ar\/imagen.php?imagen=\/caballo11.jpg\",\"contentUrl\":\"https:\/\/www.noticiastornquist.com.ar\/imagen.php?imagen=\/caballo11.jpg\"},{\"@type\":\"BreadcrumbList\",\"@id\":\"https:\/\/www.noticiasradioreflejos.com.ar\/2021\/saldungaray-secuestran-tres-caballos-en-estado-desnutricion\/#breadcrumb\",\"itemListElement\":[{\"@type\":\"ListItem\",\"position\":1,\"name\":\"Portada\",\"item\":\"https:\/\/www.noticiasradioreflejos.com.ar\/2021\/\"},{\"@type\":\"ListItem\",\"position\":2,\"name\":\"Saldungaray: Secuestran tres caballos en estado desnutrici\u00f3n\"}]},{\"@type\":\"WebSite\",\"@id\":\"https:\/\/www.noticiasradioreflejos.com.ar\/2021\/#website\",\"url\":\"https:\/\/www.noticiasradioreflejos.com.ar\/2021\/\",\"name\":\"Noticias Radio Reflejos\",\"description\":\"Las noticias de mi comarca\",\"potentialAction\":[{\"@type\":\"SearchAction\",\"target\":{\"@type\":\"EntryPoint\",\"urlTemplate\":\"https:\/\/www.noticiasradioreflejos.com.ar\/2021\/?s={search_term_string}\"},\"query-input\":{\"@type\":\"PropertyValueSpecification\",\"valueRequired\":true,\"valueName\":\"search_term_string\"}}],\"inLanguage\":\"es\"},{\"@type\":\"Person\",\"@id\":\"https:\/\/www.noticiasradioreflejos.com.ar\/2021\/#\/schema\/person\/ad82545263dcc5ec0996818884fd5fb1\",\"name\":\"Arnaldo Botto\",\"image\":{\"@type\":\"ImageObject\",\"inLanguage\":\"es\",\"@id\":\"https:\/\/www.noticiasradioreflejos.com.ar\/2021\/#\/schema\/person\/image\/\",\"url\":\"https:\/\/secure.gravatar.com\/avatar\/55cb5e37c1efa326397366e6974cb338056df65cb50e7d64d1cf314e87504837?s=96&d=mm&r=g\",\"contentUrl\":\"https:\/\/secure.gravatar.com\/avatar\/55cb5e37c1efa326397366e6974cb338056df65cb50e7d64d1cf314e87504837?s=96&d=mm&r=g\",\"caption\":\"Arnaldo Botto\"},\"url\":\"https:\/\/www.noticiasradioreflejos.com.ar\/2021\/author\/arnaldo\/\"}]}<\/script>\n<!-- \/ Yoast SEO plugin. -->","yoast_head_json":{"title":"Saldungaray: Secuestran tres caballos en estado desnutrici\u00f3n - Noticias Radio Reflejos","robots":{"index":"index","follow":"follow","max-snippet":"max-snippet:-1","max-image-preview":"max-image-preview:large","max-video-preview":"max-video-preview:-1"},"canonical":"https:\/\/www.noticiasradioreflejos.com.ar\/2021\/saldungaray-secuestran-tres-caballos-en-estado-desnutricion\/","og_locale":"es_ES","og_type":"article","og_title":"Saldungaray: Secuestran tres caballos en estado desnutrici\u00f3n - Noticias Radio Reflejos","og_description":"A pedido del Dr. Pablo Florez, titular de la Ayudant\u00eda Fiscal de Tornquist dependiente de la UFIJ N.\u00ba 12, el Juez de Paz de esa localidad Dr. Francisco Frizza otorg\u00f3 una orden de allanamiento y secuestro de tres caballos en estado de delgadez y aparente desnutrici\u00f3n.","og_url":"https:\/\/www.noticiasradioreflejos.com.ar\/2021\/saldungaray-secuestran-tres-caballos-en-estado-desnutricion\/","og_site_name":"Noticias Radio Reflejos","article_published_time":"2021-08-06T18:23:03+00:00","article_modified_time":"2021-08-06T18:23:54+00:00","og_image":[{"url":"https:\/\/www.noticiastornquist.com.ar\/imagen.php?imagen=\/caballo11.jpg","type":"","width":"","height":""}],"author":"Arnaldo Botto","twitter_card":"summary_large_image","schema":{"@context":"https:\/\/schema.org","@graph":[{"@type":"WebPage","@id":"https:\/\/www.noticiasradioreflejos.com.ar\/2021\/saldungaray-secuestran-tres-caballos-en-estado-desnutricion\/","url":"https:\/\/www.noticiasradioreflejos.com.ar\/2021\/saldungaray-secuestran-tres-caballos-en-estado-desnutricion\/","name":"Saldungaray: Secuestran tres caballos en estado desnutrici\u00f3n - Noticias Radio Reflejos","isPartOf":{"@id":"https:\/\/www.noticiasradioreflejos.com.ar\/2021\/#website"},"primaryImageOfPage":{"@id":"https:\/\/www.noticiasradioreflejos.com.ar\/2021\/saldungaray-secuestran-tres-caballos-en-estado-desnutricion\/#primaryimage"},"image":{"@id":"https:\/\/www.noticiasradioreflejos.com.ar\/2021\/saldungaray-secuestran-tres-caballos-en-estado-desnutricion\/#primaryimage"},"thumbnailUrl":"https:\/\/www.noticiastornquist.com.ar\/imagen.php?imagen=\/caballo11.jpg","datePublished":"2021-08-06T18:23:03+00:00","dateModified":"2021-08-06T18:23:54+00:00","author":{"@id":"https:\/\/www.noticiasradioreflejos.com.ar\/2021\/#\/schema\/person\/ad82545263dcc5ec0996818884fd5fb1"},"breadcrumb":{"@id":"https:\/\/www.noticiasradioreflejos.com.ar\/2021\/saldungaray-secuestran-tres-caballos-en-estado-desnutricion\/#breadcrumb"},"inLanguage":"es","potentialAction":[{"@type":"ReadAction","target":["https:\/\/www.noticiasradioreflejos.com.ar\/2021\/saldungaray-secuestran-tres-caballos-en-estado-desnutricion\/"]}]},{"@type":"ImageObject","inLanguage":"es","@id":"https:\/\/www.noticiasradioreflejos.com.ar\/2021\/saldungaray-secuestran-tres-caballos-en-estado-desnutricion\/#primaryimage","url":"https:\/\/www.noticiastornquist.com.ar\/imagen.php?imagen=\/caballo11.jpg","contentUrl":"https:\/\/www.noticiastornquist.com.ar\/imagen.php?imagen=\/caballo11.jpg"},{"@type":"BreadcrumbList","@id":"https:\/\/www.noticiasradioreflejos.com.ar\/2021\/saldungaray-secuestran-tres-caballos-en-estado-desnutricion\/#breadcrumb","itemListElement":[{"@type":"ListItem","position":1,"name":"Portada","item":"https:\/\/www.noticiasradioreflejos.com.ar\/2021\/"},{"@type":"ListItem","position":2,"name":"Saldungaray: Secuestran tres caballos en estado desnutrici\u00f3n"}]},{"@type":"WebSite","@id":"https:\/\/www.noticiasradioreflejos.com.ar\/2021\/#website","url":"https:\/\/www.noticiasradioreflejos.com.ar\/2021\/","name":"Noticias Radio Reflejos","description":"Las noticias de mi comarca","potentialAction":[{"@type":"SearchAction","target":{"@type":"EntryPoint","urlTemplate":"https:\/\/www.noticiasradioreflejos.com.ar\/2021\/?s={search_term_string}"},"query-input":{"@type":"PropertyValueSpecification","valueRequired":true,"valueName":"search_term_string"}}],"inLanguage":"es"},{"@type":"Person","@id":"https:\/\/www.noticiasradioreflejos.com.ar\/2021\/#\/schema\/person\/ad82545263dcc5ec0996818884fd5fb1","name":"Arnaldo Botto","image":{"@type":"ImageObject","inLanguage":"es","@id":"https:\/\/www.noticiasradioreflejos.com.ar\/2021\/#\/schema\/person\/image\/","url":"https:\/\/secure.gravatar.com\/avatar\/55cb5e37c1efa326397366e6974cb338056df65cb50e7d64d1cf314e87504837?s=96&d=mm&r=g","contentUrl":"https:\/\/secure.gravatar.com\/avatar\/55cb5e37c1efa326397366e6974cb338056df65cb50e7d64d1cf314e87504837?s=96&d=mm&r=g","caption":"Arnaldo Botto"},"url":"https:\/\/www.noticiasradioreflejos.com.ar\/2021\/author\/arnaldo\/"}]}},"_links":{"self":[{"href":"https:\/\/www.noticiasradioreflejos.com.ar\/2021\/wp-json\/wp\/v2\/posts\/61197","targetHints":{"allow":["GET"]}}],"collection":[{"href":"https:\/\/www.noticiasradioreflejos.com.ar\/2021\/wp-json\/wp\/v2\/posts"}],"about":[{"href":"https:\/\/www.noticiasradioreflejos.com.ar\/2021\/wp-json\/wp\/v2\/types\/post"}],"author":[{"embeddable":true,"href":"https:\/\/www.noticiasradioreflejos.com.ar\/2021\/wp-json\/wp\/v2\/users\/3"}],"replies":[{"embeddable":true,"href":"https:\/\/www.noticiasradioreflejos.com.ar\/2021\/wp-json\/wp\/v2\/comments?post=61197"}],"version-history":[{"count":2,"href":"https:\/\/www.noticiasradioreflejos.com.ar\/2021\/wp-json\/wp\/v2\/posts\/61197\/revisions"}],"predecessor-version":[{"id":61200,"href":"https:\/\/www.noticiasradioreflejos.com.ar\/2021\/wp-json\/wp\/v2\/posts\/61197\/revisions\/61200"}],"wp:attachment":[{"href":"https:\/\/www.noticiasradioreflejos.com.ar\/2021\/wp-json\/wp\/v2\/media?parent=61197"}],"wp:term":[{"taxonomy":"category","embeddable":true,"href":"https:\/\/www.noticiasradioreflejos.com.ar\/2021\/wp-json\/wp\/v2\/categories?post=61197"},{"taxonomy":"post_tag","embeddable":true,"href":"https:\/\/www.noticiasradioreflejos.com.ar\/2021\/wp-json\/wp\/v2\/tags?post=61197"}],"curies":[{"name":"wp","href":"https:\/\/api.w.org\/{rel}","templated":true}]}}