{"id":61194,"date":"2021-08-06T18:18:45","date_gmt":"2021-08-06T18:18:45","guid":{"rendered":"http:\/\/www.noticiasradioreflejos.com.ar\/2021\/?p=61194"},"modified":"2021-08-06T18:18:45","modified_gmt":"2021-08-06T18:18:45","slug":"chocaron-dos-camiones-en-la-ruta-33-2","status":"publish","type":"post","link":"https:\/\/www.noticiasradioreflejos.com.ar\/2021\/chocaron-dos-camiones-en-la-ruta-33-2\/","title":{"rendered":"Chocaron dos camiones en la ruta 33"},"content":{"rendered":"<p>Un accidente entre dos camiones se registr\u00f3 este viernes pasadas las 11.30 hs en el km 32 de la ruta 33.<!--more--><br \/>\n<a title=\"Choque ruta 33 6 agosto (1)\" href=\"https:\/\/www.flickr.com\/photos\/182279889@N02\/51361243026\/in\/dateposted-public\/\" data-flickr-embed=\"true\"><img loading=\"lazy\" decoding=\"async\" src=\"https:\/\/live.staticflickr.com\/65535\/51361243026_f7ac480f48_c.jpg\" alt=\"Choque ruta 33 6 agosto (1)\" width=\"800\" height=\"600\" \/><\/a><script async src=\"\/\/embedr.flickr.com\/assets\/client-code.js\" charset=\"utf-8\"><\/script><br \/>\nA las 11:39 hs se recibe el llamado de CDP que en ruta 33 km 33.5 aproximadamente por el choque de\u00a0 dos camiones, uno vac\u00edo y el otro cargado de trigo, ambos chasis y acoplado.<\/p>\n<p>Uno de los veh\u00edculos, un Fiat 619 dominio TZY 075 conducido por el sr. Sebasti\u00e1n Genreiro de 26 a\u00f1os oriundo de Pigue, que sufri\u00f3 traumatismos en ambas piernas quedando atrapado por el torpedo, siendo trasladado en ambulancia del servicio Siempre a un centro asistencial.<\/p>\n<p><a title=\"Choque ruta 33 6 agosto (6)\" href=\"https:\/\/www.flickr.com\/photos\/182279889@N02\/51361971369\/in\/dateposted-public\/\" data-flickr-embed=\"true\"><img loading=\"lazy\" decoding=\"async\" src=\"https:\/\/live.staticflickr.com\/65535\/51361971369_126b0fde9d_c.jpg\" alt=\"Choque ruta 33 6 agosto (6)\" width=\"800\" height=\"600\" \/><\/a><script async src=\"\/\/embedr.flickr.com\/assets\/client-code.js\" charset=\"utf-8\"><\/script><\/p>\n<p>El otro cami\u00f3n un Scania 113, dominio AJA 000 conducido por el Sr. Leyenda Benjamin,\u00a0 de 26 a\u00f1os de Cnel Suarez que result\u00f3 ileso.<\/p>\n<p>Las causas por las cuales se produjo el accidente se desconocen . intervino polic\u00eda vial, polic\u00eda de jurisdicci\u00f3n 7 , bomberos central, bomberos de Daniel Cerri ambos con una dotaci\u00f3n y guardia de defensa civil.<\/p>\n<p><a title=\"Choque ruta 33 6 agosto (2)\" href=\"https:\/\/www.flickr.com\/photos\/182279889@N02\/51361243221\/in\/dateposted-public\/\" data-flickr-embed=\"true\"><img loading=\"lazy\" decoding=\"async\" src=\"https:\/\/live.staticflickr.com\/65535\/51361243221_1c80617ac5_c.jpg\" alt=\"Choque ruta 33 6 agosto (2)\" width=\"800\" height=\"600\" \/><\/a><script async src=\"\/\/embedr.flickr.com\/assets\/client-code.js\" charset=\"utf-8\"><\/script><\/p>\n<p>El Fiat 619 iba en sentido hacia Tornquist y el Scania hacia Bah\u00eda Blanca<\/p>\n<p><strong>Fotos gentileza Julio Scarafia.<\/strong><\/p>\n<p><script async src=\"\/\/embedr.flickr.com\/assets\/client-code.js\" charset=\"utf-8\"><\/script><\/p>\n<div>\n<p><img decoding=\"async\" src=\"https:\/\/www.noticiastornquist.com.ar\/imagen.php?imagen=\/whatsapp-image-20210806-at-1.50.43-pm.jpeg\" \/><\/p>\n<div><\/div>\n<p><a title=\"Choque ruta 33 6 agosto (3)\" href=\"https:\/\/www.flickr.com\/photos\/182279889@N02\/51361463033\/in\/dateposted-public\/\" data-flickr-embed=\"true\"><img loading=\"lazy\" decoding=\"async\" src=\"https:\/\/live.staticflickr.com\/65535\/51361463033_bf8b9b535d_c.jpg\" alt=\"Choque ruta 33 6 agosto (3)\" width=\"800\" height=\"600\" \/><\/a><script async src=\"\/\/embedr.flickr.com\/assets\/client-code.js\" charset=\"utf-8\"><\/script><\/p>\n<\/div>\n","protected":false},"excerpt":{"rendered":"<p>Un accidente entre dos camiones se registr\u00f3 este viernes pasadas las 11.30 hs en el km 32 de la ruta 33.<\/p>\n","protected":false},"author":3,"featured_media":0,"comment_status":"closed","ping_status":"closed","sticky":false,"template":"","format":"standard","meta":{"footnotes":""},"categories":[29],"tags":[],"class_list":["post-61194","post","type-post","status-publish","format-standard","hentry","category-policiales"],"yoast_head":"<!-- This site is optimized with the Yoast SEO plugin v25.9 - https:\/\/yoast.com\/wordpress\/plugins\/seo\/ -->\n<title>Chocaron dos camiones en la ruta 33 - Noticias Radio Reflejos<\/title>\n<meta name=\"robots\" content=\"index, follow, max-snippet:-1, max-image-preview:large, max-video-preview:-1\" \/>\n<link rel=\"canonical\" href=\"https:\/\/www.noticiasradioreflejos.com.ar\/2021\/chocaron-dos-camiones-en-la-ruta-33-2\/\" \/>\n<meta property=\"og:locale\" content=\"es_ES\" \/>\n<meta property=\"og:type\" content=\"article\" \/>\n<meta property=\"og:title\" content=\"Chocaron dos camiones en la ruta 33 - Noticias Radio Reflejos\" \/>\n<meta property=\"og:description\" content=\"Un accidente entre dos camiones se registr\u00f3 este viernes pasadas las 11.30 hs en el km 32 de la ruta 33.\" \/>\n<meta property=\"og:url\" content=\"https:\/\/www.noticiasradioreflejos.com.ar\/2021\/chocaron-dos-camiones-en-la-ruta-33-2\/\" \/>\n<meta property=\"og:site_name\" content=\"Noticias Radio Reflejos\" \/>\n<meta property=\"article:published_time\" content=\"2021-08-06T18:18:45+00:00\" \/>\n<meta property=\"og:image\" content=\"https:\/\/live.staticflickr.com\/65535\/51361243026_f7ac480f48_c.jpg\" \/>\n<meta name=\"author\" content=\"Arnaldo Botto\" \/>\n<meta name=\"twitter:card\" content=\"summary_large_image\" \/>\n<script type=\"application\/ld+json\" class=\"yoast-schema-graph\">{\"@context\":\"https:\/\/schema.org\",\"@graph\":[{\"@type\":\"WebPage\",\"@id\":\"https:\/\/www.noticiasradioreflejos.com.ar\/2021\/chocaron-dos-camiones-en-la-ruta-33-2\/\",\"url\":\"https:\/\/www.noticiasradioreflejos.com.ar\/2021\/chocaron-dos-camiones-en-la-ruta-33-2\/\",\"name\":\"Chocaron dos camiones en la ruta 33 - Noticias Radio Reflejos\",\"isPartOf\":{\"@id\":\"https:\/\/www.noticiasradioreflejos.com.ar\/2021\/#website\"},\"primaryImageOfPage\":{\"@id\":\"https:\/\/www.noticiasradioreflejos.com.ar\/2021\/chocaron-dos-camiones-en-la-ruta-33-2\/#primaryimage\"},\"image\":{\"@id\":\"https:\/\/www.noticiasradioreflejos.com.ar\/2021\/chocaron-dos-camiones-en-la-ruta-33-2\/#primaryimage\"},\"thumbnailUrl\":\"https:\/\/live.staticflickr.com\/65535\/51361243026_f7ac480f48_c.jpg\",\"datePublished\":\"2021-08-06T18:18:45+00:00\",\"author\":{\"@id\":\"https:\/\/www.noticiasradioreflejos.com.ar\/2021\/#\/schema\/person\/ad82545263dcc5ec0996818884fd5fb1\"},\"breadcrumb\":{\"@id\":\"https:\/\/www.noticiasradioreflejos.com.ar\/2021\/chocaron-dos-camiones-en-la-ruta-33-2\/#breadcrumb\"},\"inLanguage\":\"es\",\"potentialAction\":[{\"@type\":\"ReadAction\",\"target\":[\"https:\/\/www.noticiasradioreflejos.com.ar\/2021\/chocaron-dos-camiones-en-la-ruta-33-2\/\"]}]},{\"@type\":\"ImageObject\",\"inLanguage\":\"es\",\"@id\":\"https:\/\/www.noticiasradioreflejos.com.ar\/2021\/chocaron-dos-camiones-en-la-ruta-33-2\/#primaryimage\",\"url\":\"https:\/\/live.staticflickr.com\/65535\/51361243026_f7ac480f48_c.jpg\",\"contentUrl\":\"https:\/\/live.staticflickr.com\/65535\/51361243026_f7ac480f48_c.jpg\"},{\"@type\":\"BreadcrumbList\",\"@id\":\"https:\/\/www.noticiasradioreflejos.com.ar\/2021\/chocaron-dos-camiones-en-la-ruta-33-2\/#breadcrumb\",\"itemListElement\":[{\"@type\":\"ListItem\",\"position\":1,\"name\":\"Portada\",\"item\":\"https:\/\/www.noticiasradioreflejos.com.ar\/2021\/\"},{\"@type\":\"ListItem\",\"position\":2,\"name\":\"Chocaron dos camiones en la ruta 33\"}]},{\"@type\":\"WebSite\",\"@id\":\"https:\/\/www.noticiasradioreflejos.com.ar\/2021\/#website\",\"url\":\"https:\/\/www.noticiasradioreflejos.com.ar\/2021\/\",\"name\":\"Noticias Radio Reflejos\",\"description\":\"Las noticias de mi comarca\",\"potentialAction\":[{\"@type\":\"SearchAction\",\"target\":{\"@type\":\"EntryPoint\",\"urlTemplate\":\"https:\/\/www.noticiasradioreflejos.com.ar\/2021\/?s={search_term_string}\"},\"query-input\":{\"@type\":\"PropertyValueSpecification\",\"valueRequired\":true,\"valueName\":\"search_term_string\"}}],\"inLanguage\":\"es\"},{\"@type\":\"Person\",\"@id\":\"https:\/\/www.noticiasradioreflejos.com.ar\/2021\/#\/schema\/person\/ad82545263dcc5ec0996818884fd5fb1\",\"name\":\"Arnaldo Botto\",\"image\":{\"@type\":\"ImageObject\",\"inLanguage\":\"es\",\"@id\":\"https:\/\/www.noticiasradioreflejos.com.ar\/2021\/#\/schema\/person\/image\/\",\"url\":\"https:\/\/secure.gravatar.com\/avatar\/55cb5e37c1efa326397366e6974cb338056df65cb50e7d64d1cf314e87504837?s=96&d=mm&r=g\",\"contentUrl\":\"https:\/\/secure.gravatar.com\/avatar\/55cb5e37c1efa326397366e6974cb338056df65cb50e7d64d1cf314e87504837?s=96&d=mm&r=g\",\"caption\":\"Arnaldo Botto\"},\"url\":\"https:\/\/www.noticiasradioreflejos.com.ar\/2021\/author\/arnaldo\/\"}]}<\/script>\n<!-- \/ Yoast SEO plugin. -->","yoast_head_json":{"title":"Chocaron dos camiones en la ruta 33 - Noticias Radio Reflejos","robots":{"index":"index","follow":"follow","max-snippet":"max-snippet:-1","max-image-preview":"max-image-preview:large","max-video-preview":"max-video-preview:-1"},"canonical":"https:\/\/www.noticiasradioreflejos.com.ar\/2021\/chocaron-dos-camiones-en-la-ruta-33-2\/","og_locale":"es_ES","og_type":"article","og_title":"Chocaron dos camiones en la ruta 33 - Noticias Radio Reflejos","og_description":"Un accidente entre dos camiones se registr\u00f3 este viernes pasadas las 11.30 hs en el km 32 de la ruta 33.","og_url":"https:\/\/www.noticiasradioreflejos.com.ar\/2021\/chocaron-dos-camiones-en-la-ruta-33-2\/","og_site_name":"Noticias Radio Reflejos","article_published_time":"2021-08-06T18:18:45+00:00","og_image":[{"url":"https:\/\/live.staticflickr.com\/65535\/51361243026_f7ac480f48_c.jpg","type":"","width":"","height":""}],"author":"Arnaldo Botto","twitter_card":"summary_large_image","schema":{"@context":"https:\/\/schema.org","@graph":[{"@type":"WebPage","@id":"https:\/\/www.noticiasradioreflejos.com.ar\/2021\/chocaron-dos-camiones-en-la-ruta-33-2\/","url":"https:\/\/www.noticiasradioreflejos.com.ar\/2021\/chocaron-dos-camiones-en-la-ruta-33-2\/","name":"Chocaron dos camiones en la ruta 33 - Noticias Radio Reflejos","isPartOf":{"@id":"https:\/\/www.noticiasradioreflejos.com.ar\/2021\/#website"},"primaryImageOfPage":{"@id":"https:\/\/www.noticiasradioreflejos.com.ar\/2021\/chocaron-dos-camiones-en-la-ruta-33-2\/#primaryimage"},"image":{"@id":"https:\/\/www.noticiasradioreflejos.com.ar\/2021\/chocaron-dos-camiones-en-la-ruta-33-2\/#primaryimage"},"thumbnailUrl":"https:\/\/live.staticflickr.com\/65535\/51361243026_f7ac480f48_c.jpg","datePublished":"2021-08-06T18:18:45+00:00","author":{"@id":"https:\/\/www.noticiasradioreflejos.com.ar\/2021\/#\/schema\/person\/ad82545263dcc5ec0996818884fd5fb1"},"breadcrumb":{"@id":"https:\/\/www.noticiasradioreflejos.com.ar\/2021\/chocaron-dos-camiones-en-la-ruta-33-2\/#breadcrumb"},"inLanguage":"es","potentialAction":[{"@type":"ReadAction","target":["https:\/\/www.noticiasradioreflejos.com.ar\/2021\/chocaron-dos-camiones-en-la-ruta-33-2\/"]}]},{"@type":"ImageObject","inLanguage":"es","@id":"https:\/\/www.noticiasradioreflejos.com.ar\/2021\/chocaron-dos-camiones-en-la-ruta-33-2\/#primaryimage","url":"https:\/\/live.staticflickr.com\/65535\/51361243026_f7ac480f48_c.jpg","contentUrl":"https:\/\/live.staticflickr.com\/65535\/51361243026_f7ac480f48_c.jpg"},{"@type":"BreadcrumbList","@id":"https:\/\/www.noticiasradioreflejos.com.ar\/2021\/chocaron-dos-camiones-en-la-ruta-33-2\/#breadcrumb","itemListElement":[{"@type":"ListItem","position":1,"name":"Portada","item":"https:\/\/www.noticiasradioreflejos.com.ar\/2021\/"},{"@type":"ListItem","position":2,"name":"Chocaron dos camiones en la ruta 33"}]},{"@type":"WebSite","@id":"https:\/\/www.noticiasradioreflejos.com.ar\/2021\/#website","url":"https:\/\/www.noticiasradioreflejos.com.ar\/2021\/","name":"Noticias Radio Reflejos","description":"Las noticias de mi comarca","potentialAction":[{"@type":"SearchAction","target":{"@type":"EntryPoint","urlTemplate":"https:\/\/www.noticiasradioreflejos.com.ar\/2021\/?s={search_term_string}"},"query-input":{"@type":"PropertyValueSpecification","valueRequired":true,"valueName":"search_term_string"}}],"inLanguage":"es"},{"@type":"Person","@id":"https:\/\/www.noticiasradioreflejos.com.ar\/2021\/#\/schema\/person\/ad82545263dcc5ec0996818884fd5fb1","name":"Arnaldo Botto","image":{"@type":"ImageObject","inLanguage":"es","@id":"https:\/\/www.noticiasradioreflejos.com.ar\/2021\/#\/schema\/person\/image\/","url":"https:\/\/secure.gravatar.com\/avatar\/55cb5e37c1efa326397366e6974cb338056df65cb50e7d64d1cf314e87504837?s=96&d=mm&r=g","contentUrl":"https:\/\/secure.gravatar.com\/avatar\/55cb5e37c1efa326397366e6974cb338056df65cb50e7d64d1cf314e87504837?s=96&d=mm&r=g","caption":"Arnaldo Botto"},"url":"https:\/\/www.noticiasradioreflejos.com.ar\/2021\/author\/arnaldo\/"}]}},"_links":{"self":[{"href":"https:\/\/www.noticiasradioreflejos.com.ar\/2021\/wp-json\/wp\/v2\/posts\/61194","targetHints":{"allow":["GET"]}}],"collection":[{"href":"https:\/\/www.noticiasradioreflejos.com.ar\/2021\/wp-json\/wp\/v2\/posts"}],"about":[{"href":"https:\/\/www.noticiasradioreflejos.com.ar\/2021\/wp-json\/wp\/v2\/types\/post"}],"author":[{"embeddable":true,"href":"https:\/\/www.noticiasradioreflejos.com.ar\/2021\/wp-json\/wp\/v2\/users\/3"}],"replies":[{"embeddable":true,"href":"https:\/\/www.noticiasradioreflejos.com.ar\/2021\/wp-json\/wp\/v2\/comments?post=61194"}],"version-history":[{"count":1,"href":"https:\/\/www.noticiasradioreflejos.com.ar\/2021\/wp-json\/wp\/v2\/posts\/61194\/revisions"}],"predecessor-version":[{"id":61196,"href":"https:\/\/www.noticiasradioreflejos.com.ar\/2021\/wp-json\/wp\/v2\/posts\/61194\/revisions\/61196"}],"wp:attachment":[{"href":"https:\/\/www.noticiasradioreflejos.com.ar\/2021\/wp-json\/wp\/v2\/media?parent=61194"}],"wp:term":[{"taxonomy":"category","embeddable":true,"href":"https:\/\/www.noticiasradioreflejos.com.ar\/2021\/wp-json\/wp\/v2\/categories?post=61194"},{"taxonomy":"post_tag","embeddable":true,"href":"https:\/\/www.noticiasradioreflejos.com.ar\/2021\/wp-json\/wp\/v2\/tags?post=61194"}],"curies":[{"name":"wp","href":"https:\/\/api.w.org\/{rel}","templated":true}]}}