{"id":61188,"date":"2021-08-06T14:52:38","date_gmt":"2021-08-06T14:52:38","guid":{"rendered":"http:\/\/www.noticiasradioreflejos.com.ar\/2021\/?p=61188"},"modified":"2021-08-06T15:28:56","modified_gmt":"2021-08-06T15:28:56","slug":"el-gobierno-emitira-un-nuevo-dnu-con-aperturas-progresivas-en-viajes-turismo-y-eventos-masivos-al-aire-libre","status":"publish","type":"post","link":"https:\/\/www.noticiasradioreflejos.com.ar\/2021\/el-gobierno-emitira-un-nuevo-dnu-con-aperturas-progresivas-en-viajes-turismo-y-eventos-masivos-al-aire-libre\/","title":{"rendered":"El Gobierno emitir\u00e1 un nuevo DNU con aperturas progresivas en viajes, turismo y eventos masivos al aire libre"},"content":{"rendered":"<p>El presidente Alberto Fern\u00e1ndez anunci\u00f3 esta ma\u00f1ana que el Gobierno nacional pondr\u00e1 en marcha un plan de recuperaci\u00f3n de actividades de manera responsable y cuidadosa elaborado en base a la prioridad de aumentar durante agosto las aplicaciones de segundas dosis contra el Covid-19, en el marco de un nuevo DNU que emitir\u00e1 que tendr\u00e1 como prioridad la aperturas progresivas en viajes, turismo y eventos masivos al aire libre.<!--more--><\/p>\n<p class=\"paragraph\">El mandatario dijo que se est\u00e1 logrando retrasar el ingreso de la vicariante Delta y ese desaf\u00edo se afrontar\u00e1 con el compromiso de todo. \u201cEstamos avanzando con el plan de vacunaci\u00f3n y cada d\u00eda tenemos mas argentinos protegidos\u201d, enfatiz\u00f3.<\/p>\n<p class=\"paragraph\">\u201c<mark class=\"hl_yellow\"><b>Cuanto m\u00e1s vacunemos y nos cuidemos m\u00e1s podremos sostener estos logros y m\u00e1s podremos avanzar en aperturas sostenidas y progresivas<\/b><\/mark>\u201d, se\u00f1al\u00f3 el Jefe de Estado en un mensaje al pa\u00eds desde la Casa Rosada, con motivo del nuevo DNU que el Gobierno nacional dictar\u00e1 hoy, y del que\u00a0<b>este mediod\u00eda se conocer\u00e1n m\u00e1s detalles<\/b>, en el marco de la pandemia por el coronavirus.<\/p>\n<blockquote class=\"color_figcaption\">\n<div class=\"text\">El jefe Gabinete de la Naci\u00f3n, Santiago Cafiero, y la ministra de Salud, Carla Vizzotti, brindar\u00e1n este mediod\u00eda detalles del nuevo DNU<\/div>\n<\/blockquote>\n<p class=\"paragraph\">\u201cEsto es un logro colectivo. Tenemos el 80% de la personas mayores con al menos una dosis. Nuestra prioridad es aumentar las segunda dosis priorizando a las personas mayores de 50 a\u00f1os. En agosto vamos a aplicar mas de 7 millones de segundas dosis. . Adem\u00e1s, seguiremos aplicando las primeras dosis a los y las adolescentes entre 12 y 17 a\u00f1os que hayan sido priorizados\u201d, a\u00f1adi\u00f3.<\/p>\n<div class=\"visual__image \"><img loading=\"lazy\" decoding=\"async\" src=\"https:\/\/www.infobae.com\/new-resizer\/5xFYqU4DIdnQ0gs18BsTGHprXAo=\/420x236\/filters:format(jpg):quality(85)\/cloudfront-us-east-1.images.arcpublishing.com\/infobae\/3RBUGEJPKRF6FEYZ5QM6ZBJ4HE.jpeg%20420w\" sizes=\"auto, (min-width: 800px) 50vw, 90vw\" srcset=\"https:\/\/www.infobae.com\/new-resizer\/5xFYqU4DIdnQ0gs18BsTGHprXAo=\/420x236\/filters:format(jpg):quality(85)\/cloudfront-us-east-1.images.arcpublishing.com\/infobae\/3RBUGEJPKRF6FEYZ5QM6ZBJ4HE.jpeg 420w,https:\/\/www.infobae.com\/new-resizer\/zUNxV-8eXCqxXOfTUU6GnT5_0_o=\/768x432\/filters:format(jpg):quality(85)\/cloudfront-us-east-1.images.arcpublishing.com\/infobae\/3RBUGEJPKRF6FEYZ5QM6ZBJ4HE.jpeg 768w,https:\/\/www.infobae.com\/new-resizer\/UXOQks-idqh5KU9oiYorK7M2Rcs=\/992x558\/filters:format(jpg):quality(85)\/cloudfront-us-east-1.images.arcpublishing.com\/infobae\/3RBUGEJPKRF6FEYZ5QM6ZBJ4HE.jpeg 992w,https:\/\/www.infobae.com\/new-resizer\/7rHILXTNwCl8IcWZ3Ml-AEJWP7s=\/1200x675\/filters:format(jpg):quality(85)\/cloudfront-us-east-1.images.arcpublishing.com\/infobae\/3RBUGEJPKRF6FEYZ5QM6ZBJ4HE.jpeg 1200w\" alt=\"&quot;Se est\u00e1 logrando retrasar el ingreso de la variante Delta a la Argentina&quot;, dijo Fern\u00e1ndez\" width=\"1920\" height=\"1080\" \/>\u00abSe est\u00e1 logrando retrasar el ingreso de la variante Delta a la Argentina\u00bb, dijo Fern\u00e1ndez<\/div>\n<p class=\"paragraph\">\u201cCuanto m\u00e1s vacunemos y m\u00e1s nos cuidemos, m\u00e1s vamos a poder avanzar en un plan de aperturas responsables. Poco a poco ampliaremos la cantidad de personas que puedan reunirse. Con el avance de la vacuna lograremos que no se incrementen en n\u00famero de internaciones y la cantidad de fallecimientos\u201d, enfatiz\u00f3.<\/p>\n<p class=\"paragraph\"><mark class=\"hl_yellow\">El siguiente paso ser\u00e1 la reanudaci\u00f3n de eventos masivos. Tambi\u00e9n viajes grupales de personas mayores con esquema completo de vacunaci\u00f3n. Y se habilitar\u00e1 el turismo siempre y cuando no sean \u00e1reas declarar en alerta epidemiol\u00f3gica.<\/mark><\/p>\n<p class=\"paragraph\">Subray\u00f3 que \u201csiempre con el objetivo de que no sature el sistema de salud, estos avances nos permiten anunciar el plan que hemos elaborado para recuperar actividades de manera responsable y cuidadosa\u201d.<\/p>\n<div class=\"visual__image \"><img loading=\"lazy\" decoding=\"async\" src=\"https:\/\/www.infobae.com\/new-resizer\/_WF6si3hm3wv6LhTh6VUop5d4TM=\/420x236\/filters:format(jpg):quality(85)\/cloudfront-us-east-1.images.arcpublishing.com\/infobae\/TLPFJROQIBAEHD55VHVTOH3P4M.jpg%20420w\" sizes=\"auto, (min-width: 800px) 50vw, 90vw\" srcset=\"https:\/\/www.infobae.com\/new-resizer\/_WF6si3hm3wv6LhTh6VUop5d4TM=\/420x236\/filters:format(jpg):quality(85)\/cloudfront-us-east-1.images.arcpublishing.com\/infobae\/TLPFJROQIBAEHD55VHVTOH3P4M.jpg 420w,https:\/\/www.infobae.com\/new-resizer\/xt1ZembX0b5lhL1Jq2rAzCBEml0=\/768x432\/filters:format(jpg):quality(85)\/cloudfront-us-east-1.images.arcpublishing.com\/infobae\/TLPFJROQIBAEHD55VHVTOH3P4M.jpg 768w,https:\/\/www.infobae.com\/new-resizer\/3qIfI0xmRjRrjqHzEMJFBqIc0M4=\/992x558\/filters:format(jpg):quality(85)\/cloudfront-us-east-1.images.arcpublishing.com\/infobae\/TLPFJROQIBAEHD55VHVTOH3P4M.jpg 992w,https:\/\/www.infobae.com\/new-resizer\/BhrHG14DdhcxDCt4Bnz2zzVlDjU=\/1200x675\/filters:format(jpg):quality(85)\/cloudfront-us-east-1.images.arcpublishing.com\/infobae\/TLPFJROQIBAEHD55VHVTOH3P4M.jpg 1200w\" alt=\"\" width=\"1920\" height=\"1079\" \/><\/div>\n<p class=\"paragraph\">Explic\u00f3 que en el marco del nuevo DNU, desde ma\u00f1ana \u201campliaremos poco a poco la cantidad de personas que puedan reunirse\u201d y que esta situaci\u00f3n \u201cnos permite avanzar con la presencialidad escolar. Otro logro colectivo. El seguimiento se realizar\u00e1 de manera conjunta entre el Ministerio de Salud y el Consejo Federal de Educaci\u00f3n\u201d.<\/p>\n<p class=\"paragraph\">Dijo tambi\u00e9n que el siguiente paso, cuando la situaci\u00f3n lo permita, ser\u00e1 el regreso del p\u00fablico con aforos progresivos a eventos masivos, deportivos y recitales al aire libre. Tambi\u00e9n puntualiz\u00f3 que en dicha etapa podr\u00e1 haber viajes grupales de personas mayores que tengan el esquema completo de vacunaci\u00f3n.<\/p>\n<p class=\"paragraph\">\u201cEn el plan de recuperaci\u00f3n de actividades, cuando se den las condiciones, habilitaremos el turismo para personas que tengan el esquema completo de vacunaci\u00f3n empezando con pa\u00edses de la regi\u00f3n. Y as\u00ed seguiremos avanzando\u201d, afirm\u00f3 al respecto.<\/p>\n<div class=\"visual__image \"><img loading=\"lazy\" decoding=\"async\" src=\"https:\/\/www.infobae.com\/new-resizer\/CJxGI862W47_yiE95y_FcL-to6w=\/420x236\/filters:format(jpg):quality(85)\/cloudfront-us-east-1.images.arcpublishing.com\/infobae\/W7R3JACQ3JCZDBLOSGTVSZZZWM.jpg%20420w\" sizes=\"auto, (min-width: 800px) 50vw, 90vw\" srcset=\"https:\/\/www.infobae.com\/new-resizer\/CJxGI862W47_yiE95y_FcL-to6w=\/420x236\/filters:format(jpg):quality(85)\/cloudfront-us-east-1.images.arcpublishing.com\/infobae\/W7R3JACQ3JCZDBLOSGTVSZZZWM.jpg 420w,https:\/\/www.infobae.com\/new-resizer\/ph5EuGh7uko8iKCxcoENwgXvcck=\/768x432\/filters:format(jpg):quality(85)\/cloudfront-us-east-1.images.arcpublishing.com\/infobae\/W7R3JACQ3JCZDBLOSGTVSZZZWM.jpg 768w,https:\/\/www.infobae.com\/new-resizer\/3BzUnLp5dQVr0qkjfSlJmNEznB0=\/992x558\/filters:format(jpg):quality(85)\/cloudfront-us-east-1.images.arcpublishing.com\/infobae\/W7R3JACQ3JCZDBLOSGTVSZZZWM.jpg 992w,https:\/\/www.infobae.com\/new-resizer\/92rdLadd0VgVT7oqTIDvTkNigjE=\/1200x675\/filters:format(jpg):quality(85)\/cloudfront-us-east-1.images.arcpublishing.com\/infobae\/W7R3JACQ3JCZDBLOSGTVSZZZWM.jpg 1200w\" alt=\"Se habilitar\u00e1 el turismo siempre y cuando no sean \u00e1reas declarar en alerta epidemiol\u00f3gica\" width=\"3118\" height=\"1753\" \/>Se habilitar\u00e1 el turismo siempre y cuando no sean \u00e1reas declarar en alerta epidemiol\u00f3gica<\/div>\n<p class=\"paragraph\">Insisti\u00f3 en que el pa\u00eds est\u00e1 ingresando en una nueva etapa \u201cgracias a la vacunaci\u00f3n y otras pol\u00edticas p\u00fablicas que protegieron los ingresos de las familias y la viabilidad de las empresas. Estamos entre los 20 pa\u00edses que m\u00e1s vacunaron. Y la vacuna es la puerta de salida de la pandemia. Cada mes falta menos para que todos y todas la crucemos. Vamos a volver a vivir responsablemente la vida que queremos\u201d.<\/p>\n<p class=\"paragraph\">En el inicio de su mensaje, el Presidente sostuvo que \u201c<mark class=\"hl_yellow\"><b>hace 10 semanas consecutivas que baja la cantidad de casos. Hace ocho semanas consecutivas que bajan los fallecimientos y las internaciones en terapia intensiva. Hace tres semanas no hay ning\u00fan aglomerado urbano en Alarma epidemiol\u00f3gica y sanitaria\u201d y puso \u00e9nfasis en se est\u00e1 logrando retrasar el ingreso de la variante Delta a la Argentina que ya est\u00e1 en 135 pa\u00edses<\/b><\/mark>\u201d.<\/p>\n<div class=\"visual__image \"><img loading=\"lazy\" decoding=\"async\" src=\"https:\/\/www.infobae.com\/new-resizer\/Tmq9xNltJilgGXRAP8WsuDWDKHI=\/420x236\/filters:format(jpg):quality(85)\/cloudfront-us-east-1.images.arcpublishing.com\/infobae\/XB5AP2UQWNC25LMPRC5SJ6A3AI.jpg%20420w\" sizes=\"auto, (min-width: 800px) 50vw, 90vw\" srcset=\"https:\/\/www.infobae.com\/new-resizer\/Tmq9xNltJilgGXRAP8WsuDWDKHI=\/420x236\/filters:format(jpg):quality(85)\/cloudfront-us-east-1.images.arcpublishing.com\/infobae\/XB5AP2UQWNC25LMPRC5SJ6A3AI.jpg 420w,https:\/\/www.infobae.com\/new-resizer\/6Pv1fEzzBwV_s3jrMQCv6U4urcA=\/768x432\/filters:format(jpg):quality(85)\/cloudfront-us-east-1.images.arcpublishing.com\/infobae\/XB5AP2UQWNC25LMPRC5SJ6A3AI.jpg 768w,https:\/\/www.infobae.com\/new-resizer\/IKoPiRX1Sd9dCPpSm9KjhCU1Aow=\/992x558\/filters:format(jpg):quality(85)\/cloudfront-us-east-1.images.arcpublishing.com\/infobae\/XB5AP2UQWNC25LMPRC5SJ6A3AI.jpg 992w,https:\/\/www.infobae.com\/new-resizer\/ccLkzpuKCcwsjBmebwBOVi8Azt0=\/1200x675\/filters:format(jpg):quality(85)\/cloudfront-us-east-1.images.arcpublishing.com\/infobae\/XB5AP2UQWNC25LMPRC5SJ6A3AI.jpg 1200w\" alt=\"\" width=\"1920\" height=\"1079\" \/><\/div>\n<p class=\"paragraph\">\u201cHemos aplicado m\u00e1s de 33 millones de dosis. Hemos distribuido casi 39 millones de dosis. Todos estos son logros colectivos. Los hemos conseguido todos los argentinos y argentinas con responsabilidad y solidaridad, consiguiendo las vacunas en diferentes pa\u00edses, confiando en las vacunas, acerc\u00e1ndonos con esperanza a los vacunatorios en cada rinc\u00f3n de nuestro pa\u00eds\u201d, agreg\u00f3.<\/p>\n<p class=\"paragraph\">Detall\u00f3 que el 80 por ciento de las personas mayores de 18 a\u00f1os ya tienen al menos una dosis y el 50 por ciento de los mayores de 60 a\u00f1os cuentan con el esquema completo de vacunaci\u00f3n. \u201cQuiero agradecerles a quienes han contribuido a todos estos logros\u201d, subray\u00f3.<\/p>\n<div class=\"visual__image \"><img loading=\"lazy\" decoding=\"async\" src=\"https:\/\/www.infobae.com\/new-resizer\/dl8Zg0DDtWlknNYj3g2hVzLISFs=\/420x236\/filters:format(jpg):quality(85)\/cloudfront-us-east-1.images.arcpublishing.com\/infobae\/PXPPADKNSNFEHJJEZCZU3DKXUI.jpg%20420w\" sizes=\"auto, (min-width: 800px) 50vw, 90vw\" srcset=\"https:\/\/www.infobae.com\/new-resizer\/dl8Zg0DDtWlknNYj3g2hVzLISFs=\/420x236\/filters:format(jpg):quality(85)\/cloudfront-us-east-1.images.arcpublishing.com\/infobae\/PXPPADKNSNFEHJJEZCZU3DKXUI.jpg 420w,https:\/\/www.infobae.com\/new-resizer\/m9Ip5P0-l9R3ARbGE3HR70wLrLg=\/768x432\/filters:format(jpg):quality(85)\/cloudfront-us-east-1.images.arcpublishing.com\/infobae\/PXPPADKNSNFEHJJEZCZU3DKXUI.jpg 768w,https:\/\/www.infobae.com\/new-resizer\/TFGh1PUqLCsEtGxHL0nRO5DV0q0=\/992x558\/filters:format(jpg):quality(85)\/cloudfront-us-east-1.images.arcpublishing.com\/infobae\/PXPPADKNSNFEHJJEZCZU3DKXUI.jpg 992w,https:\/\/www.infobae.com\/new-resizer\/EURaojmJFfnoVa-OkgIlVqgWQSA=\/1200x675\/filters:format(jpg):quality(85)\/cloudfront-us-east-1.images.arcpublishing.com\/infobae\/PXPPADKNSNFEHJJEZCZU3DKXUI.jpg 1200w\" alt=\"\" width=\"1920\" height=\"1079\" \/><\/div>\n<p class=\"paragraph\">Al hacer referencia a la situaci\u00f3n econ\u00f3mica, el Jefe de Estado asever\u00f3 que \u201cla econom\u00eda argentina crece, recupera empleos y va a recuperar ingresos. Para que llegue a todos lograremos incorporar m\u00e1s sectores a la reactivaci\u00f3n\u201d. En esa direcci\u00f3n,\u00a0<b>estim\u00f3 que la Argentina va crecer alrededor del 7 por ciento en 2021 y otro 4,5 por ciento en 2022, y que se est\u00e1n generando \u201cmiles de puestos de trabajo\u201d<\/b>.<\/p>\n<p class=\"paragraph\">Adem\u00e1s, remarc\u00f3 que en la actualidad \u201chay sectores muy importantes de la econom\u00eda que est\u00e1n en un nivel similar o por arriba de 2019. Adem\u00e1s, en 2019 hab\u00eda recesi\u00f3n y ahora hay recuperaci\u00f3n. Este a\u00f1o se recuper\u00f3 la inversi\u00f3n, 14 puntos por encima de 2019 hasta ahora\u201d.<\/p>\n<p class=\"paragraph\">Respecto de la inflaci\u00f3n, admiti\u00f3 que a\u00fan \u201cestamos en niveles altos, pero la inflaci\u00f3n mensual est\u00e1 bajando\u201d y destac\u00f3 que se est\u00e1 multiplicando la obra p\u00fablica y a modo de ejemplo dijo que\u00a0<b>\u201ca fin de a\u00f1o habr\u00e1 100.000 viviendas en ejecuci\u00f3n que generar\u00e1n m\u00e1s de 300.000 puestos de trabajo\u201d<\/b>.<\/p>\n<div class=\"visual__image \"><img loading=\"lazy\" decoding=\"async\" src=\"https:\/\/www.infobae.com\/new-resizer\/SJ5IQpZVlhKOmqaet0DAmJkFzwE=\/420x236\/filters:format(jpg):quality(85)\/cloudfront-us-east-1.images.arcpublishing.com\/infobae\/BPU3HQDB2RERHLLNB2OPRL5GVQ.jpg%20420w\" sizes=\"auto, (min-width: 800px) 50vw, 90vw\" srcset=\"https:\/\/www.infobae.com\/new-resizer\/SJ5IQpZVlhKOmqaet0DAmJkFzwE=\/420x236\/filters:format(jpg):quality(85)\/cloudfront-us-east-1.images.arcpublishing.com\/infobae\/BPU3HQDB2RERHLLNB2OPRL5GVQ.jpg 420w,https:\/\/www.infobae.com\/new-resizer\/AzkupaIUBuLqc-fMBvK1Ff7XAzc=\/768x432\/filters:format(jpg):quality(85)\/cloudfront-us-east-1.images.arcpublishing.com\/infobae\/BPU3HQDB2RERHLLNB2OPRL5GVQ.jpg 768w,https:\/\/www.infobae.com\/new-resizer\/61dgBI1O9Frii85cLo_fNwrSK6g=\/992x558\/filters:format(jpg):quality(85)\/cloudfront-us-east-1.images.arcpublishing.com\/infobae\/BPU3HQDB2RERHLLNB2OPRL5GVQ.jpg 992w,https:\/\/www.infobae.com\/new-resizer\/5Ga-FN3VVIbJz4gT4_X66QYXT-8=\/1200x675\/filters:format(jpg):quality(85)\/cloudfront-us-east-1.images.arcpublishing.com\/infobae\/BPU3HQDB2RERHLLNB2OPRL5GVQ.jpg 1200w\" alt=\"El Presidente dijo que &quot;hay sectores muy importantes de la econom\u00eda que est\u00e1n en un nivel similar o por arriba de 2019&quot;\" width=\"1920\" height=\"1080\" \/>El Presidente dijo que \u00abhay sectores muy importantes de la econom\u00eda que est\u00e1n en un nivel similar o por arriba de 2019\u00bb<\/div>\n<p class=\"paragraph\">Adelant\u00f3 que para impulsar el turismo se relanzar\u00e1 en los pr\u00f3ximos d\u00edas el programa Pre Viaje y valor\u00f3 que 1.260.000 personas dejaron de pagar el impuesto a las ganancias y otras 200.000 redujeron el monto.<\/p>\n<p class=\"paragraph\"><mark class=\"hl_yellow\">\u201cLa vacuna es la mejor pol\u00edtica econ\u00f3mica. Gracias a la vacunaci\u00f3n nos estamos recuperando\u201d<\/mark>, se\u00f1al\u00f3 Fern\u00e1ndez, quien a\u00f1adi\u00f3 que el a\u00f1o pr\u00f3ximo \u201cva a ser mucho mejor gracias a todas las medidas que tom\u00f3 el Gobierno para proteger la salud, la producci\u00f3n, el trabajo y los ingresos. Con la reapertura de sectores y nuevas inversiones, en 2022 seguiremos creciendo junto a mejorar el bolsillo de la gente\u201d.<\/p>\n<p>&nbsp;<\/p>\n<p><span style=\"color: #ff6600;\"><strong>Fuente INFOBAE<\/strong><\/span><\/p>\n","protected":false},"excerpt":{"rendered":"<p>El presidente Alberto Fern\u00e1ndez anunci\u00f3 esta ma\u00f1ana que el Gobierno nacional pondr\u00e1 en marcha un plan de recuperaci\u00f3n de actividades de manera responsable y cuidadosa elaborado en base a la prioridad de aumentar durante agosto las aplicaciones de segundas dosis contra el Covid-19, en el marco de un nuevo DNU que emitir\u00e1 que tendr\u00e1 como [&hellip;]<\/p>\n","protected":false},"author":3,"featured_media":0,"comment_status":"closed","ping_status":"closed","sticky":false,"template":"","format":"standard","meta":{"footnotes":""},"categories":[24,30],"tags":[],"class_list":["post-61188","post","type-post","status-publish","format-standard","hentry","category-politica","category-salud"],"yoast_head":"<!-- This site is optimized with the Yoast SEO plugin v25.9 - https:\/\/yoast.com\/wordpress\/plugins\/seo\/ -->\n<title>El Gobierno emitir\u00e1 un nuevo DNU con aperturas progresivas en viajes, turismo y eventos masivos al aire libre - Noticias Radio Reflejos<\/title>\n<meta name=\"robots\" content=\"index, follow, max-snippet:-1, max-image-preview:large, max-video-preview:-1\" \/>\n<link rel=\"canonical\" href=\"https:\/\/www.noticiasradioreflejos.com.ar\/2021\/el-gobierno-emitira-un-nuevo-dnu-con-aperturas-progresivas-en-viajes-turismo-y-eventos-masivos-al-aire-libre\/\" \/>\n<meta property=\"og:locale\" content=\"es_ES\" \/>\n<meta property=\"og:type\" content=\"article\" \/>\n<meta property=\"og:title\" content=\"El Gobierno emitir\u00e1 un nuevo DNU con aperturas progresivas en viajes, turismo y eventos masivos al aire libre - Noticias Radio Reflejos\" \/>\n<meta property=\"og:description\" content=\"El presidente Alberto Fern\u00e1ndez anunci\u00f3 esta ma\u00f1ana que el Gobierno nacional pondr\u00e1 en marcha un plan de recuperaci\u00f3n de actividades de manera responsable y cuidadosa elaborado en base a la prioridad de aumentar durante agosto las aplicaciones de segundas dosis contra el Covid-19, en el marco de un nuevo DNU que emitir\u00e1 que tendr\u00e1 como [&hellip;]\" \/>\n<meta property=\"og:url\" content=\"https:\/\/www.noticiasradioreflejos.com.ar\/2021\/el-gobierno-emitira-un-nuevo-dnu-con-aperturas-progresivas-en-viajes-turismo-y-eventos-masivos-al-aire-libre\/\" \/>\n<meta property=\"og:site_name\" content=\"Noticias Radio Reflejos\" \/>\n<meta property=\"article:published_time\" content=\"2021-08-06T14:52:38+00:00\" \/>\n<meta property=\"article:modified_time\" content=\"2021-08-06T15:28:56+00:00\" \/>\n<meta property=\"og:image\" content=\"https:\/\/www.infobae.com\/new-resizer\/5xFYqU4DIdnQ0gs18BsTGHprXAo=\/420x236\/filters:format(jpg):quality(85)\/cloudfront-us-east-1.images.arcpublishing.com\/infobae\/3RBUGEJPKRF6FEYZ5QM6ZBJ4HE.jpeg%20420w\" \/>\n<meta name=\"author\" content=\"Arnaldo Botto\" \/>\n<meta name=\"twitter:card\" content=\"summary_large_image\" \/>\n<script type=\"application\/ld+json\" class=\"yoast-schema-graph\">{\"@context\":\"https:\/\/schema.org\",\"@graph\":[{\"@type\":\"WebPage\",\"@id\":\"https:\/\/www.noticiasradioreflejos.com.ar\/2021\/el-gobierno-emitira-un-nuevo-dnu-con-aperturas-progresivas-en-viajes-turismo-y-eventos-masivos-al-aire-libre\/\",\"url\":\"https:\/\/www.noticiasradioreflejos.com.ar\/2021\/el-gobierno-emitira-un-nuevo-dnu-con-aperturas-progresivas-en-viajes-turismo-y-eventos-masivos-al-aire-libre\/\",\"name\":\"El Gobierno emitir\u00e1 un nuevo DNU con aperturas progresivas en viajes, turismo y eventos masivos al aire libre - Noticias Radio Reflejos\",\"isPartOf\":{\"@id\":\"https:\/\/www.noticiasradioreflejos.com.ar\/2021\/#website\"},\"primaryImageOfPage\":{\"@id\":\"https:\/\/www.noticiasradioreflejos.com.ar\/2021\/el-gobierno-emitira-un-nuevo-dnu-con-aperturas-progresivas-en-viajes-turismo-y-eventos-masivos-al-aire-libre\/#primaryimage\"},\"image\":{\"@id\":\"https:\/\/www.noticiasradioreflejos.com.ar\/2021\/el-gobierno-emitira-un-nuevo-dnu-con-aperturas-progresivas-en-viajes-turismo-y-eventos-masivos-al-aire-libre\/#primaryimage\"},\"thumbnailUrl\":\"https:\/\/www.infobae.com\/new-resizer\/5xFYqU4DIdnQ0gs18BsTGHprXAo=\/420x236\/filters:format(jpg):quality(85)\/cloudfront-us-east-1.images.arcpublishing.com\/infobae\/3RBUGEJPKRF6FEYZ5QM6ZBJ4HE.jpeg%20420w\",\"datePublished\":\"2021-08-06T14:52:38+00:00\",\"dateModified\":\"2021-08-06T15:28:56+00:00\",\"author\":{\"@id\":\"https:\/\/www.noticiasradioreflejos.com.ar\/2021\/#\/schema\/person\/ad82545263dcc5ec0996818884fd5fb1\"},\"breadcrumb\":{\"@id\":\"https:\/\/www.noticiasradioreflejos.com.ar\/2021\/el-gobierno-emitira-un-nuevo-dnu-con-aperturas-progresivas-en-viajes-turismo-y-eventos-masivos-al-aire-libre\/#breadcrumb\"},\"inLanguage\":\"es\",\"potentialAction\":[{\"@type\":\"ReadAction\",\"target\":[\"https:\/\/www.noticiasradioreflejos.com.ar\/2021\/el-gobierno-emitira-un-nuevo-dnu-con-aperturas-progresivas-en-viajes-turismo-y-eventos-masivos-al-aire-libre\/\"]}]},{\"@type\":\"ImageObject\",\"inLanguage\":\"es\",\"@id\":\"https:\/\/www.noticiasradioreflejos.com.ar\/2021\/el-gobierno-emitira-un-nuevo-dnu-con-aperturas-progresivas-en-viajes-turismo-y-eventos-masivos-al-aire-libre\/#primaryimage\",\"url\":\"https:\/\/www.infobae.com\/new-resizer\/5xFYqU4DIdnQ0gs18BsTGHprXAo=\/420x236\/filters:format(jpg):quality(85)\/cloudfront-us-east-1.images.arcpublishing.com\/infobae\/3RBUGEJPKRF6FEYZ5QM6ZBJ4HE.jpeg%20420w\",\"contentUrl\":\"https:\/\/www.infobae.com\/new-resizer\/5xFYqU4DIdnQ0gs18BsTGHprXAo=\/420x236\/filters:format(jpg):quality(85)\/cloudfront-us-east-1.images.arcpublishing.com\/infobae\/3RBUGEJPKRF6FEYZ5QM6ZBJ4HE.jpeg%20420w\"},{\"@type\":\"BreadcrumbList\",\"@id\":\"https:\/\/www.noticiasradioreflejos.com.ar\/2021\/el-gobierno-emitira-un-nuevo-dnu-con-aperturas-progresivas-en-viajes-turismo-y-eventos-masivos-al-aire-libre\/#breadcrumb\",\"itemListElement\":[{\"@type\":\"ListItem\",\"position\":1,\"name\":\"Portada\",\"item\":\"https:\/\/www.noticiasradioreflejos.com.ar\/2021\/\"},{\"@type\":\"ListItem\",\"position\":2,\"name\":\"El Gobierno emitir\u00e1 un nuevo DNU con aperturas progresivas en viajes, turismo y eventos masivos al aire libre\"}]},{\"@type\":\"WebSite\",\"@id\":\"https:\/\/www.noticiasradioreflejos.com.ar\/2021\/#website\",\"url\":\"https:\/\/www.noticiasradioreflejos.com.ar\/2021\/\",\"name\":\"Noticias Radio Reflejos\",\"description\":\"Las noticias de mi comarca\",\"potentialAction\":[{\"@type\":\"SearchAction\",\"target\":{\"@type\":\"EntryPoint\",\"urlTemplate\":\"https:\/\/www.noticiasradioreflejos.com.ar\/2021\/?s={search_term_string}\"},\"query-input\":{\"@type\":\"PropertyValueSpecification\",\"valueRequired\":true,\"valueName\":\"search_term_string\"}}],\"inLanguage\":\"es\"},{\"@type\":\"Person\",\"@id\":\"https:\/\/www.noticiasradioreflejos.com.ar\/2021\/#\/schema\/person\/ad82545263dcc5ec0996818884fd5fb1\",\"name\":\"Arnaldo Botto\",\"image\":{\"@type\":\"ImageObject\",\"inLanguage\":\"es\",\"@id\":\"https:\/\/www.noticiasradioreflejos.com.ar\/2021\/#\/schema\/person\/image\/\",\"url\":\"https:\/\/secure.gravatar.com\/avatar\/55cb5e37c1efa326397366e6974cb338056df65cb50e7d64d1cf314e87504837?s=96&d=mm&r=g\",\"contentUrl\":\"https:\/\/secure.gravatar.com\/avatar\/55cb5e37c1efa326397366e6974cb338056df65cb50e7d64d1cf314e87504837?s=96&d=mm&r=g\",\"caption\":\"Arnaldo Botto\"},\"url\":\"https:\/\/www.noticiasradioreflejos.com.ar\/2021\/author\/arnaldo\/\"}]}<\/script>\n<!-- \/ Yoast SEO plugin. -->","yoast_head_json":{"title":"El Gobierno emitir\u00e1 un nuevo DNU con aperturas progresivas en viajes, turismo y eventos masivos al aire libre - Noticias Radio Reflejos","robots":{"index":"index","follow":"follow","max-snippet":"max-snippet:-1","max-image-preview":"max-image-preview:large","max-video-preview":"max-video-preview:-1"},"canonical":"https:\/\/www.noticiasradioreflejos.com.ar\/2021\/el-gobierno-emitira-un-nuevo-dnu-con-aperturas-progresivas-en-viajes-turismo-y-eventos-masivos-al-aire-libre\/","og_locale":"es_ES","og_type":"article","og_title":"El Gobierno emitir\u00e1 un nuevo DNU con aperturas progresivas en viajes, turismo y eventos masivos al aire libre - Noticias Radio Reflejos","og_description":"El presidente Alberto Fern\u00e1ndez anunci\u00f3 esta ma\u00f1ana que el Gobierno nacional pondr\u00e1 en marcha un plan de recuperaci\u00f3n de actividades de manera responsable y cuidadosa elaborado en base a la prioridad de aumentar durante agosto las aplicaciones de segundas dosis contra el Covid-19, en el marco de un nuevo DNU que emitir\u00e1 que tendr\u00e1 como [&hellip;]","og_url":"https:\/\/www.noticiasradioreflejos.com.ar\/2021\/el-gobierno-emitira-un-nuevo-dnu-con-aperturas-progresivas-en-viajes-turismo-y-eventos-masivos-al-aire-libre\/","og_site_name":"Noticias Radio Reflejos","article_published_time":"2021-08-06T14:52:38+00:00","article_modified_time":"2021-08-06T15:28:56+00:00","og_image":[{"url":"https:\/\/www.infobae.com\/new-resizer\/5xFYqU4DIdnQ0gs18BsTGHprXAo=\/420x236\/filters:format(jpg):quality(85)\/cloudfront-us-east-1.images.arcpublishing.com\/infobae\/3RBUGEJPKRF6FEYZ5QM6ZBJ4HE.jpeg%20420w","type":"","width":"","height":""}],"author":"Arnaldo Botto","twitter_card":"summary_large_image","schema":{"@context":"https:\/\/schema.org","@graph":[{"@type":"WebPage","@id":"https:\/\/www.noticiasradioreflejos.com.ar\/2021\/el-gobierno-emitira-un-nuevo-dnu-con-aperturas-progresivas-en-viajes-turismo-y-eventos-masivos-al-aire-libre\/","url":"https:\/\/www.noticiasradioreflejos.com.ar\/2021\/el-gobierno-emitira-un-nuevo-dnu-con-aperturas-progresivas-en-viajes-turismo-y-eventos-masivos-al-aire-libre\/","name":"El Gobierno emitir\u00e1 un nuevo DNU con aperturas progresivas en viajes, turismo y eventos masivos al aire libre - Noticias Radio Reflejos","isPartOf":{"@id":"https:\/\/www.noticiasradioreflejos.com.ar\/2021\/#website"},"primaryImageOfPage":{"@id":"https:\/\/www.noticiasradioreflejos.com.ar\/2021\/el-gobierno-emitira-un-nuevo-dnu-con-aperturas-progresivas-en-viajes-turismo-y-eventos-masivos-al-aire-libre\/#primaryimage"},"image":{"@id":"https:\/\/www.noticiasradioreflejos.com.ar\/2021\/el-gobierno-emitira-un-nuevo-dnu-con-aperturas-progresivas-en-viajes-turismo-y-eventos-masivos-al-aire-libre\/#primaryimage"},"thumbnailUrl":"https:\/\/www.infobae.com\/new-resizer\/5xFYqU4DIdnQ0gs18BsTGHprXAo=\/420x236\/filters:format(jpg):quality(85)\/cloudfront-us-east-1.images.arcpublishing.com\/infobae\/3RBUGEJPKRF6FEYZ5QM6ZBJ4HE.jpeg%20420w","datePublished":"2021-08-06T14:52:38+00:00","dateModified":"2021-08-06T15:28:56+00:00","author":{"@id":"https:\/\/www.noticiasradioreflejos.com.ar\/2021\/#\/schema\/person\/ad82545263dcc5ec0996818884fd5fb1"},"breadcrumb":{"@id":"https:\/\/www.noticiasradioreflejos.com.ar\/2021\/el-gobierno-emitira-un-nuevo-dnu-con-aperturas-progresivas-en-viajes-turismo-y-eventos-masivos-al-aire-libre\/#breadcrumb"},"inLanguage":"es","potentialAction":[{"@type":"ReadAction","target":["https:\/\/www.noticiasradioreflejos.com.ar\/2021\/el-gobierno-emitira-un-nuevo-dnu-con-aperturas-progresivas-en-viajes-turismo-y-eventos-masivos-al-aire-libre\/"]}]},{"@type":"ImageObject","inLanguage":"es","@id":"https:\/\/www.noticiasradioreflejos.com.ar\/2021\/el-gobierno-emitira-un-nuevo-dnu-con-aperturas-progresivas-en-viajes-turismo-y-eventos-masivos-al-aire-libre\/#primaryimage","url":"https:\/\/www.infobae.com\/new-resizer\/5xFYqU4DIdnQ0gs18BsTGHprXAo=\/420x236\/filters:format(jpg):quality(85)\/cloudfront-us-east-1.images.arcpublishing.com\/infobae\/3RBUGEJPKRF6FEYZ5QM6ZBJ4HE.jpeg%20420w","contentUrl":"https:\/\/www.infobae.com\/new-resizer\/5xFYqU4DIdnQ0gs18BsTGHprXAo=\/420x236\/filters:format(jpg):quality(85)\/cloudfront-us-east-1.images.arcpublishing.com\/infobae\/3RBUGEJPKRF6FEYZ5QM6ZBJ4HE.jpeg%20420w"},{"@type":"BreadcrumbList","@id":"https:\/\/www.noticiasradioreflejos.com.ar\/2021\/el-gobierno-emitira-un-nuevo-dnu-con-aperturas-progresivas-en-viajes-turismo-y-eventos-masivos-al-aire-libre\/#breadcrumb","itemListElement":[{"@type":"ListItem","position":1,"name":"Portada","item":"https:\/\/www.noticiasradioreflejos.com.ar\/2021\/"},{"@type":"ListItem","position":2,"name":"El Gobierno emitir\u00e1 un nuevo DNU con aperturas progresivas en viajes, turismo y eventos masivos al aire libre"}]},{"@type":"WebSite","@id":"https:\/\/www.noticiasradioreflejos.com.ar\/2021\/#website","url":"https:\/\/www.noticiasradioreflejos.com.ar\/2021\/","name":"Noticias Radio Reflejos","description":"Las noticias de mi comarca","potentialAction":[{"@type":"SearchAction","target":{"@type":"EntryPoint","urlTemplate":"https:\/\/www.noticiasradioreflejos.com.ar\/2021\/?s={search_term_string}"},"query-input":{"@type":"PropertyValueSpecification","valueRequired":true,"valueName":"search_term_string"}}],"inLanguage":"es"},{"@type":"Person","@id":"https:\/\/www.noticiasradioreflejos.com.ar\/2021\/#\/schema\/person\/ad82545263dcc5ec0996818884fd5fb1","name":"Arnaldo Botto","image":{"@type":"ImageObject","inLanguage":"es","@id":"https:\/\/www.noticiasradioreflejos.com.ar\/2021\/#\/schema\/person\/image\/","url":"https:\/\/secure.gravatar.com\/avatar\/55cb5e37c1efa326397366e6974cb338056df65cb50e7d64d1cf314e87504837?s=96&d=mm&r=g","contentUrl":"https:\/\/secure.gravatar.com\/avatar\/55cb5e37c1efa326397366e6974cb338056df65cb50e7d64d1cf314e87504837?s=96&d=mm&r=g","caption":"Arnaldo Botto"},"url":"https:\/\/www.noticiasradioreflejos.com.ar\/2021\/author\/arnaldo\/"}]}},"_links":{"self":[{"href":"https:\/\/www.noticiasradioreflejos.com.ar\/2021\/wp-json\/wp\/v2\/posts\/61188","targetHints":{"allow":["GET"]}}],"collection":[{"href":"https:\/\/www.noticiasradioreflejos.com.ar\/2021\/wp-json\/wp\/v2\/posts"}],"about":[{"href":"https:\/\/www.noticiasradioreflejos.com.ar\/2021\/wp-json\/wp\/v2\/types\/post"}],"author":[{"embeddable":true,"href":"https:\/\/www.noticiasradioreflejos.com.ar\/2021\/wp-json\/wp\/v2\/users\/3"}],"replies":[{"embeddable":true,"href":"https:\/\/www.noticiasradioreflejos.com.ar\/2021\/wp-json\/wp\/v2\/comments?post=61188"}],"version-history":[{"count":4,"href":"https:\/\/www.noticiasradioreflejos.com.ar\/2021\/wp-json\/wp\/v2\/posts\/61188\/revisions"}],"predecessor-version":[{"id":61193,"href":"https:\/\/www.noticiasradioreflejos.com.ar\/2021\/wp-json\/wp\/v2\/posts\/61188\/revisions\/61193"}],"wp:attachment":[{"href":"https:\/\/www.noticiasradioreflejos.com.ar\/2021\/wp-json\/wp\/v2\/media?parent=61188"}],"wp:term":[{"taxonomy":"category","embeddable":true,"href":"https:\/\/www.noticiasradioreflejos.com.ar\/2021\/wp-json\/wp\/v2\/categories?post=61188"},{"taxonomy":"post_tag","embeddable":true,"href":"https:\/\/www.noticiasradioreflejos.com.ar\/2021\/wp-json\/wp\/v2\/tags?post=61188"}],"curies":[{"name":"wp","href":"https:\/\/api.w.org\/{rel}","templated":true}]}}