{"id":61180,"date":"2021-08-06T12:15:47","date_gmt":"2021-08-06T12:15:47","guid":{"rendered":"http:\/\/www.noticiasradioreflejos.com.ar\/2021\/?p=61180"},"modified":"2021-08-06T12:15:47","modified_gmt":"2021-08-06T12:15:47","slug":"6-de-agosto-dia-de-la-ensenanza-agropecuaria-2","status":"publish","type":"post","link":"https:\/\/www.noticiasradioreflejos.com.ar\/2021\/6-de-agosto-dia-de-la-ensenanza-agropecuaria-2\/","title":{"rendered":"6 de agosto:  \u201cD\u00eda de la Ense\u00f1anza Agropecuaria\u201d"},"content":{"rendered":"<p>El 6 de agosto fue instituido desde 1959, como el \u201c<strong><em>D\u00eda de la Ense\u00f1anza Agropecuaria\u201d,<\/em><\/strong> en conmemoraci\u00f3n del inicio del dictado de clases en el Instituto Agron\u00f3mico-Veterinario de la provincia de Buenos Aires, en el a\u00f1o 1883. Esta fecha signific\u00f3 el comienzo de los estudios superiores en materia agropecuaria<!--more--><\/p>\n<p>Hoy estamos muy felices de ser parte de esta instituci\u00f3n. Siempre es lindo recordar nuestra historia&#8230;la\u00a0 historia de la Escuela Agropecuaria N 1 de Tornquist .<\/p>\n<p>Nuestra Instituci\u00f3n nace inicialmente como un Anexo de la Escuela de Educaci\u00f3n Media N\u00b0 1 de Tornquist, la cual incorpora el Ciclo Superior Agropecuario en 1985, sobre cuya base, se crear\u00eda el 9 de abril de 1987, la Escuela de Educaci\u00f3n Agropecuaria N\u00b0 801, inaugurada oficialmente el d\u00eda 20 del mismo mes.<\/p>\n<p>Hoy nuestra escuela ofrece \u00a0la Modalidad en \u00a0Educaci\u00f3n T\u00e9cnico Profesional, en el marco de la Educaci\u00f3n Secundaria obligatoria. Consideramos que es necesario revalorizar el Territorio Rural, con sus culturas, sus tradiciones y reconociendo el trabajo rural como herramienta de desarrollo.<\/p>\n<p>La Educaci\u00f3n Agraria, gracias a la tarea y al compromiso cotidiano de sus integrantes , pudo resistir a las dificultades presupuestarias y cambios err\u00e1ticos de las pol\u00edticas educativas .<\/p>\n<p>Por eso trabajamos en equipo para la formaci\u00f3n de j\u00f3venes que sean capaces de impulsar modelos productivos agropecuarios con sentido de igualdad, solidaridad e inclusi\u00f3n social<\/p>\n<p>Feliz d\u00eda a nuestros docentes m\u00e9dicos veterinarios e ingenieros agr\u00f3nomos tambi\u00e9n.<\/p>\n<p>Gracias por el acompa\u00f1amiento de la comunidad.<\/p>\n<p>Equipo directivo, docente, auxiliar y Asociaci\u00f3n cooperadora de la EESAN1 de Tornquist.<\/p>\n<p><iframe loading=\"lazy\" title=\"YouTube video player\" src=\"https:\/\/www.youtube.com\/embed\/_y1dq3KWxu0\" width=\"626\" height=\"360\" frameborder=\"0\" allowfullscreen=\"allowfullscreen\"><\/iframe><\/p>\n","protected":false},"excerpt":{"rendered":"<p>El 6 de agosto fue instituido desde 1959, como el \u201cD\u00eda de la Ense\u00f1anza Agropecuaria\u201d, en conmemoraci\u00f3n del inicio del dictado de clases en el Instituto Agron\u00f3mico-Veterinario de la provincia de Buenos Aires, en el a\u00f1o 1883. Esta fecha signific\u00f3 el comienzo de los estudios superiores en materia agropecuaria<\/p>\n","protected":false},"author":3,"featured_media":55625,"comment_status":"closed","ping_status":"closed","sticky":false,"template":"","format":"standard","meta":{"footnotes":""},"categories":[34],"tags":[],"class_list":["post-61180","post","type-post","status-publish","format-standard","has-post-thumbnail","hentry","category-educacion"],"yoast_head":"<!-- This site is optimized with the Yoast SEO plugin v25.9 - https:\/\/yoast.com\/wordpress\/plugins\/seo\/ -->\n<title>6 de agosto: \u201cD\u00eda de la Ense\u00f1anza Agropecuaria\u201d - Noticias Radio Reflejos<\/title>\n<meta name=\"robots\" content=\"index, follow, max-snippet:-1, max-image-preview:large, max-video-preview:-1\" \/>\n<link rel=\"canonical\" href=\"https:\/\/www.noticiasradioreflejos.com.ar\/2021\/6-de-agosto-dia-de-la-ensenanza-agropecuaria-2\/\" \/>\n<meta property=\"og:locale\" content=\"es_ES\" \/>\n<meta property=\"og:type\" content=\"article\" \/>\n<meta property=\"og:title\" content=\"6 de agosto: \u201cD\u00eda de la Ense\u00f1anza Agropecuaria\u201d - Noticias Radio Reflejos\" \/>\n<meta property=\"og:description\" content=\"El 6 de agosto fue instituido desde 1959, como el \u201cD\u00eda de la Ense\u00f1anza Agropecuaria\u201d, en conmemoraci\u00f3n del inicio del dictado de clases en el Instituto Agron\u00f3mico-Veterinario de la provincia de Buenos Aires, en el a\u00f1o 1883. Esta fecha signific\u00f3 el comienzo de los estudios superiores en materia agropecuaria\" \/>\n<meta property=\"og:url\" content=\"https:\/\/www.noticiasradioreflejos.com.ar\/2021\/6-de-agosto-dia-de-la-ensenanza-agropecuaria-2\/\" \/>\n<meta property=\"og:site_name\" content=\"Noticias Radio Reflejos\" \/>\n<meta property=\"article:published_time\" content=\"2021-08-06T12:15:47+00:00\" \/>\n<meta property=\"og:image\" content=\"https:\/\/www.noticiasradioreflejos.com.ar\/2021\/wp-content\/uploads\/2021\/04\/Esc-Agropecuaria-6.jpeg\" \/>\n\t<meta property=\"og:image:width\" content=\"1280\" \/>\n\t<meta property=\"og:image:height\" content=\"720\" \/>\n\t<meta property=\"og:image:type\" content=\"image\/jpeg\" \/>\n<meta name=\"author\" content=\"Arnaldo Botto\" \/>\n<meta name=\"twitter:card\" content=\"summary_large_image\" \/>\n<script type=\"application\/ld+json\" class=\"yoast-schema-graph\">{\"@context\":\"https:\/\/schema.org\",\"@graph\":[{\"@type\":\"WebPage\",\"@id\":\"https:\/\/www.noticiasradioreflejos.com.ar\/2021\/6-de-agosto-dia-de-la-ensenanza-agropecuaria-2\/\",\"url\":\"https:\/\/www.noticiasradioreflejos.com.ar\/2021\/6-de-agosto-dia-de-la-ensenanza-agropecuaria-2\/\",\"name\":\"6 de agosto: \u201cD\u00eda de la Ense\u00f1anza Agropecuaria\u201d - Noticias Radio Reflejos\",\"isPartOf\":{\"@id\":\"https:\/\/www.noticiasradioreflejos.com.ar\/2021\/#website\"},\"primaryImageOfPage\":{\"@id\":\"https:\/\/www.noticiasradioreflejos.com.ar\/2021\/6-de-agosto-dia-de-la-ensenanza-agropecuaria-2\/#primaryimage\"},\"image\":{\"@id\":\"https:\/\/www.noticiasradioreflejos.com.ar\/2021\/6-de-agosto-dia-de-la-ensenanza-agropecuaria-2\/#primaryimage\"},\"thumbnailUrl\":\"https:\/\/www.noticiasradioreflejos.com.ar\/2021\/wp-content\/uploads\/2021\/04\/Esc-Agropecuaria-6.jpeg\",\"datePublished\":\"2021-08-06T12:15:47+00:00\",\"author\":{\"@id\":\"https:\/\/www.noticiasradioreflejos.com.ar\/2021\/#\/schema\/person\/ad82545263dcc5ec0996818884fd5fb1\"},\"breadcrumb\":{\"@id\":\"https:\/\/www.noticiasradioreflejos.com.ar\/2021\/6-de-agosto-dia-de-la-ensenanza-agropecuaria-2\/#breadcrumb\"},\"inLanguage\":\"es\",\"potentialAction\":[{\"@type\":\"ReadAction\",\"target\":[\"https:\/\/www.noticiasradioreflejos.com.ar\/2021\/6-de-agosto-dia-de-la-ensenanza-agropecuaria-2\/\"]}]},{\"@type\":\"ImageObject\",\"inLanguage\":\"es\",\"@id\":\"https:\/\/www.noticiasradioreflejos.com.ar\/2021\/6-de-agosto-dia-de-la-ensenanza-agropecuaria-2\/#primaryimage\",\"url\":\"https:\/\/www.noticiasradioreflejos.com.ar\/2021\/wp-content\/uploads\/2021\/04\/Esc-Agropecuaria-6.jpeg\",\"contentUrl\":\"https:\/\/www.noticiasradioreflejos.com.ar\/2021\/wp-content\/uploads\/2021\/04\/Esc-Agropecuaria-6.jpeg\",\"width\":1280,\"height\":720},{\"@type\":\"BreadcrumbList\",\"@id\":\"https:\/\/www.noticiasradioreflejos.com.ar\/2021\/6-de-agosto-dia-de-la-ensenanza-agropecuaria-2\/#breadcrumb\",\"itemListElement\":[{\"@type\":\"ListItem\",\"position\":1,\"name\":\"Portada\",\"item\":\"https:\/\/www.noticiasradioreflejos.com.ar\/2021\/\"},{\"@type\":\"ListItem\",\"position\":2,\"name\":\"6 de agosto: \u201cD\u00eda de la Ense\u00f1anza Agropecuaria\u201d\"}]},{\"@type\":\"WebSite\",\"@id\":\"https:\/\/www.noticiasradioreflejos.com.ar\/2021\/#website\",\"url\":\"https:\/\/www.noticiasradioreflejos.com.ar\/2021\/\",\"name\":\"Noticias Radio Reflejos\",\"description\":\"Las noticias de mi comarca\",\"potentialAction\":[{\"@type\":\"SearchAction\",\"target\":{\"@type\":\"EntryPoint\",\"urlTemplate\":\"https:\/\/www.noticiasradioreflejos.com.ar\/2021\/?s={search_term_string}\"},\"query-input\":{\"@type\":\"PropertyValueSpecification\",\"valueRequired\":true,\"valueName\":\"search_term_string\"}}],\"inLanguage\":\"es\"},{\"@type\":\"Person\",\"@id\":\"https:\/\/www.noticiasradioreflejos.com.ar\/2021\/#\/schema\/person\/ad82545263dcc5ec0996818884fd5fb1\",\"name\":\"Arnaldo Botto\",\"image\":{\"@type\":\"ImageObject\",\"inLanguage\":\"es\",\"@id\":\"https:\/\/www.noticiasradioreflejos.com.ar\/2021\/#\/schema\/person\/image\/\",\"url\":\"https:\/\/secure.gravatar.com\/avatar\/55cb5e37c1efa326397366e6974cb338056df65cb50e7d64d1cf314e87504837?s=96&d=mm&r=g\",\"contentUrl\":\"https:\/\/secure.gravatar.com\/avatar\/55cb5e37c1efa326397366e6974cb338056df65cb50e7d64d1cf314e87504837?s=96&d=mm&r=g\",\"caption\":\"Arnaldo Botto\"},\"url\":\"https:\/\/www.noticiasradioreflejos.com.ar\/2021\/author\/arnaldo\/\"}]}<\/script>\n<!-- \/ Yoast SEO plugin. -->","yoast_head_json":{"title":"6 de agosto: \u201cD\u00eda de la Ense\u00f1anza Agropecuaria\u201d - Noticias Radio Reflejos","robots":{"index":"index","follow":"follow","max-snippet":"max-snippet:-1","max-image-preview":"max-image-preview:large","max-video-preview":"max-video-preview:-1"},"canonical":"https:\/\/www.noticiasradioreflejos.com.ar\/2021\/6-de-agosto-dia-de-la-ensenanza-agropecuaria-2\/","og_locale":"es_ES","og_type":"article","og_title":"6 de agosto: \u201cD\u00eda de la Ense\u00f1anza Agropecuaria\u201d - Noticias Radio Reflejos","og_description":"El 6 de agosto fue instituido desde 1959, como el \u201cD\u00eda de la Ense\u00f1anza Agropecuaria\u201d, en conmemoraci\u00f3n del inicio del dictado de clases en el Instituto Agron\u00f3mico-Veterinario de la provincia de Buenos Aires, en el a\u00f1o 1883. Esta fecha signific\u00f3 el comienzo de los estudios superiores en materia agropecuaria","og_url":"https:\/\/www.noticiasradioreflejos.com.ar\/2021\/6-de-agosto-dia-de-la-ensenanza-agropecuaria-2\/","og_site_name":"Noticias Radio Reflejos","article_published_time":"2021-08-06T12:15:47+00:00","og_image":[{"width":1280,"height":720,"url":"https:\/\/www.noticiasradioreflejos.com.ar\/2021\/wp-content\/uploads\/2021\/04\/Esc-Agropecuaria-6.jpeg","type":"image\/jpeg"}],"author":"Arnaldo Botto","twitter_card":"summary_large_image","schema":{"@context":"https:\/\/schema.org","@graph":[{"@type":"WebPage","@id":"https:\/\/www.noticiasradioreflejos.com.ar\/2021\/6-de-agosto-dia-de-la-ensenanza-agropecuaria-2\/","url":"https:\/\/www.noticiasradioreflejos.com.ar\/2021\/6-de-agosto-dia-de-la-ensenanza-agropecuaria-2\/","name":"6 de agosto: \u201cD\u00eda de la Ense\u00f1anza Agropecuaria\u201d - Noticias Radio Reflejos","isPartOf":{"@id":"https:\/\/www.noticiasradioreflejos.com.ar\/2021\/#website"},"primaryImageOfPage":{"@id":"https:\/\/www.noticiasradioreflejos.com.ar\/2021\/6-de-agosto-dia-de-la-ensenanza-agropecuaria-2\/#primaryimage"},"image":{"@id":"https:\/\/www.noticiasradioreflejos.com.ar\/2021\/6-de-agosto-dia-de-la-ensenanza-agropecuaria-2\/#primaryimage"},"thumbnailUrl":"https:\/\/www.noticiasradioreflejos.com.ar\/2021\/wp-content\/uploads\/2021\/04\/Esc-Agropecuaria-6.jpeg","datePublished":"2021-08-06T12:15:47+00:00","author":{"@id":"https:\/\/www.noticiasradioreflejos.com.ar\/2021\/#\/schema\/person\/ad82545263dcc5ec0996818884fd5fb1"},"breadcrumb":{"@id":"https:\/\/www.noticiasradioreflejos.com.ar\/2021\/6-de-agosto-dia-de-la-ensenanza-agropecuaria-2\/#breadcrumb"},"inLanguage":"es","potentialAction":[{"@type":"ReadAction","target":["https:\/\/www.noticiasradioreflejos.com.ar\/2021\/6-de-agosto-dia-de-la-ensenanza-agropecuaria-2\/"]}]},{"@type":"ImageObject","inLanguage":"es","@id":"https:\/\/www.noticiasradioreflejos.com.ar\/2021\/6-de-agosto-dia-de-la-ensenanza-agropecuaria-2\/#primaryimage","url":"https:\/\/www.noticiasradioreflejos.com.ar\/2021\/wp-content\/uploads\/2021\/04\/Esc-Agropecuaria-6.jpeg","contentUrl":"https:\/\/www.noticiasradioreflejos.com.ar\/2021\/wp-content\/uploads\/2021\/04\/Esc-Agropecuaria-6.jpeg","width":1280,"height":720},{"@type":"BreadcrumbList","@id":"https:\/\/www.noticiasradioreflejos.com.ar\/2021\/6-de-agosto-dia-de-la-ensenanza-agropecuaria-2\/#breadcrumb","itemListElement":[{"@type":"ListItem","position":1,"name":"Portada","item":"https:\/\/www.noticiasradioreflejos.com.ar\/2021\/"},{"@type":"ListItem","position":2,"name":"6 de agosto: \u201cD\u00eda de la Ense\u00f1anza Agropecuaria\u201d"}]},{"@type":"WebSite","@id":"https:\/\/www.noticiasradioreflejos.com.ar\/2021\/#website","url":"https:\/\/www.noticiasradioreflejos.com.ar\/2021\/","name":"Noticias Radio Reflejos","description":"Las noticias de mi comarca","potentialAction":[{"@type":"SearchAction","target":{"@type":"EntryPoint","urlTemplate":"https:\/\/www.noticiasradioreflejos.com.ar\/2021\/?s={search_term_string}"},"query-input":{"@type":"PropertyValueSpecification","valueRequired":true,"valueName":"search_term_string"}}],"inLanguage":"es"},{"@type":"Person","@id":"https:\/\/www.noticiasradioreflejos.com.ar\/2021\/#\/schema\/person\/ad82545263dcc5ec0996818884fd5fb1","name":"Arnaldo Botto","image":{"@type":"ImageObject","inLanguage":"es","@id":"https:\/\/www.noticiasradioreflejos.com.ar\/2021\/#\/schema\/person\/image\/","url":"https:\/\/secure.gravatar.com\/avatar\/55cb5e37c1efa326397366e6974cb338056df65cb50e7d64d1cf314e87504837?s=96&d=mm&r=g","contentUrl":"https:\/\/secure.gravatar.com\/avatar\/55cb5e37c1efa326397366e6974cb338056df65cb50e7d64d1cf314e87504837?s=96&d=mm&r=g","caption":"Arnaldo Botto"},"url":"https:\/\/www.noticiasradioreflejos.com.ar\/2021\/author\/arnaldo\/"}]}},"_links":{"self":[{"href":"https:\/\/www.noticiasradioreflejos.com.ar\/2021\/wp-json\/wp\/v2\/posts\/61180","targetHints":{"allow":["GET"]}}],"collection":[{"href":"https:\/\/www.noticiasradioreflejos.com.ar\/2021\/wp-json\/wp\/v2\/posts"}],"about":[{"href":"https:\/\/www.noticiasradioreflejos.com.ar\/2021\/wp-json\/wp\/v2\/types\/post"}],"author":[{"embeddable":true,"href":"https:\/\/www.noticiasradioreflejos.com.ar\/2021\/wp-json\/wp\/v2\/users\/3"}],"replies":[{"embeddable":true,"href":"https:\/\/www.noticiasradioreflejos.com.ar\/2021\/wp-json\/wp\/v2\/comments?post=61180"}],"version-history":[{"count":1,"href":"https:\/\/www.noticiasradioreflejos.com.ar\/2021\/wp-json\/wp\/v2\/posts\/61180\/revisions"}],"predecessor-version":[{"id":61181,"href":"https:\/\/www.noticiasradioreflejos.com.ar\/2021\/wp-json\/wp\/v2\/posts\/61180\/revisions\/61181"}],"wp:featuredmedia":[{"embeddable":true,"href":"https:\/\/www.noticiasradioreflejos.com.ar\/2021\/wp-json\/wp\/v2\/media\/55625"}],"wp:attachment":[{"href":"https:\/\/www.noticiasradioreflejos.com.ar\/2021\/wp-json\/wp\/v2\/media?parent=61180"}],"wp:term":[{"taxonomy":"category","embeddable":true,"href":"https:\/\/www.noticiasradioreflejos.com.ar\/2021\/wp-json\/wp\/v2\/categories?post=61180"},{"taxonomy":"post_tag","embeddable":true,"href":"https:\/\/www.noticiasradioreflejos.com.ar\/2021\/wp-json\/wp\/v2\/tags?post=61180"}],"curies":[{"name":"wp","href":"https:\/\/api.w.org\/{rel}","templated":true}]}}