{"id":61158,"date":"2021-08-05T19:27:40","date_gmt":"2021-08-05T19:27:40","guid":{"rendered":"http:\/\/www.noticiasradioreflejos.com.ar\/2021\/?p=61158"},"modified":"2021-08-05T20:05:55","modified_gmt":"2021-08-05T20:05:55","slug":"chacinados-detalles-e-informacion-del-curso-que-se-dictara-en-sierra-de-la-ventana","status":"publish","type":"post","link":"https:\/\/www.noticiasradioreflejos.com.ar\/2021\/chacinados-detalles-e-informacion-del-curso-que-se-dictara-en-sierra-de-la-ventana\/","title":{"rendered":"Chacinados: Detalles e informaci\u00f3n del curso que se dictar\u00e1 en Sierra de la Ventana"},"content":{"rendered":"<p>Esta ma\u00f1ana, conversamos con \u00c1lvaro Vittori sobre los detalles del curso que comenzar\u00e1 el pr\u00f3ximo martes 10 de agosto, en la continuidad del Proyecto Integral de Desarrollo Social y Productivo de la Secretar\u00eda de Producci\u00f3n, Comercio e Industria de Tornquist Municipio.<!--more--><\/p>\n<p>La inscripci\u00f3n a dos nuevos cursos: de chacinados y faena que se dictar\u00e1n en Sierra de la Ventana, los mismos estar\u00e1n a cargo del veterinario Axel Borches y del ingeniero \u00c1lvaro Vittori.<\/p>\n<p>\u201cEstuvimos hasta el receso invernal dict\u00e1ndolo en Tornquist y en Saldungaray\u201d comenz\u00f3 hablando \u00c1lvaro sobre los cursos que dictan de chacinados y faenados. El ingeniero coment\u00f3 que la gente respondi\u00f3 muy bien en Tornquist \u201cvino m\u00e1s gente de lo esperado\u201d coment\u00f3. Con respecto a los asistentes en Saldungaray, mencion\u00f3 que la participaci\u00f3n fue bajando por diferentes complicaciones, pero de todas maneras muchas personas aprovecharon el dictado del curso.<\/p>\n<p>Para lo que ser\u00e1 Sierra de la Ventana, mencion\u00f3: \u201cEsperamos bastante gente\u201d. Los interesados para los cursos de faenado y chacinados podr\u00e1n inscribirse y obtener m\u00e1s informaci\u00f3n en el siguiente link: <a href=\"https:\/\/forms.gle\/RX8gCjM34GVfb23t9\">https:\/\/forms.gle\/RX8gCjM34GVfb23t9<\/a><\/p>\n<p>El d\u00eda 10 de Agosto habr\u00e1 un primer encuentro en el Centro Cultural a las 20:30hs para poder brindar informaci\u00f3n sobre las clases pr\u00e1cticas y te\u00f3ricas.<\/p>\n<p>\u201cSiempre hay temas nuevos para ir charlando. Est\u00e1 bueno que se anoten (los carniceros) porque por ah\u00ed en la rutina de la carnicer\u00eda hay problem\u00e1ticas que se pueden solucionar o pueden comentar alguna pr\u00e1ctica que ellos hacen para mejorar alg\u00fan tipo de chacinados y dem\u00e1s\u201d expres\u00f3 lo beneficioso que ser\u00eda que quienes se dedican al rubro de la carnicer\u00eda participen en los cursos.<\/p>\n<p>Alvaro coment\u00f3 que se har\u00e1n pr\u00e1cticas con distintas carnes pero que, en un principio, se les brindar\u00e1 a los alumnos conocimiento te\u00f3rico para que no haya errores al momentos de manipular la carne. \u201cLa pr\u00e1ctica lleva a que sea m\u00e1s entretenido, vamos a tratar de hacer la mayor cantidad de pr\u00e1cticas posibles\u201d.<\/p>\n<p>La idea de los dictadores del curso es llevarlos de manera presencial en distintas localidades. \u201cSi hay alguien que lo quiera hacer virtual, quiz\u00e1s m\u00e1s llegando a fin de a\u00f1o lo haremos\u201d.<\/p>\n<p><strong>Nota completa a continuaci\u00f3n:<\/strong><\/p>\n<p><iframe loading=\"lazy\" src=\"https:\/\/w.soundcloud.com\/player\/?url=https%3A\/\/api.soundcloud.com\/tracks\/1100634475&amp;color=%23ff5500&amp;auto_play=false&amp;hide_related=false&amp;show_comments=true&amp;show_user=true&amp;show_reposts=false&amp;show_teaser=true\" width=\"100%\" height=\"166\" frameborder=\"no\" scrolling=\"no\"><\/iframe><\/p>\n<div style=\"font-size: 10px; color: #cccccc; line-break: anywhere; word-break: normal; overflow: hidden; white-space: nowrap; text-overflow: ellipsis; font-family: Interstate,Lucida Grande,Lucida Sans Unicode,Lucida Sans,Garuda,Verdana,Tahoma,sans-serif; font-weight: 100;\"><a style=\"color: #cccccc; text-decoration: none;\" title=\"fmreflejos 103.7\" href=\"https:\/\/soundcloud.com\/fmreflejos-103-7\" target=\"_blank\" rel=\"noopener\">fmreflejos 103.7<\/a> \u00b7 <a style=\"color: #cccccc; text-decoration: none;\" title=\"Alvaro Vitori\" href=\"https:\/\/soundcloud.com\/fmreflejos-103-7\/alvaro-vitori\" target=\"_blank\" rel=\"noopener\">Alvaro Vitori<\/a><\/div>\n","protected":false},"excerpt":{"rendered":"<p>Esta ma\u00f1ana, conversamos con \u00c1lvaro Vittori sobre los detalles del curso que comenzar\u00e1 el pr\u00f3ximo martes 10 de agosto, en la continuidad del Proyecto Integral de Desarrollo Social y Productivo de la Secretar\u00eda de Producci\u00f3n, Comercio e Industria de Tornquist Municipio.<\/p>\n","protected":false},"author":3,"featured_media":0,"comment_status":"closed","ping_status":"closed","sticky":false,"template":"","format":"standard","meta":{"footnotes":""},"categories":[34,28],"tags":[48],"class_list":["post-61158","post","type-post","status-publish","format-standard","hentry","category-educacion","category-municipales","tag-destacada"],"yoast_head":"<!-- This site is optimized with the Yoast SEO plugin v25.9 - https:\/\/yoast.com\/wordpress\/plugins\/seo\/ -->\n<title>Chacinados: Detalles e informaci\u00f3n del curso que se dictar\u00e1 en Sierra de la Ventana - Noticias Radio Reflejos<\/title>\n<meta name=\"robots\" content=\"index, follow, max-snippet:-1, max-image-preview:large, max-video-preview:-1\" \/>\n<link rel=\"canonical\" href=\"https:\/\/www.noticiasradioreflejos.com.ar\/2021\/chacinados-detalles-e-informacion-del-curso-que-se-dictara-en-sierra-de-la-ventana\/\" \/>\n<meta property=\"og:locale\" content=\"es_ES\" \/>\n<meta property=\"og:type\" content=\"article\" \/>\n<meta property=\"og:title\" content=\"Chacinados: Detalles e informaci\u00f3n del curso que se dictar\u00e1 en Sierra de la Ventana - Noticias Radio Reflejos\" \/>\n<meta property=\"og:description\" content=\"Esta ma\u00f1ana, conversamos con \u00c1lvaro Vittori sobre los detalles del curso que comenzar\u00e1 el pr\u00f3ximo martes 10 de agosto, en la continuidad del Proyecto Integral de Desarrollo Social y Productivo de la Secretar\u00eda de Producci\u00f3n, Comercio e Industria de Tornquist Municipio.\" \/>\n<meta property=\"og:url\" content=\"https:\/\/www.noticiasradioreflejos.com.ar\/2021\/chacinados-detalles-e-informacion-del-curso-que-se-dictara-en-sierra-de-la-ventana\/\" \/>\n<meta property=\"og:site_name\" content=\"Noticias Radio Reflejos\" \/>\n<meta property=\"article:published_time\" content=\"2021-08-05T19:27:40+00:00\" \/>\n<meta property=\"article:modified_time\" content=\"2021-08-05T20:05:55+00:00\" \/>\n<meta property=\"og:image\" content=\"https:\/\/www.noticiasradioreflejos.com.ar\/2021\/wp-content\/uploads\/2021\/07\/logosol300x200.png\" \/>\n\t<meta property=\"og:image:width\" content=\"300\" \/>\n\t<meta property=\"og:image:height\" content=\"200\" \/>\n\t<meta property=\"og:image:type\" content=\"image\/png\" \/>\n<meta name=\"author\" content=\"Arnaldo Botto\" \/>\n<meta name=\"twitter:card\" content=\"summary_large_image\" \/>\n<script type=\"application\/ld+json\" class=\"yoast-schema-graph\">{\"@context\":\"https:\/\/schema.org\",\"@graph\":[{\"@type\":\"WebPage\",\"@id\":\"https:\/\/www.noticiasradioreflejos.com.ar\/2021\/chacinados-detalles-e-informacion-del-curso-que-se-dictara-en-sierra-de-la-ventana\/\",\"url\":\"https:\/\/www.noticiasradioreflejos.com.ar\/2021\/chacinados-detalles-e-informacion-del-curso-que-se-dictara-en-sierra-de-la-ventana\/\",\"name\":\"Chacinados: Detalles e informaci\u00f3n del curso que se dictar\u00e1 en Sierra de la Ventana - Noticias Radio Reflejos\",\"isPartOf\":{\"@id\":\"https:\/\/www.noticiasradioreflejos.com.ar\/2021\/#website\"},\"datePublished\":\"2021-08-05T19:27:40+00:00\",\"dateModified\":\"2021-08-05T20:05:55+00:00\",\"author\":{\"@id\":\"https:\/\/www.noticiasradioreflejos.com.ar\/2021\/#\/schema\/person\/ad82545263dcc5ec0996818884fd5fb1\"},\"breadcrumb\":{\"@id\":\"https:\/\/www.noticiasradioreflejos.com.ar\/2021\/chacinados-detalles-e-informacion-del-curso-que-se-dictara-en-sierra-de-la-ventana\/#breadcrumb\"},\"inLanguage\":\"es\",\"potentialAction\":[{\"@type\":\"ReadAction\",\"target\":[\"https:\/\/www.noticiasradioreflejos.com.ar\/2021\/chacinados-detalles-e-informacion-del-curso-que-se-dictara-en-sierra-de-la-ventana\/\"]}]},{\"@type\":\"BreadcrumbList\",\"@id\":\"https:\/\/www.noticiasradioreflejos.com.ar\/2021\/chacinados-detalles-e-informacion-del-curso-que-se-dictara-en-sierra-de-la-ventana\/#breadcrumb\",\"itemListElement\":[{\"@type\":\"ListItem\",\"position\":1,\"name\":\"Portada\",\"item\":\"https:\/\/www.noticiasradioreflejos.com.ar\/2021\/\"},{\"@type\":\"ListItem\",\"position\":2,\"name\":\"Chacinados: Detalles e informaci\u00f3n del curso que se dictar\u00e1 en Sierra de la Ventana\"}]},{\"@type\":\"WebSite\",\"@id\":\"https:\/\/www.noticiasradioreflejos.com.ar\/2021\/#website\",\"url\":\"https:\/\/www.noticiasradioreflejos.com.ar\/2021\/\",\"name\":\"Noticias Radio Reflejos\",\"description\":\"Las noticias de mi comarca\",\"potentialAction\":[{\"@type\":\"SearchAction\",\"target\":{\"@type\":\"EntryPoint\",\"urlTemplate\":\"https:\/\/www.noticiasradioreflejos.com.ar\/2021\/?s={search_term_string}\"},\"query-input\":{\"@type\":\"PropertyValueSpecification\",\"valueRequired\":true,\"valueName\":\"search_term_string\"}}],\"inLanguage\":\"es\"},{\"@type\":\"Person\",\"@id\":\"https:\/\/www.noticiasradioreflejos.com.ar\/2021\/#\/schema\/person\/ad82545263dcc5ec0996818884fd5fb1\",\"name\":\"Arnaldo Botto\",\"image\":{\"@type\":\"ImageObject\",\"inLanguage\":\"es\",\"@id\":\"https:\/\/www.noticiasradioreflejos.com.ar\/2021\/#\/schema\/person\/image\/\",\"url\":\"https:\/\/secure.gravatar.com\/avatar\/55cb5e37c1efa326397366e6974cb338056df65cb50e7d64d1cf314e87504837?s=96&d=mm&r=g\",\"contentUrl\":\"https:\/\/secure.gravatar.com\/avatar\/55cb5e37c1efa326397366e6974cb338056df65cb50e7d64d1cf314e87504837?s=96&d=mm&r=g\",\"caption\":\"Arnaldo Botto\"},\"url\":\"https:\/\/www.noticiasradioreflejos.com.ar\/2021\/author\/arnaldo\/\"}]}<\/script>\n<!-- \/ Yoast SEO plugin. -->","yoast_head_json":{"title":"Chacinados: Detalles e informaci\u00f3n del curso que se dictar\u00e1 en Sierra de la Ventana - Noticias Radio Reflejos","robots":{"index":"index","follow":"follow","max-snippet":"max-snippet:-1","max-image-preview":"max-image-preview:large","max-video-preview":"max-video-preview:-1"},"canonical":"https:\/\/www.noticiasradioreflejos.com.ar\/2021\/chacinados-detalles-e-informacion-del-curso-que-se-dictara-en-sierra-de-la-ventana\/","og_locale":"es_ES","og_type":"article","og_title":"Chacinados: Detalles e informaci\u00f3n del curso que se dictar\u00e1 en Sierra de la Ventana - Noticias Radio Reflejos","og_description":"Esta ma\u00f1ana, conversamos con \u00c1lvaro Vittori sobre los detalles del curso que comenzar\u00e1 el pr\u00f3ximo martes 10 de agosto, en la continuidad del Proyecto Integral de Desarrollo Social y Productivo de la Secretar\u00eda de Producci\u00f3n, Comercio e Industria de Tornquist Municipio.","og_url":"https:\/\/www.noticiasradioreflejos.com.ar\/2021\/chacinados-detalles-e-informacion-del-curso-que-se-dictara-en-sierra-de-la-ventana\/","og_site_name":"Noticias Radio Reflejos","article_published_time":"2021-08-05T19:27:40+00:00","article_modified_time":"2021-08-05T20:05:55+00:00","og_image":[{"width":300,"height":200,"url":"https:\/\/www.noticiasradioreflejos.com.ar\/2021\/wp-content\/uploads\/2021\/07\/logosol300x200.png","type":"image\/png"}],"author":"Arnaldo Botto","twitter_card":"summary_large_image","schema":{"@context":"https:\/\/schema.org","@graph":[{"@type":"WebPage","@id":"https:\/\/www.noticiasradioreflejos.com.ar\/2021\/chacinados-detalles-e-informacion-del-curso-que-se-dictara-en-sierra-de-la-ventana\/","url":"https:\/\/www.noticiasradioreflejos.com.ar\/2021\/chacinados-detalles-e-informacion-del-curso-que-se-dictara-en-sierra-de-la-ventana\/","name":"Chacinados: Detalles e informaci\u00f3n del curso que se dictar\u00e1 en Sierra de la Ventana - Noticias Radio Reflejos","isPartOf":{"@id":"https:\/\/www.noticiasradioreflejos.com.ar\/2021\/#website"},"datePublished":"2021-08-05T19:27:40+00:00","dateModified":"2021-08-05T20:05:55+00:00","author":{"@id":"https:\/\/www.noticiasradioreflejos.com.ar\/2021\/#\/schema\/person\/ad82545263dcc5ec0996818884fd5fb1"},"breadcrumb":{"@id":"https:\/\/www.noticiasradioreflejos.com.ar\/2021\/chacinados-detalles-e-informacion-del-curso-que-se-dictara-en-sierra-de-la-ventana\/#breadcrumb"},"inLanguage":"es","potentialAction":[{"@type":"ReadAction","target":["https:\/\/www.noticiasradioreflejos.com.ar\/2021\/chacinados-detalles-e-informacion-del-curso-que-se-dictara-en-sierra-de-la-ventana\/"]}]},{"@type":"BreadcrumbList","@id":"https:\/\/www.noticiasradioreflejos.com.ar\/2021\/chacinados-detalles-e-informacion-del-curso-que-se-dictara-en-sierra-de-la-ventana\/#breadcrumb","itemListElement":[{"@type":"ListItem","position":1,"name":"Portada","item":"https:\/\/www.noticiasradioreflejos.com.ar\/2021\/"},{"@type":"ListItem","position":2,"name":"Chacinados: Detalles e informaci\u00f3n del curso que se dictar\u00e1 en Sierra de la Ventana"}]},{"@type":"WebSite","@id":"https:\/\/www.noticiasradioreflejos.com.ar\/2021\/#website","url":"https:\/\/www.noticiasradioreflejos.com.ar\/2021\/","name":"Noticias Radio Reflejos","description":"Las noticias de mi comarca","potentialAction":[{"@type":"SearchAction","target":{"@type":"EntryPoint","urlTemplate":"https:\/\/www.noticiasradioreflejos.com.ar\/2021\/?s={search_term_string}"},"query-input":{"@type":"PropertyValueSpecification","valueRequired":true,"valueName":"search_term_string"}}],"inLanguage":"es"},{"@type":"Person","@id":"https:\/\/www.noticiasradioreflejos.com.ar\/2021\/#\/schema\/person\/ad82545263dcc5ec0996818884fd5fb1","name":"Arnaldo Botto","image":{"@type":"ImageObject","inLanguage":"es","@id":"https:\/\/www.noticiasradioreflejos.com.ar\/2021\/#\/schema\/person\/image\/","url":"https:\/\/secure.gravatar.com\/avatar\/55cb5e37c1efa326397366e6974cb338056df65cb50e7d64d1cf314e87504837?s=96&d=mm&r=g","contentUrl":"https:\/\/secure.gravatar.com\/avatar\/55cb5e37c1efa326397366e6974cb338056df65cb50e7d64d1cf314e87504837?s=96&d=mm&r=g","caption":"Arnaldo Botto"},"url":"https:\/\/www.noticiasradioreflejos.com.ar\/2021\/author\/arnaldo\/"}]}},"_links":{"self":[{"href":"https:\/\/www.noticiasradioreflejos.com.ar\/2021\/wp-json\/wp\/v2\/posts\/61158","targetHints":{"allow":["GET"]}}],"collection":[{"href":"https:\/\/www.noticiasradioreflejos.com.ar\/2021\/wp-json\/wp\/v2\/posts"}],"about":[{"href":"https:\/\/www.noticiasradioreflejos.com.ar\/2021\/wp-json\/wp\/v2\/types\/post"}],"author":[{"embeddable":true,"href":"https:\/\/www.noticiasradioreflejos.com.ar\/2021\/wp-json\/wp\/v2\/users\/3"}],"replies":[{"embeddable":true,"href":"https:\/\/www.noticiasradioreflejos.com.ar\/2021\/wp-json\/wp\/v2\/comments?post=61158"}],"version-history":[{"count":1,"href":"https:\/\/www.noticiasradioreflejos.com.ar\/2021\/wp-json\/wp\/v2\/posts\/61158\/revisions"}],"predecessor-version":[{"id":61160,"href":"https:\/\/www.noticiasradioreflejos.com.ar\/2021\/wp-json\/wp\/v2\/posts\/61158\/revisions\/61160"}],"wp:attachment":[{"href":"https:\/\/www.noticiasradioreflejos.com.ar\/2021\/wp-json\/wp\/v2\/media?parent=61158"}],"wp:term":[{"taxonomy":"category","embeddable":true,"href":"https:\/\/www.noticiasradioreflejos.com.ar\/2021\/wp-json\/wp\/v2\/categories?post=61158"},{"taxonomy":"post_tag","embeddable":true,"href":"https:\/\/www.noticiasradioreflejos.com.ar\/2021\/wp-json\/wp\/v2\/tags?post=61158"}],"curies":[{"name":"wp","href":"https:\/\/api.w.org\/{rel}","templated":true}]}}