{"id":61155,"date":"2021-08-05T19:05:00","date_gmt":"2021-08-05T19:05:00","guid":{"rendered":"http:\/\/www.noticiasradioreflejos.com.ar\/2021\/?p=61155"},"modified":"2021-08-05T19:05:00","modified_gmt":"2021-08-05T19:05:00","slug":"fin-de-una-era-messi-se-va-de-barcelona-luego-de-16-anos","status":"publish","type":"post","link":"https:\/\/www.noticiasradioreflejos.com.ar\/2021\/fin-de-una-era-messi-se-va-de-barcelona-luego-de-16-anos\/","title":{"rendered":"Fin de una era: Messi se va de Barcelona luego de 16 a\u00f1os"},"content":{"rendered":"<div class=\"head-content\">\n<p>El club catal\u00e1n a trav\u00e9s de su redes sociales difundi\u00f3 un comunicado en el que hace hicapi\u00e9 a que \u00aba pesar de haberse llegado a un acuerdo entre ambas partes de firmar un nuevo contrato no se podr\u00e1 formalizar\u00bb debido a la normativa de La Liga espa\u00f1ola.<\/p>\n<\/div>\n<p><!--more--><\/p>\n<div class=\"main-content-block\">\n<div class=\"main-box clearfix\">\n<div class=\"wrapper-main-section clearfix\">\n<div class=\"wrapper-editable-content\">\n<div class=\"editable-content clearfix\">\n<div id=\"image\" class=\"image\">\n<p><img decoding=\"async\" title=\"messi por primera vez en su carrera jugar\u00e1 en otro club.\" src=\"https:\/\/www.telam.com.ar\/advf\/imagenes\/2021\/08\/610c2bd7f31c6_1004x565.jpg\" alt=\"messi por primera vez en su carrera jugar\u00e1 en otro club.\" \/><\/p>\n<div class=\"epigrafe\">Messi por primera vez en su carrera jugar\u00e1 en otro club.<\/div>\n<\/div>\n<p>Lionel Messi dejar\u00e1 el Barcelona despu\u00e9s de 16 a\u00f1os, anunci\u00f3 el club en un comunicado, a ra\u00edz de \u00abobst\u00e1culos econ\u00f3micos y estructurales\u00bb impuestos por la liga espa\u00f1ola de f\u00fatbol para la renovaci\u00f3n de su contrato.<\/p>\n<p><strong>Messi ten\u00eda todo acordado para firmar un nuevo v\u00ednculo por cinco a\u00f1os con el club, pero los requisitos financieros que exige la Liga no pudieron ser resueltos por la dirigencia catalana.<\/strong><\/p>\n<p><strong>El mejor jugador del mundo<\/strong>\u00a0y reciente campe\u00f3n de la Copa Am\u00e9rica con Argentina qued\u00f3 libre el pasado 30 de junio y\u00a0<strong>por primera vez en su carrera vestir\u00eda la camiseta de otro club.<\/strong><\/p>\n<blockquote class=\"twitter-tweet\" data-width=\"500\" data-dnt=\"true\">\n<p lang=\"pt\" dir=\"ltr\">\u00daLTIMA HORA | Leo Messi no seguir\u00e1 ligado al FC Barcelona<\/p>\n<p>&mdash; FC Barcelona (@FCBarcelona_es) <a href=\"https:\/\/twitter.com\/FCBarcelona_es\/status\/1423339729811030019?ref_src=twsrc%5Etfw\">August 5, 2021<\/a><\/p><\/blockquote>\n<p><script async src=\"https:\/\/platform.twitter.com\/widgets.js\" charset=\"utf-8\"><\/script><\/p>\n<p>A trav\u00e9s de un comunicado oficial, Barcelona inform\u00f3 que \u00aba pesar de haber llegado a un acuerdo\u00bb con Messi para\u00a0<strong>la renovaci\u00f3n del contrato, el mismo no se pudo formalizar \u00abdebido a obst\u00e1culos econ\u00f3micos y estructurales\u00bb impuesto por la normativa de LaLiga espa\u00f1ola.<\/strong><\/p>\n<p>\u00ab<strong>Ante esta situaci\u00f3n, Lionel Messi no continuar\u00e1 ligado al FC Barcelona.\u00a0<\/strong>Las dos partes lamentan profundamente que finalmente no se puedan cumplir los deseos tanto del jugador como del Club\u00bb, agreg\u00f3 el club catal\u00e1n.<\/p>\n<p>\u00ab<strong>El Bar\u00e7a quiere agradecer de todo coraz\u00f3n la aportaci\u00f3n del jugador al engrandecimiento de la instituci\u00f3n<\/strong>\u00a0y le desea lo mejor en su vida personal y profesional\u00bb, cerr\u00f3 el breve texto de Barcelona para despedir al m\u00e1ximo \u00eddolo del club.<\/p>\n<\/div>\n<\/div>\n<\/div>\n<\/div>\n<\/div>\n","protected":false},"excerpt":{"rendered":"<p>El club catal\u00e1n a trav\u00e9s de su redes sociales difundi\u00f3 un comunicado en el que hace hicapi\u00e9 a que \u00aba pesar de haberse llegado a un acuerdo entre ambas partes de firmar un nuevo contrato no se podr\u00e1 formalizar\u00bb debido a la normativa de La Liga espa\u00f1ola.<\/p>\n","protected":false},"author":3,"featured_media":0,"comment_status":"closed","ping_status":"closed","sticky":false,"template":"","format":"standard","meta":{"footnotes":""},"categories":[27],"tags":[],"class_list":["post-61155","post","type-post","status-publish","format-standard","hentry","category-deportes"],"yoast_head":"<!-- This site is optimized with the Yoast SEO plugin v25.9 - https:\/\/yoast.com\/wordpress\/plugins\/seo\/ -->\n<title>Fin de una era: Messi se va de Barcelona luego de 16 a\u00f1os - Noticias Radio Reflejos<\/title>\n<meta name=\"robots\" content=\"index, follow, max-snippet:-1, max-image-preview:large, max-video-preview:-1\" \/>\n<link rel=\"canonical\" href=\"https:\/\/www.noticiasradioreflejos.com.ar\/2021\/fin-de-una-era-messi-se-va-de-barcelona-luego-de-16-anos\/\" \/>\n<meta property=\"og:locale\" content=\"es_ES\" \/>\n<meta property=\"og:type\" content=\"article\" \/>\n<meta property=\"og:title\" content=\"Fin de una era: Messi se va de Barcelona luego de 16 a\u00f1os - Noticias Radio Reflejos\" \/>\n<meta property=\"og:description\" content=\"El club catal\u00e1n a trav\u00e9s de su redes sociales difundi\u00f3 un comunicado en el que hace hicapi\u00e9 a que \u00aba pesar de haberse llegado a un acuerdo entre ambas partes de firmar un nuevo contrato no se podr\u00e1 formalizar\u00bb debido a la normativa de La Liga espa\u00f1ola.\" \/>\n<meta property=\"og:url\" content=\"https:\/\/www.noticiasradioreflejos.com.ar\/2021\/fin-de-una-era-messi-se-va-de-barcelona-luego-de-16-anos\/\" \/>\n<meta property=\"og:site_name\" content=\"Noticias Radio Reflejos\" \/>\n<meta property=\"article:published_time\" content=\"2021-08-05T19:05:00+00:00\" \/>\n<meta property=\"og:image\" content=\"https:\/\/www.telam.com.ar\/advf\/imagenes\/2021\/08\/610c2bd7f31c6_1004x565.jpg\" \/>\n<meta name=\"author\" content=\"Arnaldo Botto\" \/>\n<meta name=\"twitter:card\" content=\"summary_large_image\" \/>\n<script type=\"application\/ld+json\" class=\"yoast-schema-graph\">{\"@context\":\"https:\/\/schema.org\",\"@graph\":[{\"@type\":\"WebPage\",\"@id\":\"https:\/\/www.noticiasradioreflejos.com.ar\/2021\/fin-de-una-era-messi-se-va-de-barcelona-luego-de-16-anos\/\",\"url\":\"https:\/\/www.noticiasradioreflejos.com.ar\/2021\/fin-de-una-era-messi-se-va-de-barcelona-luego-de-16-anos\/\",\"name\":\"Fin de una era: Messi se va de Barcelona luego de 16 a\u00f1os - Noticias Radio Reflejos\",\"isPartOf\":{\"@id\":\"https:\/\/www.noticiasradioreflejos.com.ar\/2021\/#website\"},\"primaryImageOfPage\":{\"@id\":\"https:\/\/www.noticiasradioreflejos.com.ar\/2021\/fin-de-una-era-messi-se-va-de-barcelona-luego-de-16-anos\/#primaryimage\"},\"image\":{\"@id\":\"https:\/\/www.noticiasradioreflejos.com.ar\/2021\/fin-de-una-era-messi-se-va-de-barcelona-luego-de-16-anos\/#primaryimage\"},\"thumbnailUrl\":\"https:\/\/www.telam.com.ar\/advf\/imagenes\/2021\/08\/610c2bd7f31c6_1004x565.jpg\",\"datePublished\":\"2021-08-05T19:05:00+00:00\",\"author\":{\"@id\":\"https:\/\/www.noticiasradioreflejos.com.ar\/2021\/#\/schema\/person\/ad82545263dcc5ec0996818884fd5fb1\"},\"breadcrumb\":{\"@id\":\"https:\/\/www.noticiasradioreflejos.com.ar\/2021\/fin-de-una-era-messi-se-va-de-barcelona-luego-de-16-anos\/#breadcrumb\"},\"inLanguage\":\"es\",\"potentialAction\":[{\"@type\":\"ReadAction\",\"target\":[\"https:\/\/www.noticiasradioreflejos.com.ar\/2021\/fin-de-una-era-messi-se-va-de-barcelona-luego-de-16-anos\/\"]}]},{\"@type\":\"ImageObject\",\"inLanguage\":\"es\",\"@id\":\"https:\/\/www.noticiasradioreflejos.com.ar\/2021\/fin-de-una-era-messi-se-va-de-barcelona-luego-de-16-anos\/#primaryimage\",\"url\":\"https:\/\/www.telam.com.ar\/advf\/imagenes\/2021\/08\/610c2bd7f31c6_1004x565.jpg\",\"contentUrl\":\"https:\/\/www.telam.com.ar\/advf\/imagenes\/2021\/08\/610c2bd7f31c6_1004x565.jpg\"},{\"@type\":\"BreadcrumbList\",\"@id\":\"https:\/\/www.noticiasradioreflejos.com.ar\/2021\/fin-de-una-era-messi-se-va-de-barcelona-luego-de-16-anos\/#breadcrumb\",\"itemListElement\":[{\"@type\":\"ListItem\",\"position\":1,\"name\":\"Portada\",\"item\":\"https:\/\/www.noticiasradioreflejos.com.ar\/2021\/\"},{\"@type\":\"ListItem\",\"position\":2,\"name\":\"Fin de una era: Messi se va de Barcelona luego de 16 a\u00f1os\"}]},{\"@type\":\"WebSite\",\"@id\":\"https:\/\/www.noticiasradioreflejos.com.ar\/2021\/#website\",\"url\":\"https:\/\/www.noticiasradioreflejos.com.ar\/2021\/\",\"name\":\"Noticias Radio Reflejos\",\"description\":\"Las noticias de mi comarca\",\"potentialAction\":[{\"@type\":\"SearchAction\",\"target\":{\"@type\":\"EntryPoint\",\"urlTemplate\":\"https:\/\/www.noticiasradioreflejos.com.ar\/2021\/?s={search_term_string}\"},\"query-input\":{\"@type\":\"PropertyValueSpecification\",\"valueRequired\":true,\"valueName\":\"search_term_string\"}}],\"inLanguage\":\"es\"},{\"@type\":\"Person\",\"@id\":\"https:\/\/www.noticiasradioreflejos.com.ar\/2021\/#\/schema\/person\/ad82545263dcc5ec0996818884fd5fb1\",\"name\":\"Arnaldo Botto\",\"image\":{\"@type\":\"ImageObject\",\"inLanguage\":\"es\",\"@id\":\"https:\/\/www.noticiasradioreflejos.com.ar\/2021\/#\/schema\/person\/image\/\",\"url\":\"https:\/\/secure.gravatar.com\/avatar\/55cb5e37c1efa326397366e6974cb338056df65cb50e7d64d1cf314e87504837?s=96&d=mm&r=g\",\"contentUrl\":\"https:\/\/secure.gravatar.com\/avatar\/55cb5e37c1efa326397366e6974cb338056df65cb50e7d64d1cf314e87504837?s=96&d=mm&r=g\",\"caption\":\"Arnaldo Botto\"},\"url\":\"https:\/\/www.noticiasradioreflejos.com.ar\/2021\/author\/arnaldo\/\"}]}<\/script>\n<!-- \/ Yoast SEO plugin. -->","yoast_head_json":{"title":"Fin de una era: Messi se va de Barcelona luego de 16 a\u00f1os - Noticias Radio Reflejos","robots":{"index":"index","follow":"follow","max-snippet":"max-snippet:-1","max-image-preview":"max-image-preview:large","max-video-preview":"max-video-preview:-1"},"canonical":"https:\/\/www.noticiasradioreflejos.com.ar\/2021\/fin-de-una-era-messi-se-va-de-barcelona-luego-de-16-anos\/","og_locale":"es_ES","og_type":"article","og_title":"Fin de una era: Messi se va de Barcelona luego de 16 a\u00f1os - Noticias Radio Reflejos","og_description":"El club catal\u00e1n a trav\u00e9s de su redes sociales difundi\u00f3 un comunicado en el que hace hicapi\u00e9 a que \u00aba pesar de haberse llegado a un acuerdo entre ambas partes de firmar un nuevo contrato no se podr\u00e1 formalizar\u00bb debido a la normativa de La Liga espa\u00f1ola.","og_url":"https:\/\/www.noticiasradioreflejos.com.ar\/2021\/fin-de-una-era-messi-se-va-de-barcelona-luego-de-16-anos\/","og_site_name":"Noticias Radio Reflejos","article_published_time":"2021-08-05T19:05:00+00:00","og_image":[{"url":"https:\/\/www.telam.com.ar\/advf\/imagenes\/2021\/08\/610c2bd7f31c6_1004x565.jpg","type":"","width":"","height":""}],"author":"Arnaldo Botto","twitter_card":"summary_large_image","schema":{"@context":"https:\/\/schema.org","@graph":[{"@type":"WebPage","@id":"https:\/\/www.noticiasradioreflejos.com.ar\/2021\/fin-de-una-era-messi-se-va-de-barcelona-luego-de-16-anos\/","url":"https:\/\/www.noticiasradioreflejos.com.ar\/2021\/fin-de-una-era-messi-se-va-de-barcelona-luego-de-16-anos\/","name":"Fin de una era: Messi se va de Barcelona luego de 16 a\u00f1os - Noticias Radio Reflejos","isPartOf":{"@id":"https:\/\/www.noticiasradioreflejos.com.ar\/2021\/#website"},"primaryImageOfPage":{"@id":"https:\/\/www.noticiasradioreflejos.com.ar\/2021\/fin-de-una-era-messi-se-va-de-barcelona-luego-de-16-anos\/#primaryimage"},"image":{"@id":"https:\/\/www.noticiasradioreflejos.com.ar\/2021\/fin-de-una-era-messi-se-va-de-barcelona-luego-de-16-anos\/#primaryimage"},"thumbnailUrl":"https:\/\/www.telam.com.ar\/advf\/imagenes\/2021\/08\/610c2bd7f31c6_1004x565.jpg","datePublished":"2021-08-05T19:05:00+00:00","author":{"@id":"https:\/\/www.noticiasradioreflejos.com.ar\/2021\/#\/schema\/person\/ad82545263dcc5ec0996818884fd5fb1"},"breadcrumb":{"@id":"https:\/\/www.noticiasradioreflejos.com.ar\/2021\/fin-de-una-era-messi-se-va-de-barcelona-luego-de-16-anos\/#breadcrumb"},"inLanguage":"es","potentialAction":[{"@type":"ReadAction","target":["https:\/\/www.noticiasradioreflejos.com.ar\/2021\/fin-de-una-era-messi-se-va-de-barcelona-luego-de-16-anos\/"]}]},{"@type":"ImageObject","inLanguage":"es","@id":"https:\/\/www.noticiasradioreflejos.com.ar\/2021\/fin-de-una-era-messi-se-va-de-barcelona-luego-de-16-anos\/#primaryimage","url":"https:\/\/www.telam.com.ar\/advf\/imagenes\/2021\/08\/610c2bd7f31c6_1004x565.jpg","contentUrl":"https:\/\/www.telam.com.ar\/advf\/imagenes\/2021\/08\/610c2bd7f31c6_1004x565.jpg"},{"@type":"BreadcrumbList","@id":"https:\/\/www.noticiasradioreflejos.com.ar\/2021\/fin-de-una-era-messi-se-va-de-barcelona-luego-de-16-anos\/#breadcrumb","itemListElement":[{"@type":"ListItem","position":1,"name":"Portada","item":"https:\/\/www.noticiasradioreflejos.com.ar\/2021\/"},{"@type":"ListItem","position":2,"name":"Fin de una era: Messi se va de Barcelona luego de 16 a\u00f1os"}]},{"@type":"WebSite","@id":"https:\/\/www.noticiasradioreflejos.com.ar\/2021\/#website","url":"https:\/\/www.noticiasradioreflejos.com.ar\/2021\/","name":"Noticias Radio Reflejos","description":"Las noticias de mi comarca","potentialAction":[{"@type":"SearchAction","target":{"@type":"EntryPoint","urlTemplate":"https:\/\/www.noticiasradioreflejos.com.ar\/2021\/?s={search_term_string}"},"query-input":{"@type":"PropertyValueSpecification","valueRequired":true,"valueName":"search_term_string"}}],"inLanguage":"es"},{"@type":"Person","@id":"https:\/\/www.noticiasradioreflejos.com.ar\/2021\/#\/schema\/person\/ad82545263dcc5ec0996818884fd5fb1","name":"Arnaldo Botto","image":{"@type":"ImageObject","inLanguage":"es","@id":"https:\/\/www.noticiasradioreflejos.com.ar\/2021\/#\/schema\/person\/image\/","url":"https:\/\/secure.gravatar.com\/avatar\/55cb5e37c1efa326397366e6974cb338056df65cb50e7d64d1cf314e87504837?s=96&d=mm&r=g","contentUrl":"https:\/\/secure.gravatar.com\/avatar\/55cb5e37c1efa326397366e6974cb338056df65cb50e7d64d1cf314e87504837?s=96&d=mm&r=g","caption":"Arnaldo Botto"},"url":"https:\/\/www.noticiasradioreflejos.com.ar\/2021\/author\/arnaldo\/"}]}},"_links":{"self":[{"href":"https:\/\/www.noticiasradioreflejos.com.ar\/2021\/wp-json\/wp\/v2\/posts\/61155","targetHints":{"allow":["GET"]}}],"collection":[{"href":"https:\/\/www.noticiasradioreflejos.com.ar\/2021\/wp-json\/wp\/v2\/posts"}],"about":[{"href":"https:\/\/www.noticiasradioreflejos.com.ar\/2021\/wp-json\/wp\/v2\/types\/post"}],"author":[{"embeddable":true,"href":"https:\/\/www.noticiasradioreflejos.com.ar\/2021\/wp-json\/wp\/v2\/users\/3"}],"replies":[{"embeddable":true,"href":"https:\/\/www.noticiasradioreflejos.com.ar\/2021\/wp-json\/wp\/v2\/comments?post=61155"}],"version-history":[{"count":1,"href":"https:\/\/www.noticiasradioreflejos.com.ar\/2021\/wp-json\/wp\/v2\/posts\/61155\/revisions"}],"predecessor-version":[{"id":61157,"href":"https:\/\/www.noticiasradioreflejos.com.ar\/2021\/wp-json\/wp\/v2\/posts\/61155\/revisions\/61157"}],"wp:attachment":[{"href":"https:\/\/www.noticiasradioreflejos.com.ar\/2021\/wp-json\/wp\/v2\/media?parent=61155"}],"wp:term":[{"taxonomy":"category","embeddable":true,"href":"https:\/\/www.noticiasradioreflejos.com.ar\/2021\/wp-json\/wp\/v2\/categories?post=61155"},{"taxonomy":"post_tag","embeddable":true,"href":"https:\/\/www.noticiasradioreflejos.com.ar\/2021\/wp-json\/wp\/v2\/tags?post=61155"}],"curies":[{"name":"wp","href":"https:\/\/api.w.org\/{rel}","templated":true}]}}