{"id":61152,"date":"2021-08-05T19:00:58","date_gmt":"2021-08-05T19:00:58","guid":{"rendered":"http:\/\/www.noticiasradioreflejos.com.ar\/2021\/?p=61152"},"modified":"2021-08-05T19:00:58","modified_gmt":"2021-08-05T19:00:58","slug":"la-provincia-presento-una-plataforma-digital-con-las-propuestas-para-mejorar-y-agilizar-procesos-judiciales","status":"publish","type":"post","link":"https:\/\/www.noticiasradioreflejos.com.ar\/2021\/la-provincia-presento-una-plataforma-digital-con-las-propuestas-para-mejorar-y-agilizar-procesos-judiciales\/","title":{"rendered":"La Provincia present\u00f3 una plataforma digital con las propuestas para mejorar y agilizar procesos judiciales"},"content":{"rendered":"<p><em>Permitir\u00e1 a la sociedad civil participar del an\u00e1lisis de los anteproyectos impulsados por el Ejecutivo Provincial y formular aportes antes de su env\u00edo a la Legislatura. <\/em><!--more--><\/p>\n<p>El secretario General de la Gobernaci\u00f3n, Federico Thea, y el ministro de Justicia y Derechos Humanos, Julio Alak, presentaron hoy la plataforma digital (http:\/\/agendaparticipativa.gba.gob.ar) donde estar\u00e1n alojadas las propuestas de actualizaci\u00f3n y modernizaci\u00f3n normativa presentadas por la Provincia para agilizar los procesos judiciales y dotar de mayor transparencia a la gesti\u00f3n p\u00fablica.<\/p>\n<p>\u201cNosotros elegimos atacar de manera directa y profunda los problemas estructurales que detectamos en la provincia de Buenos Aires. Nuestros equipos t\u00e9cnicos han hecho una gran tarea en tratar de, no solamente aggiornar la normativa provincial, sino lograr que los principios que inspiraron al gobernador, como el lenguaje claro, la igualdad, la equidad, el acceso a la justicia, la informatizaci\u00f3n, m\u00e1s a\u00fan en tiempos de pandemia, se vieran reflejados en estos anteproyectos\u201d, explic\u00f3 Thea.<\/p>\n<p>Destac\u00f3 en tal sentido que \u201cnosotros entendemos que estos objetivos son nobles, que nos deben motivar e inspirar a todos para tener una provincia m\u00e1s igualitaria. Tal vez existan herramientas mejores, por eso es que habilitamos esta plataforma web y por eso vamos a salir con los ministros y subsecretarias a informar y a buscar opiniones\u201d.<\/p>\n<p>Por su parte, Alak dijo que \u201cestos anteproyectos legislativos tienen la finalidad de modernizar el cuerpo normativo de la provincia, adecuarlo a la Constituci\u00f3n Nacional, a la Constituci\u00f3n provincial, y a las leyes de fondo que el Estado nacional ha estado sancionando en las \u00faltimas d\u00e9cadas\u201d. El ministro asegur\u00f3 que a trav\u00e9s de estas iniciativas \u201cbuscamos construir los consensos necesarios con todos los actores del sistema de Justicia bonaerense\u201d.<\/p>\n<p>Durante el encuentro, los subsecretarios Mauro Benente (Planificaci\u00f3n Estrat\u00e9gica), Inti P\u00e9rez Aznar (Justicia); Esteban Taglianetti (Legal y T\u00e9cnico) y Ana Laura Ramos (Transparencia Institucional) explicaron los 4 anteproyectos que estar\u00e1n alojados en el sitio gubernamental Agenda Participativa para su an\u00e1lisis: C\u00f3digo Procesal de Familias, Civil y Comercial; Ley de Abogadas y Abogados de los Ni\u00f1os, Ni\u00f1as y Adolescentes; Responsabilidad del Estado y \u00c9tica P\u00fablica y Transparencia de la provincia de Buenos Aires, respectivamente.<\/p>\n<p><strong>Las propuestas<\/strong><\/p>\n<p>En la plataforma, desarrollada \u00edntegramente por la subsecretar\u00eda de Gobierno Digital de la Jefatura de Gabinete y los equipos inform\u00e1ticos de la subsecretar\u00eda Legal y T\u00e9cnica de la Secretar\u00eda General, pueden encontrarse las 4 propuestas de anteproyectos.<\/p>\n<p>As\u00ed, con 106 cap\u00edtulos y 995 art\u00edculos, el C\u00f3digo Procesal de Familias, Civil y Comercial incorpora los principios del C\u00f3digo Civil y Comercial y las leyes de Protecci\u00f3n de Ni\u00f1as, Ni\u00f1os y Adolescentes, Mujeres, Salud Mental, Defensa del Consumidor y Mediaci\u00f3n; reconoce la existencia de condiciones de vulnerabilidad, perspectiva de g\u00e9nero y permite la realizaci\u00f3n de tr\u00e1mites procesales ajustados a cada problem\u00e1tica, con la implementaci\u00f3n de tecnolog\u00edas y un sistema \u00e1gil de notificaciones.<\/p>\n<p>Por su parte, la Ley de Abogadas y Abogados de los Ni\u00f1os, Ni\u00f1as y Adolescentes busca garantizar su Derecho Humano a ser o\u00eddos y a participar en los procesos judiciales: incorpora el principio de edad y autonom\u00eda progresiva; incluye la perspectiva de g\u00e9nero y de infancia en la normativa provincial y promueve pol\u00edticas p\u00fablicas que garanticen estos derechos esenciales<\/p>\n<p>La propuesta de Ley de Responsabilidad del Estado, en tanto, apunta a la recepci\u00f3n de los principios establecidos por la jurisprudencia sobre el tema, principalmente, la de los tribunales provinciales; propicia un abordaje propio del derecho p\u00fablico que procure arbitrar razonablemente el inter\u00e9s p\u00fablico con los derechos constitucionales y convencionales afectados y legitima la regulaci\u00f3n mediante la intervenci\u00f3n del Poder Legislativo.<\/p>\n<p>El anteproyecto de Ley de \u00c9tica P\u00fablica y Transparencia tiene como principios rectores establecer un sistema de promoci\u00f3n, impulso y garant\u00eda de la integridad y la transparencia en el \u00e1mbito provincial basados en la prevenci\u00f3n y con un enfoque transversal de derechos humanos, g\u00e9nero y diversidad para lograr una funci\u00f3n p\u00fablica igualitaria, equitativa y sin discriminaci\u00f3n. Prev\u00e9 adem\u00e1s la capacitaci\u00f3n obligatoria en \u00e9tica p\u00fablica para toda la Administraci\u00f3n provincial y la incorporaci\u00f3n en los programas de estudio de todos los niveles educativos.<\/p>\n<p>A estas cuatro iniciativas, pr\u00f3ximamente, se les sumar\u00e1n la Ley de Procedimiento Laboral 15.057 y la Ley de R\u00e9gimen Pericial, que ser\u00e1n incorporadas a la plataforma con el mismo procedimiento.<\/p>\n<p>&nbsp;<\/p>\n","protected":false},"excerpt":{"rendered":"<p>Permitir\u00e1 a la sociedad civil participar del an\u00e1lisis de los anteproyectos impulsados por el Ejecutivo Provincial y formular aportes antes de su env\u00edo a la Legislatura.<\/p>\n","protected":false},"author":3,"featured_media":0,"comment_status":"closed","ping_status":"closed","sticky":false,"template":"","format":"standard","meta":{"footnotes":""},"categories":[1],"tags":[],"class_list":["post-61152","post","type-post","status-publish","format-standard","hentry","category-sin-categoria"],"yoast_head":"<!-- This site is optimized with the Yoast SEO plugin v25.9 - https:\/\/yoast.com\/wordpress\/plugins\/seo\/ -->\n<title>La Provincia present\u00f3 una plataforma digital con las propuestas para mejorar y agilizar procesos judiciales - Noticias Radio Reflejos<\/title>\n<meta name=\"robots\" content=\"index, follow, max-snippet:-1, max-image-preview:large, max-video-preview:-1\" \/>\n<link rel=\"canonical\" href=\"https:\/\/www.noticiasradioreflejos.com.ar\/2021\/la-provincia-presento-una-plataforma-digital-con-las-propuestas-para-mejorar-y-agilizar-procesos-judiciales\/\" \/>\n<meta property=\"og:locale\" content=\"es_ES\" \/>\n<meta property=\"og:type\" content=\"article\" \/>\n<meta property=\"og:title\" content=\"La Provincia present\u00f3 una plataforma digital con las propuestas para mejorar y agilizar procesos judiciales - Noticias Radio Reflejos\" \/>\n<meta property=\"og:description\" content=\"Permitir\u00e1 a la sociedad civil participar del an\u00e1lisis de los anteproyectos impulsados por el Ejecutivo Provincial y formular aportes antes de su env\u00edo a la Legislatura.\" \/>\n<meta property=\"og:url\" content=\"https:\/\/www.noticiasradioreflejos.com.ar\/2021\/la-provincia-presento-una-plataforma-digital-con-las-propuestas-para-mejorar-y-agilizar-procesos-judiciales\/\" \/>\n<meta property=\"og:site_name\" content=\"Noticias Radio Reflejos\" \/>\n<meta property=\"article:published_time\" content=\"2021-08-05T19:00:58+00:00\" \/>\n<meta property=\"og:image\" content=\"https:\/\/www.noticiasradioreflejos.com.ar\/2021\/wp-content\/uploads\/2021\/07\/logosol300x200.png\" \/>\n\t<meta property=\"og:image:width\" content=\"300\" \/>\n\t<meta property=\"og:image:height\" content=\"200\" \/>\n\t<meta property=\"og:image:type\" content=\"image\/png\" \/>\n<meta name=\"author\" content=\"Arnaldo Botto\" \/>\n<meta name=\"twitter:card\" content=\"summary_large_image\" \/>\n<script type=\"application\/ld+json\" class=\"yoast-schema-graph\">{\"@context\":\"https:\/\/schema.org\",\"@graph\":[{\"@type\":\"WebPage\",\"@id\":\"https:\/\/www.noticiasradioreflejos.com.ar\/2021\/la-provincia-presento-una-plataforma-digital-con-las-propuestas-para-mejorar-y-agilizar-procesos-judiciales\/\",\"url\":\"https:\/\/www.noticiasradioreflejos.com.ar\/2021\/la-provincia-presento-una-plataforma-digital-con-las-propuestas-para-mejorar-y-agilizar-procesos-judiciales\/\",\"name\":\"La Provincia present\u00f3 una plataforma digital con las propuestas para mejorar y agilizar procesos judiciales - Noticias Radio Reflejos\",\"isPartOf\":{\"@id\":\"https:\/\/www.noticiasradioreflejos.com.ar\/2021\/#website\"},\"datePublished\":\"2021-08-05T19:00:58+00:00\",\"author\":{\"@id\":\"https:\/\/www.noticiasradioreflejos.com.ar\/2021\/#\/schema\/person\/ad82545263dcc5ec0996818884fd5fb1\"},\"breadcrumb\":{\"@id\":\"https:\/\/www.noticiasradioreflejos.com.ar\/2021\/la-provincia-presento-una-plataforma-digital-con-las-propuestas-para-mejorar-y-agilizar-procesos-judiciales\/#breadcrumb\"},\"inLanguage\":\"es\",\"potentialAction\":[{\"@type\":\"ReadAction\",\"target\":[\"https:\/\/www.noticiasradioreflejos.com.ar\/2021\/la-provincia-presento-una-plataforma-digital-con-las-propuestas-para-mejorar-y-agilizar-procesos-judiciales\/\"]}]},{\"@type\":\"BreadcrumbList\",\"@id\":\"https:\/\/www.noticiasradioreflejos.com.ar\/2021\/la-provincia-presento-una-plataforma-digital-con-las-propuestas-para-mejorar-y-agilizar-procesos-judiciales\/#breadcrumb\",\"itemListElement\":[{\"@type\":\"ListItem\",\"position\":1,\"name\":\"Portada\",\"item\":\"https:\/\/www.noticiasradioreflejos.com.ar\/2021\/\"},{\"@type\":\"ListItem\",\"position\":2,\"name\":\"La Provincia present\u00f3 una plataforma digital con las propuestas para mejorar y agilizar procesos judiciales\"}]},{\"@type\":\"WebSite\",\"@id\":\"https:\/\/www.noticiasradioreflejos.com.ar\/2021\/#website\",\"url\":\"https:\/\/www.noticiasradioreflejos.com.ar\/2021\/\",\"name\":\"Noticias Radio Reflejos\",\"description\":\"Las noticias de mi comarca\",\"potentialAction\":[{\"@type\":\"SearchAction\",\"target\":{\"@type\":\"EntryPoint\",\"urlTemplate\":\"https:\/\/www.noticiasradioreflejos.com.ar\/2021\/?s={search_term_string}\"},\"query-input\":{\"@type\":\"PropertyValueSpecification\",\"valueRequired\":true,\"valueName\":\"search_term_string\"}}],\"inLanguage\":\"es\"},{\"@type\":\"Person\",\"@id\":\"https:\/\/www.noticiasradioreflejos.com.ar\/2021\/#\/schema\/person\/ad82545263dcc5ec0996818884fd5fb1\",\"name\":\"Arnaldo Botto\",\"image\":{\"@type\":\"ImageObject\",\"inLanguage\":\"es\",\"@id\":\"https:\/\/www.noticiasradioreflejos.com.ar\/2021\/#\/schema\/person\/image\/\",\"url\":\"https:\/\/secure.gravatar.com\/avatar\/55cb5e37c1efa326397366e6974cb338056df65cb50e7d64d1cf314e87504837?s=96&d=mm&r=g\",\"contentUrl\":\"https:\/\/secure.gravatar.com\/avatar\/55cb5e37c1efa326397366e6974cb338056df65cb50e7d64d1cf314e87504837?s=96&d=mm&r=g\",\"caption\":\"Arnaldo Botto\"},\"url\":\"https:\/\/www.noticiasradioreflejos.com.ar\/2021\/author\/arnaldo\/\"}]}<\/script>\n<!-- \/ Yoast SEO plugin. -->","yoast_head_json":{"title":"La Provincia present\u00f3 una plataforma digital con las propuestas para mejorar y agilizar procesos judiciales - Noticias Radio Reflejos","robots":{"index":"index","follow":"follow","max-snippet":"max-snippet:-1","max-image-preview":"max-image-preview:large","max-video-preview":"max-video-preview:-1"},"canonical":"https:\/\/www.noticiasradioreflejos.com.ar\/2021\/la-provincia-presento-una-plataforma-digital-con-las-propuestas-para-mejorar-y-agilizar-procesos-judiciales\/","og_locale":"es_ES","og_type":"article","og_title":"La Provincia present\u00f3 una plataforma digital con las propuestas para mejorar y agilizar procesos judiciales - Noticias Radio Reflejos","og_description":"Permitir\u00e1 a la sociedad civil participar del an\u00e1lisis de los anteproyectos impulsados por el Ejecutivo Provincial y formular aportes antes de su env\u00edo a la Legislatura.","og_url":"https:\/\/www.noticiasradioreflejos.com.ar\/2021\/la-provincia-presento-una-plataforma-digital-con-las-propuestas-para-mejorar-y-agilizar-procesos-judiciales\/","og_site_name":"Noticias Radio Reflejos","article_published_time":"2021-08-05T19:00:58+00:00","og_image":[{"width":300,"height":200,"url":"https:\/\/www.noticiasradioreflejos.com.ar\/2021\/wp-content\/uploads\/2021\/07\/logosol300x200.png","type":"image\/png"}],"author":"Arnaldo Botto","twitter_card":"summary_large_image","schema":{"@context":"https:\/\/schema.org","@graph":[{"@type":"WebPage","@id":"https:\/\/www.noticiasradioreflejos.com.ar\/2021\/la-provincia-presento-una-plataforma-digital-con-las-propuestas-para-mejorar-y-agilizar-procesos-judiciales\/","url":"https:\/\/www.noticiasradioreflejos.com.ar\/2021\/la-provincia-presento-una-plataforma-digital-con-las-propuestas-para-mejorar-y-agilizar-procesos-judiciales\/","name":"La Provincia present\u00f3 una plataforma digital con las propuestas para mejorar y agilizar procesos judiciales - Noticias Radio Reflejos","isPartOf":{"@id":"https:\/\/www.noticiasradioreflejos.com.ar\/2021\/#website"},"datePublished":"2021-08-05T19:00:58+00:00","author":{"@id":"https:\/\/www.noticiasradioreflejos.com.ar\/2021\/#\/schema\/person\/ad82545263dcc5ec0996818884fd5fb1"},"breadcrumb":{"@id":"https:\/\/www.noticiasradioreflejos.com.ar\/2021\/la-provincia-presento-una-plataforma-digital-con-las-propuestas-para-mejorar-y-agilizar-procesos-judiciales\/#breadcrumb"},"inLanguage":"es","potentialAction":[{"@type":"ReadAction","target":["https:\/\/www.noticiasradioreflejos.com.ar\/2021\/la-provincia-presento-una-plataforma-digital-con-las-propuestas-para-mejorar-y-agilizar-procesos-judiciales\/"]}]},{"@type":"BreadcrumbList","@id":"https:\/\/www.noticiasradioreflejos.com.ar\/2021\/la-provincia-presento-una-plataforma-digital-con-las-propuestas-para-mejorar-y-agilizar-procesos-judiciales\/#breadcrumb","itemListElement":[{"@type":"ListItem","position":1,"name":"Portada","item":"https:\/\/www.noticiasradioreflejos.com.ar\/2021\/"},{"@type":"ListItem","position":2,"name":"La Provincia present\u00f3 una plataforma digital con las propuestas para mejorar y agilizar procesos judiciales"}]},{"@type":"WebSite","@id":"https:\/\/www.noticiasradioreflejos.com.ar\/2021\/#website","url":"https:\/\/www.noticiasradioreflejos.com.ar\/2021\/","name":"Noticias Radio Reflejos","description":"Las noticias de mi comarca","potentialAction":[{"@type":"SearchAction","target":{"@type":"EntryPoint","urlTemplate":"https:\/\/www.noticiasradioreflejos.com.ar\/2021\/?s={search_term_string}"},"query-input":{"@type":"PropertyValueSpecification","valueRequired":true,"valueName":"search_term_string"}}],"inLanguage":"es"},{"@type":"Person","@id":"https:\/\/www.noticiasradioreflejos.com.ar\/2021\/#\/schema\/person\/ad82545263dcc5ec0996818884fd5fb1","name":"Arnaldo Botto","image":{"@type":"ImageObject","inLanguage":"es","@id":"https:\/\/www.noticiasradioreflejos.com.ar\/2021\/#\/schema\/person\/image\/","url":"https:\/\/secure.gravatar.com\/avatar\/55cb5e37c1efa326397366e6974cb338056df65cb50e7d64d1cf314e87504837?s=96&d=mm&r=g","contentUrl":"https:\/\/secure.gravatar.com\/avatar\/55cb5e37c1efa326397366e6974cb338056df65cb50e7d64d1cf314e87504837?s=96&d=mm&r=g","caption":"Arnaldo Botto"},"url":"https:\/\/www.noticiasradioreflejos.com.ar\/2021\/author\/arnaldo\/"}]}},"_links":{"self":[{"href":"https:\/\/www.noticiasradioreflejos.com.ar\/2021\/wp-json\/wp\/v2\/posts\/61152","targetHints":{"allow":["GET"]}}],"collection":[{"href":"https:\/\/www.noticiasradioreflejos.com.ar\/2021\/wp-json\/wp\/v2\/posts"}],"about":[{"href":"https:\/\/www.noticiasradioreflejos.com.ar\/2021\/wp-json\/wp\/v2\/types\/post"}],"author":[{"embeddable":true,"href":"https:\/\/www.noticiasradioreflejos.com.ar\/2021\/wp-json\/wp\/v2\/users\/3"}],"replies":[{"embeddable":true,"href":"https:\/\/www.noticiasradioreflejos.com.ar\/2021\/wp-json\/wp\/v2\/comments?post=61152"}],"version-history":[{"count":1,"href":"https:\/\/www.noticiasradioreflejos.com.ar\/2021\/wp-json\/wp\/v2\/posts\/61152\/revisions"}],"predecessor-version":[{"id":61154,"href":"https:\/\/www.noticiasradioreflejos.com.ar\/2021\/wp-json\/wp\/v2\/posts\/61152\/revisions\/61154"}],"wp:attachment":[{"href":"https:\/\/www.noticiasradioreflejos.com.ar\/2021\/wp-json\/wp\/v2\/media?parent=61152"}],"wp:term":[{"taxonomy":"category","embeddable":true,"href":"https:\/\/www.noticiasradioreflejos.com.ar\/2021\/wp-json\/wp\/v2\/categories?post=61152"},{"taxonomy":"post_tag","embeddable":true,"href":"https:\/\/www.noticiasradioreflejos.com.ar\/2021\/wp-json\/wp\/v2\/tags?post=61152"}],"curies":[{"name":"wp","href":"https:\/\/api.w.org\/{rel}","templated":true}]}}