{"id":61143,"date":"2021-08-05T16:57:34","date_gmt":"2021-08-05T16:57:34","guid":{"rendered":"http:\/\/www.noticiasradioreflejos.com.ar\/2021\/?p=61143"},"modified":"2021-08-05T16:57:34","modified_gmt":"2021-08-05T16:57:34","slug":"juegos-bonaerenses-se-disputo-la-etapa-municipal-de-atletismo","status":"publish","type":"post","link":"https:\/\/www.noticiasradioreflejos.com.ar\/2021\/juegos-bonaerenses-se-disputo-la-etapa-municipal-de-atletismo\/","title":{"rendered":"Juegos Bonaerenses: Se disput\u00f3 la etapa Municipal de atletismo"},"content":{"rendered":"<p>El \u00faltimo martes en Tornquist, se desarroll\u00f3 la etapa Municipal de Atletismo de los Juegos Bonaerenses 2021, que en el distrito son coordinados por la Secretar\u00eda de Desarrollo mediante la Direcci\u00f3n de Direcci\u00f3n de Deportes.<!--more--><\/p>\n<p><a title=\"Atletismo JB (1)\" href=\"https:\/\/www.flickr.com\/photos\/182279889@N02\/51359910524\/in\/dateposted-public\/\" data-flickr-embed=\"true\"><img loading=\"lazy\" decoding=\"async\" src=\"https:\/\/live.staticflickr.com\/65535\/51359910524_929d1b152f_c.jpg\" alt=\"Atletismo JB (1)\" width=\"800\" height=\"534\" \/><\/a><script async src=\"\/\/embedr.flickr.com\/assets\/client-code.js\" charset=\"utf-8\"><\/script><\/p>\n<p>La jornada tuvo lugar en la Pista Municipal de Atletismo y tuvo a los siguientes ganadores, que clasificaron a la fase Regional:<\/p>\n<p><strong>Sub 18 Masculino<\/strong><\/p>\n<p>Posta 4&#215;100: Kevin Marrero, Leon Lamas, Aaron Bonamino y Nahuel Mart\u00edn;<\/p>\n<p>100 mts: Leon Lamas;<\/p>\n<p>400 mts: Aaron Bonamino;<\/p>\n<p>1500 mts: Kevin Marrero;<\/p>\n<p>Salto en alto: Aaron Bonamino;<\/p>\n<p>Salto en largo: Nahuel Martin;<\/p>\n<p>Lanzamiento de bala y de disco: Gabriel Garc\u00eda.<\/p>\n<p><a title=\"Atletismo JB (5)\" href=\"https:\/\/www.flickr.com\/photos\/182279889@N02\/51359910494\/in\/dateposted-public\/\" data-flickr-embed=\"true\"><img loading=\"lazy\" decoding=\"async\" src=\"https:\/\/live.staticflickr.com\/65535\/51359910494_5f2b27c07b_c.jpg\" alt=\"Atletismo JB (5)\" width=\"800\" height=\"533\" \/><\/a><script async src=\"\/\/embedr.flickr.com\/assets\/client-code.js\" charset=\"utf-8\"><\/script><\/p>\n<p><strong>Sub 18 Femenino<\/strong><\/p>\n<p>Posta 4&#215;100: Emilia Ladirat, Analuz Streitenberger, Luciana Stremel y M\u00e1xima Ocampos;<\/p>\n<p>100 mts: Malena Torres;<\/p>\n<p>400 mts: Luciana Stremel;<\/p>\n<p>1500 mts. Emilia Ladirat;<\/p>\n<p>Salto en largo: Malena Torres;<\/p>\n<p>Lanzamiento de bala: Priscila Sandobal;<\/p>\n<p>Lanzamiento de disco: Candela Lacasta.<\/p>\n<p><strong>Sub 16 Masculino<\/strong><\/p>\n<p>100 mts: Franco Malgrejo;<\/p>\n<p>300 mts: Juan Manuel Cleppe;<\/p>\n<p>800 mts: Fabricio Ibarra;<\/p>\n<p>3000 mts: Fabricio Ibarra;<\/p>\n<p>110 y 295 mts con vallas: Nicolas Polito;<\/p>\n<p>Salto en largo: Franco Malgrejo;<\/p>\n<p>Salto triple: Rodrigo Esmoli;<\/p>\n<p>Salto en alto: Rodrigo Esmoli;<\/p>\n<p>Lanzamiento de jabalina y de disco: Alejo Fredes;<\/p>\n<p>Lanzamiento de bala y de martillo: Javier Gill;<\/p>\n<p>Posta 4&#215;100: Franco Malgrejo, Juan Cleppe, Alejo Fredes y Amadeo Coppolecchia.<\/p>\n<p><a title=\"Atletismo JB (2)\" href=\"https:\/\/www.flickr.com\/photos\/182279889@N02\/51359403738\/in\/dateposted-public\/\" data-flickr-embed=\"true\"><img loading=\"lazy\" decoding=\"async\" src=\"https:\/\/live.staticflickr.com\/65535\/51359403738_67f3bb3514_c.jpg\" alt=\"Atletismo JB (2)\" width=\"800\" height=\"534\" \/><\/a><script async src=\"\/\/embedr.flickr.com\/assets\/client-code.js\" charset=\"utf-8\"><\/script><\/p>\n<p><strong>Sub 16 Femenino<\/strong><\/p>\n<p>Lanzamiento de jabalina y de martillo: Julieta Ladirat;<\/p>\n<p>Lanzamiento de disco y de bala: Victoria Andreu.<\/p>\n<p><strong>Sub 14 Masculino<\/strong><\/p>\n<p>80mts: Mateo Vittori;<\/p>\n<p>150 mts: Antonio Lopez;<\/p>\n<p>2k: Augusto Pizzo;<\/p>\n<p>100 mts con vallas: Tomas Trivellino;<\/p>\n<p>Salto en largo: Ignacio Davis;<\/p>\n<p>Salto en alto: Tomas Trivellino;<\/p>\n<p>Lanzamiento de jabalina: Santiago Wagner;<\/p>\n<p>Lanzamiento de disco: Augusto Pizzo;<\/p>\n<p>Lanzamiento de bala y de martillo: Benjamin Kees;<\/p>\n<p>Posta 5&#215;80: Tomas Trivellini, Mateo Vittori, Augusto Pizzo, Ignacio Davis y Antonio Lopez. Suplentes: Benjamin Kees y Santiago Wagner.<\/p>\n<p><a data-flickr-embed=\"true\" href=\"https:\/\/www.flickr.com\/photos\/182279889@N02\/51359910124\/in\/dateposted-public\/\" title=\"Atletismo JB (10)\"><img loading=\"lazy\" decoding=\"async\" src=\"https:\/\/live.staticflickr.com\/65535\/51359910124_b661fbc115_c.jpg\" width=\"800\" height=\"533\" alt=\"Atletismo JB (10)\"><\/a><script async src=\"\/\/embedr.flickr.com\/assets\/client-code.js\" charset=\"utf-8\"><\/script><\/p>\n<p><strong>Sub 14 Femenino<\/strong><\/p>\n<p>80 y 150 mts: M\u00eda Bonzini;<\/p>\n<p>80 mts con vallas: Valentina Pintos;<\/p>\n<p>Salto en largo y en alto. Mora Lamas;<\/p>\n<p>Lanzamiento de jabalina: Valentina Pintos;<\/p>\n<p>Lanzamiento de disco. Trini Rojas;<\/p>\n<p>Lanzamiento de bala y de martillo: Brenda Videla;<\/p>\n<p>Posta 5&#215;80: Mora Lamas, Valentina Pintos, Brenda Videla, Trini Rojas y Mia Bonzini.<\/p>\n<p>La etapa regional se llevar\u00e1 a cabo el 1 y el 3 de septiembre en Saavedra y Coronel Su\u00e1rez, respectivamente.<\/p>\n<p>&nbsp;<\/p>\n","protected":false},"excerpt":{"rendered":"<p>El \u00faltimo martes en Tornquist, se desarroll\u00f3 la etapa Municipal de Atletismo de los Juegos Bonaerenses 2021, que en el distrito son coordinados por la Secretar\u00eda de Desarrollo mediante la Direcci\u00f3n de Direcci\u00f3n de Deportes.<\/p>\n","protected":false},"author":3,"featured_media":0,"comment_status":"closed","ping_status":"closed","sticky":false,"template":"","format":"standard","meta":{"footnotes":""},"categories":[27],"tags":[],"class_list":["post-61143","post","type-post","status-publish","format-standard","hentry","category-deportes"],"yoast_head":"<!-- This site is optimized with the Yoast SEO plugin v25.9 - https:\/\/yoast.com\/wordpress\/plugins\/seo\/ -->\n<title>Juegos Bonaerenses: Se disput\u00f3 la etapa Municipal de atletismo - Noticias Radio Reflejos<\/title>\n<meta name=\"robots\" content=\"index, follow, max-snippet:-1, max-image-preview:large, max-video-preview:-1\" \/>\n<link rel=\"canonical\" href=\"https:\/\/www.noticiasradioreflejos.com.ar\/2021\/juegos-bonaerenses-se-disputo-la-etapa-municipal-de-atletismo\/\" \/>\n<meta property=\"og:locale\" content=\"es_ES\" \/>\n<meta property=\"og:type\" content=\"article\" \/>\n<meta property=\"og:title\" content=\"Juegos Bonaerenses: Se disput\u00f3 la etapa Municipal de atletismo - Noticias Radio Reflejos\" \/>\n<meta property=\"og:description\" content=\"El \u00faltimo martes en Tornquist, se desarroll\u00f3 la etapa Municipal de Atletismo de los Juegos Bonaerenses 2021, que en el distrito son coordinados por la Secretar\u00eda de Desarrollo mediante la Direcci\u00f3n de Direcci\u00f3n de Deportes.\" \/>\n<meta property=\"og:url\" content=\"https:\/\/www.noticiasradioreflejos.com.ar\/2021\/juegos-bonaerenses-se-disputo-la-etapa-municipal-de-atletismo\/\" \/>\n<meta property=\"og:site_name\" content=\"Noticias Radio Reflejos\" \/>\n<meta property=\"article:published_time\" content=\"2021-08-05T16:57:34+00:00\" \/>\n<meta property=\"og:image\" content=\"https:\/\/live.staticflickr.com\/65535\/51359910524_929d1b152f_c.jpg\" \/>\n<meta name=\"author\" content=\"Arnaldo Botto\" \/>\n<meta name=\"twitter:card\" content=\"summary_large_image\" \/>\n<script type=\"application\/ld+json\" class=\"yoast-schema-graph\">{\"@context\":\"https:\/\/schema.org\",\"@graph\":[{\"@type\":\"WebPage\",\"@id\":\"https:\/\/www.noticiasradioreflejos.com.ar\/2021\/juegos-bonaerenses-se-disputo-la-etapa-municipal-de-atletismo\/\",\"url\":\"https:\/\/www.noticiasradioreflejos.com.ar\/2021\/juegos-bonaerenses-se-disputo-la-etapa-municipal-de-atletismo\/\",\"name\":\"Juegos Bonaerenses: Se disput\u00f3 la etapa Municipal de atletismo - Noticias Radio Reflejos\",\"isPartOf\":{\"@id\":\"https:\/\/www.noticiasradioreflejos.com.ar\/2021\/#website\"},\"primaryImageOfPage\":{\"@id\":\"https:\/\/www.noticiasradioreflejos.com.ar\/2021\/juegos-bonaerenses-se-disputo-la-etapa-municipal-de-atletismo\/#primaryimage\"},\"image\":{\"@id\":\"https:\/\/www.noticiasradioreflejos.com.ar\/2021\/juegos-bonaerenses-se-disputo-la-etapa-municipal-de-atletismo\/#primaryimage\"},\"thumbnailUrl\":\"https:\/\/live.staticflickr.com\/65535\/51359910524_929d1b152f_c.jpg\",\"datePublished\":\"2021-08-05T16:57:34+00:00\",\"author\":{\"@id\":\"https:\/\/www.noticiasradioreflejos.com.ar\/2021\/#\/schema\/person\/ad82545263dcc5ec0996818884fd5fb1\"},\"breadcrumb\":{\"@id\":\"https:\/\/www.noticiasradioreflejos.com.ar\/2021\/juegos-bonaerenses-se-disputo-la-etapa-municipal-de-atletismo\/#breadcrumb\"},\"inLanguage\":\"es\",\"potentialAction\":[{\"@type\":\"ReadAction\",\"target\":[\"https:\/\/www.noticiasradioreflejos.com.ar\/2021\/juegos-bonaerenses-se-disputo-la-etapa-municipal-de-atletismo\/\"]}]},{\"@type\":\"ImageObject\",\"inLanguage\":\"es\",\"@id\":\"https:\/\/www.noticiasradioreflejos.com.ar\/2021\/juegos-bonaerenses-se-disputo-la-etapa-municipal-de-atletismo\/#primaryimage\",\"url\":\"https:\/\/live.staticflickr.com\/65535\/51359910524_929d1b152f_c.jpg\",\"contentUrl\":\"https:\/\/live.staticflickr.com\/65535\/51359910524_929d1b152f_c.jpg\"},{\"@type\":\"BreadcrumbList\",\"@id\":\"https:\/\/www.noticiasradioreflejos.com.ar\/2021\/juegos-bonaerenses-se-disputo-la-etapa-municipal-de-atletismo\/#breadcrumb\",\"itemListElement\":[{\"@type\":\"ListItem\",\"position\":1,\"name\":\"Portada\",\"item\":\"https:\/\/www.noticiasradioreflejos.com.ar\/2021\/\"},{\"@type\":\"ListItem\",\"position\":2,\"name\":\"Juegos Bonaerenses: Se disput\u00f3 la etapa Municipal de atletismo\"}]},{\"@type\":\"WebSite\",\"@id\":\"https:\/\/www.noticiasradioreflejos.com.ar\/2021\/#website\",\"url\":\"https:\/\/www.noticiasradioreflejos.com.ar\/2021\/\",\"name\":\"Noticias Radio Reflejos\",\"description\":\"Las noticias de mi comarca\",\"potentialAction\":[{\"@type\":\"SearchAction\",\"target\":{\"@type\":\"EntryPoint\",\"urlTemplate\":\"https:\/\/www.noticiasradioreflejos.com.ar\/2021\/?s={search_term_string}\"},\"query-input\":{\"@type\":\"PropertyValueSpecification\",\"valueRequired\":true,\"valueName\":\"search_term_string\"}}],\"inLanguage\":\"es\"},{\"@type\":\"Person\",\"@id\":\"https:\/\/www.noticiasradioreflejos.com.ar\/2021\/#\/schema\/person\/ad82545263dcc5ec0996818884fd5fb1\",\"name\":\"Arnaldo Botto\",\"image\":{\"@type\":\"ImageObject\",\"inLanguage\":\"es\",\"@id\":\"https:\/\/www.noticiasradioreflejos.com.ar\/2021\/#\/schema\/person\/image\/\",\"url\":\"https:\/\/secure.gravatar.com\/avatar\/55cb5e37c1efa326397366e6974cb338056df65cb50e7d64d1cf314e87504837?s=96&d=mm&r=g\",\"contentUrl\":\"https:\/\/secure.gravatar.com\/avatar\/55cb5e37c1efa326397366e6974cb338056df65cb50e7d64d1cf314e87504837?s=96&d=mm&r=g\",\"caption\":\"Arnaldo Botto\"},\"url\":\"https:\/\/www.noticiasradioreflejos.com.ar\/2021\/author\/arnaldo\/\"}]}<\/script>\n<!-- \/ Yoast SEO plugin. -->","yoast_head_json":{"title":"Juegos Bonaerenses: Se disput\u00f3 la etapa Municipal de atletismo - Noticias Radio Reflejos","robots":{"index":"index","follow":"follow","max-snippet":"max-snippet:-1","max-image-preview":"max-image-preview:large","max-video-preview":"max-video-preview:-1"},"canonical":"https:\/\/www.noticiasradioreflejos.com.ar\/2021\/juegos-bonaerenses-se-disputo-la-etapa-municipal-de-atletismo\/","og_locale":"es_ES","og_type":"article","og_title":"Juegos Bonaerenses: Se disput\u00f3 la etapa Municipal de atletismo - Noticias Radio Reflejos","og_description":"El \u00faltimo martes en Tornquist, se desarroll\u00f3 la etapa Municipal de Atletismo de los Juegos Bonaerenses 2021, que en el distrito son coordinados por la Secretar\u00eda de Desarrollo mediante la Direcci\u00f3n de Direcci\u00f3n de Deportes.","og_url":"https:\/\/www.noticiasradioreflejos.com.ar\/2021\/juegos-bonaerenses-se-disputo-la-etapa-municipal-de-atletismo\/","og_site_name":"Noticias Radio Reflejos","article_published_time":"2021-08-05T16:57:34+00:00","og_image":[{"url":"https:\/\/live.staticflickr.com\/65535\/51359910524_929d1b152f_c.jpg","type":"","width":"","height":""}],"author":"Arnaldo Botto","twitter_card":"summary_large_image","schema":{"@context":"https:\/\/schema.org","@graph":[{"@type":"WebPage","@id":"https:\/\/www.noticiasradioreflejos.com.ar\/2021\/juegos-bonaerenses-se-disputo-la-etapa-municipal-de-atletismo\/","url":"https:\/\/www.noticiasradioreflejos.com.ar\/2021\/juegos-bonaerenses-se-disputo-la-etapa-municipal-de-atletismo\/","name":"Juegos Bonaerenses: Se disput\u00f3 la etapa Municipal de atletismo - Noticias Radio Reflejos","isPartOf":{"@id":"https:\/\/www.noticiasradioreflejos.com.ar\/2021\/#website"},"primaryImageOfPage":{"@id":"https:\/\/www.noticiasradioreflejos.com.ar\/2021\/juegos-bonaerenses-se-disputo-la-etapa-municipal-de-atletismo\/#primaryimage"},"image":{"@id":"https:\/\/www.noticiasradioreflejos.com.ar\/2021\/juegos-bonaerenses-se-disputo-la-etapa-municipal-de-atletismo\/#primaryimage"},"thumbnailUrl":"https:\/\/live.staticflickr.com\/65535\/51359910524_929d1b152f_c.jpg","datePublished":"2021-08-05T16:57:34+00:00","author":{"@id":"https:\/\/www.noticiasradioreflejos.com.ar\/2021\/#\/schema\/person\/ad82545263dcc5ec0996818884fd5fb1"},"breadcrumb":{"@id":"https:\/\/www.noticiasradioreflejos.com.ar\/2021\/juegos-bonaerenses-se-disputo-la-etapa-municipal-de-atletismo\/#breadcrumb"},"inLanguage":"es","potentialAction":[{"@type":"ReadAction","target":["https:\/\/www.noticiasradioreflejos.com.ar\/2021\/juegos-bonaerenses-se-disputo-la-etapa-municipal-de-atletismo\/"]}]},{"@type":"ImageObject","inLanguage":"es","@id":"https:\/\/www.noticiasradioreflejos.com.ar\/2021\/juegos-bonaerenses-se-disputo-la-etapa-municipal-de-atletismo\/#primaryimage","url":"https:\/\/live.staticflickr.com\/65535\/51359910524_929d1b152f_c.jpg","contentUrl":"https:\/\/live.staticflickr.com\/65535\/51359910524_929d1b152f_c.jpg"},{"@type":"BreadcrumbList","@id":"https:\/\/www.noticiasradioreflejos.com.ar\/2021\/juegos-bonaerenses-se-disputo-la-etapa-municipal-de-atletismo\/#breadcrumb","itemListElement":[{"@type":"ListItem","position":1,"name":"Portada","item":"https:\/\/www.noticiasradioreflejos.com.ar\/2021\/"},{"@type":"ListItem","position":2,"name":"Juegos Bonaerenses: Se disput\u00f3 la etapa Municipal de atletismo"}]},{"@type":"WebSite","@id":"https:\/\/www.noticiasradioreflejos.com.ar\/2021\/#website","url":"https:\/\/www.noticiasradioreflejos.com.ar\/2021\/","name":"Noticias Radio Reflejos","description":"Las noticias de mi comarca","potentialAction":[{"@type":"SearchAction","target":{"@type":"EntryPoint","urlTemplate":"https:\/\/www.noticiasradioreflejos.com.ar\/2021\/?s={search_term_string}"},"query-input":{"@type":"PropertyValueSpecification","valueRequired":true,"valueName":"search_term_string"}}],"inLanguage":"es"},{"@type":"Person","@id":"https:\/\/www.noticiasradioreflejos.com.ar\/2021\/#\/schema\/person\/ad82545263dcc5ec0996818884fd5fb1","name":"Arnaldo Botto","image":{"@type":"ImageObject","inLanguage":"es","@id":"https:\/\/www.noticiasradioreflejos.com.ar\/2021\/#\/schema\/person\/image\/","url":"https:\/\/secure.gravatar.com\/avatar\/55cb5e37c1efa326397366e6974cb338056df65cb50e7d64d1cf314e87504837?s=96&d=mm&r=g","contentUrl":"https:\/\/secure.gravatar.com\/avatar\/55cb5e37c1efa326397366e6974cb338056df65cb50e7d64d1cf314e87504837?s=96&d=mm&r=g","caption":"Arnaldo Botto"},"url":"https:\/\/www.noticiasradioreflejos.com.ar\/2021\/author\/arnaldo\/"}]}},"_links":{"self":[{"href":"https:\/\/www.noticiasradioreflejos.com.ar\/2021\/wp-json\/wp\/v2\/posts\/61143","targetHints":{"allow":["GET"]}}],"collection":[{"href":"https:\/\/www.noticiasradioreflejos.com.ar\/2021\/wp-json\/wp\/v2\/posts"}],"about":[{"href":"https:\/\/www.noticiasradioreflejos.com.ar\/2021\/wp-json\/wp\/v2\/types\/post"}],"author":[{"embeddable":true,"href":"https:\/\/www.noticiasradioreflejos.com.ar\/2021\/wp-json\/wp\/v2\/users\/3"}],"replies":[{"embeddable":true,"href":"https:\/\/www.noticiasradioreflejos.com.ar\/2021\/wp-json\/wp\/v2\/comments?post=61143"}],"version-history":[{"count":1,"href":"https:\/\/www.noticiasradioreflejos.com.ar\/2021\/wp-json\/wp\/v2\/posts\/61143\/revisions"}],"predecessor-version":[{"id":61145,"href":"https:\/\/www.noticiasradioreflejos.com.ar\/2021\/wp-json\/wp\/v2\/posts\/61143\/revisions\/61145"}],"wp:attachment":[{"href":"https:\/\/www.noticiasradioreflejos.com.ar\/2021\/wp-json\/wp\/v2\/media?parent=61143"}],"wp:term":[{"taxonomy":"category","embeddable":true,"href":"https:\/\/www.noticiasradioreflejos.com.ar\/2021\/wp-json\/wp\/v2\/categories?post=61143"},{"taxonomy":"post_tag","embeddable":true,"href":"https:\/\/www.noticiasradioreflejos.com.ar\/2021\/wp-json\/wp\/v2\/tags?post=61143"}],"curies":[{"name":"wp","href":"https:\/\/api.w.org\/{rel}","templated":true}]}}