{"id":61116,"date":"2021-08-05T11:27:30","date_gmt":"2021-08-05T11:27:30","guid":{"rendered":"http:\/\/www.noticiasradioreflejos.com.ar\/2021\/?p=61116"},"modified":"2021-08-05T11:27:30","modified_gmt":"2021-08-05T11:27:30","slug":"dos-chicos-de-automoto-viven-su-sueno-en-argentinos-juniors","status":"publish","type":"post","link":"https:\/\/www.noticiasradioreflejos.com.ar\/2021\/dos-chicos-de-automoto-viven-su-sueno-en-argentinos-juniors\/","title":{"rendered":"Dos chicos de Automoto viven su sue\u00f1o en Argentinos Juniors"},"content":{"rendered":"<p>Una experiencia \u00fanica, inolvidable y de enorme aprendizaje est\u00e1n viviendo Ian Borches y Juli\u00e1n Trankels, jugadores de las inferiores de Automoto, quienes durante esta semana se encuentran entrenando las divisiones formativas de Argentinos Juniors, en Buenos Aires.<!--more--><\/p>\n<p><span style=\"font-weight: 400;\">\u00a0\u00a0\u00a0Los futbolistas azulgranas, categor\u00eda 2009, fueron seleccionados durante las pruebas que la entidad que viera nacer a Diego Armando Maradona realiz\u00f3 hace un par de semanas en Tornquist, por intermedio del captador Fernando Delgado y el representante zonal Marcelo Katz.<\/span><\/p>\n<p><span style=\"font-weight: 400;\">\u00a0\u00a0\u00a0Ian y Juli\u00e1n se hicieron presentes en el predio del \u201cBicho\u201d, donde participaron de la pr\u00e1ctica de su categor\u00eda.<\/span><\/p>\n<p><span style=\"font-weight: 400;\">\u00a0\u00a0\u00a0Esta acci\u00f3n se suma a otras que Automoto viene desarrollando en conjunto con Argentinos Juniors, una de las instituciones m\u00e1s importantes del pa\u00eds. Sin dudas, es otra gran experiencia que les toca vivir a chicos formados en las inferiores del Rojo.<\/span><\/p>\n<p><span style=\"font-weight: 400;\">\u00a0\u00a0\u00a0\u00a1Felicitaciones!<\/span><\/p>\n<p style=\"padding-left: 40px;\">\n<p><span style=\"font-weight: 400;\">Departamento de Prensa \u2013 Automoto Club Deportivo<\/span><\/p>\n<p><span style=\"font-weight: 400;\">Facebook: \/automototornquist<\/span><\/p>\n<p><span style=\"font-weight: 400;\">Twitter: @ClubAutomoto<\/span><\/p>\n<p><span style=\"font-weight: 400;\">YouTube: acdtvideos<\/span><\/p>\n<p style=\"padding-left: 40px;\">\n","protected":false},"excerpt":{"rendered":"<p>Una experiencia \u00fanica, inolvidable y de enorme aprendizaje est\u00e1n viviendo Ian Borches y Juli\u00e1n Trankels, jugadores de las inferiores de Automoto, quienes durante esta semana se encuentran entrenando las divisiones formativas de Argentinos Juniors, en Buenos Aires.<\/p>\n","protected":false},"author":3,"featured_media":0,"comment_status":"closed","ping_status":"closed","sticky":false,"template":"","format":"standard","meta":{"footnotes":""},"categories":[27],"tags":[],"class_list":["post-61116","post","type-post","status-publish","format-standard","hentry","category-deportes"],"yoast_head":"<!-- This site is optimized with the Yoast SEO plugin v25.9 - https:\/\/yoast.com\/wordpress\/plugins\/seo\/ -->\n<title>Dos chicos de Automoto viven su sue\u00f1o en Argentinos Juniors - Noticias Radio Reflejos<\/title>\n<meta name=\"robots\" content=\"index, follow, max-snippet:-1, max-image-preview:large, max-video-preview:-1\" \/>\n<link rel=\"canonical\" href=\"https:\/\/www.noticiasradioreflejos.com.ar\/2021\/dos-chicos-de-automoto-viven-su-sueno-en-argentinos-juniors\/\" \/>\n<meta property=\"og:locale\" content=\"es_ES\" \/>\n<meta property=\"og:type\" content=\"article\" \/>\n<meta property=\"og:title\" content=\"Dos chicos de Automoto viven su sue\u00f1o en Argentinos Juniors - Noticias Radio Reflejos\" \/>\n<meta property=\"og:description\" content=\"Una experiencia \u00fanica, inolvidable y de enorme aprendizaje est\u00e1n viviendo Ian Borches y Juli\u00e1n Trankels, jugadores de las inferiores de Automoto, quienes durante esta semana se encuentran entrenando las divisiones formativas de Argentinos Juniors, en Buenos Aires.\" \/>\n<meta property=\"og:url\" content=\"https:\/\/www.noticiasradioreflejos.com.ar\/2021\/dos-chicos-de-automoto-viven-su-sueno-en-argentinos-juniors\/\" \/>\n<meta property=\"og:site_name\" content=\"Noticias Radio Reflejos\" \/>\n<meta property=\"article:published_time\" content=\"2021-08-05T11:27:30+00:00\" \/>\n<meta property=\"og:image\" content=\"https:\/\/www.noticiasradioreflejos.com.ar\/2021\/wp-content\/uploads\/2021\/07\/logosol300x200.png\" \/>\n\t<meta property=\"og:image:width\" content=\"300\" \/>\n\t<meta property=\"og:image:height\" content=\"200\" \/>\n\t<meta property=\"og:image:type\" content=\"image\/png\" \/>\n<meta name=\"author\" content=\"Arnaldo Botto\" \/>\n<meta name=\"twitter:card\" content=\"summary_large_image\" \/>\n<script type=\"application\/ld+json\" class=\"yoast-schema-graph\">{\"@context\":\"https:\/\/schema.org\",\"@graph\":[{\"@type\":\"WebPage\",\"@id\":\"https:\/\/www.noticiasradioreflejos.com.ar\/2021\/dos-chicos-de-automoto-viven-su-sueno-en-argentinos-juniors\/\",\"url\":\"https:\/\/www.noticiasradioreflejos.com.ar\/2021\/dos-chicos-de-automoto-viven-su-sueno-en-argentinos-juniors\/\",\"name\":\"Dos chicos de Automoto viven su sue\u00f1o en Argentinos Juniors - Noticias Radio Reflejos\",\"isPartOf\":{\"@id\":\"https:\/\/www.noticiasradioreflejos.com.ar\/2021\/#website\"},\"datePublished\":\"2021-08-05T11:27:30+00:00\",\"author\":{\"@id\":\"https:\/\/www.noticiasradioreflejos.com.ar\/2021\/#\/schema\/person\/ad82545263dcc5ec0996818884fd5fb1\"},\"breadcrumb\":{\"@id\":\"https:\/\/www.noticiasradioreflejos.com.ar\/2021\/dos-chicos-de-automoto-viven-su-sueno-en-argentinos-juniors\/#breadcrumb\"},\"inLanguage\":\"es\",\"potentialAction\":[{\"@type\":\"ReadAction\",\"target\":[\"https:\/\/www.noticiasradioreflejos.com.ar\/2021\/dos-chicos-de-automoto-viven-su-sueno-en-argentinos-juniors\/\"]}]},{\"@type\":\"BreadcrumbList\",\"@id\":\"https:\/\/www.noticiasradioreflejos.com.ar\/2021\/dos-chicos-de-automoto-viven-su-sueno-en-argentinos-juniors\/#breadcrumb\",\"itemListElement\":[{\"@type\":\"ListItem\",\"position\":1,\"name\":\"Portada\",\"item\":\"https:\/\/www.noticiasradioreflejos.com.ar\/2021\/\"},{\"@type\":\"ListItem\",\"position\":2,\"name\":\"Dos chicos de Automoto viven su sue\u00f1o en Argentinos Juniors\"}]},{\"@type\":\"WebSite\",\"@id\":\"https:\/\/www.noticiasradioreflejos.com.ar\/2021\/#website\",\"url\":\"https:\/\/www.noticiasradioreflejos.com.ar\/2021\/\",\"name\":\"Noticias Radio Reflejos\",\"description\":\"Las noticias de mi comarca\",\"potentialAction\":[{\"@type\":\"SearchAction\",\"target\":{\"@type\":\"EntryPoint\",\"urlTemplate\":\"https:\/\/www.noticiasradioreflejos.com.ar\/2021\/?s={search_term_string}\"},\"query-input\":{\"@type\":\"PropertyValueSpecification\",\"valueRequired\":true,\"valueName\":\"search_term_string\"}}],\"inLanguage\":\"es\"},{\"@type\":\"Person\",\"@id\":\"https:\/\/www.noticiasradioreflejos.com.ar\/2021\/#\/schema\/person\/ad82545263dcc5ec0996818884fd5fb1\",\"name\":\"Arnaldo Botto\",\"image\":{\"@type\":\"ImageObject\",\"inLanguage\":\"es\",\"@id\":\"https:\/\/www.noticiasradioreflejos.com.ar\/2021\/#\/schema\/person\/image\/\",\"url\":\"https:\/\/secure.gravatar.com\/avatar\/55cb5e37c1efa326397366e6974cb338056df65cb50e7d64d1cf314e87504837?s=96&d=mm&r=g\",\"contentUrl\":\"https:\/\/secure.gravatar.com\/avatar\/55cb5e37c1efa326397366e6974cb338056df65cb50e7d64d1cf314e87504837?s=96&d=mm&r=g\",\"caption\":\"Arnaldo Botto\"},\"url\":\"https:\/\/www.noticiasradioreflejos.com.ar\/2021\/author\/arnaldo\/\"}]}<\/script>\n<!-- \/ Yoast SEO plugin. -->","yoast_head_json":{"title":"Dos chicos de Automoto viven su sue\u00f1o en Argentinos Juniors - Noticias Radio Reflejos","robots":{"index":"index","follow":"follow","max-snippet":"max-snippet:-1","max-image-preview":"max-image-preview:large","max-video-preview":"max-video-preview:-1"},"canonical":"https:\/\/www.noticiasradioreflejos.com.ar\/2021\/dos-chicos-de-automoto-viven-su-sueno-en-argentinos-juniors\/","og_locale":"es_ES","og_type":"article","og_title":"Dos chicos de Automoto viven su sue\u00f1o en Argentinos Juniors - Noticias Radio Reflejos","og_description":"Una experiencia \u00fanica, inolvidable y de enorme aprendizaje est\u00e1n viviendo Ian Borches y Juli\u00e1n Trankels, jugadores de las inferiores de Automoto, quienes durante esta semana se encuentran entrenando las divisiones formativas de Argentinos Juniors, en Buenos Aires.","og_url":"https:\/\/www.noticiasradioreflejos.com.ar\/2021\/dos-chicos-de-automoto-viven-su-sueno-en-argentinos-juniors\/","og_site_name":"Noticias Radio Reflejos","article_published_time":"2021-08-05T11:27:30+00:00","og_image":[{"width":300,"height":200,"url":"https:\/\/www.noticiasradioreflejos.com.ar\/2021\/wp-content\/uploads\/2021\/07\/logosol300x200.png","type":"image\/png"}],"author":"Arnaldo Botto","twitter_card":"summary_large_image","schema":{"@context":"https:\/\/schema.org","@graph":[{"@type":"WebPage","@id":"https:\/\/www.noticiasradioreflejos.com.ar\/2021\/dos-chicos-de-automoto-viven-su-sueno-en-argentinos-juniors\/","url":"https:\/\/www.noticiasradioreflejos.com.ar\/2021\/dos-chicos-de-automoto-viven-su-sueno-en-argentinos-juniors\/","name":"Dos chicos de Automoto viven su sue\u00f1o en Argentinos Juniors - Noticias Radio Reflejos","isPartOf":{"@id":"https:\/\/www.noticiasradioreflejos.com.ar\/2021\/#website"},"datePublished":"2021-08-05T11:27:30+00:00","author":{"@id":"https:\/\/www.noticiasradioreflejos.com.ar\/2021\/#\/schema\/person\/ad82545263dcc5ec0996818884fd5fb1"},"breadcrumb":{"@id":"https:\/\/www.noticiasradioreflejos.com.ar\/2021\/dos-chicos-de-automoto-viven-su-sueno-en-argentinos-juniors\/#breadcrumb"},"inLanguage":"es","potentialAction":[{"@type":"ReadAction","target":["https:\/\/www.noticiasradioreflejos.com.ar\/2021\/dos-chicos-de-automoto-viven-su-sueno-en-argentinos-juniors\/"]}]},{"@type":"BreadcrumbList","@id":"https:\/\/www.noticiasradioreflejos.com.ar\/2021\/dos-chicos-de-automoto-viven-su-sueno-en-argentinos-juniors\/#breadcrumb","itemListElement":[{"@type":"ListItem","position":1,"name":"Portada","item":"https:\/\/www.noticiasradioreflejos.com.ar\/2021\/"},{"@type":"ListItem","position":2,"name":"Dos chicos de Automoto viven su sue\u00f1o en Argentinos Juniors"}]},{"@type":"WebSite","@id":"https:\/\/www.noticiasradioreflejos.com.ar\/2021\/#website","url":"https:\/\/www.noticiasradioreflejos.com.ar\/2021\/","name":"Noticias Radio Reflejos","description":"Las noticias de mi comarca","potentialAction":[{"@type":"SearchAction","target":{"@type":"EntryPoint","urlTemplate":"https:\/\/www.noticiasradioreflejos.com.ar\/2021\/?s={search_term_string}"},"query-input":{"@type":"PropertyValueSpecification","valueRequired":true,"valueName":"search_term_string"}}],"inLanguage":"es"},{"@type":"Person","@id":"https:\/\/www.noticiasradioreflejos.com.ar\/2021\/#\/schema\/person\/ad82545263dcc5ec0996818884fd5fb1","name":"Arnaldo Botto","image":{"@type":"ImageObject","inLanguage":"es","@id":"https:\/\/www.noticiasradioreflejos.com.ar\/2021\/#\/schema\/person\/image\/","url":"https:\/\/secure.gravatar.com\/avatar\/55cb5e37c1efa326397366e6974cb338056df65cb50e7d64d1cf314e87504837?s=96&d=mm&r=g","contentUrl":"https:\/\/secure.gravatar.com\/avatar\/55cb5e37c1efa326397366e6974cb338056df65cb50e7d64d1cf314e87504837?s=96&d=mm&r=g","caption":"Arnaldo Botto"},"url":"https:\/\/www.noticiasradioreflejos.com.ar\/2021\/author\/arnaldo\/"}]}},"_links":{"self":[{"href":"https:\/\/www.noticiasradioreflejos.com.ar\/2021\/wp-json\/wp\/v2\/posts\/61116","targetHints":{"allow":["GET"]}}],"collection":[{"href":"https:\/\/www.noticiasradioreflejos.com.ar\/2021\/wp-json\/wp\/v2\/posts"}],"about":[{"href":"https:\/\/www.noticiasradioreflejos.com.ar\/2021\/wp-json\/wp\/v2\/types\/post"}],"author":[{"embeddable":true,"href":"https:\/\/www.noticiasradioreflejos.com.ar\/2021\/wp-json\/wp\/v2\/users\/3"}],"replies":[{"embeddable":true,"href":"https:\/\/www.noticiasradioreflejos.com.ar\/2021\/wp-json\/wp\/v2\/comments?post=61116"}],"version-history":[{"count":1,"href":"https:\/\/www.noticiasradioreflejos.com.ar\/2021\/wp-json\/wp\/v2\/posts\/61116\/revisions"}],"predecessor-version":[{"id":61118,"href":"https:\/\/www.noticiasradioreflejos.com.ar\/2021\/wp-json\/wp\/v2\/posts\/61116\/revisions\/61118"}],"wp:attachment":[{"href":"https:\/\/www.noticiasradioreflejos.com.ar\/2021\/wp-json\/wp\/v2\/media?parent=61116"}],"wp:term":[{"taxonomy":"category","embeddable":true,"href":"https:\/\/www.noticiasradioreflejos.com.ar\/2021\/wp-json\/wp\/v2\/categories?post=61116"},{"taxonomy":"post_tag","embeddable":true,"href":"https:\/\/www.noticiasradioreflejos.com.ar\/2021\/wp-json\/wp\/v2\/tags?post=61116"}],"curies":[{"name":"wp","href":"https:\/\/api.w.org\/{rel}","templated":true}]}}