{"id":61113,"date":"2021-08-05T10:47:43","date_gmt":"2021-08-05T10:47:43","guid":{"rendered":"http:\/\/www.noticiasradioreflejos.com.ar\/2021\/?p=61113"},"modified":"2021-08-05T10:47:43","modified_gmt":"2021-08-05T10:47:43","slug":"la-historia-en-juego-el-seleccionado-de-voley-busca-ante-francia-su-primera-final-olimpica","status":"publish","type":"post","link":"https:\/\/www.noticiasradioreflejos.com.ar\/2021\/la-historia-en-juego-el-seleccionado-de-voley-busca-ante-francia-su-primera-final-olimpica\/","title":{"rendered":"La historia en juego: el seleccionado de v\u00f3ley busca ante Francia su primera final ol\u00edmpica"},"content":{"rendered":"<div class=\"head-content\">\n<p>A partir de las 9, Argentina intentar\u00e1 asegurar una medalla ante los galos, algo que no consigue desde Se\u00fal &#8217;88 (logr\u00f3 la de bronce) y a 21 a\u00f1os de la \u00faltima vez que el deporte estuvo en una semifinal ol\u00edmpica (Sydney &#8217;00).<\/p>\n<div class=\"addthis_custom_sharing\" data-url=\"https:\/\/www.telam.com.ar\/notas\/202108\/563932-voley-argentina-semifinal-francia.html\" data-title=\"La historia en juego: el seleccionado de v\u00f3ley busca ante Francia su primera final ol\u00edmpica\" data-description=\"A partir de las 9, Argentina intentar\u00e1 asegurar una medalla ante los galos, algo que no consigue desde Se\u00fal &amp;#39;88 (logr\u00f3 la de bronce) y a 21 a\u00f1os de la \u00faltima vez que el deporte estuvo en una semifinal ol\u00edmpica (Sydney &amp;#39;00).\">\n<div id=\"atstbx\" class=\"at-resp-share-element at-style-responsive addthis-smartlayers addthis-animated at4-show\" role=\"region\" aria-labelledby=\"at-cf909a12-ac88-46d2-bf0b-148882cd83f2\"><\/div>\n<\/div>\n<\/div>\n<p><!--more--><\/p>\n<div class=\"main-content-block\">\n<div class=\"main-box clearfix\">\n<div class=\"wrapper-main-section clearfix\">\n<div class=\"wrapper-editable-content\">\n<div class=\"editable-content clearfix\">\n<div id=\"image\" class=\"image\"><img decoding=\"async\" title=\"Mucha expectativa puesta en el seleccionado.\" src=\"https:\/\/www.telam.com.ar\/advf\/imagenes\/2021\/07\/6101137c3c6f8_1004x668.jpg\" alt=\"Mucha expectativa puesta en el seleccionado.\" \/><\/p>\n<div class=\"epigrafe\">Mucha expectativa puesta en el seleccionado.<\/div>\n<\/div>\n<p>El seleccionado argentino masculino de v\u00f3leibol enfrentar\u00e1 este jueves a Francia, por una de las semifinales de los Juegos de Tokio 2020, y buscar\u00e1 meterse en una definici\u00f3n ol\u00edmpica por primera vez en su historia.<\/p>\n<p>Argentina y Francia jugar\u00e1n desde las 9, hora de nuestro pa\u00eds, en el estadio Ariake Arena de la capital japonesa, con transmisi\u00f3n en vivo de la TV P\u00fablica, DeporTV y TyC Sports.<\/p>\n<p><strong>Con la medalla de bronce en los Juegos Ol\u00edmpicos de Se\u00fal 88 como mejor logro y a 21 a\u00f1os de la \u00faltima vez que el v\u00f3ley argentino estuvo en una semifinal ol\u00edmpica<\/strong>\u00a0(Sydney 2000), el equipo dirigido por Marcelo M\u00e9ndez va por m\u00e1s.<\/p>\n<p>El seleccionado nacional viene con un envi\u00f3n an\u00edmico muy fuerte: elimin\u00f3 en los cuartos de final a Italia, una de las grandes potencias de este deporte y que hab\u00eda sido medalla de plata en R\u00edo 2016, en un partidazo que gan\u00f3 por 3 a 2 (21-25, 25-23, 25-22, 14-25 y 15-12). Antes, en el encuentro que cerraba la fase de grupos y defin\u00eda el pase a cuartos, el equipo de M\u00e9ndez super\u00f3 nada menos que a Estados Unidos por 3 a 0.<\/p>\n<p>De todas formas, los franceses no se quedan atr\u00e1s porque eliminaron a Polonia, uno de los candidatos a medalla m\u00e1s fuertes, en los cuartos de final por 3 a 2 (21-25, 25-22, 21-25, 25-21 y 15-9).<\/p>\n<p>El cruce de este jueves entre Argentina y Francia ser\u00e1 el primero eliminatorio en unos Juegos Ol\u00edmpicos. En el historial, jugaron tres veces pero siempre por la primera fase: en Se\u00fal 88 gan\u00f3 Francia 3-0; en Atenas 2004 fue Argentina el que se impuso en sets corridos y en este Tokio 2020 volvi\u00f3 a ganar 3-2.<\/p>\n<p>En este Tokio 2020, donde los argentinos llegaron tras una Liga de Naciones irregular en Italia por problemas con el coronavirus (algunos contagiados, otros demorados por ser contacto estrecho),\u00a0<strong>el seleccionado dio muestras de car\u00e1cter contra los mejores equipos del mundo<\/strong>.<\/p>\n<p>En el denominado \u00abgrupo de la muerte\u00bb, del que surgieron los cuatro semifinalistas, el debut en los JJOO fue contra el Comit\u00e9 Ol\u00edmpico Ruso con derrota por 3-1. En la segunda fecha ven\u00eda Brasil, oro en R\u00edo 2016, N\u00b01 del ranking y amplio dominador del cl\u00e1sico sudamericano, y Argentina se qued\u00f3 con un sabor amargo por la ca\u00edda por 3-2, ya que ganaba 2-1 en sets y hab\u00eda sacado una ventaja de 17-11 en el cuarto.<\/p>\n<p>Con dos derrotas a cuestas, a Argentina le toc\u00f3 enfrentar a Francia, tercero en una VNL 2021 en la que los argentinos se ubicaron novenos. Y en ese partido hizo un click, y festej\u00f3 por 3-2 (15-13 en el tie break). Despu\u00e9s vendr\u00eda el susto contra T\u00fanez, el m\u00e1s d\u00e9bil del grupo, al que finalmente super\u00f3 3-2 (15-8 en el quinto) y el cierre perfecto contra Estados Unidos.<\/p>\n<p>En los Juegos de la pandemia, octava participaci\u00f3n del equipo masculino en la historia, Argentina intentar\u00e1 superar la haza\u00f1a del bronce en Se\u00fal 88. Aquel a\u00f1o, con el seleccionado llamado la \u00abGeneraci\u00f3n del 80\u00bb que hab\u00eda conquistado su primera medalla de bronce en el Mundial 82 y en el que Hugo Conte (pap\u00e1 de Facundo) era una de las figuras, los argentinos perdieron la semifinal contra la Uni\u00f3n Sovi\u00e9tica y luego le ganaron a Brasil por el tercer puesto. Fue por 15-10, 15-17, 15-8, 12-15 y 15-9 para el equipo que dirig\u00eda Luis Muchaga.<\/p>\n<p>En Sydney 2000, Argentina no pudo en semifinales contra Rusia 3-1, tras una recordada victoria ante Brasil 3-1 en cuartos de final. Con los hist\u00f3ricos Javier Weber y Conte todav\u00eda en actividad (se retiraron despu\u00e9s del Mundial 2002 en la Argentina) y Marcos Milinkovic como su gran figura, el seleccionado que conduc\u00eda Carlos Getzelevich perdi\u00f3 frente a Italia en el partido por la de bronce.<\/p><\/div>\n<\/div>\n<\/div>\n<\/div>\n<\/div>\n","protected":false},"excerpt":{"rendered":"<p>A partir de las 9, Argentina intentar\u00e1 asegurar una medalla ante los galos, algo que no consigue desde Se\u00fal &#8217;88 (logr\u00f3 la de bronce) y a 21 a\u00f1os de la \u00faltima vez que el deporte estuvo en una semifinal ol\u00edmpica (Sydney &#8217;00).<\/p>\n","protected":false},"author":3,"featured_media":0,"comment_status":"closed","ping_status":"closed","sticky":false,"template":"","format":"standard","meta":{"footnotes":""},"categories":[27],"tags":[],"class_list":["post-61113","post","type-post","status-publish","format-standard","hentry","category-deportes"],"yoast_head":"<!-- This site is optimized with the Yoast SEO plugin v25.9 - https:\/\/yoast.com\/wordpress\/plugins\/seo\/ -->\n<title>La historia en juego: el seleccionado de v\u00f3ley busca ante Francia su primera final ol\u00edmpica - Noticias Radio Reflejos<\/title>\n<meta name=\"robots\" content=\"index, follow, max-snippet:-1, max-image-preview:large, max-video-preview:-1\" \/>\n<link rel=\"canonical\" href=\"https:\/\/www.noticiasradioreflejos.com.ar\/2021\/la-historia-en-juego-el-seleccionado-de-voley-busca-ante-francia-su-primera-final-olimpica\/\" \/>\n<meta property=\"og:locale\" content=\"es_ES\" \/>\n<meta property=\"og:type\" content=\"article\" \/>\n<meta property=\"og:title\" content=\"La historia en juego: el seleccionado de v\u00f3ley busca ante Francia su primera final ol\u00edmpica - Noticias Radio Reflejos\" \/>\n<meta property=\"og:description\" content=\"A partir de las 9, Argentina intentar\u00e1 asegurar una medalla ante los galos, algo que no consigue desde Se\u00fal &#8217;88 (logr\u00f3 la de bronce) y a 21 a\u00f1os de la \u00faltima vez que el deporte estuvo en una semifinal ol\u00edmpica (Sydney &#8217;00).\" \/>\n<meta property=\"og:url\" content=\"https:\/\/www.noticiasradioreflejos.com.ar\/2021\/la-historia-en-juego-el-seleccionado-de-voley-busca-ante-francia-su-primera-final-olimpica\/\" \/>\n<meta property=\"og:site_name\" content=\"Noticias Radio Reflejos\" \/>\n<meta property=\"article:published_time\" content=\"2021-08-05T10:47:43+00:00\" \/>\n<meta property=\"og:image\" content=\"https:\/\/www.telam.com.ar\/advf\/imagenes\/2021\/07\/6101137c3c6f8_1004x668.jpg\" \/>\n<meta name=\"author\" content=\"Arnaldo Botto\" \/>\n<meta name=\"twitter:card\" content=\"summary_large_image\" \/>\n<script type=\"application\/ld+json\" class=\"yoast-schema-graph\">{\"@context\":\"https:\/\/schema.org\",\"@graph\":[{\"@type\":\"WebPage\",\"@id\":\"https:\/\/www.noticiasradioreflejos.com.ar\/2021\/la-historia-en-juego-el-seleccionado-de-voley-busca-ante-francia-su-primera-final-olimpica\/\",\"url\":\"https:\/\/www.noticiasradioreflejos.com.ar\/2021\/la-historia-en-juego-el-seleccionado-de-voley-busca-ante-francia-su-primera-final-olimpica\/\",\"name\":\"La historia en juego: el seleccionado de v\u00f3ley busca ante Francia su primera final ol\u00edmpica - Noticias Radio Reflejos\",\"isPartOf\":{\"@id\":\"https:\/\/www.noticiasradioreflejos.com.ar\/2021\/#website\"},\"primaryImageOfPage\":{\"@id\":\"https:\/\/www.noticiasradioreflejos.com.ar\/2021\/la-historia-en-juego-el-seleccionado-de-voley-busca-ante-francia-su-primera-final-olimpica\/#primaryimage\"},\"image\":{\"@id\":\"https:\/\/www.noticiasradioreflejos.com.ar\/2021\/la-historia-en-juego-el-seleccionado-de-voley-busca-ante-francia-su-primera-final-olimpica\/#primaryimage\"},\"thumbnailUrl\":\"https:\/\/www.telam.com.ar\/advf\/imagenes\/2021\/07\/6101137c3c6f8_1004x668.jpg\",\"datePublished\":\"2021-08-05T10:47:43+00:00\",\"author\":{\"@id\":\"https:\/\/www.noticiasradioreflejos.com.ar\/2021\/#\/schema\/person\/ad82545263dcc5ec0996818884fd5fb1\"},\"breadcrumb\":{\"@id\":\"https:\/\/www.noticiasradioreflejos.com.ar\/2021\/la-historia-en-juego-el-seleccionado-de-voley-busca-ante-francia-su-primera-final-olimpica\/#breadcrumb\"},\"inLanguage\":\"es\",\"potentialAction\":[{\"@type\":\"ReadAction\",\"target\":[\"https:\/\/www.noticiasradioreflejos.com.ar\/2021\/la-historia-en-juego-el-seleccionado-de-voley-busca-ante-francia-su-primera-final-olimpica\/\"]}]},{\"@type\":\"ImageObject\",\"inLanguage\":\"es\",\"@id\":\"https:\/\/www.noticiasradioreflejos.com.ar\/2021\/la-historia-en-juego-el-seleccionado-de-voley-busca-ante-francia-su-primera-final-olimpica\/#primaryimage\",\"url\":\"https:\/\/www.telam.com.ar\/advf\/imagenes\/2021\/07\/6101137c3c6f8_1004x668.jpg\",\"contentUrl\":\"https:\/\/www.telam.com.ar\/advf\/imagenes\/2021\/07\/6101137c3c6f8_1004x668.jpg\"},{\"@type\":\"BreadcrumbList\",\"@id\":\"https:\/\/www.noticiasradioreflejos.com.ar\/2021\/la-historia-en-juego-el-seleccionado-de-voley-busca-ante-francia-su-primera-final-olimpica\/#breadcrumb\",\"itemListElement\":[{\"@type\":\"ListItem\",\"position\":1,\"name\":\"Portada\",\"item\":\"https:\/\/www.noticiasradioreflejos.com.ar\/2021\/\"},{\"@type\":\"ListItem\",\"position\":2,\"name\":\"La historia en juego: el seleccionado de v\u00f3ley busca ante Francia su primera final ol\u00edmpica\"}]},{\"@type\":\"WebSite\",\"@id\":\"https:\/\/www.noticiasradioreflejos.com.ar\/2021\/#website\",\"url\":\"https:\/\/www.noticiasradioreflejos.com.ar\/2021\/\",\"name\":\"Noticias Radio Reflejos\",\"description\":\"Las noticias de mi comarca\",\"potentialAction\":[{\"@type\":\"SearchAction\",\"target\":{\"@type\":\"EntryPoint\",\"urlTemplate\":\"https:\/\/www.noticiasradioreflejos.com.ar\/2021\/?s={search_term_string}\"},\"query-input\":{\"@type\":\"PropertyValueSpecification\",\"valueRequired\":true,\"valueName\":\"search_term_string\"}}],\"inLanguage\":\"es\"},{\"@type\":\"Person\",\"@id\":\"https:\/\/www.noticiasradioreflejos.com.ar\/2021\/#\/schema\/person\/ad82545263dcc5ec0996818884fd5fb1\",\"name\":\"Arnaldo Botto\",\"image\":{\"@type\":\"ImageObject\",\"inLanguage\":\"es\",\"@id\":\"https:\/\/www.noticiasradioreflejos.com.ar\/2021\/#\/schema\/person\/image\/\",\"url\":\"https:\/\/secure.gravatar.com\/avatar\/55cb5e37c1efa326397366e6974cb338056df65cb50e7d64d1cf314e87504837?s=96&d=mm&r=g\",\"contentUrl\":\"https:\/\/secure.gravatar.com\/avatar\/55cb5e37c1efa326397366e6974cb338056df65cb50e7d64d1cf314e87504837?s=96&d=mm&r=g\",\"caption\":\"Arnaldo Botto\"},\"url\":\"https:\/\/www.noticiasradioreflejos.com.ar\/2021\/author\/arnaldo\/\"}]}<\/script>\n<!-- \/ Yoast SEO plugin. -->","yoast_head_json":{"title":"La historia en juego: el seleccionado de v\u00f3ley busca ante Francia su primera final ol\u00edmpica - Noticias Radio Reflejos","robots":{"index":"index","follow":"follow","max-snippet":"max-snippet:-1","max-image-preview":"max-image-preview:large","max-video-preview":"max-video-preview:-1"},"canonical":"https:\/\/www.noticiasradioreflejos.com.ar\/2021\/la-historia-en-juego-el-seleccionado-de-voley-busca-ante-francia-su-primera-final-olimpica\/","og_locale":"es_ES","og_type":"article","og_title":"La historia en juego: el seleccionado de v\u00f3ley busca ante Francia su primera final ol\u00edmpica - Noticias Radio Reflejos","og_description":"A partir de las 9, Argentina intentar\u00e1 asegurar una medalla ante los galos, algo que no consigue desde Se\u00fal &#8217;88 (logr\u00f3 la de bronce) y a 21 a\u00f1os de la \u00faltima vez que el deporte estuvo en una semifinal ol\u00edmpica (Sydney &#8217;00).","og_url":"https:\/\/www.noticiasradioreflejos.com.ar\/2021\/la-historia-en-juego-el-seleccionado-de-voley-busca-ante-francia-su-primera-final-olimpica\/","og_site_name":"Noticias Radio Reflejos","article_published_time":"2021-08-05T10:47:43+00:00","og_image":[{"url":"https:\/\/www.telam.com.ar\/advf\/imagenes\/2021\/07\/6101137c3c6f8_1004x668.jpg","type":"","width":"","height":""}],"author":"Arnaldo Botto","twitter_card":"summary_large_image","schema":{"@context":"https:\/\/schema.org","@graph":[{"@type":"WebPage","@id":"https:\/\/www.noticiasradioreflejos.com.ar\/2021\/la-historia-en-juego-el-seleccionado-de-voley-busca-ante-francia-su-primera-final-olimpica\/","url":"https:\/\/www.noticiasradioreflejos.com.ar\/2021\/la-historia-en-juego-el-seleccionado-de-voley-busca-ante-francia-su-primera-final-olimpica\/","name":"La historia en juego: el seleccionado de v\u00f3ley busca ante Francia su primera final ol\u00edmpica - Noticias Radio Reflejos","isPartOf":{"@id":"https:\/\/www.noticiasradioreflejos.com.ar\/2021\/#website"},"primaryImageOfPage":{"@id":"https:\/\/www.noticiasradioreflejos.com.ar\/2021\/la-historia-en-juego-el-seleccionado-de-voley-busca-ante-francia-su-primera-final-olimpica\/#primaryimage"},"image":{"@id":"https:\/\/www.noticiasradioreflejos.com.ar\/2021\/la-historia-en-juego-el-seleccionado-de-voley-busca-ante-francia-su-primera-final-olimpica\/#primaryimage"},"thumbnailUrl":"https:\/\/www.telam.com.ar\/advf\/imagenes\/2021\/07\/6101137c3c6f8_1004x668.jpg","datePublished":"2021-08-05T10:47:43+00:00","author":{"@id":"https:\/\/www.noticiasradioreflejos.com.ar\/2021\/#\/schema\/person\/ad82545263dcc5ec0996818884fd5fb1"},"breadcrumb":{"@id":"https:\/\/www.noticiasradioreflejos.com.ar\/2021\/la-historia-en-juego-el-seleccionado-de-voley-busca-ante-francia-su-primera-final-olimpica\/#breadcrumb"},"inLanguage":"es","potentialAction":[{"@type":"ReadAction","target":["https:\/\/www.noticiasradioreflejos.com.ar\/2021\/la-historia-en-juego-el-seleccionado-de-voley-busca-ante-francia-su-primera-final-olimpica\/"]}]},{"@type":"ImageObject","inLanguage":"es","@id":"https:\/\/www.noticiasradioreflejos.com.ar\/2021\/la-historia-en-juego-el-seleccionado-de-voley-busca-ante-francia-su-primera-final-olimpica\/#primaryimage","url":"https:\/\/www.telam.com.ar\/advf\/imagenes\/2021\/07\/6101137c3c6f8_1004x668.jpg","contentUrl":"https:\/\/www.telam.com.ar\/advf\/imagenes\/2021\/07\/6101137c3c6f8_1004x668.jpg"},{"@type":"BreadcrumbList","@id":"https:\/\/www.noticiasradioreflejos.com.ar\/2021\/la-historia-en-juego-el-seleccionado-de-voley-busca-ante-francia-su-primera-final-olimpica\/#breadcrumb","itemListElement":[{"@type":"ListItem","position":1,"name":"Portada","item":"https:\/\/www.noticiasradioreflejos.com.ar\/2021\/"},{"@type":"ListItem","position":2,"name":"La historia en juego: el seleccionado de v\u00f3ley busca ante Francia su primera final ol\u00edmpica"}]},{"@type":"WebSite","@id":"https:\/\/www.noticiasradioreflejos.com.ar\/2021\/#website","url":"https:\/\/www.noticiasradioreflejos.com.ar\/2021\/","name":"Noticias Radio Reflejos","description":"Las noticias de mi comarca","potentialAction":[{"@type":"SearchAction","target":{"@type":"EntryPoint","urlTemplate":"https:\/\/www.noticiasradioreflejos.com.ar\/2021\/?s={search_term_string}"},"query-input":{"@type":"PropertyValueSpecification","valueRequired":true,"valueName":"search_term_string"}}],"inLanguage":"es"},{"@type":"Person","@id":"https:\/\/www.noticiasradioreflejos.com.ar\/2021\/#\/schema\/person\/ad82545263dcc5ec0996818884fd5fb1","name":"Arnaldo Botto","image":{"@type":"ImageObject","inLanguage":"es","@id":"https:\/\/www.noticiasradioreflejos.com.ar\/2021\/#\/schema\/person\/image\/","url":"https:\/\/secure.gravatar.com\/avatar\/55cb5e37c1efa326397366e6974cb338056df65cb50e7d64d1cf314e87504837?s=96&d=mm&r=g","contentUrl":"https:\/\/secure.gravatar.com\/avatar\/55cb5e37c1efa326397366e6974cb338056df65cb50e7d64d1cf314e87504837?s=96&d=mm&r=g","caption":"Arnaldo Botto"},"url":"https:\/\/www.noticiasradioreflejos.com.ar\/2021\/author\/arnaldo\/"}]}},"_links":{"self":[{"href":"https:\/\/www.noticiasradioreflejos.com.ar\/2021\/wp-json\/wp\/v2\/posts\/61113","targetHints":{"allow":["GET"]}}],"collection":[{"href":"https:\/\/www.noticiasradioreflejos.com.ar\/2021\/wp-json\/wp\/v2\/posts"}],"about":[{"href":"https:\/\/www.noticiasradioreflejos.com.ar\/2021\/wp-json\/wp\/v2\/types\/post"}],"author":[{"embeddable":true,"href":"https:\/\/www.noticiasradioreflejos.com.ar\/2021\/wp-json\/wp\/v2\/users\/3"}],"replies":[{"embeddable":true,"href":"https:\/\/www.noticiasradioreflejos.com.ar\/2021\/wp-json\/wp\/v2\/comments?post=61113"}],"version-history":[{"count":1,"href":"https:\/\/www.noticiasradioreflejos.com.ar\/2021\/wp-json\/wp\/v2\/posts\/61113\/revisions"}],"predecessor-version":[{"id":61115,"href":"https:\/\/www.noticiasradioreflejos.com.ar\/2021\/wp-json\/wp\/v2\/posts\/61113\/revisions\/61115"}],"wp:attachment":[{"href":"https:\/\/www.noticiasradioreflejos.com.ar\/2021\/wp-json\/wp\/v2\/media?parent=61113"}],"wp:term":[{"taxonomy":"category","embeddable":true,"href":"https:\/\/www.noticiasradioreflejos.com.ar\/2021\/wp-json\/wp\/v2\/categories?post=61113"},{"taxonomy":"post_tag","embeddable":true,"href":"https:\/\/www.noticiasradioreflejos.com.ar\/2021\/wp-json\/wp\/v2\/tags?post=61113"}],"curies":[{"name":"wp","href":"https:\/\/api.w.org\/{rel}","templated":true}]}}